{"id":2409,"date":"2016-08-26T10:49:19","date_gmt":"2016-08-26T08:49:19","guid":{"rendered":"http:\/\/www.confagricoltura.org\/piacenza\/?p=492"},"modified":"2021-03-11T13:14:59","modified_gmt":"2021-03-11T12:14:59","slug":"aflatossine-prevenire-i-problemi","status":"publish","type":"post","link":"https:\/\/www.confagricoltura.org\/piacenza\/aflatossine-prevenire-i-problemi\/","title":{"rendered":"AFLATOSSINE: PREVENIRE I PROBLEMI"},"content":{"rendered":"<h3>Marted\u00ec 30 agosto seminario tecnico di Confagricoltura Piacenza<\/h3>\n<p>&nbsp;<\/p>\n<p>E\u2019 in programma marted\u00ec 30 agosto alle ore 20.30 presso la sala riunioni di Confagricoltura Piacenza, in via Colombo, 35, un seminario tecnico dedicato al problema delle aflatossine. \u201cCon questa iniziativa \u2013 spiega l\u2019agronomo Giovanni Marchesi, responsabile del Servizio Tecnico dell\u2019associazione, che coordiner\u00e0 la serata \u2013 intendiamo supportare gli agricoltori nella corretta gestione e soprattutto nella prevenzione di un\u2019importante problematica sanitaria che ha assunto rilevanza crescente negli ultimi anni a causa dei cambiamenti climatici. Il problema aflatossine si manifesta maggiormente con le alte temperature e in situazioni di carenza idrica per coltivazioni come il mais da granella molto utilizzato per la produzione lattiero-casearia\u201d. Le aflatossine sono contaminanti naturali che si sviluppano nei vegetali, semi oleaginosi e granaglie sia durante la coltivazione che l\u2019immagazzinamento. La presenza di insetti, poi, coincide spesso con alti livelli di aflatossine, specie nel caso della piralide del mais perch\u00e9 questi sono i maggiori responsabili della veicolazione delle spore fungine e al contempo danneggiano la pianta aumentandone la condizione di stress e quindi la suscettibilit\u00e0 agli attacchi fungini medesimi. \u201cNell\u2019incontro organizzato con esperti di settore parleremo di prevenzione lungo tutta la filiera condividendo buone prassi per migliorare qualitativamente la produzione del mais e del latte \u2013 spiega Marchesi \u2013 ma non tralasceremo di affrontare l\u2019aspetto normativo che ci vede impegnati anche sindacalmente. La salubrit\u00e0 dei prodotti deve essere, infatti, una priorit\u00e0, ma la disparit\u00e0 delle leggi, ad esempio rispetto agli Stati Uniti, dove il limite massimo di aflatossina M1 nel latte \u00e8 10 volte superiore al parametro europeo, pone i nostri produttori in svantaggio competitivo.\u00a0 Per quanto riguarda i mangimi, inoltre, i limiti massimi tollerabili negli Usa sono superiori di 15 volte i nostri, considerando che siamo grandi importatori di mangimi anche questo pu\u00f2 essere un problema\u201d.\u00a0\u00a0 Il programma dell\u2019incontro prevede, dopo i saluti di Enrico Chiesa, Presidente di Confagricoltura Piacenza, gli interventi di Paola Battilani \u2013 Professore Associato della Facolt\u00e0 di Scienze Agrarie dell\u2019Universit\u00e0 Cattolica di Piacenza &#8211;\u00a0 che tratter\u00e0 della prevenzione della contaminazione da aflatossine nel mais;\u00a0 Augusta Balli \u2013 Medico Veterinario \u2013 parler\u00e0 di autocontrollo, controlli ufficiali e sanzioni e della normativa del settore aflatossina M1 nel latte; Giuseppe Bertoni \u2013 gi\u00e0 Direttore Istituto di Zootecnica della Facolt\u00e0 di Scienze Agrarie Universit\u00e0 Cattolica di Piacenza \u2013 approfondir\u00e0 il tema: le contraddizioni del cibo: fonte di salute o causa di malattia.<\/p>\n<p>A Filippo Gasparini \u2013 Presidente Sezione di Prodotto Lattiero-Casearia di Confagricoltura Piacenza \u2013 spetter\u00e0 il compito di tirare le conclusioni del seminario.<\/p>\n<p>\u201cL\u2019evento \u00e8 aperto e gratuito \u2013 sottolinea Marchesi \u2013 invitiamo tutti gli interessati a partecipare\u201d.<\/p>\n<p><img loading=\"lazy\" decoding=\"async\" class=\"alignnone size-full wp-image-485 img-responsive\" src=\"http:\/\/www.confagricoltura.org\/piacenza\/wp-content\/uploads\/sites\/3\/2016\/08\/AFLATOSSINE.jpg\" alt=\"AFLATOSSINE\" width=\"568\" height=\"801\" \/><\/p>\n<p><img loading=\"lazy\" decoding=\"async\" class=\"alignnone size-full wp-image-494 img-responsive\" src=\"http:\/\/www.confagricoltura.org\/piacenza\/wp-content\/uploads\/sites\/3\/2016\/08\/Giovanni-Marchesi.jpg\" alt=\"Giovanni Marchesi\" width=\"418\" height=\"628\" \/><\/p>\n<p>Giovanni Marchesi<\/p>\n<p>Vice Direttore Confagricoltura PIacenza<\/p>\n<p>Responsabile CAA Confagricoltura PIacenza<\/p>\n","protected":false},"excerpt":{"rendered":"<p>Marted\u00ec 30 agosto seminario tecnico di Confagricoltura Piacenza &nbsp; E\u2019 in programma marted\u00ec 30 agosto alle ore 20.30 presso la sala riunioni di Confagricoltura Piacenza, in via Colombo, 35, un seminario tecnico dedicato al problema delle aflatossine. \u201cCon questa iniziativa \u2013 spiega l\u2019agronomo Giovanni Marchesi, responsabile del Servizio Tecnico dell\u2019associazione, che coordiner\u00e0 la serata \u2013<\/p>\n","protected":false},"author":6,"featured_media":0,"comment_status":"open","ping_status":"open","sticky":false,"template":"","format":"standard","meta":{"wp_mapbox_gl_js_media":[],"footnotes":""},"categories":[335],"tags":[],"class_list":["post-2409","post","type-post","status-publish","format-standard","hentry","category-archivio"],"yoast_head":"<!-- This site is optimized with the Yoast SEO plugin v26.8 - https:\/\/yoast.com\/product\/yoast-seo-wordpress\/ -->\n<title>AFLATOSSINE: PREVENIRE I PROBLEMI - Confagricoltura Piacenza<\/title>\n<meta name=\"robots\" content=\"index, follow, max-snippet:-1, max-image-preview:large, max-video-preview:-1\" \/>\n<link rel=\"canonical\" href=\"https:\/\/www.confagricoltura.org\/piacenza\/aflatossine-prevenire-i-problemi\/\" \/>\n<meta property=\"og:locale\" content=\"it_IT\" \/>\n<meta property=\"og:type\" content=\"article\" \/>\n<meta property=\"og:title\" content=\"AFLATOSSINE: PREVENIRE I PROBLEMI - Confagricoltura Piacenza\" \/>\n<meta property=\"og:description\" content=\"Marted\u00ec 30 agosto seminario tecnico di Confagricoltura Piacenza &nbsp; E\u2019 in programma marted\u00ec 30 agosto alle ore 20.30 presso la sala riunioni di Confagricoltura Piacenza, in via Colombo, 35, un seminario tecnico dedicato al problema delle aflatossine. \u201cCon questa iniziativa \u2013 spiega l\u2019agronomo Giovanni Marchesi, responsabile del Servizio Tecnico dell\u2019associazione, che coordiner\u00e0 la serata \u2013\" \/>\n<meta property=\"og:url\" content=\"https:\/\/www.confagricoltura.org\/piacenza\/aflatossine-prevenire-i-problemi\/\" \/>\n<meta property=\"og:site_name\" content=\"Confagricoltura Piacenza\" \/>\n<meta property=\"article:published_time\" content=\"2016-08-26T08:49:19+00:00\" \/>\n<meta property=\"article:modified_time\" content=\"2021-03-11T12:14:59+00:00\" \/>\n<meta property=\"og:image\" content=\"http:\/\/www.confagricoltura.org\/piacenza\/wp-content\/uploads\/sites\/3\/2016\/08\/AFLATOSSINE.jpg\" \/>\n<meta name=\"author\" content=\"confagricolturapiacenza\" \/>\n<meta name=\"twitter:card\" content=\"summary_large_image\" \/>\n<meta name=\"twitter:label1\" content=\"Scritto da\" \/>\n\t<meta name=\"twitter:data1\" content=\"confagricolturapiacenza\" \/>\n\t<meta name=\"twitter:label2\" content=\"Tempo di lettura stimato\" \/>\n\t<meta name=\"twitter:data2\" content=\"2 minuti\" \/>\n<script type=\"application\/ld+json\" class=\"yoast-schema-graph\">{\"@context\":\"https:\/\/schema.org\",\"@graph\":[{\"@type\":\"Article\",\"@id\":\"https:\/\/www.confagricoltura.org\/piacenza\/aflatossine-prevenire-i-problemi\/#article\",\"isPartOf\":{\"@id\":\"https:\/\/www.confagricoltura.org\/piacenza\/aflatossine-prevenire-i-problemi\/\"},\"author\":{\"name\":\"confagricolturapiacenza\",\"@id\":\"https:\/\/www.confagricoltura.org\/piacenza\/#\/schema\/person\/be5da25a3117fea4b3bfec9dba09b5e8\"},\"headline\":\"AFLATOSSINE: PREVENIRE I PROBLEMI\",\"datePublished\":\"2016-08-26T08:49:19+00:00\",\"dateModified\":\"2021-03-11T12:14:59+00:00\",\"mainEntityOfPage\":{\"@id\":\"https:\/\/www.confagricoltura.org\/piacenza\/aflatossine-prevenire-i-problemi\/\"},\"wordCount\":434,\"commentCount\":0,\"image\":{\"@id\":\"https:\/\/www.confagricoltura.org\/piacenza\/aflatossine-prevenire-i-problemi\/#primaryimage\"},\"thumbnailUrl\":\"http:\/\/www.confagricoltura.org\/piacenza\/wp-content\/uploads\/sites\/3\/2016\/08\/AFLATOSSINE.jpg\",\"articleSection\":[\"Archivio\"],\"inLanguage\":\"it-IT\"},{\"@type\":\"WebPage\",\"@id\":\"https:\/\/www.confagricoltura.org\/piacenza\/aflatossine-prevenire-i-problemi\/\",\"url\":\"https:\/\/www.confagricoltura.org\/piacenza\/aflatossine-prevenire-i-problemi\/\",\"name\":\"AFLATOSSINE: PREVENIRE I PROBLEMI - Confagricoltura Piacenza\",\"isPartOf\":{\"@id\":\"https:\/\/www.confagricoltura.org\/piacenza\/#website\"},\"primaryImageOfPage\":{\"@id\":\"https:\/\/www.confagricoltura.org\/piacenza\/aflatossine-prevenire-i-problemi\/#primaryimage\"},\"image\":{\"@id\":\"https:\/\/www.confagricoltura.org\/piacenza\/aflatossine-prevenire-i-problemi\/#primaryimage\"},\"thumbnailUrl\":\"http:\/\/www.confagricoltura.org\/piacenza\/wp-content\/uploads\/sites\/3\/2016\/08\/AFLATOSSINE.jpg\",\"datePublished\":\"2016-08-26T08:49:19+00:00\",\"dateModified\":\"2021-03-11T12:14:59+00:00\",\"author\":{\"@id\":\"https:\/\/www.confagricoltura.org\/piacenza\/#\/schema\/person\/be5da25a3117fea4b3bfec9dba09b5e8\"},\"breadcrumb\":{\"@id\":\"https:\/\/www.confagricoltura.org\/piacenza\/aflatossine-prevenire-i-problemi\/#breadcrumb\"},\"inLanguage\":\"it-IT\",\"potentialAction\":[{\"@type\":\"ReadAction\",\"target\":[\"https:\/\/www.confagricoltura.org\/piacenza\/aflatossine-prevenire-i-problemi\/\"]}]},{\"@type\":\"ImageObject\",\"inLanguage\":\"it-IT\",\"@id\":\"https:\/\/www.confagricoltura.org\/piacenza\/aflatossine-prevenire-i-problemi\/#primaryimage\",\"url\":\"http:\/\/www.confagricoltura.org\/piacenza\/wp-content\/uploads\/sites\/3\/2016\/08\/AFLATOSSINE.jpg\",\"contentUrl\":\"http:\/\/www.confagricoltura.org\/piacenza\/wp-content\/uploads\/sites\/3\/2016\/08\/AFLATOSSINE.jpg\"},{\"@type\":\"BreadcrumbList\",\"@id\":\"https:\/\/www.confagricoltura.org\/piacenza\/aflatossine-prevenire-i-problemi\/#breadcrumb\",\"itemListElement\":[{\"@type\":\"ListItem\",\"position\":1,\"name\":\"Home\",\"item\":\"https:\/\/www.confagricoltura.org\/piacenza\/\"},{\"@type\":\"ListItem\",\"position\":2,\"name\":\"AFLATOSSINE: PREVENIRE I PROBLEMI\"}]},{\"@type\":\"WebSite\",\"@id\":\"https:\/\/www.confagricoltura.org\/piacenza\/#website\",\"url\":\"https:\/\/www.confagricoltura.org\/piacenza\/\",\"name\":\"Confagricoltura Piacenza\",\"description\":\"Dalla parte degli Agricoltori\",\"potentialAction\":[{\"@type\":\"SearchAction\",\"target\":{\"@type\":\"EntryPoint\",\"urlTemplate\":\"https:\/\/www.confagricoltura.org\/piacenza\/?s={search_term_string}\"},\"query-input\":{\"@type\":\"PropertyValueSpecification\",\"valueRequired\":true,\"valueName\":\"search_term_string\"}}],\"inLanguage\":\"it-IT\"},{\"@type\":\"Person\",\"@id\":\"https:\/\/www.confagricoltura.org\/piacenza\/#\/schema\/person\/be5da25a3117fea4b3bfec9dba09b5e8\",\"name\":\"confagricolturapiacenza\",\"image\":{\"@type\":\"ImageObject\",\"inLanguage\":\"it-IT\",\"@id\":\"https:\/\/www.confagricoltura.org\/piacenza\/#\/schema\/person\/image\/\",\"url\":\"https:\/\/secure.gravatar.com\/avatar\/9c5f111e417171581853bd0a3ff892ca?s=96&d=mm&r=g\",\"contentUrl\":\"https:\/\/secure.gravatar.com\/avatar\/9c5f111e417171581853bd0a3ff892ca?s=96&d=mm&r=g\",\"caption\":\"confagricolturapiacenza\"},\"url\":\"https:\/\/www.confagricoltura.org\/piacenza\/author\/confagricolturapiacenza\/\"}]}<\/script>\n<!-- \/ Yoast SEO plugin. -->","yoast_head_json":{"title":"AFLATOSSINE: PREVENIRE I PROBLEMI - Confagricoltura Piacenza","robots":{"index":"index","follow":"follow","max-snippet":"max-snippet:-1","max-image-preview":"max-image-preview:large","max-video-preview":"max-video-preview:-1"},"canonical":"https:\/\/www.confagricoltura.org\/piacenza\/aflatossine-prevenire-i-problemi\/","og_locale":"it_IT","og_type":"article","og_title":"AFLATOSSINE: PREVENIRE I PROBLEMI - Confagricoltura Piacenza","og_description":"Marted\u00ec 30 agosto seminario tecnico di Confagricoltura Piacenza &nbsp; E\u2019 in programma marted\u00ec 30 agosto alle ore 20.30 presso la sala riunioni di Confagricoltura Piacenza, in via Colombo, 35, un seminario tecnico dedicato al problema delle aflatossine. \u201cCon questa iniziativa \u2013 spiega l\u2019agronomo Giovanni Marchesi, responsabile del Servizio Tecnico dell\u2019associazione, che coordiner\u00e0 la serata \u2013","og_url":"https:\/\/www.confagricoltura.org\/piacenza\/aflatossine-prevenire-i-problemi\/","og_site_name":"Confagricoltura Piacenza","article_published_time":"2016-08-26T08:49:19+00:00","article_modified_time":"2021-03-11T12:14:59+00:00","og_image":[{"url":"http:\/\/www.confagricoltura.org\/piacenza\/wp-content\/uploads\/sites\/3\/2016\/08\/AFLATOSSINE.jpg","type":"","width":"","height":""}],"author":"confagricolturapiacenza","twitter_card":"summary_large_image","twitter_misc":{"Scritto da":"confagricolturapiacenza","Tempo di lettura stimato":"2 minuti"},"schema":{"@context":"https:\/\/schema.org","@graph":[{"@type":"Article","@id":"https:\/\/www.confagricoltura.org\/piacenza\/aflatossine-prevenire-i-problemi\/#article","isPartOf":{"@id":"https:\/\/www.confagricoltura.org\/piacenza\/aflatossine-prevenire-i-problemi\/"},"author":{"name":"confagricolturapiacenza","@id":"https:\/\/www.confagricoltura.org\/piacenza\/#\/schema\/person\/be5da25a3117fea4b3bfec9dba09b5e8"},"headline":"AFLATOSSINE: PREVENIRE I PROBLEMI","datePublished":"2016-08-26T08:49:19+00:00","dateModified":"2021-03-11T12:14:59+00:00","mainEntityOfPage":{"@id":"https:\/\/www.confagricoltura.org\/piacenza\/aflatossine-prevenire-i-problemi\/"},"wordCount":434,"commentCount":0,"image":{"@id":"https:\/\/www.confagricoltura.org\/piacenza\/aflatossine-prevenire-i-problemi\/#primaryimage"},"thumbnailUrl":"http:\/\/www.confagricoltura.org\/piacenza\/wp-content\/uploads\/sites\/3\/2016\/08\/AFLATOSSINE.jpg","articleSection":["Archivio"],"inLanguage":"it-IT"},{"@type":"WebPage","@id":"https:\/\/www.confagricoltura.org\/piacenza\/aflatossine-prevenire-i-problemi\/","url":"https:\/\/www.confagricoltura.org\/piacenza\/aflatossine-prevenire-i-problemi\/","name":"AFLATOSSINE: PREVENIRE I PROBLEMI - Confagricoltura Piacenza","isPartOf":{"@id":"https:\/\/www.confagricoltura.org\/piacenza\/#website"},"primaryImageOfPage":{"@id":"https:\/\/www.confagricoltura.org\/piacenza\/aflatossine-prevenire-i-problemi\/#primaryimage"},"image":{"@id":"https:\/\/www.confagricoltura.org\/piacenza\/aflatossine-prevenire-i-problemi\/#primaryimage"},"thumbnailUrl":"http:\/\/www.confagricoltura.org\/piacenza\/wp-content\/uploads\/sites\/3\/2016\/08\/AFLATOSSINE.jpg","datePublished":"2016-08-26T08:49:19+00:00","dateModified":"2021-03-11T12:14:59+00:00","author":{"@id":"https:\/\/www.confagricoltura.org\/piacenza\/#\/schema\/person\/be5da25a3117fea4b3bfec9dba09b5e8"},"breadcrumb":{"@id":"https:\/\/www.confagricoltura.org\/piacenza\/aflatossine-prevenire-i-problemi\/#breadcrumb"},"inLanguage":"it-IT","potentialAction":[{"@type":"ReadAction","target":["https:\/\/www.confagricoltura.org\/piacenza\/aflatossine-prevenire-i-problemi\/"]}]},{"@type":"ImageObject","inLanguage":"it-IT","@id":"https:\/\/www.confagricoltura.org\/piacenza\/aflatossine-prevenire-i-problemi\/#primaryimage","url":"http:\/\/www.confagricoltura.org\/piacenza\/wp-content\/uploads\/sites\/3\/2016\/08\/AFLATOSSINE.jpg","contentUrl":"http:\/\/www.confagricoltura.org\/piacenza\/wp-content\/uploads\/sites\/3\/2016\/08\/AFLATOSSINE.jpg"},{"@type":"BreadcrumbList","@id":"https:\/\/www.confagricoltura.org\/piacenza\/aflatossine-prevenire-i-problemi\/#breadcrumb","itemListElement":[{"@type":"ListItem","position":1,"name":"Home","item":"https:\/\/www.confagricoltura.org\/piacenza\/"},{"@type":"ListItem","position":2,"name":"AFLATOSSINE: PREVENIRE I PROBLEMI"}]},{"@type":"WebSite","@id":"https:\/\/www.confagricoltura.org\/piacenza\/#website","url":"https:\/\/www.confagricoltura.org\/piacenza\/","name":"Confagricoltura Piacenza","description":"Dalla parte degli Agricoltori","potentialAction":[{"@type":"SearchAction","target":{"@type":"EntryPoint","urlTemplate":"https:\/\/www.confagricoltura.org\/piacenza\/?s={search_term_string}"},"query-input":{"@type":"PropertyValueSpecification","valueRequired":true,"valueName":"search_term_string"}}],"inLanguage":"it-IT"},{"@type":"Person","@id":"https:\/\/www.confagricoltura.org\/piacenza\/#\/schema\/person\/be5da25a3117fea4b3bfec9dba09b5e8","name":"confagricolturapiacenza","image":{"@type":"ImageObject","inLanguage":"it-IT","@id":"https:\/\/www.confagricoltura.org\/piacenza\/#\/schema\/person\/image\/","url":"https:\/\/secure.gravatar.com\/avatar\/9c5f111e417171581853bd0a3ff892ca?s=96&d=mm&r=g","contentUrl":"https:\/\/secure.gravatar.com\/avatar\/9c5f111e417171581853bd0a3ff892ca?s=96&d=mm&r=g","caption":"confagricolturapiacenza"},"url":"https:\/\/www.confagricoltura.org\/piacenza\/author\/confagricolturapiacenza\/"}]}},"_links":{"self":[{"href":"https:\/\/www.confagricoltura.org\/piacenza\/wp-json\/wp\/v2\/posts\/2409","targetHints":{"allow":["GET"]}}],"collection":[{"href":"https:\/\/www.confagricoltura.org\/piacenza\/wp-json\/wp\/v2\/posts"}],"about":[{"href":"https:\/\/www.confagricoltura.org\/piacenza\/wp-json\/wp\/v2\/types\/post"}],"author":[{"embeddable":true,"href":"https:\/\/www.confagricoltura.org\/piacenza\/wp-json\/wp\/v2\/users\/6"}],"replies":[{"embeddable":true,"href":"https:\/\/www.confagricoltura.org\/piacenza\/wp-json\/wp\/v2\/comments?post=2409"}],"version-history":[{"count":1,"href":"https:\/\/www.confagricoltura.org\/piacenza\/wp-json\/wp\/v2\/posts\/2409\/revisions"}],"predecessor-version":[{"id":2958,"href":"https:\/\/www.confagricoltura.org\/piacenza\/wp-json\/wp\/v2\/posts\/2409\/revisions\/2958"}],"wp:attachment":[{"href":"https:\/\/www.confagricoltura.org\/piacenza\/wp-json\/wp\/v2\/media?parent=2409"}],"wp:term":[{"taxonomy":"category","embeddable":true,"href":"https:\/\/www.confagricoltura.org\/piacenza\/wp-json\/wp\/v2\/categories?post=2409"},{"taxonomy":"post_tag","embeddable":true,"href":"https:\/\/www.confagricoltura.org\/piacenza\/wp-json\/wp\/v2\/tags?post=2409"}],"curies":[{"name":"wp","href":"https:\/\/api.w.org\/{rel}","templated":true}]}}