{"id":2400,"date":"2016-07-15T08:56:53","date_gmt":"2016-07-15T06:56:53","guid":{"rendered":"http:\/\/www.confagricoltura.org\/piacenza\/?p=439"},"modified":"2021-03-11T13:14:59","modified_gmt":"2021-03-11T12:14:59","slug":"academy-di-confagricoltura-dedicata-al-lavoro-in-agricoltura","status":"publish","type":"post","link":"https:\/\/www.confagricoltura.org\/piacenza\/academy-di-confagricoltura-dedicata-al-lavoro-in-agricoltura\/","title":{"rendered":"ACADEMY DI CONFAGRICOLTURA DEDICATA AL LAVORO IN AGRICOLTURA"},"content":{"rendered":"<p><strong><em>Chiesa: favorire la semplificazione degli adempimenti<\/em><\/strong><br \/>\nL\u2019Academy 2016 di Confagricoltura, che si \u00e8 tenuta il 14 luglio a Roma presso il Tempio di Adriano, \u00e8 stata dedicata a \u201cimpresa e Lavoro in Agricoltura\u201d: un\u2019occasione per un confronto con istituzioni, enti e sindacati dei lavoratori per individuare strategie condivise per un\u2019occupazione di sempre maggiore qualit\u00e0. Dopo gli interventi di Maurizio Sacconi &#8211; presidente della Commissione Lavoro del Senato, Paolo Pennesi \u2013 direttore dell\u2019Ispettorato Nazionale del Lavoro, Stefano Mantegazza \u2013 segretario generale Uila-Uil,\u00a0 Luigi Sbarra \u2013 segretario generale FaI-Cisl, la tavola rotonda sul tema ha coinvolto il presidente di Confagricoltura Mario Guidi, Susanna Camusso \u2013 segretario generale Cgil, Tito Boeri \u2013\u00a0\u00a0 presidente Inps e Michel Martone \u2013\u00a0 professore ordinario di Diritto del lavoro presso la Scuola nazionale dell\u2019Amministrazione. Presenti i vertici nazionali e territoriali dell\u2019associazione tra cui il presidente di Confagricoltura Piacenza, Enrico Chiesa e la presidente della Federazione Nazionale di Prodotto Carni Suine, Giovanna Parmigiani L\u2019occupazione dipendente del settore agricolo rappresenta oltre 1 milione di lavoratori. Si va verso un\u2019agricoltura pi\u00f9 professionale, moderna e strutturata, in grado di assicurare occupazione pi\u00f9 stabile e di qualit\u00e0. \u201cOccorre favorire questo percorso \u2013 ha sottolineato Chiesa &#8211;\u00a0 anche perch\u00e9 le imprese pi\u00f9 strutturate sono quelle in grado di assicurare un\u2019occupazione pi\u00f9 stabile e sicura (-25% infortuni nel settore in cinque anni), corredata spesso da offerte di welfare aziendale. Per migliorare la qualit\u00e0 del lavoro in agricoltura occorre promuovere forme di stabilizzazione dell&#8217;occupazione, una maggiore flessibilit\u00e0 delle regole, la semplificazione degli adempimenti amministrativi e\u00a0 il contenimento del costo del lavoro\u201d. \u201dSui media e sui social &#8211; ha detto il presidente di Confagricoltura Guidi &#8211; l&#8217;agricoltura sembra solo caporalato: una criminalizzazione del settore ingiusta che getta discredito sulle centinaia di migliaia di imprese agricole che operano in modo trasparente e creano occupazione e ricchezza\u201d. A tale proposto dai dati ufficiali ISTAT e INPS emerge chiaramente che gli occupati mediamente denunciati ogni mese in agricoltura sono circa 450.000. Confagricoltura non si \u00e8 mai sottratta al confronto su questi temi. Ha\u00a0 sottoscritto quattro avvisi comuni con i sindacati (nel 2004, 2007, 2009, 2012) e contribuito alle politiche e alle procedure per il controllo dell&#8217;immigrazione.\u00a0 Recentemente ha firmato il &#8220;Protocollo sperimentale contro il caporalato e lo sfruttamento del lavoro agricolo&#8221; e ha altres\u00ec introdotto un codice etico che impone agli associati il rispetto delle norme sul lavoro pena dell&#8217;esclusione dalla base associativa. N\u00e9 ha mai cavalcato l&#8217;opportunit\u00e0 dei voucher per smantellare il tradizionale sistema di occupazione. \u201cLe caratteristiche del lavoro in agricoltura: diffusione dei rapporti stagionali, mobilit\u00e0 dei lavoratori, influenza dei fattori climatici \u2013 ha sottolineato Enrico Chiesa &#8211; richiedono l\u2019applicazione di regole ispirate ai criteri della flessibilit\u00e0 e della semplificazione amministrativa come avviene in altri Paesi europei (Francia, Germania, Belgio). La lotta all&#8217;illegalit\u00e0 e all&#8217;irregolarit\u00e0 non pu\u00f2 essere condotta introducendo ulteriori adempimenti a carico dei datori di lavoro, costretti quotidianamente a confrontarsi con una burocrazia ridondante, ma piuttosto alleggerendo la pressione fiscale sul lavoro; migliorando la qualit\u00e0 dei controlli, utilizzando al meglio la mole di informazioni gi\u00e0 nella disponibilit\u00e0 delle diverse amministrazioni, facendo finalmente dialogare in modo efficace le banche dati\u201d.<\/p>\n<p><img loading=\"lazy\" decoding=\"async\" class=\"alignnone size-full wp-image-440 img-responsive\" src=\"http:\/\/www.confagricoltura.org\/piacenza\/wp-content\/uploads\/sites\/3\/2016\/07\/Academy.jpg\" alt=\"Academy\" width=\"2315\" height=\"1303\" \/><\/p>\n","protected":false},"excerpt":{"rendered":"<p>Chiesa: favorire la semplificazione degli adempimenti L\u2019Academy 2016 di Confagricoltura, che si \u00e8 tenuta il 14 luglio a Roma presso il Tempio di Adriano, \u00e8 stata dedicata a \u201cimpresa e Lavoro in Agricoltura\u201d: un\u2019occasione per un confronto con istituzioni, enti e sindacati dei lavoratori per individuare strategie condivise per un\u2019occupazione di sempre maggiore qualit\u00e0. Dopo<\/p>\n","protected":false},"author":6,"featured_media":0,"comment_status":"open","ping_status":"open","sticky":true,"template":"","format":"standard","meta":{"wp_mapbox_gl_js_media":[],"footnotes":""},"categories":[335],"tags":[47],"class_list":["post-2400","post","type-post","status-publish","format-standard","hentry","category-archivio","tag-academy"],"yoast_head":"<!-- This site is optimized with the Yoast SEO plugin v26.8 - https:\/\/yoast.com\/product\/yoast-seo-wordpress\/ -->\n<title>ACADEMY DI CONFAGRICOLTURA DEDICATA AL LAVORO IN AGRICOLTURA - Confagricoltura Piacenza<\/title>\n<meta name=\"robots\" content=\"index, follow, max-snippet:-1, max-image-preview:large, max-video-preview:-1\" \/>\n<link rel=\"canonical\" href=\"https:\/\/www.confagricoltura.org\/piacenza\/academy-di-confagricoltura-dedicata-al-lavoro-in-agricoltura\/\" \/>\n<meta property=\"og:locale\" content=\"it_IT\" \/>\n<meta property=\"og:type\" content=\"article\" \/>\n<meta property=\"og:title\" content=\"ACADEMY DI CONFAGRICOLTURA DEDICATA AL LAVORO IN AGRICOLTURA - Confagricoltura Piacenza\" \/>\n<meta property=\"og:description\" content=\"Chiesa: favorire la semplificazione degli adempimenti L\u2019Academy 2016 di Confagricoltura, che si \u00e8 tenuta il 14 luglio a Roma presso il Tempio di Adriano, \u00e8 stata dedicata a \u201cimpresa e Lavoro in Agricoltura\u201d: un\u2019occasione per un confronto con istituzioni, enti e sindacati dei lavoratori per individuare strategie condivise per un\u2019occupazione di sempre maggiore qualit\u00e0. Dopo\" \/>\n<meta property=\"og:url\" content=\"https:\/\/www.confagricoltura.org\/piacenza\/academy-di-confagricoltura-dedicata-al-lavoro-in-agricoltura\/\" \/>\n<meta property=\"og:site_name\" content=\"Confagricoltura Piacenza\" \/>\n<meta property=\"article:published_time\" content=\"2016-07-15T06:56:53+00:00\" \/>\n<meta property=\"article:modified_time\" content=\"2021-03-11T12:14:59+00:00\" \/>\n<meta property=\"og:image\" content=\"http:\/\/www.confagricoltura.org\/piacenza\/wp-content\/uploads\/sites\/3\/2016\/07\/Academy.jpg\" \/>\n<meta name=\"author\" content=\"confagricolturapiacenza\" \/>\n<meta name=\"twitter:card\" content=\"summary_large_image\" \/>\n<meta name=\"twitter:label1\" content=\"Scritto da\" \/>\n\t<meta name=\"twitter:data1\" content=\"confagricolturapiacenza\" \/>\n\t<meta name=\"twitter:label2\" content=\"Tempo di lettura stimato\" \/>\n\t<meta name=\"twitter:data2\" content=\"3 minuti\" \/>\n<script type=\"application\/ld+json\" class=\"yoast-schema-graph\">{\"@context\":\"https:\/\/schema.org\",\"@graph\":[{\"@type\":\"Article\",\"@id\":\"https:\/\/www.confagricoltura.org\/piacenza\/academy-di-confagricoltura-dedicata-al-lavoro-in-agricoltura\/#article\",\"isPartOf\":{\"@id\":\"https:\/\/www.confagricoltura.org\/piacenza\/academy-di-confagricoltura-dedicata-al-lavoro-in-agricoltura\/\"},\"author\":{\"name\":\"confagricolturapiacenza\",\"@id\":\"https:\/\/www.confagricoltura.org\/piacenza\/#\/schema\/person\/be5da25a3117fea4b3bfec9dba09b5e8\"},\"headline\":\"ACADEMY DI CONFAGRICOLTURA DEDICATA AL LAVORO IN AGRICOLTURA\",\"datePublished\":\"2016-07-15T06:56:53+00:00\",\"dateModified\":\"2021-03-11T12:14:59+00:00\",\"mainEntityOfPage\":{\"@id\":\"https:\/\/www.confagricoltura.org\/piacenza\/academy-di-confagricoltura-dedicata-al-lavoro-in-agricoltura\/\"},\"wordCount\":519,\"commentCount\":0,\"image\":{\"@id\":\"https:\/\/www.confagricoltura.org\/piacenza\/academy-di-confagricoltura-dedicata-al-lavoro-in-agricoltura\/#primaryimage\"},\"thumbnailUrl\":\"http:\/\/www.confagricoltura.org\/piacenza\/wp-content\/uploads\/sites\/3\/2016\/07\/Academy.jpg\",\"keywords\":[\"academy\"],\"articleSection\":[\"Archivio\"],\"inLanguage\":\"it-IT\"},{\"@type\":\"WebPage\",\"@id\":\"https:\/\/www.confagricoltura.org\/piacenza\/academy-di-confagricoltura-dedicata-al-lavoro-in-agricoltura\/\",\"url\":\"https:\/\/www.confagricoltura.org\/piacenza\/academy-di-confagricoltura-dedicata-al-lavoro-in-agricoltura\/\",\"name\":\"ACADEMY DI CONFAGRICOLTURA DEDICATA AL LAVORO IN AGRICOLTURA - Confagricoltura Piacenza\",\"isPartOf\":{\"@id\":\"https:\/\/www.confagricoltura.org\/piacenza\/#website\"},\"primaryImageOfPage\":{\"@id\":\"https:\/\/www.confagricoltura.org\/piacenza\/academy-di-confagricoltura-dedicata-al-lavoro-in-agricoltura\/#primaryimage\"},\"image\":{\"@id\":\"https:\/\/www.confagricoltura.org\/piacenza\/academy-di-confagricoltura-dedicata-al-lavoro-in-agricoltura\/#primaryimage\"},\"thumbnailUrl\":\"http:\/\/www.confagricoltura.org\/piacenza\/wp-content\/uploads\/sites\/3\/2016\/07\/Academy.jpg\",\"datePublished\":\"2016-07-15T06:56:53+00:00\",\"dateModified\":\"2021-03-11T12:14:59+00:00\",\"author\":{\"@id\":\"https:\/\/www.confagricoltura.org\/piacenza\/#\/schema\/person\/be5da25a3117fea4b3bfec9dba09b5e8\"},\"breadcrumb\":{\"@id\":\"https:\/\/www.confagricoltura.org\/piacenza\/academy-di-confagricoltura-dedicata-al-lavoro-in-agricoltura\/#breadcrumb\"},\"inLanguage\":\"it-IT\",\"potentialAction\":[{\"@type\":\"ReadAction\",\"target\":[\"https:\/\/www.confagricoltura.org\/piacenza\/academy-di-confagricoltura-dedicata-al-lavoro-in-agricoltura\/\"]}]},{\"@type\":\"ImageObject\",\"inLanguage\":\"it-IT\",\"@id\":\"https:\/\/www.confagricoltura.org\/piacenza\/academy-di-confagricoltura-dedicata-al-lavoro-in-agricoltura\/#primaryimage\",\"url\":\"http:\/\/www.confagricoltura.org\/piacenza\/wp-content\/uploads\/sites\/3\/2016\/07\/Academy.jpg\",\"contentUrl\":\"http:\/\/www.confagricoltura.org\/piacenza\/wp-content\/uploads\/sites\/3\/2016\/07\/Academy.jpg\"},{\"@type\":\"BreadcrumbList\",\"@id\":\"https:\/\/www.confagricoltura.org\/piacenza\/academy-di-confagricoltura-dedicata-al-lavoro-in-agricoltura\/#breadcrumb\",\"itemListElement\":[{\"@type\":\"ListItem\",\"position\":1,\"name\":\"Home\",\"item\":\"https:\/\/www.confagricoltura.org\/piacenza\/\"},{\"@type\":\"ListItem\",\"position\":2,\"name\":\"ACADEMY DI CONFAGRICOLTURA DEDICATA AL LAVORO IN AGRICOLTURA\"}]},{\"@type\":\"WebSite\",\"@id\":\"https:\/\/www.confagricoltura.org\/piacenza\/#website\",\"url\":\"https:\/\/www.confagricoltura.org\/piacenza\/\",\"name\":\"Confagricoltura Piacenza\",\"description\":\"Dalla parte degli Agricoltori\",\"potentialAction\":[{\"@type\":\"SearchAction\",\"target\":{\"@type\":\"EntryPoint\",\"urlTemplate\":\"https:\/\/www.confagricoltura.org\/piacenza\/?s={search_term_string}\"},\"query-input\":{\"@type\":\"PropertyValueSpecification\",\"valueRequired\":true,\"valueName\":\"search_term_string\"}}],\"inLanguage\":\"it-IT\"},{\"@type\":\"Person\",\"@id\":\"https:\/\/www.confagricoltura.org\/piacenza\/#\/schema\/person\/be5da25a3117fea4b3bfec9dba09b5e8\",\"name\":\"confagricolturapiacenza\",\"image\":{\"@type\":\"ImageObject\",\"inLanguage\":\"it-IT\",\"@id\":\"https:\/\/www.confagricoltura.org\/piacenza\/#\/schema\/person\/image\/\",\"url\":\"https:\/\/secure.gravatar.com\/avatar\/9c5f111e417171581853bd0a3ff892ca?s=96&d=mm&r=g\",\"contentUrl\":\"https:\/\/secure.gravatar.com\/avatar\/9c5f111e417171581853bd0a3ff892ca?s=96&d=mm&r=g\",\"caption\":\"confagricolturapiacenza\"},\"url\":\"https:\/\/www.confagricoltura.org\/piacenza\/author\/confagricolturapiacenza\/\"}]}<\/script>\n<!-- \/ Yoast SEO plugin. -->","yoast_head_json":{"title":"ACADEMY DI CONFAGRICOLTURA DEDICATA AL LAVORO IN AGRICOLTURA - Confagricoltura Piacenza","robots":{"index":"index","follow":"follow","max-snippet":"max-snippet:-1","max-image-preview":"max-image-preview:large","max-video-preview":"max-video-preview:-1"},"canonical":"https:\/\/www.confagricoltura.org\/piacenza\/academy-di-confagricoltura-dedicata-al-lavoro-in-agricoltura\/","og_locale":"it_IT","og_type":"article","og_title":"ACADEMY DI CONFAGRICOLTURA DEDICATA AL LAVORO IN AGRICOLTURA - Confagricoltura Piacenza","og_description":"Chiesa: favorire la semplificazione degli adempimenti L\u2019Academy 2016 di Confagricoltura, che si \u00e8 tenuta il 14 luglio a Roma presso il Tempio di Adriano, \u00e8 stata dedicata a \u201cimpresa e Lavoro in Agricoltura\u201d: un\u2019occasione per un confronto con istituzioni, enti e sindacati dei lavoratori per individuare strategie condivise per un\u2019occupazione di sempre maggiore qualit\u00e0. Dopo","og_url":"https:\/\/www.confagricoltura.org\/piacenza\/academy-di-confagricoltura-dedicata-al-lavoro-in-agricoltura\/","og_site_name":"Confagricoltura Piacenza","article_published_time":"2016-07-15T06:56:53+00:00","article_modified_time":"2021-03-11T12:14:59+00:00","og_image":[{"url":"http:\/\/www.confagricoltura.org\/piacenza\/wp-content\/uploads\/sites\/3\/2016\/07\/Academy.jpg","type":"","width":"","height":""}],"author":"confagricolturapiacenza","twitter_card":"summary_large_image","twitter_misc":{"Scritto da":"confagricolturapiacenza","Tempo di lettura stimato":"3 minuti"},"schema":{"@context":"https:\/\/schema.org","@graph":[{"@type":"Article","@id":"https:\/\/www.confagricoltura.org\/piacenza\/academy-di-confagricoltura-dedicata-al-lavoro-in-agricoltura\/#article","isPartOf":{"@id":"https:\/\/www.confagricoltura.org\/piacenza\/academy-di-confagricoltura-dedicata-al-lavoro-in-agricoltura\/"},"author":{"name":"confagricolturapiacenza","@id":"https:\/\/www.confagricoltura.org\/piacenza\/#\/schema\/person\/be5da25a3117fea4b3bfec9dba09b5e8"},"headline":"ACADEMY DI CONFAGRICOLTURA DEDICATA AL LAVORO IN AGRICOLTURA","datePublished":"2016-07-15T06:56:53+00:00","dateModified":"2021-03-11T12:14:59+00:00","mainEntityOfPage":{"@id":"https:\/\/www.confagricoltura.org\/piacenza\/academy-di-confagricoltura-dedicata-al-lavoro-in-agricoltura\/"},"wordCount":519,"commentCount":0,"image":{"@id":"https:\/\/www.confagricoltura.org\/piacenza\/academy-di-confagricoltura-dedicata-al-lavoro-in-agricoltura\/#primaryimage"},"thumbnailUrl":"http:\/\/www.confagricoltura.org\/piacenza\/wp-content\/uploads\/sites\/3\/2016\/07\/Academy.jpg","keywords":["academy"],"articleSection":["Archivio"],"inLanguage":"it-IT"},{"@type":"WebPage","@id":"https:\/\/www.confagricoltura.org\/piacenza\/academy-di-confagricoltura-dedicata-al-lavoro-in-agricoltura\/","url":"https:\/\/www.confagricoltura.org\/piacenza\/academy-di-confagricoltura-dedicata-al-lavoro-in-agricoltura\/","name":"ACADEMY DI CONFAGRICOLTURA DEDICATA AL LAVORO IN AGRICOLTURA - Confagricoltura Piacenza","isPartOf":{"@id":"https:\/\/www.confagricoltura.org\/piacenza\/#website"},"primaryImageOfPage":{"@id":"https:\/\/www.confagricoltura.org\/piacenza\/academy-di-confagricoltura-dedicata-al-lavoro-in-agricoltura\/#primaryimage"},"image":{"@id":"https:\/\/www.confagricoltura.org\/piacenza\/academy-di-confagricoltura-dedicata-al-lavoro-in-agricoltura\/#primaryimage"},"thumbnailUrl":"http:\/\/www.confagricoltura.org\/piacenza\/wp-content\/uploads\/sites\/3\/2016\/07\/Academy.jpg","datePublished":"2016-07-15T06:56:53+00:00","dateModified":"2021-03-11T12:14:59+00:00","author":{"@id":"https:\/\/www.confagricoltura.org\/piacenza\/#\/schema\/person\/be5da25a3117fea4b3bfec9dba09b5e8"},"breadcrumb":{"@id":"https:\/\/www.confagricoltura.org\/piacenza\/academy-di-confagricoltura-dedicata-al-lavoro-in-agricoltura\/#breadcrumb"},"inLanguage":"it-IT","potentialAction":[{"@type":"ReadAction","target":["https:\/\/www.confagricoltura.org\/piacenza\/academy-di-confagricoltura-dedicata-al-lavoro-in-agricoltura\/"]}]},{"@type":"ImageObject","inLanguage":"it-IT","@id":"https:\/\/www.confagricoltura.org\/piacenza\/academy-di-confagricoltura-dedicata-al-lavoro-in-agricoltura\/#primaryimage","url":"http:\/\/www.confagricoltura.org\/piacenza\/wp-content\/uploads\/sites\/3\/2016\/07\/Academy.jpg","contentUrl":"http:\/\/www.confagricoltura.org\/piacenza\/wp-content\/uploads\/sites\/3\/2016\/07\/Academy.jpg"},{"@type":"BreadcrumbList","@id":"https:\/\/www.confagricoltura.org\/piacenza\/academy-di-confagricoltura-dedicata-al-lavoro-in-agricoltura\/#breadcrumb","itemListElement":[{"@type":"ListItem","position":1,"name":"Home","item":"https:\/\/www.confagricoltura.org\/piacenza\/"},{"@type":"ListItem","position":2,"name":"ACADEMY DI CONFAGRICOLTURA DEDICATA AL LAVORO IN AGRICOLTURA"}]},{"@type":"WebSite","@id":"https:\/\/www.confagricoltura.org\/piacenza\/#website","url":"https:\/\/www.confagricoltura.org\/piacenza\/","name":"Confagricoltura Piacenza","description":"Dalla parte degli Agricoltori","potentialAction":[{"@type":"SearchAction","target":{"@type":"EntryPoint","urlTemplate":"https:\/\/www.confagricoltura.org\/piacenza\/?s={search_term_string}"},"query-input":{"@type":"PropertyValueSpecification","valueRequired":true,"valueName":"search_term_string"}}],"inLanguage":"it-IT"},{"@type":"Person","@id":"https:\/\/www.confagricoltura.org\/piacenza\/#\/schema\/person\/be5da25a3117fea4b3bfec9dba09b5e8","name":"confagricolturapiacenza","image":{"@type":"ImageObject","inLanguage":"it-IT","@id":"https:\/\/www.confagricoltura.org\/piacenza\/#\/schema\/person\/image\/","url":"https:\/\/secure.gravatar.com\/avatar\/9c5f111e417171581853bd0a3ff892ca?s=96&d=mm&r=g","contentUrl":"https:\/\/secure.gravatar.com\/avatar\/9c5f111e417171581853bd0a3ff892ca?s=96&d=mm&r=g","caption":"confagricolturapiacenza"},"url":"https:\/\/www.confagricoltura.org\/piacenza\/author\/confagricolturapiacenza\/"}]}},"_links":{"self":[{"href":"https:\/\/www.confagricoltura.org\/piacenza\/wp-json\/wp\/v2\/posts\/2400","targetHints":{"allow":["GET"]}}],"collection":[{"href":"https:\/\/www.confagricoltura.org\/piacenza\/wp-json\/wp\/v2\/posts"}],"about":[{"href":"https:\/\/www.confagricoltura.org\/piacenza\/wp-json\/wp\/v2\/types\/post"}],"author":[{"embeddable":true,"href":"https:\/\/www.confagricoltura.org\/piacenza\/wp-json\/wp\/v2\/users\/6"}],"replies":[{"embeddable":true,"href":"https:\/\/www.confagricoltura.org\/piacenza\/wp-json\/wp\/v2\/comments?post=2400"}],"version-history":[{"count":1,"href":"https:\/\/www.confagricoltura.org\/piacenza\/wp-json\/wp\/v2\/posts\/2400\/revisions"}],"predecessor-version":[{"id":2969,"href":"https:\/\/www.confagricoltura.org\/piacenza\/wp-json\/wp\/v2\/posts\/2400\/revisions\/2969"}],"wp:attachment":[{"href":"https:\/\/www.confagricoltura.org\/piacenza\/wp-json\/wp\/v2\/media?parent=2400"}],"wp:term":[{"taxonomy":"category","embeddable":true,"href":"https:\/\/www.confagricoltura.org\/piacenza\/wp-json\/wp\/v2\/categories?post=2400"},{"taxonomy":"post_tag","embeddable":true,"href":"https:\/\/www.confagricoltura.org\/piacenza\/wp-json\/wp\/v2\/tags?post=2400"}],"curies":[{"name":"wp","href":"https:\/\/api.w.org\/{rel}","templated":true}]}}