{"id":2394,"date":"2016-05-24T16:09:07","date_gmt":"2016-05-24T14:09:07","guid":{"rendered":"http:\/\/www.confagricoltura.org\/piacenza\/?p=360"},"modified":"2021-03-11T13:14:59","modified_gmt":"2021-03-11T12:14:59","slug":"via-gli-impianti-dalle-rendite-catastali-dei-fabbricati-rurali-strumentali","status":"publish","type":"post","link":"https:\/\/www.confagricoltura.org\/piacenza\/via-gli-impianti-dalle-rendite-catastali-dei-fabbricati-rurali-strumentali\/","title":{"rendered":"VIA GLI IMPIANTI DALLE RENDITE CATASTALI DEI FABBRICATI RURALI STRUMENTALI"},"content":{"rendered":"<h4><em>Confagricoltura e Collegio dei Geometri di Piacenza ne parlano in un seminario tecnico<\/em><\/h4>\n<p>&nbsp;<\/p>\n<p style=\"text-align: justify\">E\u2019 in programma marted\u00ec 31 maggio alle ore 10,00 presso la Sala convegni del Collegio dei Geometri di Piacenza in Strada Farnesiana, 104 a Piacenza il convegno\/dibattito sul tema: via gli impianti dalle rendite catastali dei fabbricati rurali strumentali &#8211; Come fare per ottenere lo sgravio. L\u2019iniziativa \u00e8 realizzata congiuntamente da Confagricoltura Piacenza e dal Collegio dei Geometri di Piacenza.\u00a0 \u201cLa legge di stabilit\u00e0 2016 \u2013 spiega Michela Filippi, responsabile del Servizio Fiscale di Confagricoltura Piacenza &#8211;\u00a0 ha apportato una rilevante novit\u00e0 in materia di determinazione della rendita catastale degli immobili a destinazione speciale e particolare (categorie D ed E): nella stima diretta devono essere presi in considerazione il suolo, le costruzioni e gli elementi strutturalmente connessi al suolo o alle costruzioni che ne accrescono la qualit\u00e0 e l\u2019utilit\u00e0, mentre ne restano fuori le componenti impiantistiche, di varia natura, funzionali solo a uno specifico processo produttivo. Per uniformare i riferimenti catastali delle unit\u00e0 gi\u00e0 censite e di quelle oggetto di dichiarazione di nuova costruzione o di variazione, la stessa Stabilit\u00e0 ha previsto la possibilit\u00e0 di presentare, relativamente agli immobili gi\u00e0 accatastati, atti di aggiornamento per rideterminarne la rendita nel rispetto dei nuovi criteri, cio\u00e8 scorporando gli elementi che non costituiscono pi\u00f9 oggetto di stima. Per il settore agricolo potrebbe esserci una significativa ricaduta positiva relativamente agli impianti fotovoltaici di categoria D\/10 e per tutti i fabbricati rurali strumentali a servizio dell\u2019attivit\u00e0 agricola, in particolare stalle, porcilaie, impianti di biogas e biomassa, cantine, ecc\u201d. Per il 2016, si potr\u00e0 riceverne una positiva ricaduta fiscale con riferimento alla nuova rendita: infatti, se l\u2019aggiornamento viene richiesto entro il 15 giugno 2016, gli effetti della variazione catastale sono anticipati al 1\u00b0 gennaio 2016; conseguentemente, i tributi municipali, in particolare Tasi, andranno calcolati sulla base della nuova stima, depurata del valore degli \u201cimbullonati\u201d.\u00a0 \u201cI Geometri sono preparati ed in grado di presentare all\u2019Agenzia Entrate le variazioni richieste dai proprietari per scorporare il valore degli impianti, di cui alla legge di stabilit\u00e0 \u00a02016, dal valore immobiliare delle unit\u00e0 a destinazione particolare e speciale \u2013 spiega Carlo Fortunati, presidente dell\u2019ordine provinciale che aprir\u00e0 i lavori del seminario -.Nel campo dell\u2019Estimo e Topografia e dell\u2019aggiornamento degli Archivi catastali \u00a0i geometri hanno sempre dato prova di grande professionalit\u00e0 anche grazie ad \u00a0aggiornamenti professionali continui\u201d. Interverranno anche: Enrico Chiesa, presidente di Confagricoltura Piacenza; Nicola Caputo, direttore dell\u2019Area Fiscale di Confagricoltura; Salvatore Scarpino dirigente della direzione Regionale dell\u2019Agenzia delle Entrate. Il seminario \u00e8 gratuito e ad ingresso libero fino ad esaurimento posti.<\/p>\n<p><img loading=\"lazy\" decoding=\"async\" class=\"alignnone size-full wp-image-361 img-responsive\" src=\"http:\/\/www.confagricoltura.org\/piacenza\/wp-content\/uploads\/sites\/3\/2016\/05\/Convegno-31-maggio.jpg\" alt=\"Convegno 31 maggio\" width=\"2480\" height=\"3224\" \/><\/p>\n<p>&nbsp;<\/p>\n","protected":false},"excerpt":{"rendered":"<p>Confagricoltura e Collegio dei Geometri di Piacenza ne parlano in un seminario tecnico &nbsp; E\u2019 in programma marted\u00ec 31 maggio alle ore 10,00 presso la Sala convegni del Collegio dei Geometri di Piacenza in Strada Farnesiana, 104 a Piacenza il convegno\/dibattito sul tema: via gli impianti dalle rendite catastali dei fabbricati rurali strumentali &#8211; Come<\/p>\n","protected":false},"author":6,"featured_media":0,"comment_status":"open","ping_status":"open","sticky":false,"template":"","format":"standard","meta":{"wp_mapbox_gl_js_media":[],"footnotes":""},"categories":[335],"tags":[44],"class_list":["post-2394","post","type-post","status-publish","format-standard","hentry","category-archivio","tag-fabbricati-rurali"],"yoast_head":"<!-- This site is optimized with the Yoast SEO plugin v26.8 - https:\/\/yoast.com\/product\/yoast-seo-wordpress\/ -->\n<title>VIA GLI IMPIANTI DALLE RENDITE CATASTALI DEI FABBRICATI RURALI STRUMENTALI - Confagricoltura Piacenza<\/title>\n<meta name=\"robots\" content=\"index, follow, max-snippet:-1, max-image-preview:large, max-video-preview:-1\" \/>\n<link rel=\"canonical\" href=\"https:\/\/www.confagricoltura.org\/piacenza\/via-gli-impianti-dalle-rendite-catastali-dei-fabbricati-rurali-strumentali\/\" \/>\n<meta property=\"og:locale\" content=\"it_IT\" \/>\n<meta property=\"og:type\" content=\"article\" \/>\n<meta property=\"og:title\" content=\"VIA GLI IMPIANTI DALLE RENDITE CATASTALI DEI FABBRICATI RURALI STRUMENTALI - Confagricoltura Piacenza\" \/>\n<meta property=\"og:description\" content=\"Confagricoltura e Collegio dei Geometri di Piacenza ne parlano in un seminario tecnico &nbsp; E\u2019 in programma marted\u00ec 31 maggio alle ore 10,00 presso la Sala convegni del Collegio dei Geometri di Piacenza in Strada Farnesiana, 104 a Piacenza il convegno\/dibattito sul tema: via gli impianti dalle rendite catastali dei fabbricati rurali strumentali &#8211; Come\" \/>\n<meta property=\"og:url\" content=\"https:\/\/www.confagricoltura.org\/piacenza\/via-gli-impianti-dalle-rendite-catastali-dei-fabbricati-rurali-strumentali\/\" \/>\n<meta property=\"og:site_name\" content=\"Confagricoltura Piacenza\" \/>\n<meta property=\"article:published_time\" content=\"2016-05-24T14:09:07+00:00\" \/>\n<meta property=\"article:modified_time\" content=\"2021-03-11T12:14:59+00:00\" \/>\n<meta property=\"og:image\" content=\"http:\/\/www.confagricoltura.org\/piacenza\/wp-content\/uploads\/sites\/3\/2016\/05\/Convegno-31-maggio.jpg\" \/>\n<meta name=\"author\" content=\"confagricolturapiacenza\" \/>\n<meta name=\"twitter:card\" content=\"summary_large_image\" \/>\n<meta name=\"twitter:label1\" content=\"Scritto da\" \/>\n\t<meta name=\"twitter:data1\" content=\"confagricolturapiacenza\" \/>\n\t<meta name=\"twitter:label2\" content=\"Tempo di lettura stimato\" \/>\n\t<meta name=\"twitter:data2\" content=\"2 minuti\" \/>\n<script type=\"application\/ld+json\" class=\"yoast-schema-graph\">{\"@context\":\"https:\/\/schema.org\",\"@graph\":[{\"@type\":\"Article\",\"@id\":\"https:\/\/www.confagricoltura.org\/piacenza\/via-gli-impianti-dalle-rendite-catastali-dei-fabbricati-rurali-strumentali\/#article\",\"isPartOf\":{\"@id\":\"https:\/\/www.confagricoltura.org\/piacenza\/via-gli-impianti-dalle-rendite-catastali-dei-fabbricati-rurali-strumentali\/\"},\"author\":{\"name\":\"confagricolturapiacenza\",\"@id\":\"https:\/\/www.confagricoltura.org\/piacenza\/#\/schema\/person\/be5da25a3117fea4b3bfec9dba09b5e8\"},\"headline\":\"VIA GLI IMPIANTI DALLE RENDITE CATASTALI DEI FABBRICATI RURALI STRUMENTALI\",\"datePublished\":\"2016-05-24T14:09:07+00:00\",\"dateModified\":\"2021-03-11T12:14:59+00:00\",\"mainEntityOfPage\":{\"@id\":\"https:\/\/www.confagricoltura.org\/piacenza\/via-gli-impianti-dalle-rendite-catastali-dei-fabbricati-rurali-strumentali\/\"},\"wordCount\":434,\"commentCount\":0,\"image\":{\"@id\":\"https:\/\/www.confagricoltura.org\/piacenza\/via-gli-impianti-dalle-rendite-catastali-dei-fabbricati-rurali-strumentali\/#primaryimage\"},\"thumbnailUrl\":\"http:\/\/www.confagricoltura.org\/piacenza\/wp-content\/uploads\/sites\/3\/2016\/05\/Convegno-31-maggio.jpg\",\"keywords\":[\"FABBRICATI RURALI\"],\"articleSection\":[\"Archivio\"],\"inLanguage\":\"it-IT\"},{\"@type\":\"WebPage\",\"@id\":\"https:\/\/www.confagricoltura.org\/piacenza\/via-gli-impianti-dalle-rendite-catastali-dei-fabbricati-rurali-strumentali\/\",\"url\":\"https:\/\/www.confagricoltura.org\/piacenza\/via-gli-impianti-dalle-rendite-catastali-dei-fabbricati-rurali-strumentali\/\",\"name\":\"VIA GLI IMPIANTI DALLE RENDITE CATASTALI DEI FABBRICATI RURALI STRUMENTALI - Confagricoltura Piacenza\",\"isPartOf\":{\"@id\":\"https:\/\/www.confagricoltura.org\/piacenza\/#website\"},\"primaryImageOfPage\":{\"@id\":\"https:\/\/www.confagricoltura.org\/piacenza\/via-gli-impianti-dalle-rendite-catastali-dei-fabbricati-rurali-strumentali\/#primaryimage\"},\"image\":{\"@id\":\"https:\/\/www.confagricoltura.org\/piacenza\/via-gli-impianti-dalle-rendite-catastali-dei-fabbricati-rurali-strumentali\/#primaryimage\"},\"thumbnailUrl\":\"http:\/\/www.confagricoltura.org\/piacenza\/wp-content\/uploads\/sites\/3\/2016\/05\/Convegno-31-maggio.jpg\",\"datePublished\":\"2016-05-24T14:09:07+00:00\",\"dateModified\":\"2021-03-11T12:14:59+00:00\",\"author\":{\"@id\":\"https:\/\/www.confagricoltura.org\/piacenza\/#\/schema\/person\/be5da25a3117fea4b3bfec9dba09b5e8\"},\"breadcrumb\":{\"@id\":\"https:\/\/www.confagricoltura.org\/piacenza\/via-gli-impianti-dalle-rendite-catastali-dei-fabbricati-rurali-strumentali\/#breadcrumb\"},\"inLanguage\":\"it-IT\",\"potentialAction\":[{\"@type\":\"ReadAction\",\"target\":[\"https:\/\/www.confagricoltura.org\/piacenza\/via-gli-impianti-dalle-rendite-catastali-dei-fabbricati-rurali-strumentali\/\"]}]},{\"@type\":\"ImageObject\",\"inLanguage\":\"it-IT\",\"@id\":\"https:\/\/www.confagricoltura.org\/piacenza\/via-gli-impianti-dalle-rendite-catastali-dei-fabbricati-rurali-strumentali\/#primaryimage\",\"url\":\"http:\/\/www.confagricoltura.org\/piacenza\/wp-content\/uploads\/sites\/3\/2016\/05\/Convegno-31-maggio.jpg\",\"contentUrl\":\"http:\/\/www.confagricoltura.org\/piacenza\/wp-content\/uploads\/sites\/3\/2016\/05\/Convegno-31-maggio.jpg\"},{\"@type\":\"BreadcrumbList\",\"@id\":\"https:\/\/www.confagricoltura.org\/piacenza\/via-gli-impianti-dalle-rendite-catastali-dei-fabbricati-rurali-strumentali\/#breadcrumb\",\"itemListElement\":[{\"@type\":\"ListItem\",\"position\":1,\"name\":\"Home\",\"item\":\"https:\/\/www.confagricoltura.org\/piacenza\/\"},{\"@type\":\"ListItem\",\"position\":2,\"name\":\"VIA GLI IMPIANTI DALLE RENDITE CATASTALI DEI FABBRICATI RURALI STRUMENTALI\"}]},{\"@type\":\"WebSite\",\"@id\":\"https:\/\/www.confagricoltura.org\/piacenza\/#website\",\"url\":\"https:\/\/www.confagricoltura.org\/piacenza\/\",\"name\":\"Confagricoltura Piacenza\",\"description\":\"Dalla parte degli Agricoltori\",\"potentialAction\":[{\"@type\":\"SearchAction\",\"target\":{\"@type\":\"EntryPoint\",\"urlTemplate\":\"https:\/\/www.confagricoltura.org\/piacenza\/?s={search_term_string}\"},\"query-input\":{\"@type\":\"PropertyValueSpecification\",\"valueRequired\":true,\"valueName\":\"search_term_string\"}}],\"inLanguage\":\"it-IT\"},{\"@type\":\"Person\",\"@id\":\"https:\/\/www.confagricoltura.org\/piacenza\/#\/schema\/person\/be5da25a3117fea4b3bfec9dba09b5e8\",\"name\":\"confagricolturapiacenza\",\"image\":{\"@type\":\"ImageObject\",\"inLanguage\":\"it-IT\",\"@id\":\"https:\/\/www.confagricoltura.org\/piacenza\/#\/schema\/person\/image\/\",\"url\":\"https:\/\/secure.gravatar.com\/avatar\/9c5f111e417171581853bd0a3ff892ca?s=96&d=mm&r=g\",\"contentUrl\":\"https:\/\/secure.gravatar.com\/avatar\/9c5f111e417171581853bd0a3ff892ca?s=96&d=mm&r=g\",\"caption\":\"confagricolturapiacenza\"},\"url\":\"https:\/\/www.confagricoltura.org\/piacenza\/author\/confagricolturapiacenza\/\"}]}<\/script>\n<!-- \/ Yoast SEO plugin. -->","yoast_head_json":{"title":"VIA GLI IMPIANTI DALLE RENDITE CATASTALI DEI FABBRICATI RURALI STRUMENTALI - Confagricoltura Piacenza","robots":{"index":"index","follow":"follow","max-snippet":"max-snippet:-1","max-image-preview":"max-image-preview:large","max-video-preview":"max-video-preview:-1"},"canonical":"https:\/\/www.confagricoltura.org\/piacenza\/via-gli-impianti-dalle-rendite-catastali-dei-fabbricati-rurali-strumentali\/","og_locale":"it_IT","og_type":"article","og_title":"VIA GLI IMPIANTI DALLE RENDITE CATASTALI DEI FABBRICATI RURALI STRUMENTALI - Confagricoltura Piacenza","og_description":"Confagricoltura e Collegio dei Geometri di Piacenza ne parlano in un seminario tecnico &nbsp; E\u2019 in programma marted\u00ec 31 maggio alle ore 10,00 presso la Sala convegni del Collegio dei Geometri di Piacenza in Strada Farnesiana, 104 a Piacenza il convegno\/dibattito sul tema: via gli impianti dalle rendite catastali dei fabbricati rurali strumentali &#8211; Come","og_url":"https:\/\/www.confagricoltura.org\/piacenza\/via-gli-impianti-dalle-rendite-catastali-dei-fabbricati-rurali-strumentali\/","og_site_name":"Confagricoltura Piacenza","article_published_time":"2016-05-24T14:09:07+00:00","article_modified_time":"2021-03-11T12:14:59+00:00","og_image":[{"url":"http:\/\/www.confagricoltura.org\/piacenza\/wp-content\/uploads\/sites\/3\/2016\/05\/Convegno-31-maggio.jpg","type":"","width":"","height":""}],"author":"confagricolturapiacenza","twitter_card":"summary_large_image","twitter_misc":{"Scritto da":"confagricolturapiacenza","Tempo di lettura stimato":"2 minuti"},"schema":{"@context":"https:\/\/schema.org","@graph":[{"@type":"Article","@id":"https:\/\/www.confagricoltura.org\/piacenza\/via-gli-impianti-dalle-rendite-catastali-dei-fabbricati-rurali-strumentali\/#article","isPartOf":{"@id":"https:\/\/www.confagricoltura.org\/piacenza\/via-gli-impianti-dalle-rendite-catastali-dei-fabbricati-rurali-strumentali\/"},"author":{"name":"confagricolturapiacenza","@id":"https:\/\/www.confagricoltura.org\/piacenza\/#\/schema\/person\/be5da25a3117fea4b3bfec9dba09b5e8"},"headline":"VIA GLI IMPIANTI DALLE RENDITE CATASTALI DEI FABBRICATI RURALI STRUMENTALI","datePublished":"2016-05-24T14:09:07+00:00","dateModified":"2021-03-11T12:14:59+00:00","mainEntityOfPage":{"@id":"https:\/\/www.confagricoltura.org\/piacenza\/via-gli-impianti-dalle-rendite-catastali-dei-fabbricati-rurali-strumentali\/"},"wordCount":434,"commentCount":0,"image":{"@id":"https:\/\/www.confagricoltura.org\/piacenza\/via-gli-impianti-dalle-rendite-catastali-dei-fabbricati-rurali-strumentali\/#primaryimage"},"thumbnailUrl":"http:\/\/www.confagricoltura.org\/piacenza\/wp-content\/uploads\/sites\/3\/2016\/05\/Convegno-31-maggio.jpg","keywords":["FABBRICATI RURALI"],"articleSection":["Archivio"],"inLanguage":"it-IT"},{"@type":"WebPage","@id":"https:\/\/www.confagricoltura.org\/piacenza\/via-gli-impianti-dalle-rendite-catastali-dei-fabbricati-rurali-strumentali\/","url":"https:\/\/www.confagricoltura.org\/piacenza\/via-gli-impianti-dalle-rendite-catastali-dei-fabbricati-rurali-strumentali\/","name":"VIA GLI IMPIANTI DALLE RENDITE CATASTALI DEI FABBRICATI RURALI STRUMENTALI - Confagricoltura Piacenza","isPartOf":{"@id":"https:\/\/www.confagricoltura.org\/piacenza\/#website"},"primaryImageOfPage":{"@id":"https:\/\/www.confagricoltura.org\/piacenza\/via-gli-impianti-dalle-rendite-catastali-dei-fabbricati-rurali-strumentali\/#primaryimage"},"image":{"@id":"https:\/\/www.confagricoltura.org\/piacenza\/via-gli-impianti-dalle-rendite-catastali-dei-fabbricati-rurali-strumentali\/#primaryimage"},"thumbnailUrl":"http:\/\/www.confagricoltura.org\/piacenza\/wp-content\/uploads\/sites\/3\/2016\/05\/Convegno-31-maggio.jpg","datePublished":"2016-05-24T14:09:07+00:00","dateModified":"2021-03-11T12:14:59+00:00","author":{"@id":"https:\/\/www.confagricoltura.org\/piacenza\/#\/schema\/person\/be5da25a3117fea4b3bfec9dba09b5e8"},"breadcrumb":{"@id":"https:\/\/www.confagricoltura.org\/piacenza\/via-gli-impianti-dalle-rendite-catastali-dei-fabbricati-rurali-strumentali\/#breadcrumb"},"inLanguage":"it-IT","potentialAction":[{"@type":"ReadAction","target":["https:\/\/www.confagricoltura.org\/piacenza\/via-gli-impianti-dalle-rendite-catastali-dei-fabbricati-rurali-strumentali\/"]}]},{"@type":"ImageObject","inLanguage":"it-IT","@id":"https:\/\/www.confagricoltura.org\/piacenza\/via-gli-impianti-dalle-rendite-catastali-dei-fabbricati-rurali-strumentali\/#primaryimage","url":"http:\/\/www.confagricoltura.org\/piacenza\/wp-content\/uploads\/sites\/3\/2016\/05\/Convegno-31-maggio.jpg","contentUrl":"http:\/\/www.confagricoltura.org\/piacenza\/wp-content\/uploads\/sites\/3\/2016\/05\/Convegno-31-maggio.jpg"},{"@type":"BreadcrumbList","@id":"https:\/\/www.confagricoltura.org\/piacenza\/via-gli-impianti-dalle-rendite-catastali-dei-fabbricati-rurali-strumentali\/#breadcrumb","itemListElement":[{"@type":"ListItem","position":1,"name":"Home","item":"https:\/\/www.confagricoltura.org\/piacenza\/"},{"@type":"ListItem","position":2,"name":"VIA GLI IMPIANTI DALLE RENDITE CATASTALI DEI FABBRICATI RURALI STRUMENTALI"}]},{"@type":"WebSite","@id":"https:\/\/www.confagricoltura.org\/piacenza\/#website","url":"https:\/\/www.confagricoltura.org\/piacenza\/","name":"Confagricoltura Piacenza","description":"Dalla parte degli Agricoltori","potentialAction":[{"@type":"SearchAction","target":{"@type":"EntryPoint","urlTemplate":"https:\/\/www.confagricoltura.org\/piacenza\/?s={search_term_string}"},"query-input":{"@type":"PropertyValueSpecification","valueRequired":true,"valueName":"search_term_string"}}],"inLanguage":"it-IT"},{"@type":"Person","@id":"https:\/\/www.confagricoltura.org\/piacenza\/#\/schema\/person\/be5da25a3117fea4b3bfec9dba09b5e8","name":"confagricolturapiacenza","image":{"@type":"ImageObject","inLanguage":"it-IT","@id":"https:\/\/www.confagricoltura.org\/piacenza\/#\/schema\/person\/image\/","url":"https:\/\/secure.gravatar.com\/avatar\/9c5f111e417171581853bd0a3ff892ca?s=96&d=mm&r=g","contentUrl":"https:\/\/secure.gravatar.com\/avatar\/9c5f111e417171581853bd0a3ff892ca?s=96&d=mm&r=g","caption":"confagricolturapiacenza"},"url":"https:\/\/www.confagricoltura.org\/piacenza\/author\/confagricolturapiacenza\/"}]}},"_links":{"self":[{"href":"https:\/\/www.confagricoltura.org\/piacenza\/wp-json\/wp\/v2\/posts\/2394","targetHints":{"allow":["GET"]}}],"collection":[{"href":"https:\/\/www.confagricoltura.org\/piacenza\/wp-json\/wp\/v2\/posts"}],"about":[{"href":"https:\/\/www.confagricoltura.org\/piacenza\/wp-json\/wp\/v2\/types\/post"}],"author":[{"embeddable":true,"href":"https:\/\/www.confagricoltura.org\/piacenza\/wp-json\/wp\/v2\/users\/6"}],"replies":[{"embeddable":true,"href":"https:\/\/www.confagricoltura.org\/piacenza\/wp-json\/wp\/v2\/comments?post=2394"}],"version-history":[{"count":1,"href":"https:\/\/www.confagricoltura.org\/piacenza\/wp-json\/wp\/v2\/posts\/2394\/revisions"}],"predecessor-version":[{"id":2986,"href":"https:\/\/www.confagricoltura.org\/piacenza\/wp-json\/wp\/v2\/posts\/2394\/revisions\/2986"}],"wp:attachment":[{"href":"https:\/\/www.confagricoltura.org\/piacenza\/wp-json\/wp\/v2\/media?parent=2394"}],"wp:term":[{"taxonomy":"category","embeddable":true,"href":"https:\/\/www.confagricoltura.org\/piacenza\/wp-json\/wp\/v2\/categories?post=2394"},{"taxonomy":"post_tag","embeddable":true,"href":"https:\/\/www.confagricoltura.org\/piacenza\/wp-json\/wp\/v2\/tags?post=2394"}],"curies":[{"name":"wp","href":"https:\/\/api.w.org\/{rel}","templated":true}]}}