{"id":2388,"date":"2016-04-08T13:19:48","date_gmt":"2016-04-08T11:19:48","guid":{"rendered":"http:\/\/www.confagricoltura.org\/piacenza\/?p=276"},"modified":"2021-03-11T13:15:00","modified_gmt":"2021-03-11T12:15:00","slug":"confagricoltura-piacenza-plauso-a-lodigiani-membro-dei-georgofili","status":"publish","type":"post","link":"https:\/\/www.confagricoltura.org\/piacenza\/confagricoltura-piacenza-plauso-a-lodigiani-membro-dei-georgofili\/","title":{"rendered":"CONFAGRICOLTURA PIACENZA: PLAUSO A LODIGIANI MEMBRO DEI GEORGOFILI"},"content":{"rendered":"<h4>L\u2019importante riconoscimento a favore dell\u2019impegno per la divulgazione scientifica<\/h4>\n<p>&nbsp;<\/p>\n<p>La prestigiosa accademia dei Georgofili, fondata nel 1753, ha colto l\u2019importante momento dell\u2019inaugurazione dell\u2019anno accademico per consegnare i diplomi ai nuovi membri che con professionalit\u00e0 hanno mostrato di contribuire a costruire un\u2019agricoltura per il mondo del futuro nell\u2019interesse del Paese.\u00a0 Venerd\u00ec 08 aprile la nomina \u00e8 stata conferita a Michele Lodigiani, noto imprenditore agricolo piacentino da sempre molto attento all\u2019innovazione scientifica di cui sperimenta applicazioni nella propria azienda, circa 200 ettari a Piacenza ad indirizzo cerealicolo e orticolo. Laureato in agraria, Lodigiani alla tradizionale attivit\u00e0 aziendale ha spesso affiancato iniziative pi\u00f9 ardite nel corso degli anni, adottando, fra i primi, le tecniche di agricoltura conservativa, occupandosi di piante da fibra (kenaf) alla fine degli anni \u201980, di fitodepurazione nei primi anni \u201990 e producendo IV<sup>a<\/sup> e V<sup> a<\/sup> gamma negli anni successivi. E\u2019 sempre stato protagonista anche nell\u2019ambito dell\u2019attivit\u00e0 sindacale ricoprendo dal 1988 al 1991 la carica di presidente Anga, l\u2019associazione dei giovani di Confagricoltura Piacenza, sindacato di cui \u00e8 stato presidente nel triennio 2008-2011 e vicepresidente regionale dal 2009 al 2012. A lui si deve il ciclo d\u2019incontri scientifico-divulgativi organizzati in agriturismo \u201cA Cena con la scienza\u201d che a fine aprile vedr\u00e0 l\u2019avvio della settima edizione. \u201cDesidero ringraziare il Corpo Accademico per la mia ammissione ai Georgofili, che mi onora e mi inorgoglisce \u2013 ha detto Lodigiani -. Mi sono interrogato sui motivi che hanno favorito questa scelta. Certo, pi\u00f9 di tutto, l\u2019autorevolezza di chi ha proposto il mio nome. La mia riconoscenza in tal senso va soprattutto agli amici accademici Piero Cravedi, Giuseppe Bertoni e Michele Stanca. Reputo le mie competenze scientifiche del tutto ordinarie. Ho, forse, qualche merito scientifico: da diversi anni organizzo piccoli eventi divulgativi, a contrasto dell\u2019oscurantismo cos\u00ec diffuso; piccoli ma assai qualificati: ne vado molto orgoglioso. Tuttavia \u2013 ha concluso Lodigiani &#8211; ci\u00f2 per cui credo davvero di meritare questo onore \u00e8 il mio amore per la Scienza, cui non occorre grande cultura per essere alimentato, quanto la capacit\u00e0 di commuoversi di fronte alle straordinarie affermazioni dell\u2019intelligenza umana (quando \u00e8 ben impiegata), e di stupirsi di fronte alla meravigliosa armonia che guida i fenomeni naturali!\u201d Tra i primi a complimentarsi il presidente di Confagricoltura Piacenza, Enrico Chiesa, che ha commentato: \u201cE\u2019 un\u2019onorificenza pi\u00f9 che meritata, riconoscimento per l\u2019impegno che Michele Lodigiani ha sempre profuso per il mondo agricolo, sia dal punto di vista degli investimenti e dello sviluppo della propria azienda, nella quale ha posto al centro innovazione e ricerca, sia nell\u2019ambito delle iniziative realizzate con Confagricoltura aventi per obiettivo la raffinata informazione e divulgazione tecnico-scientifica. E\u2019 un orgoglio per noi e per me personalmente, poter annoverare una colonna portante di Confagricoltura Piacenza tra gli insigniti di una delle nomine pi\u00f9 prestigiose per coloro che si sono distinti nel nostro comparto. \u00a0A Michele il plauso e le congratulazioni di tutta Confagricoltura Piacenza\u201d.<img loading=\"lazy\" decoding=\"async\" class=\"alignnone size-full wp-image-277 img-responsive\" src=\"http:\/\/www.confagricoltura.org\/piacenza\/wp-content\/uploads\/sites\/3\/2016\/04\/Lodigiani-Georgofili-.jpg\" alt=\"Lodigiani Georgofili\" width=\"1929\" height=\"1644\" \/><\/p>\n","protected":false},"excerpt":{"rendered":"<p>L\u2019importante riconoscimento a favore dell\u2019impegno per la divulgazione scientifica &nbsp; La prestigiosa accademia dei Georgofili, fondata nel 1753, ha colto l\u2019importante momento dell\u2019inaugurazione dell\u2019anno accademico per consegnare i diplomi ai nuovi membri che con professionalit\u00e0 hanno mostrato di contribuire a costruire un\u2019agricoltura per il mondo del futuro nell\u2019interesse del Paese.\u00a0 Venerd\u00ec 08 aprile la nomina<\/p>\n","protected":false},"author":6,"featured_media":0,"comment_status":"open","ping_status":"open","sticky":false,"template":"","format":"standard","meta":{"wp_mapbox_gl_js_media":[],"footnotes":""},"categories":[335],"tags":[],"class_list":["post-2388","post","type-post","status-publish","format-standard","hentry","category-archivio"],"yoast_head":"<!-- This site is optimized with the Yoast SEO plugin v26.8 - https:\/\/yoast.com\/product\/yoast-seo-wordpress\/ -->\n<title>CONFAGRICOLTURA PIACENZA: PLAUSO A LODIGIANI MEMBRO DEI GEORGOFILI - Confagricoltura Piacenza<\/title>\n<meta name=\"robots\" content=\"index, follow, max-snippet:-1, max-image-preview:large, max-video-preview:-1\" \/>\n<link rel=\"canonical\" href=\"https:\/\/www.confagricoltura.org\/piacenza\/confagricoltura-piacenza-plauso-a-lodigiani-membro-dei-georgofili\/\" \/>\n<meta property=\"og:locale\" content=\"it_IT\" \/>\n<meta property=\"og:type\" content=\"article\" \/>\n<meta property=\"og:title\" content=\"CONFAGRICOLTURA PIACENZA: PLAUSO A LODIGIANI MEMBRO DEI GEORGOFILI - Confagricoltura Piacenza\" \/>\n<meta property=\"og:description\" content=\"L\u2019importante riconoscimento a favore dell\u2019impegno per la divulgazione scientifica &nbsp; La prestigiosa accademia dei Georgofili, fondata nel 1753, ha colto l\u2019importante momento dell\u2019inaugurazione dell\u2019anno accademico per consegnare i diplomi ai nuovi membri che con professionalit\u00e0 hanno mostrato di contribuire a costruire un\u2019agricoltura per il mondo del futuro nell\u2019interesse del Paese.\u00a0 Venerd\u00ec 08 aprile la nomina\" \/>\n<meta property=\"og:url\" content=\"https:\/\/www.confagricoltura.org\/piacenza\/confagricoltura-piacenza-plauso-a-lodigiani-membro-dei-georgofili\/\" \/>\n<meta property=\"og:site_name\" content=\"Confagricoltura Piacenza\" \/>\n<meta property=\"article:published_time\" content=\"2016-04-08T11:19:48+00:00\" \/>\n<meta property=\"article:modified_time\" content=\"2021-03-11T12:15:00+00:00\" \/>\n<meta property=\"og:image\" content=\"http:\/\/www.confagricoltura.org\/piacenza\/wp-content\/uploads\/sites\/3\/2016\/04\/Lodigiani-Georgofili-.jpg\" \/>\n<meta name=\"author\" content=\"confagricolturapiacenza\" \/>\n<meta name=\"twitter:card\" content=\"summary_large_image\" \/>\n<meta name=\"twitter:label1\" content=\"Scritto da\" \/>\n\t<meta name=\"twitter:data1\" content=\"confagricolturapiacenza\" \/>\n\t<meta name=\"twitter:label2\" content=\"Tempo di lettura stimato\" \/>\n\t<meta name=\"twitter:data2\" content=\"2 minuti\" \/>\n<script type=\"application\/ld+json\" class=\"yoast-schema-graph\">{\"@context\":\"https:\/\/schema.org\",\"@graph\":[{\"@type\":\"Article\",\"@id\":\"https:\/\/www.confagricoltura.org\/piacenza\/confagricoltura-piacenza-plauso-a-lodigiani-membro-dei-georgofili\/#article\",\"isPartOf\":{\"@id\":\"https:\/\/www.confagricoltura.org\/piacenza\/confagricoltura-piacenza-plauso-a-lodigiani-membro-dei-georgofili\/\"},\"author\":{\"name\":\"confagricolturapiacenza\",\"@id\":\"https:\/\/www.confagricoltura.org\/piacenza\/#\/schema\/person\/be5da25a3117fea4b3bfec9dba09b5e8\"},\"headline\":\"CONFAGRICOLTURA PIACENZA: PLAUSO A LODIGIANI MEMBRO DEI GEORGOFILI\",\"datePublished\":\"2016-04-08T11:19:48+00:00\",\"dateModified\":\"2021-03-11T12:15:00+00:00\",\"mainEntityOfPage\":{\"@id\":\"https:\/\/www.confagricoltura.org\/piacenza\/confagricoltura-piacenza-plauso-a-lodigiani-membro-dei-georgofili\/\"},\"wordCount\":490,\"commentCount\":0,\"image\":{\"@id\":\"https:\/\/www.confagricoltura.org\/piacenza\/confagricoltura-piacenza-plauso-a-lodigiani-membro-dei-georgofili\/#primaryimage\"},\"thumbnailUrl\":\"http:\/\/www.confagricoltura.org\/piacenza\/wp-content\/uploads\/sites\/3\/2016\/04\/Lodigiani-Georgofili-.jpg\",\"articleSection\":[\"Archivio\"],\"inLanguage\":\"it-IT\"},{\"@type\":\"WebPage\",\"@id\":\"https:\/\/www.confagricoltura.org\/piacenza\/confagricoltura-piacenza-plauso-a-lodigiani-membro-dei-georgofili\/\",\"url\":\"https:\/\/www.confagricoltura.org\/piacenza\/confagricoltura-piacenza-plauso-a-lodigiani-membro-dei-georgofili\/\",\"name\":\"CONFAGRICOLTURA PIACENZA: PLAUSO A LODIGIANI MEMBRO DEI GEORGOFILI - Confagricoltura Piacenza\",\"isPartOf\":{\"@id\":\"https:\/\/www.confagricoltura.org\/piacenza\/#website\"},\"primaryImageOfPage\":{\"@id\":\"https:\/\/www.confagricoltura.org\/piacenza\/confagricoltura-piacenza-plauso-a-lodigiani-membro-dei-georgofili\/#primaryimage\"},\"image\":{\"@id\":\"https:\/\/www.confagricoltura.org\/piacenza\/confagricoltura-piacenza-plauso-a-lodigiani-membro-dei-georgofili\/#primaryimage\"},\"thumbnailUrl\":\"http:\/\/www.confagricoltura.org\/piacenza\/wp-content\/uploads\/sites\/3\/2016\/04\/Lodigiani-Georgofili-.jpg\",\"datePublished\":\"2016-04-08T11:19:48+00:00\",\"dateModified\":\"2021-03-11T12:15:00+00:00\",\"author\":{\"@id\":\"https:\/\/www.confagricoltura.org\/piacenza\/#\/schema\/person\/be5da25a3117fea4b3bfec9dba09b5e8\"},\"breadcrumb\":{\"@id\":\"https:\/\/www.confagricoltura.org\/piacenza\/confagricoltura-piacenza-plauso-a-lodigiani-membro-dei-georgofili\/#breadcrumb\"},\"inLanguage\":\"it-IT\",\"potentialAction\":[{\"@type\":\"ReadAction\",\"target\":[\"https:\/\/www.confagricoltura.org\/piacenza\/confagricoltura-piacenza-plauso-a-lodigiani-membro-dei-georgofili\/\"]}]},{\"@type\":\"ImageObject\",\"inLanguage\":\"it-IT\",\"@id\":\"https:\/\/www.confagricoltura.org\/piacenza\/confagricoltura-piacenza-plauso-a-lodigiani-membro-dei-georgofili\/#primaryimage\",\"url\":\"http:\/\/www.confagricoltura.org\/piacenza\/wp-content\/uploads\/sites\/3\/2016\/04\/Lodigiani-Georgofili-.jpg\",\"contentUrl\":\"http:\/\/www.confagricoltura.org\/piacenza\/wp-content\/uploads\/sites\/3\/2016\/04\/Lodigiani-Georgofili-.jpg\"},{\"@type\":\"BreadcrumbList\",\"@id\":\"https:\/\/www.confagricoltura.org\/piacenza\/confagricoltura-piacenza-plauso-a-lodigiani-membro-dei-georgofili\/#breadcrumb\",\"itemListElement\":[{\"@type\":\"ListItem\",\"position\":1,\"name\":\"Home\",\"item\":\"https:\/\/www.confagricoltura.org\/piacenza\/\"},{\"@type\":\"ListItem\",\"position\":2,\"name\":\"CONFAGRICOLTURA PIACENZA: PLAUSO A LODIGIANI MEMBRO DEI GEORGOFILI\"}]},{\"@type\":\"WebSite\",\"@id\":\"https:\/\/www.confagricoltura.org\/piacenza\/#website\",\"url\":\"https:\/\/www.confagricoltura.org\/piacenza\/\",\"name\":\"Confagricoltura Piacenza\",\"description\":\"Dalla parte degli Agricoltori\",\"potentialAction\":[{\"@type\":\"SearchAction\",\"target\":{\"@type\":\"EntryPoint\",\"urlTemplate\":\"https:\/\/www.confagricoltura.org\/piacenza\/?s={search_term_string}\"},\"query-input\":{\"@type\":\"PropertyValueSpecification\",\"valueRequired\":true,\"valueName\":\"search_term_string\"}}],\"inLanguage\":\"it-IT\"},{\"@type\":\"Person\",\"@id\":\"https:\/\/www.confagricoltura.org\/piacenza\/#\/schema\/person\/be5da25a3117fea4b3bfec9dba09b5e8\",\"name\":\"confagricolturapiacenza\",\"image\":{\"@type\":\"ImageObject\",\"inLanguage\":\"it-IT\",\"@id\":\"https:\/\/www.confagricoltura.org\/piacenza\/#\/schema\/person\/image\/\",\"url\":\"https:\/\/secure.gravatar.com\/avatar\/9c5f111e417171581853bd0a3ff892ca?s=96&d=mm&r=g\",\"contentUrl\":\"https:\/\/secure.gravatar.com\/avatar\/9c5f111e417171581853bd0a3ff892ca?s=96&d=mm&r=g\",\"caption\":\"confagricolturapiacenza\"},\"url\":\"https:\/\/www.confagricoltura.org\/piacenza\/author\/confagricolturapiacenza\/\"}]}<\/script>\n<!-- \/ Yoast SEO plugin. -->","yoast_head_json":{"title":"CONFAGRICOLTURA PIACENZA: PLAUSO A LODIGIANI MEMBRO DEI GEORGOFILI - Confagricoltura Piacenza","robots":{"index":"index","follow":"follow","max-snippet":"max-snippet:-1","max-image-preview":"max-image-preview:large","max-video-preview":"max-video-preview:-1"},"canonical":"https:\/\/www.confagricoltura.org\/piacenza\/confagricoltura-piacenza-plauso-a-lodigiani-membro-dei-georgofili\/","og_locale":"it_IT","og_type":"article","og_title":"CONFAGRICOLTURA PIACENZA: PLAUSO A LODIGIANI MEMBRO DEI GEORGOFILI - Confagricoltura Piacenza","og_description":"L\u2019importante riconoscimento a favore dell\u2019impegno per la divulgazione scientifica &nbsp; La prestigiosa accademia dei Georgofili, fondata nel 1753, ha colto l\u2019importante momento dell\u2019inaugurazione dell\u2019anno accademico per consegnare i diplomi ai nuovi membri che con professionalit\u00e0 hanno mostrato di contribuire a costruire un\u2019agricoltura per il mondo del futuro nell\u2019interesse del Paese.\u00a0 Venerd\u00ec 08 aprile la nomina","og_url":"https:\/\/www.confagricoltura.org\/piacenza\/confagricoltura-piacenza-plauso-a-lodigiani-membro-dei-georgofili\/","og_site_name":"Confagricoltura Piacenza","article_published_time":"2016-04-08T11:19:48+00:00","article_modified_time":"2021-03-11T12:15:00+00:00","og_image":[{"url":"http:\/\/www.confagricoltura.org\/piacenza\/wp-content\/uploads\/sites\/3\/2016\/04\/Lodigiani-Georgofili-.jpg","type":"","width":"","height":""}],"author":"confagricolturapiacenza","twitter_card":"summary_large_image","twitter_misc":{"Scritto da":"confagricolturapiacenza","Tempo di lettura stimato":"2 minuti"},"schema":{"@context":"https:\/\/schema.org","@graph":[{"@type":"Article","@id":"https:\/\/www.confagricoltura.org\/piacenza\/confagricoltura-piacenza-plauso-a-lodigiani-membro-dei-georgofili\/#article","isPartOf":{"@id":"https:\/\/www.confagricoltura.org\/piacenza\/confagricoltura-piacenza-plauso-a-lodigiani-membro-dei-georgofili\/"},"author":{"name":"confagricolturapiacenza","@id":"https:\/\/www.confagricoltura.org\/piacenza\/#\/schema\/person\/be5da25a3117fea4b3bfec9dba09b5e8"},"headline":"CONFAGRICOLTURA PIACENZA: PLAUSO A LODIGIANI MEMBRO DEI GEORGOFILI","datePublished":"2016-04-08T11:19:48+00:00","dateModified":"2021-03-11T12:15:00+00:00","mainEntityOfPage":{"@id":"https:\/\/www.confagricoltura.org\/piacenza\/confagricoltura-piacenza-plauso-a-lodigiani-membro-dei-georgofili\/"},"wordCount":490,"commentCount":0,"image":{"@id":"https:\/\/www.confagricoltura.org\/piacenza\/confagricoltura-piacenza-plauso-a-lodigiani-membro-dei-georgofili\/#primaryimage"},"thumbnailUrl":"http:\/\/www.confagricoltura.org\/piacenza\/wp-content\/uploads\/sites\/3\/2016\/04\/Lodigiani-Georgofili-.jpg","articleSection":["Archivio"],"inLanguage":"it-IT"},{"@type":"WebPage","@id":"https:\/\/www.confagricoltura.org\/piacenza\/confagricoltura-piacenza-plauso-a-lodigiani-membro-dei-georgofili\/","url":"https:\/\/www.confagricoltura.org\/piacenza\/confagricoltura-piacenza-plauso-a-lodigiani-membro-dei-georgofili\/","name":"CONFAGRICOLTURA PIACENZA: PLAUSO A LODIGIANI MEMBRO DEI GEORGOFILI - Confagricoltura Piacenza","isPartOf":{"@id":"https:\/\/www.confagricoltura.org\/piacenza\/#website"},"primaryImageOfPage":{"@id":"https:\/\/www.confagricoltura.org\/piacenza\/confagricoltura-piacenza-plauso-a-lodigiani-membro-dei-georgofili\/#primaryimage"},"image":{"@id":"https:\/\/www.confagricoltura.org\/piacenza\/confagricoltura-piacenza-plauso-a-lodigiani-membro-dei-georgofili\/#primaryimage"},"thumbnailUrl":"http:\/\/www.confagricoltura.org\/piacenza\/wp-content\/uploads\/sites\/3\/2016\/04\/Lodigiani-Georgofili-.jpg","datePublished":"2016-04-08T11:19:48+00:00","dateModified":"2021-03-11T12:15:00+00:00","author":{"@id":"https:\/\/www.confagricoltura.org\/piacenza\/#\/schema\/person\/be5da25a3117fea4b3bfec9dba09b5e8"},"breadcrumb":{"@id":"https:\/\/www.confagricoltura.org\/piacenza\/confagricoltura-piacenza-plauso-a-lodigiani-membro-dei-georgofili\/#breadcrumb"},"inLanguage":"it-IT","potentialAction":[{"@type":"ReadAction","target":["https:\/\/www.confagricoltura.org\/piacenza\/confagricoltura-piacenza-plauso-a-lodigiani-membro-dei-georgofili\/"]}]},{"@type":"ImageObject","inLanguage":"it-IT","@id":"https:\/\/www.confagricoltura.org\/piacenza\/confagricoltura-piacenza-plauso-a-lodigiani-membro-dei-georgofili\/#primaryimage","url":"http:\/\/www.confagricoltura.org\/piacenza\/wp-content\/uploads\/sites\/3\/2016\/04\/Lodigiani-Georgofili-.jpg","contentUrl":"http:\/\/www.confagricoltura.org\/piacenza\/wp-content\/uploads\/sites\/3\/2016\/04\/Lodigiani-Georgofili-.jpg"},{"@type":"BreadcrumbList","@id":"https:\/\/www.confagricoltura.org\/piacenza\/confagricoltura-piacenza-plauso-a-lodigiani-membro-dei-georgofili\/#breadcrumb","itemListElement":[{"@type":"ListItem","position":1,"name":"Home","item":"https:\/\/www.confagricoltura.org\/piacenza\/"},{"@type":"ListItem","position":2,"name":"CONFAGRICOLTURA PIACENZA: PLAUSO A LODIGIANI MEMBRO DEI GEORGOFILI"}]},{"@type":"WebSite","@id":"https:\/\/www.confagricoltura.org\/piacenza\/#website","url":"https:\/\/www.confagricoltura.org\/piacenza\/","name":"Confagricoltura Piacenza","description":"Dalla parte degli Agricoltori","potentialAction":[{"@type":"SearchAction","target":{"@type":"EntryPoint","urlTemplate":"https:\/\/www.confagricoltura.org\/piacenza\/?s={search_term_string}"},"query-input":{"@type":"PropertyValueSpecification","valueRequired":true,"valueName":"search_term_string"}}],"inLanguage":"it-IT"},{"@type":"Person","@id":"https:\/\/www.confagricoltura.org\/piacenza\/#\/schema\/person\/be5da25a3117fea4b3bfec9dba09b5e8","name":"confagricolturapiacenza","image":{"@type":"ImageObject","inLanguage":"it-IT","@id":"https:\/\/www.confagricoltura.org\/piacenza\/#\/schema\/person\/image\/","url":"https:\/\/secure.gravatar.com\/avatar\/9c5f111e417171581853bd0a3ff892ca?s=96&d=mm&r=g","contentUrl":"https:\/\/secure.gravatar.com\/avatar\/9c5f111e417171581853bd0a3ff892ca?s=96&d=mm&r=g","caption":"confagricolturapiacenza"},"url":"https:\/\/www.confagricoltura.org\/piacenza\/author\/confagricolturapiacenza\/"}]}},"_links":{"self":[{"href":"https:\/\/www.confagricoltura.org\/piacenza\/wp-json\/wp\/v2\/posts\/2388","targetHints":{"allow":["GET"]}}],"collection":[{"href":"https:\/\/www.confagricoltura.org\/piacenza\/wp-json\/wp\/v2\/posts"}],"about":[{"href":"https:\/\/www.confagricoltura.org\/piacenza\/wp-json\/wp\/v2\/types\/post"}],"author":[{"embeddable":true,"href":"https:\/\/www.confagricoltura.org\/piacenza\/wp-json\/wp\/v2\/users\/6"}],"replies":[{"embeddable":true,"href":"https:\/\/www.confagricoltura.org\/piacenza\/wp-json\/wp\/v2\/comments?post=2388"}],"version-history":[{"count":1,"href":"https:\/\/www.confagricoltura.org\/piacenza\/wp-json\/wp\/v2\/posts\/2388\/revisions"}],"predecessor-version":[{"id":3007,"href":"https:\/\/www.confagricoltura.org\/piacenza\/wp-json\/wp\/v2\/posts\/2388\/revisions\/3007"}],"wp:attachment":[{"href":"https:\/\/www.confagricoltura.org\/piacenza\/wp-json\/wp\/v2\/media?parent=2388"}],"wp:term":[{"taxonomy":"category","embeddable":true,"href":"https:\/\/www.confagricoltura.org\/piacenza\/wp-json\/wp\/v2\/categories?post=2388"},{"taxonomy":"post_tag","embeddable":true,"href":"https:\/\/www.confagricoltura.org\/piacenza\/wp-json\/wp\/v2\/tags?post=2388"}],"curies":[{"name":"wp","href":"https:\/\/api.w.org\/{rel}","templated":true}]}}