{"id":2379,"date":"2016-03-22T17:05:35","date_gmt":"2016-03-22T16:05:35","guid":{"rendered":"http:\/\/www.confagricoltura.org\/piacenza\/?p=206"},"modified":"2021-03-11T13:15:00","modified_gmt":"2021-03-11T12:15:00","slug":"206-2","status":"publish","type":"post","link":"https:\/\/www.confagricoltura.org\/piacenza\/206-2\/","title":{"rendered":"AZIENDE AGRICOLE IN RETE: IN VAL TIDONE NASCE UN GALLETTIFICIO"},"content":{"rendered":"<p><em>Colture alternative e produzioni diversificate per guadagnare nuove fette di mercato<\/em><\/p>\n<p>Un contratto di rete tra due societ\u00e0 agricole far\u00e0 nascere, in Val Tidone, un gallettificio: uno stabilimento che produrr\u00e0 gallette di mais e grano saraceno. Il progetto prende il via grazie a due giovani che hanno deciso di investire in agricoltura insediandosi nelle rispettive aziende di famiglia e che, insieme, mirano a potenziarle. Si tratta di Laura Cignatta, 28 anni, laureata in Agraria e Alberto Vignati, classe \u201992 laureando nella medesima disciplina. \u201cL\u2019anno scorso ci interrogavamo su quale piano colturale avrebbe consentito alle nostre aziende una certa remunerativit\u00e0, abbiamo cos\u00ec deciso di seminare anche grano saraceno. Le nostre aziende condividono l\u2019indirizzo cerealicolo, ma la perdita di redditivit\u00e0 di queste colture ci ha fatto orientare all\u2019individuazione di un percorso diverso. Produrremo gallette gluten free di grano saraceno e mais proveniente dai nostri campi. A seconda delle esigenze e preferenze del consumatore cercheremo in futuro di ampliare la nostra gamma di prodotti. Vogliamo vendere il prodotto con il nostro marchio come Gallettificio Valtidone. Ci stiamo facendo conoscere in tutti i settori e a breve saremo anche on line e siamo orientati anche alla Gdo\u201d. \u201cIl nostro obiettivo \u2013 spiega Vignati &#8211; \u00e8 valorizzare il prodotto dall\u2019origine per garantire il consumatore sulla tracciabilit\u00e0 in tutta la filiera agro-alimentare. Vogliamo coniugare l\u2019esperienza dei nostri padri con le nuove conoscenze agronomiche acquisite negli anni di studi universitari mirando all\u2019innovazione del prodotto e al miglioramento qualitativo dello stesso per rendere le nostre produzioni distintive, creando quindi nuovi sbocchi commerciali\u201d. \u201cE\u2019 un progetto ambizioso \u2013 spiega Cignatta \u2013 per realizzare il quale abbiamo stabilito una collaborazione strategica di ampia portata\u201d. \u201cl\u2019istituto del contratto di rete \u2013 spiega Michela Filippi, manager di rete di Confagricoltura \u2013 \u00e8 particolarmente indicato in questi casi in cui pi\u00f9 imprenditori perseguono lo scopo di accrescere, individualmente e collettivamente, la propria capacit\u00e0 innovativa e la propria competitivit\u00e0 sul mercato, obbligandosi, sulla base di un programma comune di rete, a collaborare in forme e in ambiti predeterminati attinenti all\u2019esercizio delle proprie imprese, ovvero a scambiarsi informazioni o prestazioni di natura industriale, commerciale, tecnica o tecnologica ovvero ancora ad esercitare in comune una o pi\u00f9 attivit\u00e0 rientranti nell&#8217;oggetto della propria impresa, con l\u2019obiettivo di incentivare il proprio sviluppo economico\u201d. Il Gallettificio Valtidone avr\u00e0 sede presso del San Rocco Societ\u00e0 Agricola in Borgonovo Val Tidone (PC), Loc. Corniola.<\/p>\n<p><img loading=\"lazy\" decoding=\"async\" class=\"alignnone size-full wp-image-207 img-responsive\" src=\"http:\/\/www.confagricoltura.org\/piacenza\/wp-content\/uploads\/sites\/3\/2016\/03\/CignattaVignati.jpg\" alt=\"CignattaVignati\" width=\"1620\" height=\"833\" \/><\/p>\n<p>Laura Cignatta e Alberto Vignati.<\/p>\n","protected":false},"excerpt":{"rendered":"<p>Colture alternative e produzioni diversificate per guadagnare nuove fette di mercato Un contratto di rete tra due societ\u00e0 agricole far\u00e0 nascere, in Val Tidone, un gallettificio: uno stabilimento che produrr\u00e0 gallette di mais e grano saraceno. Il progetto prende il via grazie a due giovani che hanno deciso di investire in agricoltura insediandosi nelle rispettive<\/p>\n","protected":false},"author":6,"featured_media":0,"comment_status":"open","ping_status":"open","sticky":true,"template":"","format":"standard","meta":{"wp_mapbox_gl_js_media":[],"footnotes":""},"categories":[335],"tags":[],"class_list":["post-2379","post","type-post","status-publish","format-standard","hentry","category-archivio"],"yoast_head":"<!-- This site is optimized with the Yoast SEO plugin v26.8 - https:\/\/yoast.com\/product\/yoast-seo-wordpress\/ -->\n<title>AZIENDE AGRICOLE IN RETE: IN VAL TIDONE NASCE UN GALLETTIFICIO - Confagricoltura Piacenza<\/title>\n<meta name=\"robots\" content=\"index, follow, max-snippet:-1, max-image-preview:large, max-video-preview:-1\" \/>\n<link rel=\"canonical\" href=\"https:\/\/www.confagricoltura.org\/piacenza\/206-2\/\" \/>\n<meta property=\"og:locale\" content=\"it_IT\" \/>\n<meta property=\"og:type\" content=\"article\" \/>\n<meta property=\"og:title\" content=\"AZIENDE AGRICOLE IN RETE: IN VAL TIDONE NASCE UN GALLETTIFICIO - Confagricoltura Piacenza\" \/>\n<meta property=\"og:description\" content=\"Colture alternative e produzioni diversificate per guadagnare nuove fette di mercato Un contratto di rete tra due societ\u00e0 agricole far\u00e0 nascere, in Val Tidone, un gallettificio: uno stabilimento che produrr\u00e0 gallette di mais e grano saraceno. Il progetto prende il via grazie a due giovani che hanno deciso di investire in agricoltura insediandosi nelle rispettive\" \/>\n<meta property=\"og:url\" content=\"https:\/\/www.confagricoltura.org\/piacenza\/206-2\/\" \/>\n<meta property=\"og:site_name\" content=\"Confagricoltura Piacenza\" \/>\n<meta property=\"article:published_time\" content=\"2016-03-22T16:05:35+00:00\" \/>\n<meta property=\"article:modified_time\" content=\"2021-03-11T12:15:00+00:00\" \/>\n<meta property=\"og:image\" content=\"http:\/\/www.confagricoltura.org\/piacenza\/wp-content\/uploads\/sites\/3\/2016\/03\/CignattaVignati.jpg\" \/>\n<meta name=\"author\" content=\"confagricolturapiacenza\" \/>\n<meta name=\"twitter:card\" content=\"summary_large_image\" \/>\n<meta name=\"twitter:label1\" content=\"Scritto da\" \/>\n\t<meta name=\"twitter:data1\" content=\"confagricolturapiacenza\" \/>\n\t<meta name=\"twitter:label2\" content=\"Tempo di lettura stimato\" \/>\n\t<meta name=\"twitter:data2\" content=\"2 minuti\" \/>\n<script type=\"application\/ld+json\" class=\"yoast-schema-graph\">{\"@context\":\"https:\/\/schema.org\",\"@graph\":[{\"@type\":\"Article\",\"@id\":\"https:\/\/www.confagricoltura.org\/piacenza\/206-2\/#article\",\"isPartOf\":{\"@id\":\"https:\/\/www.confagricoltura.org\/piacenza\/206-2\/\"},\"author\":{\"name\":\"confagricolturapiacenza\",\"@id\":\"https:\/\/www.confagricoltura.org\/piacenza\/#\/schema\/person\/be5da25a3117fea4b3bfec9dba09b5e8\"},\"headline\":\"AZIENDE AGRICOLE IN RETE: IN VAL TIDONE NASCE UN GALLETTIFICIO\",\"datePublished\":\"2016-03-22T16:05:35+00:00\",\"dateModified\":\"2021-03-11T12:15:00+00:00\",\"mainEntityOfPage\":{\"@id\":\"https:\/\/www.confagricoltura.org\/piacenza\/206-2\/\"},\"wordCount\":409,\"commentCount\":0,\"image\":{\"@id\":\"https:\/\/www.confagricoltura.org\/piacenza\/206-2\/#primaryimage\"},\"thumbnailUrl\":\"http:\/\/www.confagricoltura.org\/piacenza\/wp-content\/uploads\/sites\/3\/2016\/03\/CignattaVignati.jpg\",\"articleSection\":[\"Archivio\"],\"inLanguage\":\"it-IT\"},{\"@type\":\"WebPage\",\"@id\":\"https:\/\/www.confagricoltura.org\/piacenza\/206-2\/\",\"url\":\"https:\/\/www.confagricoltura.org\/piacenza\/206-2\/\",\"name\":\"AZIENDE AGRICOLE IN RETE: IN VAL TIDONE NASCE UN GALLETTIFICIO - Confagricoltura Piacenza\",\"isPartOf\":{\"@id\":\"https:\/\/www.confagricoltura.org\/piacenza\/#website\"},\"primaryImageOfPage\":{\"@id\":\"https:\/\/www.confagricoltura.org\/piacenza\/206-2\/#primaryimage\"},\"image\":{\"@id\":\"https:\/\/www.confagricoltura.org\/piacenza\/206-2\/#primaryimage\"},\"thumbnailUrl\":\"http:\/\/www.confagricoltura.org\/piacenza\/wp-content\/uploads\/sites\/3\/2016\/03\/CignattaVignati.jpg\",\"datePublished\":\"2016-03-22T16:05:35+00:00\",\"dateModified\":\"2021-03-11T12:15:00+00:00\",\"author\":{\"@id\":\"https:\/\/www.confagricoltura.org\/piacenza\/#\/schema\/person\/be5da25a3117fea4b3bfec9dba09b5e8\"},\"breadcrumb\":{\"@id\":\"https:\/\/www.confagricoltura.org\/piacenza\/206-2\/#breadcrumb\"},\"inLanguage\":\"it-IT\",\"potentialAction\":[{\"@type\":\"ReadAction\",\"target\":[\"https:\/\/www.confagricoltura.org\/piacenza\/206-2\/\"]}]},{\"@type\":\"ImageObject\",\"inLanguage\":\"it-IT\",\"@id\":\"https:\/\/www.confagricoltura.org\/piacenza\/206-2\/#primaryimage\",\"url\":\"http:\/\/www.confagricoltura.org\/piacenza\/wp-content\/uploads\/sites\/3\/2016\/03\/CignattaVignati.jpg\",\"contentUrl\":\"http:\/\/www.confagricoltura.org\/piacenza\/wp-content\/uploads\/sites\/3\/2016\/03\/CignattaVignati.jpg\"},{\"@type\":\"BreadcrumbList\",\"@id\":\"https:\/\/www.confagricoltura.org\/piacenza\/206-2\/#breadcrumb\",\"itemListElement\":[{\"@type\":\"ListItem\",\"position\":1,\"name\":\"Home\",\"item\":\"https:\/\/www.confagricoltura.org\/piacenza\/\"},{\"@type\":\"ListItem\",\"position\":2,\"name\":\"AZIENDE AGRICOLE IN RETE: IN VAL TIDONE NASCE UN GALLETTIFICIO\"}]},{\"@type\":\"WebSite\",\"@id\":\"https:\/\/www.confagricoltura.org\/piacenza\/#website\",\"url\":\"https:\/\/www.confagricoltura.org\/piacenza\/\",\"name\":\"Confagricoltura Piacenza\",\"description\":\"Dalla parte degli Agricoltori\",\"potentialAction\":[{\"@type\":\"SearchAction\",\"target\":{\"@type\":\"EntryPoint\",\"urlTemplate\":\"https:\/\/www.confagricoltura.org\/piacenza\/?s={search_term_string}\"},\"query-input\":{\"@type\":\"PropertyValueSpecification\",\"valueRequired\":true,\"valueName\":\"search_term_string\"}}],\"inLanguage\":\"it-IT\"},{\"@type\":\"Person\",\"@id\":\"https:\/\/www.confagricoltura.org\/piacenza\/#\/schema\/person\/be5da25a3117fea4b3bfec9dba09b5e8\",\"name\":\"confagricolturapiacenza\",\"image\":{\"@type\":\"ImageObject\",\"inLanguage\":\"it-IT\",\"@id\":\"https:\/\/www.confagricoltura.org\/piacenza\/#\/schema\/person\/image\/\",\"url\":\"https:\/\/secure.gravatar.com\/avatar\/9c5f111e417171581853bd0a3ff892ca?s=96&d=mm&r=g\",\"contentUrl\":\"https:\/\/secure.gravatar.com\/avatar\/9c5f111e417171581853bd0a3ff892ca?s=96&d=mm&r=g\",\"caption\":\"confagricolturapiacenza\"},\"url\":\"https:\/\/www.confagricoltura.org\/piacenza\/author\/confagricolturapiacenza\/\"}]}<\/script>\n<!-- \/ Yoast SEO plugin. -->","yoast_head_json":{"title":"AZIENDE AGRICOLE IN RETE: IN VAL TIDONE NASCE UN GALLETTIFICIO - Confagricoltura Piacenza","robots":{"index":"index","follow":"follow","max-snippet":"max-snippet:-1","max-image-preview":"max-image-preview:large","max-video-preview":"max-video-preview:-1"},"canonical":"https:\/\/www.confagricoltura.org\/piacenza\/206-2\/","og_locale":"it_IT","og_type":"article","og_title":"AZIENDE AGRICOLE IN RETE: IN VAL TIDONE NASCE UN GALLETTIFICIO - Confagricoltura Piacenza","og_description":"Colture alternative e produzioni diversificate per guadagnare nuove fette di mercato Un contratto di rete tra due societ\u00e0 agricole far\u00e0 nascere, in Val Tidone, un gallettificio: uno stabilimento che produrr\u00e0 gallette di mais e grano saraceno. Il progetto prende il via grazie a due giovani che hanno deciso di investire in agricoltura insediandosi nelle rispettive","og_url":"https:\/\/www.confagricoltura.org\/piacenza\/206-2\/","og_site_name":"Confagricoltura Piacenza","article_published_time":"2016-03-22T16:05:35+00:00","article_modified_time":"2021-03-11T12:15:00+00:00","og_image":[{"url":"http:\/\/www.confagricoltura.org\/piacenza\/wp-content\/uploads\/sites\/3\/2016\/03\/CignattaVignati.jpg","type":"","width":"","height":""}],"author":"confagricolturapiacenza","twitter_card":"summary_large_image","twitter_misc":{"Scritto da":"confagricolturapiacenza","Tempo di lettura stimato":"2 minuti"},"schema":{"@context":"https:\/\/schema.org","@graph":[{"@type":"Article","@id":"https:\/\/www.confagricoltura.org\/piacenza\/206-2\/#article","isPartOf":{"@id":"https:\/\/www.confagricoltura.org\/piacenza\/206-2\/"},"author":{"name":"confagricolturapiacenza","@id":"https:\/\/www.confagricoltura.org\/piacenza\/#\/schema\/person\/be5da25a3117fea4b3bfec9dba09b5e8"},"headline":"AZIENDE AGRICOLE IN RETE: IN VAL TIDONE NASCE UN GALLETTIFICIO","datePublished":"2016-03-22T16:05:35+00:00","dateModified":"2021-03-11T12:15:00+00:00","mainEntityOfPage":{"@id":"https:\/\/www.confagricoltura.org\/piacenza\/206-2\/"},"wordCount":409,"commentCount":0,"image":{"@id":"https:\/\/www.confagricoltura.org\/piacenza\/206-2\/#primaryimage"},"thumbnailUrl":"http:\/\/www.confagricoltura.org\/piacenza\/wp-content\/uploads\/sites\/3\/2016\/03\/CignattaVignati.jpg","articleSection":["Archivio"],"inLanguage":"it-IT"},{"@type":"WebPage","@id":"https:\/\/www.confagricoltura.org\/piacenza\/206-2\/","url":"https:\/\/www.confagricoltura.org\/piacenza\/206-2\/","name":"AZIENDE AGRICOLE IN RETE: IN VAL TIDONE NASCE UN GALLETTIFICIO - Confagricoltura Piacenza","isPartOf":{"@id":"https:\/\/www.confagricoltura.org\/piacenza\/#website"},"primaryImageOfPage":{"@id":"https:\/\/www.confagricoltura.org\/piacenza\/206-2\/#primaryimage"},"image":{"@id":"https:\/\/www.confagricoltura.org\/piacenza\/206-2\/#primaryimage"},"thumbnailUrl":"http:\/\/www.confagricoltura.org\/piacenza\/wp-content\/uploads\/sites\/3\/2016\/03\/CignattaVignati.jpg","datePublished":"2016-03-22T16:05:35+00:00","dateModified":"2021-03-11T12:15:00+00:00","author":{"@id":"https:\/\/www.confagricoltura.org\/piacenza\/#\/schema\/person\/be5da25a3117fea4b3bfec9dba09b5e8"},"breadcrumb":{"@id":"https:\/\/www.confagricoltura.org\/piacenza\/206-2\/#breadcrumb"},"inLanguage":"it-IT","potentialAction":[{"@type":"ReadAction","target":["https:\/\/www.confagricoltura.org\/piacenza\/206-2\/"]}]},{"@type":"ImageObject","inLanguage":"it-IT","@id":"https:\/\/www.confagricoltura.org\/piacenza\/206-2\/#primaryimage","url":"http:\/\/www.confagricoltura.org\/piacenza\/wp-content\/uploads\/sites\/3\/2016\/03\/CignattaVignati.jpg","contentUrl":"http:\/\/www.confagricoltura.org\/piacenza\/wp-content\/uploads\/sites\/3\/2016\/03\/CignattaVignati.jpg"},{"@type":"BreadcrumbList","@id":"https:\/\/www.confagricoltura.org\/piacenza\/206-2\/#breadcrumb","itemListElement":[{"@type":"ListItem","position":1,"name":"Home","item":"https:\/\/www.confagricoltura.org\/piacenza\/"},{"@type":"ListItem","position":2,"name":"AZIENDE AGRICOLE IN RETE: IN VAL TIDONE NASCE UN GALLETTIFICIO"}]},{"@type":"WebSite","@id":"https:\/\/www.confagricoltura.org\/piacenza\/#website","url":"https:\/\/www.confagricoltura.org\/piacenza\/","name":"Confagricoltura Piacenza","description":"Dalla parte degli Agricoltori","potentialAction":[{"@type":"SearchAction","target":{"@type":"EntryPoint","urlTemplate":"https:\/\/www.confagricoltura.org\/piacenza\/?s={search_term_string}"},"query-input":{"@type":"PropertyValueSpecification","valueRequired":true,"valueName":"search_term_string"}}],"inLanguage":"it-IT"},{"@type":"Person","@id":"https:\/\/www.confagricoltura.org\/piacenza\/#\/schema\/person\/be5da25a3117fea4b3bfec9dba09b5e8","name":"confagricolturapiacenza","image":{"@type":"ImageObject","inLanguage":"it-IT","@id":"https:\/\/www.confagricoltura.org\/piacenza\/#\/schema\/person\/image\/","url":"https:\/\/secure.gravatar.com\/avatar\/9c5f111e417171581853bd0a3ff892ca?s=96&d=mm&r=g","contentUrl":"https:\/\/secure.gravatar.com\/avatar\/9c5f111e417171581853bd0a3ff892ca?s=96&d=mm&r=g","caption":"confagricolturapiacenza"},"url":"https:\/\/www.confagricoltura.org\/piacenza\/author\/confagricolturapiacenza\/"}]}},"_links":{"self":[{"href":"https:\/\/www.confagricoltura.org\/piacenza\/wp-json\/wp\/v2\/posts\/2379","targetHints":{"allow":["GET"]}}],"collection":[{"href":"https:\/\/www.confagricoltura.org\/piacenza\/wp-json\/wp\/v2\/posts"}],"about":[{"href":"https:\/\/www.confagricoltura.org\/piacenza\/wp-json\/wp\/v2\/types\/post"}],"author":[{"embeddable":true,"href":"https:\/\/www.confagricoltura.org\/piacenza\/wp-json\/wp\/v2\/users\/6"}],"replies":[{"embeddable":true,"href":"https:\/\/www.confagricoltura.org\/piacenza\/wp-json\/wp\/v2\/comments?post=2379"}],"version-history":[{"count":1,"href":"https:\/\/www.confagricoltura.org\/piacenza\/wp-json\/wp\/v2\/posts\/2379\/revisions"}],"predecessor-version":[{"id":3011,"href":"https:\/\/www.confagricoltura.org\/piacenza\/wp-json\/wp\/v2\/posts\/2379\/revisions\/3011"}],"wp:attachment":[{"href":"https:\/\/www.confagricoltura.org\/piacenza\/wp-json\/wp\/v2\/media?parent=2379"}],"wp:term":[{"taxonomy":"category","embeddable":true,"href":"https:\/\/www.confagricoltura.org\/piacenza\/wp-json\/wp\/v2\/categories?post=2379"},{"taxonomy":"post_tag","embeddable":true,"href":"https:\/\/www.confagricoltura.org\/piacenza\/wp-json\/wp\/v2\/tags?post=2379"}],"curies":[{"name":"wp","href":"https:\/\/api.w.org\/{rel}","templated":true}]}}