{"id":2360,"date":"2020-12-04T16:29:23","date_gmt":"2020-12-04T15:29:23","guid":{"rendered":"http:\/\/www.confagricoltura.org\/piacenza\/?p=2360"},"modified":"2021-03-11T13:13:53","modified_gmt":"2021-03-11T12:13:53","slug":"confagricoltura-piacenza-rinnova-i-vertici-ed-e-gasparini-bis-per-acclamazione","status":"publish","type":"post","link":"https:\/\/www.confagricoltura.org\/piacenza\/confagricoltura-piacenza-rinnova-i-vertici-ed-e-gasparini-bis-per-acclamazione\/","title":{"rendered":"CONFAGRICOLTURA PIACENZA RINNOVA I VERTICI ED \u00c8 \u201cGASPARINI BIS\u201d PER ACCLAMAZIONE"},"content":{"rendered":"<h4><em>Il primo Consiglio direttivo del 3 dicembre ha nominato anche la Giunta:\u00a0 <\/em><\/h4>\n<p><strong><em>entrano Chiara Azzali e Alfredo Lucchini<\/em><\/strong><\/p>\n<p>&nbsp;<\/p>\n<p>Sar\u00e0 ancora Filippo Gasparini a guidare Confagricoltura Piacenza. La nomina \u00e8 avvenuta la mattina del 3 dicembre per acclamazione in occasione della prima convocazione del Consiglio Direttivo dell\u2019Associazione. Si chiude dunque, confermando le attese, il percorso di rinnovo cariche che aveva preso il via con l\u2019assemblea generale del 7 ottobre. I nuovi vertici rimarranno in carica per il quadriennio 2020-2024: una recente modifica statutaria ha infatti portato da tre a quattro gli anni del mandato uniformandolo cos\u00ec al periodo di durata delle cariche di Confagricoltura nazionale. Confermati i due vicepresidenti: Giovanni Lambertini e Michele Rossi e il Tesoriere Stefano Repetti.<\/p>\n<p>Nel segno della continuit\u00e0 anche la Giunta Esecutiva, le cui nomine sono state acclamate nel corso dello stesso Consiglio. Permangono in Giunta: Matteo Cattivelli, Umberto Gorra, Luca Segalini e Corrado Peratici che parteciper\u00e0 come presidente dei Giovani di Confagricoltura-Anga Piacenza. Due i nuovi ingressi: Chiara Azzali, gi\u00e0 confermata presidente della sezione vitivinicola, che subentra ad Eugenio Gandolfi ed Alfredo Lucchini, neo-eletto presidente della sezione lattiero-casearia, che subentra ad Elena Ferrari.<\/p>\n<p>&nbsp;<\/p>\n<p>\u201cUn primo ringraziamento \u2013 ha dichiarato Gasparini \u2013 va a chi mi ha eletto oggi, a tutti coloro che mi hanno incoraggiato chiedendomi la disponibilit\u00e0 a proseguire nel cammino intrapreso. Grazie per la fiducia riposta e per l\u2019attestazione di stima. Ringrazio la Giunta Esecutiva e il Consiglio uscenti per contributo di valore portato nel mandato appena concluso. Nel ringraziare tutti, mia sia consentito di rivolgere un ringraziamento al direttore Marco Casagrande e a tutti i collaboratori.\u00a0 Sappiamo bene che questo \u00e8 un periodo particolare, pur tra tante difficolt\u00e0, proseguiremo insieme nel comune e incessante impegno che \u00e8 la cifra della nostra associazione: lavorare al servizio e in difesa delle imprese agricole, affermare la centralit\u00e0 del nostro lavoro, la dignit\u00e0 e la libert\u00e0 dell\u2019impresa, ottenere il doveroso riconoscimento dalla politica, a tutti i livelli, dell\u2019importanza prioritaria di un\u2019agricoltura produttiva e moderna, capace di assicurare cibo sano in buona quantit\u00e0 e quindi accessibile. Per ciascuno di questi concetti abbiamo alle spalle e difronte battaglie sindacali. L\u2019obiettivo \u00e8 quello di lavorare pi\u00f9 intensamente e ancor pi\u00f9 in stretto raccordo con le sezioni di prodotto e i sindacati di categoria, che vivono le specificit\u00e0 di ogni singolo comparto, per essere sempre pi\u00f9 vicini alle imprese e fornire loro risposte adeguate. Gi\u00e0 dai prossimi giorni inizieremo a pianificare l\u2019agenda lavori: dobbiamo essere concreti, veloci, puntuali e incisivi. Obiettivi ambiziosi, ne sono consapevole, ma dobbiamo necessariamente guardare al post-pandemia come a un\u2019occasione di ricostruzione, risanamento, rilancio. I nostri temi sono, per certi aspetti, gli stessi di sempre e insieme di grande attualit\u00e0 e di prospettiva. I tempi di un mandato non sono compatibili con la necessit\u00e0 di intervenire su criticit\u00e0 e fragilit\u00e0 del comparto che sono strutturali. Ci\u00f2 che ha contraddistinto e che contraddistingue l\u2019attivit\u00e0 sindacale di Confagricoltura \u00e8 la richiesta di una diversa politica dei costi e dei prezzi, la nostra posizione \u00e8 quella di intervenire a 360\u00b0 in difesa dei produttori, anche mettendo in discussione gli attuali sistemi, quando non hanno senso. Ad esempio, non ci stanchiamo di ribadire che le normative incidono troppo sui costi.<\/p>\n<p>Non demorderemo dall\u2019obiettivo prioritario, che \u00e8 quello di garantire le condizioni perch\u00e9 le aziende possano creare profitto. Un obiettivo, purtroppo, oggi non solo lontano, ma talvolta biasimato dal pensiero comune.\u00a0 Il vero New Deal dovrebbe essere questo: riuscire ad accompagnare gli imprenditori agricoli nel far crescere l\u2019agricoltura e l\u2019agroalimentare come sistema. Il nostro sogno \u00e8 che per i prossimi vent\u2019anni ci sia prosperit\u00e0 per i nostri figli. Questo \u00e8 il mio concetto di New Deal: progresso e creazione della ricchezza, di pi\u00f9 e per tutti. E nel progresso voglio includere anche l\u2019acquisizione delle conoscenze e degli strumenti scientifici e tecnologici per vincere le malattie, come il Coronavirus, che oggi limitano cos\u00ec pesantemente la nostra esistenza.<\/p>\n<p>Confagricoltura Piacenza da cent\u2019anni rappresenta una forza sindacale fatta di imprese vere che credono e si sentono rappresentate dall\u2019associazione, in questo c\u2019\u00e8 tutto il mio orgoglio appartenenza e la determinazione a restarne ancora al servizio. Ancora un grazie ed ora tutti di nuovo al lavoro!\u201d<\/p>\n<p>&nbsp;<\/p>\n<p>&nbsp;<\/p>\n<p>Presidente:<\/p>\n<p>&nbsp;<\/p>\n<p>Filippo Gasparini: conduce la storica azienda di famiglia a indirizzo zootecnico a Gossolengo, con un\u2019estensione di circa 100 ettari a corpo unico. Le produzioni aziendali sono impiegate per l\u2019alimentazione del bestiame: un allevamento di 600 capi di razza frisona. L\u2019azienda produce mediamente 80 quintali di latte al giorno che viene conferito al Consorzio Agri Piacenza Latte ed \u00e8 destinato per la quasi totalit\u00e0 alla produzione di Grana Padano.<\/p>\n<p>Gi\u00e0 Presidente di Confagricoltura Piacenza, \u00e8 stato confermato al secondo mandato. In passato \u00e8 stato vicepresidente di Confagricoltura Piacenza, presidente della Sezione di Prodotto Lattiero-Casearia provinciale e vicepresidente di quella regionale. \u00c8 stato membro esperto della Federazione Nazionale di Prodotto Lattiero-Casearia di Confagricoltura, \u00e8 membro dei Consiglio Direttivo del Consorzio Agri Piacenza Latte, \u00e8 stato membro del Cda di Apa e del Consorzio di Bonifica. \u00c8 socialmente impegnato in qualit\u00e0 di presidente della Casa di Riposo Gasparini.<\/p>\n<p>&nbsp;<\/p>\n<p>Vicepresidenti:<\/p>\n<p>&nbsp;<\/p>\n<p>Giovanni Lambertini: conduce con il fratello l\u2019Azienda Agricola I. Lambertini a Cadeo, di circa 125 ettari, a indirizzo cerealicolo e pomodoro da industria con coltivazioni anche di soia e frumento da seme. \u00c8 componente del Consiglio Direttivo di Ainpo di cui \u00e8 stato anche presidente. Confermato vicepresidente di Confagricoltura Piacenza per il secondo mandato, \u00e8 stato lungamente componente di Giunta Esecutiva e da diversi mandati \u00e8 presidente della Sezione di Prodotto Pomodoro da Industria sia a livello provinciale che regionale. \u00c8 vicepresidente della Federazione Nazionale di Prodotto Pomodoro da Industria di Confagricoltura.<\/p>\n<p>&nbsp;<\/p>\n<p>Michele Rossi: agronomo e imprenditore agricolo, gestisce dall\u201989 la Societ\u00e0 Agricola Agrifoglio che ha due sedi operative: una nel veronese, dedita soprattutto alla produzione risicola, l\u2019altra a Castelvetro Piacentino, nella localit\u00e0 Isolone, da cui deriva il nome dell\u2019azienda \u201cAzienda Agricola Isolone\u201d. L\u2019azienda piacentina consta di 250 ettari di terreni in propriet\u00e0, altri 150 in affitto tra Piacenza e Cremona e due allevamenti: un allevamento di suini da ingrasso (circa 1800 per ciclo produttivo) e uno di bovini da carne (femmine da ingrasso di razza Charolaise, Limousine e incroci francesi, circa 500 per ciclo) con annesso impianto di biogas. \u00c8 socio e presidente della riseria La Pila Societ\u00e0 Agricola a.r.l. che si occupa della produzione, trasformazione e distribuzione di riso di alta gamma. Confermato vicepresidente di Confagricoltura Piacenza per il secondo mandato, in precedenza \u00e8 stato lungamente componente di Giunta Esecutiva. \u00c8 stato anche componente del Consiglio Generale della Camera di Commercio di Piacenza.<\/p>\n<p>&nbsp;<\/p>\n<p>Tesoriere:<\/p>\n<p>&nbsp;<\/p>\n<p>Stefano Repetti: tesoriere da diversi mandati e membro di Giunta di Confagricoltura Piacenza, conduce con i fratelli e il padre la Societ\u00e0 Agricola Terre della Valtrebbia e l\u2019azienda agricola Podere Mangialupo, complessivamente circa 250 ettari nella zona di Settima e Quarto di Gossolengo a indirizzo cerealicolo, pomodoro da industria e orticole. L\u2019attivit\u00e0 aziendale ricomprende anche la coltivazione in serra delle piantine di pomodoro da industria. Affiancano le attivit\u00e0 produttive, progetti sperimentali che posizionano l\u2019azienda all\u2019avanguardia per coltivazioni emergenti, come la quinoa, pratiche agronomiche innovative in collaborazione con l\u2019Universit\u00e0 Cattolica di Piacenza, come l\u2019uso di biostimolanti e test per la lotta biologica ai fitofagi. Gi\u00e0 presidente del Consorzio Fitosanitario e dei Giovani di Confagricoltura-Anga Piacenza, Stefano Repetti, \u00e8 socio azionista fondatore e amministratore di Solana S.p.a ed \u00e8 componente di Consiglio di Asipo.<\/p>\n<p>&nbsp;<\/p>\n<p>&nbsp;<\/p>\n<p>I nuovi ingressi in Giunta Esecutiva:<\/p>\n<p>&nbsp;<\/p>\n<p>Chiara Azzali: conduce dal 2006 l\u2019Azienda Vitivinicola Tenuta Pernice in Localit\u00e0 Pernice di Borgonovo Val Tidone. Una realt\u00e0 avviata nel 1980 dalla mamma, Maria Poggi Azzali, a cui Chiara Azzali si \u00e8 affiancata contribuendo a farla crescere. L\u2019azienda, che vanta una clientela sia nazionale che estera, ha una propria cantina sin dal 1990 e oggi si sviluppa su 50 ettari di cui 40 vitati in conversione a biologico. Numerosi sono i prestigiosi premi ottenuti dalle bottiglie a marchio aziendale, tra i quali ricordiamo l\u2019Oscar Douja d\u2019Or per il suo Colli Piacentini Malvasia Passito Doc 2017. Dopo la Maturit\u00e0 Classica e la Laurea in Lettere, Chiara Azzali ha conseguito anche il Diploma di Perito Agrario presso l\u2019Istituto Tecnico Agrario \u201cRaineri\u201d. Lungamente componente di Consiglio del Consorzio Vini Doc Colli Piacentini, \u00e8 presidente al secondo mandato della Sezione di Prodotto Vitivinicola di Confagricoltura Piacenza ed \u00e8 stata componente di Consiglio dell\u2019Enoteca Regionale dell\u2019Emilia Romagna.<\/p>\n<p>&nbsp;<\/p>\n<p>Alfredo Lucchini: conduce l\u2019azienda agricola Pila a Calendasco, un\u2019impresa ad indirizzo zootecnico con 300 capi di razza frisona e circa 80 ettari di colture in buona parte destinate alla produzione di foraggi e cereali per l\u2019alimentazione del bestiame. Alfredo, dopo un percorso nel settore ingegneristico e industriale, \u00e8 subentrato in azienda e rappresenta la quinta generazione che conduce il podere di famiglia. Il latte prodotto viene conferito al Consorzio Agri Piacenza Latte: l\u2019importante realt\u00e0 economico produttiva fondata e presieduta dal padre Marco.<\/p>\n<p>&nbsp;<\/p>\n<p>I componenti di Giunta Esecutiva confermati:<\/p>\n<p>&nbsp;<\/p>\n<p>Matteo Cattivelli: conduce con il padre e lo zio l\u2019impresa di famiglia Agricola Cattivelli: un\u2019azienda di 100 ettari a Vallera (Pc), vocata alle colture industriali. Un\u2019impresa attenta agli aspetti innovativi che attua prove in campo per le diverse modalit\u00e0 d\u2019irrigazione, l\u2019uso di rilevazioni satellitari e moderne tecnologie. Matteo Cattivelli \u00e8 stato presidente dei Giovani di Confagricoltura-Anga Piacenza, attualmente \u00e8 presidente del Consorzio Fitosanitario e componente di Consiglio di Condifesa Piacenza.<\/p>\n<p>&nbsp;<\/p>\n<p>Umberto Gorra: conduce con il fratello Massimo la Societ\u00e0 Agricola La Salamandria ad Alseno, una storica e dimensionata impresa che in piena stagione arriva ad annoverare una trentina di collaboratori. L\u2019azienda \u00e8 dedita alla coltivazione di cereali e colture industriali tra cui mais, girasole, colza e vocata alla produzione del pomodoro da industria. Gorra \u00e8 stato pi\u00f9 volte componente di Giunta Esecutiva nei precedenti mandati.<\/p>\n<p>&nbsp;<\/p>\n<p>Luca Segalini: conduce con la famiglia l\u2019azienda agricola Casa di Ferro a Rottofreno, 170 ettari, a indirizzo zootecnico con un allevamento di vacche da carne di oltre 200 capi. \u00c8 stato per due mandati presidente dei Giovani di Confagricoltura-Anga Piacenza; gi\u00e0 Presidente dei Giovani di Confagricoltura-Anga Emilia-Romagna, \u00e8 laureato in Scienze e Tecnologie Agrarie.<\/p>\n<p>&nbsp;<\/p>\n<p>Corrado Peratici: \u00e8 componente di diritto della Giunta Esecutiva in quanto presidente dei Giovani di Confagricoltura-Anga Piacenza. Dal conseguimento del Diploma di Perito Agrario, conduce con il fratello Paolo l\u2019impresa di famiglia: l\u2019Azienda Agricola Casa Bassa a Calendasco, circa 130 ettari vocati alla produzione di pomodoro da industria, cereali, altri seminativi e orticole.<\/p>\n<p><img loading=\"lazy\" decoding=\"async\" class=\"alignnone  wp-image-2361 img-responsive\" src=\"http:\/\/www.confagricoltura.org\/piacenza\/wp-content\/uploads\/sites\/3\/2020\/12\/Lambertini-Gasparini-Rossi.jpg\" alt=\"\" width=\"660\" height=\"495\" \/><\/p>\n<ul>\n<li>Presidente e vicepresidenti (da sinistra): Giovanni Lambertini \u2013 vicepresidente , Filippo Gasparini \u2013 presidente , Michele Rossi \u2013 vicepresidente<\/li>\n<\/ul>\n<p><img loading=\"lazy\" decoding=\"async\" class=\"alignnone  wp-image-2363 img-responsive\" src=\"http:\/\/www.confagricoltura.org\/piacenza\/wp-content\/uploads\/sites\/3\/2020\/12\/Giunta-Esecutiva-2020-2024-2.jpg\" alt=\"\" width=\"633\" height=\"386\" \/><\/p>\n<ul>\n<li>Giunta Esecutiva di cui la prima a sinistra Chiara Azzali (neoeletta) e il primo a destra Alfredo Lucchini (neoeletto)<\/li>\n<\/ul>\n<p><img loading=\"lazy\" decoding=\"async\" class=\"alignnone  wp-image-2364 img-responsive\" src=\"http:\/\/www.confagricoltura.org\/piacenza\/wp-content\/uploads\/sites\/3\/2020\/12\/Consiglio-direttivo-03-12-20.jpg\" alt=\"\" width=\"676\" height=\"507\" \/><\/p>\n<ul>\n<li>Foto della sala con Consiglio Direttivo riunito<\/li>\n<\/ul>\n<p><img loading=\"lazy\" decoding=\"async\" class=\"alignnone  wp-image-2365 img-responsive\" src=\"http:\/\/www.confagricoltura.org\/piacenza\/wp-content\/uploads\/sites\/3\/2020\/12\/Merli-Gasparini-Casagrande.jpg\" alt=\"\" width=\"735\" height=\"551\" \/><\/p>\n<ul>\n<li>Tavolo dei relatori: (da sinistra) Giovanni Merli \u2013 che ha presieduto il Consiglio in qualit\u00e0 di Consigliere anziano;<\/li>\n<li>Filippo Gasparini appena riconfermato Presidente per acclamazione;<\/li>\n<li>Marco Casagrande \u2013 direttore<\/li>\n<\/ul>\n<p>&nbsp;<\/p>\n<p>&nbsp;<\/p>\n","protected":false},"excerpt":{"rendered":"<p>Il primo Consiglio direttivo del 3 dicembre ha nominato anche la Giunta:\u00a0 entrano Chiara Azzali e Alfredo Lucchini &nbsp; Sar\u00e0 ancora Filippo Gasparini a guidare Confagricoltura Piacenza. La nomina \u00e8 avvenuta la mattina del 3 dicembre per acclamazione in occasione della prima convocazione del Consiglio Direttivo dell\u2019Associazione. Si chiude dunque, confermando le attese, il percorso<\/p>\n","protected":false},"author":6,"featured_media":0,"comment_status":"open","ping_status":"open","sticky":false,"template":"","format":"standard","meta":{"wp_mapbox_gl_js_media":[],"footnotes":""},"categories":[335],"tags":[],"class_list":["post-2360","post","type-post","status-publish","format-standard","hentry","category-archivio"],"yoast_head":"<!-- This site is optimized with the Yoast SEO plugin v26.8 - https:\/\/yoast.com\/product\/yoast-seo-wordpress\/ -->\n<title>CONFAGRICOLTURA PIACENZA RINNOVA I VERTICI ED \u00c8 \u201cGASPARINI BIS\u201d PER ACCLAMAZIONE - Confagricoltura Piacenza<\/title>\n<meta name=\"robots\" content=\"index, follow, max-snippet:-1, max-image-preview:large, max-video-preview:-1\" \/>\n<link rel=\"canonical\" href=\"https:\/\/www.confagricoltura.org\/piacenza\/confagricoltura-piacenza-rinnova-i-vertici-ed-e-gasparini-bis-per-acclamazione\/\" \/>\n<meta property=\"og:locale\" content=\"it_IT\" \/>\n<meta property=\"og:type\" content=\"article\" \/>\n<meta property=\"og:title\" content=\"CONFAGRICOLTURA PIACENZA RINNOVA I VERTICI ED \u00c8 \u201cGASPARINI BIS\u201d PER ACCLAMAZIONE - Confagricoltura Piacenza\" \/>\n<meta property=\"og:description\" content=\"Il primo Consiglio direttivo del 3 dicembre ha nominato anche la Giunta:\u00a0 entrano Chiara Azzali e Alfredo Lucchini &nbsp; Sar\u00e0 ancora Filippo Gasparini a guidare Confagricoltura Piacenza. La nomina \u00e8 avvenuta la mattina del 3 dicembre per acclamazione in occasione della prima convocazione del Consiglio Direttivo dell\u2019Associazione. Si chiude dunque, confermando le attese, il percorso\" \/>\n<meta property=\"og:url\" content=\"https:\/\/www.confagricoltura.org\/piacenza\/confagricoltura-piacenza-rinnova-i-vertici-ed-e-gasparini-bis-per-acclamazione\/\" \/>\n<meta property=\"og:site_name\" content=\"Confagricoltura Piacenza\" \/>\n<meta property=\"article:published_time\" content=\"2020-12-04T15:29:23+00:00\" \/>\n<meta property=\"article:modified_time\" content=\"2021-03-11T12:13:53+00:00\" \/>\n<meta property=\"og:image\" content=\"http:\/\/www.confagricoltura.org\/piacenza\/wp-content\/uploads\/sites\/3\/2020\/12\/Lambertini-Gasparini-Rossi.jpg\" \/>\n<meta name=\"author\" content=\"confagricolturapiacenza\" \/>\n<meta name=\"twitter:card\" content=\"summary_large_image\" \/>\n<meta name=\"twitter:label1\" content=\"Scritto da\" \/>\n\t<meta name=\"twitter:data1\" content=\"confagricolturapiacenza\" \/>\n\t<meta name=\"twitter:label2\" content=\"Tempo di lettura stimato\" \/>\n\t<meta name=\"twitter:data2\" content=\"9 minuti\" \/>\n<script type=\"application\/ld+json\" class=\"yoast-schema-graph\">{\"@context\":\"https:\/\/schema.org\",\"@graph\":[{\"@type\":\"Article\",\"@id\":\"https:\/\/www.confagricoltura.org\/piacenza\/confagricoltura-piacenza-rinnova-i-vertici-ed-e-gasparini-bis-per-acclamazione\/#article\",\"isPartOf\":{\"@id\":\"https:\/\/www.confagricoltura.org\/piacenza\/confagricoltura-piacenza-rinnova-i-vertici-ed-e-gasparini-bis-per-acclamazione\/\"},\"author\":{\"name\":\"confagricolturapiacenza\",\"@id\":\"https:\/\/www.confagricoltura.org\/piacenza\/#\/schema\/person\/be5da25a3117fea4b3bfec9dba09b5e8\"},\"headline\":\"CONFAGRICOLTURA PIACENZA RINNOVA I VERTICI ED \u00c8 \u201cGASPARINI BIS\u201d PER ACCLAMAZIONE\",\"datePublished\":\"2020-12-04T15:29:23+00:00\",\"dateModified\":\"2021-03-11T12:13:53+00:00\",\"mainEntityOfPage\":{\"@id\":\"https:\/\/www.confagricoltura.org\/piacenza\/confagricoltura-piacenza-rinnova-i-vertici-ed-e-gasparini-bis-per-acclamazione\/\"},\"wordCount\":1791,\"commentCount\":0,\"image\":{\"@id\":\"https:\/\/www.confagricoltura.org\/piacenza\/confagricoltura-piacenza-rinnova-i-vertici-ed-e-gasparini-bis-per-acclamazione\/#primaryimage\"},\"thumbnailUrl\":\"http:\/\/www.confagricoltura.org\/piacenza\/wp-content\/uploads\/sites\/3\/2020\/12\/Lambertini-Gasparini-Rossi.jpg\",\"articleSection\":[\"Archivio\"],\"inLanguage\":\"it-IT\"},{\"@type\":\"WebPage\",\"@id\":\"https:\/\/www.confagricoltura.org\/piacenza\/confagricoltura-piacenza-rinnova-i-vertici-ed-e-gasparini-bis-per-acclamazione\/\",\"url\":\"https:\/\/www.confagricoltura.org\/piacenza\/confagricoltura-piacenza-rinnova-i-vertici-ed-e-gasparini-bis-per-acclamazione\/\",\"name\":\"CONFAGRICOLTURA PIACENZA RINNOVA I VERTICI ED \u00c8 \u201cGASPARINI BIS\u201d PER ACCLAMAZIONE - Confagricoltura Piacenza\",\"isPartOf\":{\"@id\":\"https:\/\/www.confagricoltura.org\/piacenza\/#website\"},\"primaryImageOfPage\":{\"@id\":\"https:\/\/www.confagricoltura.org\/piacenza\/confagricoltura-piacenza-rinnova-i-vertici-ed-e-gasparini-bis-per-acclamazione\/#primaryimage\"},\"image\":{\"@id\":\"https:\/\/www.confagricoltura.org\/piacenza\/confagricoltura-piacenza-rinnova-i-vertici-ed-e-gasparini-bis-per-acclamazione\/#primaryimage\"},\"thumbnailUrl\":\"http:\/\/www.confagricoltura.org\/piacenza\/wp-content\/uploads\/sites\/3\/2020\/12\/Lambertini-Gasparini-Rossi.jpg\",\"datePublished\":\"2020-12-04T15:29:23+00:00\",\"dateModified\":\"2021-03-11T12:13:53+00:00\",\"author\":{\"@id\":\"https:\/\/www.confagricoltura.org\/piacenza\/#\/schema\/person\/be5da25a3117fea4b3bfec9dba09b5e8\"},\"breadcrumb\":{\"@id\":\"https:\/\/www.confagricoltura.org\/piacenza\/confagricoltura-piacenza-rinnova-i-vertici-ed-e-gasparini-bis-per-acclamazione\/#breadcrumb\"},\"inLanguage\":\"it-IT\",\"potentialAction\":[{\"@type\":\"ReadAction\",\"target\":[\"https:\/\/www.confagricoltura.org\/piacenza\/confagricoltura-piacenza-rinnova-i-vertici-ed-e-gasparini-bis-per-acclamazione\/\"]}]},{\"@type\":\"ImageObject\",\"inLanguage\":\"it-IT\",\"@id\":\"https:\/\/www.confagricoltura.org\/piacenza\/confagricoltura-piacenza-rinnova-i-vertici-ed-e-gasparini-bis-per-acclamazione\/#primaryimage\",\"url\":\"http:\/\/www.confagricoltura.org\/piacenza\/wp-content\/uploads\/sites\/3\/2020\/12\/Lambertini-Gasparini-Rossi.jpg\",\"contentUrl\":\"http:\/\/www.confagricoltura.org\/piacenza\/wp-content\/uploads\/sites\/3\/2020\/12\/Lambertini-Gasparini-Rossi.jpg\"},{\"@type\":\"BreadcrumbList\",\"@id\":\"https:\/\/www.confagricoltura.org\/piacenza\/confagricoltura-piacenza-rinnova-i-vertici-ed-e-gasparini-bis-per-acclamazione\/#breadcrumb\",\"itemListElement\":[{\"@type\":\"ListItem\",\"position\":1,\"name\":\"Home\",\"item\":\"https:\/\/www.confagricoltura.org\/piacenza\/\"},{\"@type\":\"ListItem\",\"position\":2,\"name\":\"CONFAGRICOLTURA PIACENZA RINNOVA I VERTICI ED \u00c8 \u201cGASPARINI BIS\u201d PER ACCLAMAZIONE\"}]},{\"@type\":\"WebSite\",\"@id\":\"https:\/\/www.confagricoltura.org\/piacenza\/#website\",\"url\":\"https:\/\/www.confagricoltura.org\/piacenza\/\",\"name\":\"Confagricoltura Piacenza\",\"description\":\"Dalla parte degli Agricoltori\",\"potentialAction\":[{\"@type\":\"SearchAction\",\"target\":{\"@type\":\"EntryPoint\",\"urlTemplate\":\"https:\/\/www.confagricoltura.org\/piacenza\/?s={search_term_string}\"},\"query-input\":{\"@type\":\"PropertyValueSpecification\",\"valueRequired\":true,\"valueName\":\"search_term_string\"}}],\"inLanguage\":\"it-IT\"},{\"@type\":\"Person\",\"@id\":\"https:\/\/www.confagricoltura.org\/piacenza\/#\/schema\/person\/be5da25a3117fea4b3bfec9dba09b5e8\",\"name\":\"confagricolturapiacenza\",\"image\":{\"@type\":\"ImageObject\",\"inLanguage\":\"it-IT\",\"@id\":\"https:\/\/www.confagricoltura.org\/piacenza\/#\/schema\/person\/image\/\",\"url\":\"https:\/\/secure.gravatar.com\/avatar\/9c5f111e417171581853bd0a3ff892ca?s=96&d=mm&r=g\",\"contentUrl\":\"https:\/\/secure.gravatar.com\/avatar\/9c5f111e417171581853bd0a3ff892ca?s=96&d=mm&r=g\",\"caption\":\"confagricolturapiacenza\"},\"url\":\"https:\/\/www.confagricoltura.org\/piacenza\/author\/confagricolturapiacenza\/\"}]}<\/script>\n<!-- \/ Yoast SEO plugin. -->","yoast_head_json":{"title":"CONFAGRICOLTURA PIACENZA RINNOVA I VERTICI ED \u00c8 \u201cGASPARINI BIS\u201d PER ACCLAMAZIONE - Confagricoltura Piacenza","robots":{"index":"index","follow":"follow","max-snippet":"max-snippet:-1","max-image-preview":"max-image-preview:large","max-video-preview":"max-video-preview:-1"},"canonical":"https:\/\/www.confagricoltura.org\/piacenza\/confagricoltura-piacenza-rinnova-i-vertici-ed-e-gasparini-bis-per-acclamazione\/","og_locale":"it_IT","og_type":"article","og_title":"CONFAGRICOLTURA PIACENZA RINNOVA I VERTICI ED \u00c8 \u201cGASPARINI BIS\u201d PER ACCLAMAZIONE - Confagricoltura Piacenza","og_description":"Il primo Consiglio direttivo del 3 dicembre ha nominato anche la Giunta:\u00a0 entrano Chiara Azzali e Alfredo Lucchini &nbsp; Sar\u00e0 ancora Filippo Gasparini a guidare Confagricoltura Piacenza. La nomina \u00e8 avvenuta la mattina del 3 dicembre per acclamazione in occasione della prima convocazione del Consiglio Direttivo dell\u2019Associazione. Si chiude dunque, confermando le attese, il percorso","og_url":"https:\/\/www.confagricoltura.org\/piacenza\/confagricoltura-piacenza-rinnova-i-vertici-ed-e-gasparini-bis-per-acclamazione\/","og_site_name":"Confagricoltura Piacenza","article_published_time":"2020-12-04T15:29:23+00:00","article_modified_time":"2021-03-11T12:13:53+00:00","og_image":[{"url":"http:\/\/www.confagricoltura.org\/piacenza\/wp-content\/uploads\/sites\/3\/2020\/12\/Lambertini-Gasparini-Rossi.jpg","type":"","width":"","height":""}],"author":"confagricolturapiacenza","twitter_card":"summary_large_image","twitter_misc":{"Scritto da":"confagricolturapiacenza","Tempo di lettura stimato":"9 minuti"},"schema":{"@context":"https:\/\/schema.org","@graph":[{"@type":"Article","@id":"https:\/\/www.confagricoltura.org\/piacenza\/confagricoltura-piacenza-rinnova-i-vertici-ed-e-gasparini-bis-per-acclamazione\/#article","isPartOf":{"@id":"https:\/\/www.confagricoltura.org\/piacenza\/confagricoltura-piacenza-rinnova-i-vertici-ed-e-gasparini-bis-per-acclamazione\/"},"author":{"name":"confagricolturapiacenza","@id":"https:\/\/www.confagricoltura.org\/piacenza\/#\/schema\/person\/be5da25a3117fea4b3bfec9dba09b5e8"},"headline":"CONFAGRICOLTURA PIACENZA RINNOVA I VERTICI ED \u00c8 \u201cGASPARINI BIS\u201d PER ACCLAMAZIONE","datePublished":"2020-12-04T15:29:23+00:00","dateModified":"2021-03-11T12:13:53+00:00","mainEntityOfPage":{"@id":"https:\/\/www.confagricoltura.org\/piacenza\/confagricoltura-piacenza-rinnova-i-vertici-ed-e-gasparini-bis-per-acclamazione\/"},"wordCount":1791,"commentCount":0,"image":{"@id":"https:\/\/www.confagricoltura.org\/piacenza\/confagricoltura-piacenza-rinnova-i-vertici-ed-e-gasparini-bis-per-acclamazione\/#primaryimage"},"thumbnailUrl":"http:\/\/www.confagricoltura.org\/piacenza\/wp-content\/uploads\/sites\/3\/2020\/12\/Lambertini-Gasparini-Rossi.jpg","articleSection":["Archivio"],"inLanguage":"it-IT"},{"@type":"WebPage","@id":"https:\/\/www.confagricoltura.org\/piacenza\/confagricoltura-piacenza-rinnova-i-vertici-ed-e-gasparini-bis-per-acclamazione\/","url":"https:\/\/www.confagricoltura.org\/piacenza\/confagricoltura-piacenza-rinnova-i-vertici-ed-e-gasparini-bis-per-acclamazione\/","name":"CONFAGRICOLTURA PIACENZA RINNOVA I VERTICI ED \u00c8 \u201cGASPARINI BIS\u201d PER ACCLAMAZIONE - Confagricoltura Piacenza","isPartOf":{"@id":"https:\/\/www.confagricoltura.org\/piacenza\/#website"},"primaryImageOfPage":{"@id":"https:\/\/www.confagricoltura.org\/piacenza\/confagricoltura-piacenza-rinnova-i-vertici-ed-e-gasparini-bis-per-acclamazione\/#primaryimage"},"image":{"@id":"https:\/\/www.confagricoltura.org\/piacenza\/confagricoltura-piacenza-rinnova-i-vertici-ed-e-gasparini-bis-per-acclamazione\/#primaryimage"},"thumbnailUrl":"http:\/\/www.confagricoltura.org\/piacenza\/wp-content\/uploads\/sites\/3\/2020\/12\/Lambertini-Gasparini-Rossi.jpg","datePublished":"2020-12-04T15:29:23+00:00","dateModified":"2021-03-11T12:13:53+00:00","author":{"@id":"https:\/\/www.confagricoltura.org\/piacenza\/#\/schema\/person\/be5da25a3117fea4b3bfec9dba09b5e8"},"breadcrumb":{"@id":"https:\/\/www.confagricoltura.org\/piacenza\/confagricoltura-piacenza-rinnova-i-vertici-ed-e-gasparini-bis-per-acclamazione\/#breadcrumb"},"inLanguage":"it-IT","potentialAction":[{"@type":"ReadAction","target":["https:\/\/www.confagricoltura.org\/piacenza\/confagricoltura-piacenza-rinnova-i-vertici-ed-e-gasparini-bis-per-acclamazione\/"]}]},{"@type":"ImageObject","inLanguage":"it-IT","@id":"https:\/\/www.confagricoltura.org\/piacenza\/confagricoltura-piacenza-rinnova-i-vertici-ed-e-gasparini-bis-per-acclamazione\/#primaryimage","url":"http:\/\/www.confagricoltura.org\/piacenza\/wp-content\/uploads\/sites\/3\/2020\/12\/Lambertini-Gasparini-Rossi.jpg","contentUrl":"http:\/\/www.confagricoltura.org\/piacenza\/wp-content\/uploads\/sites\/3\/2020\/12\/Lambertini-Gasparini-Rossi.jpg"},{"@type":"BreadcrumbList","@id":"https:\/\/www.confagricoltura.org\/piacenza\/confagricoltura-piacenza-rinnova-i-vertici-ed-e-gasparini-bis-per-acclamazione\/#breadcrumb","itemListElement":[{"@type":"ListItem","position":1,"name":"Home","item":"https:\/\/www.confagricoltura.org\/piacenza\/"},{"@type":"ListItem","position":2,"name":"CONFAGRICOLTURA PIACENZA RINNOVA I VERTICI ED \u00c8 \u201cGASPARINI BIS\u201d PER ACCLAMAZIONE"}]},{"@type":"WebSite","@id":"https:\/\/www.confagricoltura.org\/piacenza\/#website","url":"https:\/\/www.confagricoltura.org\/piacenza\/","name":"Confagricoltura Piacenza","description":"Dalla parte degli Agricoltori","potentialAction":[{"@type":"SearchAction","target":{"@type":"EntryPoint","urlTemplate":"https:\/\/www.confagricoltura.org\/piacenza\/?s={search_term_string}"},"query-input":{"@type":"PropertyValueSpecification","valueRequired":true,"valueName":"search_term_string"}}],"inLanguage":"it-IT"},{"@type":"Person","@id":"https:\/\/www.confagricoltura.org\/piacenza\/#\/schema\/person\/be5da25a3117fea4b3bfec9dba09b5e8","name":"confagricolturapiacenza","image":{"@type":"ImageObject","inLanguage":"it-IT","@id":"https:\/\/www.confagricoltura.org\/piacenza\/#\/schema\/person\/image\/","url":"https:\/\/secure.gravatar.com\/avatar\/9c5f111e417171581853bd0a3ff892ca?s=96&d=mm&r=g","contentUrl":"https:\/\/secure.gravatar.com\/avatar\/9c5f111e417171581853bd0a3ff892ca?s=96&d=mm&r=g","caption":"confagricolturapiacenza"},"url":"https:\/\/www.confagricoltura.org\/piacenza\/author\/confagricolturapiacenza\/"}]}},"_links":{"self":[{"href":"https:\/\/www.confagricoltura.org\/piacenza\/wp-json\/wp\/v2\/posts\/2360","targetHints":{"allow":["GET"]}}],"collection":[{"href":"https:\/\/www.confagricoltura.org\/piacenza\/wp-json\/wp\/v2\/posts"}],"about":[{"href":"https:\/\/www.confagricoltura.org\/piacenza\/wp-json\/wp\/v2\/types\/post"}],"author":[{"embeddable":true,"href":"https:\/\/www.confagricoltura.org\/piacenza\/wp-json\/wp\/v2\/users\/6"}],"replies":[{"embeddable":true,"href":"https:\/\/www.confagricoltura.org\/piacenza\/wp-json\/wp\/v2\/comments?post=2360"}],"version-history":[{"count":2,"href":"https:\/\/www.confagricoltura.org\/piacenza\/wp-json\/wp\/v2\/posts\/2360\/revisions"}],"predecessor-version":[{"id":3335,"href":"https:\/\/www.confagricoltura.org\/piacenza\/wp-json\/wp\/v2\/posts\/2360\/revisions\/3335"}],"wp:attachment":[{"href":"https:\/\/www.confagricoltura.org\/piacenza\/wp-json\/wp\/v2\/media?parent=2360"}],"wp:term":[{"taxonomy":"category","embeddable":true,"href":"https:\/\/www.confagricoltura.org\/piacenza\/wp-json\/wp\/v2\/categories?post=2360"},{"taxonomy":"post_tag","embeddable":true,"href":"https:\/\/www.confagricoltura.org\/piacenza\/wp-json\/wp\/v2\/tags?post=2360"}],"curies":[{"name":"wp","href":"https:\/\/api.w.org\/{rel}","templated":true}]}}