{"id":2280,"date":"2020-09-22T16:09:00","date_gmt":"2020-09-22T14:09:00","guid":{"rendered":"http:\/\/www.confagricoltura.org\/piacenza\/?p=2280"},"modified":"2021-03-11T13:13:53","modified_gmt":"2021-03-11T12:13:53","slug":"e-tempo-di-fertilizzare-i-campi","status":"publish","type":"post","link":"https:\/\/www.confagricoltura.org\/piacenza\/e-tempo-di-fertilizzare-i-campi\/","title":{"rendered":"\u00c8 TEMPO DI FERTILIZZARE I CAMPI"},"content":{"rendered":"<h3><em>Dal primo novembre, come di consueto, scatta una serie di divieti <\/em><\/h3>\n<p>&nbsp;<\/p>\n<p>Il Regolamento Regionale n. 3 del 15 dicembre 2017 declina in una serie di disposizioni la direttiva nitrati prevedendo specifici vincoli per lo spandimento del letame, del liquame, del digestato solido e liquido, della pollina e del concime chimico. In particolare, la norma discrimina tra Zone Vulnerabili ai nitrati e Zone Non Vulnerabili ai nitrati, tipologia di effluente e coltura con relativi periodi di divieto (si riporta sotto lo schema).<\/p>\n<p>\u201cFino al prossimo 31 ottobre gli spandimenti dei reflui sono ammessi, tranne che in caso di pioggia e su terreno saturo d\u2019acqua \u2013 commenta Enrica Campisi responsabile dell\u2019ufficio Ambiente di Confagricoltura Piacenza &#8211; consigliamo di approfittare di questo ultimo mese per le preziose operazioni di fertilizzazione con sostanza organica su terreni prossimi all\u2019aratura, in preparazione della semina delle colture cerealicolo-vernine o con residui colturali con semina primaverile. In una logica di programmazione, dette operazioni risultano funzionali anche a una razionale gestione dei bacini di contenimento che dovranno poter stoccare il materiale anche per periodi di tempo considerevoli\u201d.<\/p>\n<p>Si ricorda, ad ogni modo, l\u2019obbligo di interramento entro le 24 ore dalla data di distribuzione, salvo vincoli pi\u00f9 restrittivi per le imprese in AIA (Autorizzazione Integrata Ambientale).<\/p>\n<p>\u201cL\u2019interramento non va applicato in caso di spandimento su terreni coltivati con copertura vegetale in atto, come prati ed erba medica \u2013 precisa Campisi &#8211; per i quali il vincolo \u00e8 quello di apportare reflui alla preparazione del terreno per la semina o a partire del terzo anno di impianto. Dal 1\u00b0 novembre occorrer\u00e0 prestare molta attenzione ai divieti assoluti e ai Bollettini Nitrati che la Regione Emilia Romagna pubblicher\u00e0 a cedenza settimanale. Il nostro ufficio si premurer\u00e0 di veicolare la comunicazione e di fornire supporto\u201d.<\/p>\n<p><img loading=\"lazy\" decoding=\"async\" class=\"alignnone wp-image-2282 img-responsive\" src=\"http:\/\/www.confagricoltura.org\/piacenza\/wp-content\/uploads\/sites\/3\/2020\/09\/tabella-reflui.jpg\" alt=\"\" width=\"1075\" height=\"685\" \/><\/p>\n","protected":false},"excerpt":{"rendered":"<p>Dal primo novembre, come di consueto, scatta una serie di divieti &nbsp; Il Regolamento Regionale n. 3 del 15 dicembre 2017 declina in una serie di disposizioni la direttiva nitrati prevedendo specifici vincoli per lo spandimento del letame, del liquame, del digestato solido e liquido, della pollina e del concime chimico. In particolare, la norma<\/p>\n","protected":false},"author":6,"featured_media":0,"comment_status":"open","ping_status":"open","sticky":false,"template":"","format":"standard","meta":{"wp_mapbox_gl_js_media":[],"footnotes":""},"categories":[335],"tags":[320],"class_list":["post-2280","post","type-post","status-publish","format-standard","hentry","category-archivio","tag-effluenti"],"yoast_head":"<!-- This site is optimized with the Yoast SEO plugin v26.8 - https:\/\/yoast.com\/product\/yoast-seo-wordpress\/ -->\n<title>\u00c8 TEMPO DI FERTILIZZARE I CAMPI - Confagricoltura Piacenza<\/title>\n<meta name=\"robots\" content=\"index, follow, max-snippet:-1, max-image-preview:large, max-video-preview:-1\" \/>\n<link rel=\"canonical\" href=\"https:\/\/www.confagricoltura.org\/piacenza\/e-tempo-di-fertilizzare-i-campi\/\" \/>\n<meta property=\"og:locale\" content=\"it_IT\" \/>\n<meta property=\"og:type\" content=\"article\" \/>\n<meta property=\"og:title\" content=\"\u00c8 TEMPO DI FERTILIZZARE I CAMPI - Confagricoltura Piacenza\" \/>\n<meta property=\"og:description\" content=\"Dal primo novembre, come di consueto, scatta una serie di divieti &nbsp; Il Regolamento Regionale n. 3 del 15 dicembre 2017 declina in una serie di disposizioni la direttiva nitrati prevedendo specifici vincoli per lo spandimento del letame, del liquame, del digestato solido e liquido, della pollina e del concime chimico. In particolare, la norma\" \/>\n<meta property=\"og:url\" content=\"https:\/\/www.confagricoltura.org\/piacenza\/e-tempo-di-fertilizzare-i-campi\/\" \/>\n<meta property=\"og:site_name\" content=\"Confagricoltura Piacenza\" \/>\n<meta property=\"article:published_time\" content=\"2020-09-22T14:09:00+00:00\" \/>\n<meta property=\"article:modified_time\" content=\"2021-03-11T12:13:53+00:00\" \/>\n<meta property=\"og:image\" content=\"http:\/\/www.confagricoltura.org\/piacenza\/wp-content\/uploads\/sites\/3\/2020\/09\/tabella-reflui.jpg\" \/>\n<meta name=\"author\" content=\"confagricolturapiacenza\" \/>\n<meta name=\"twitter:card\" content=\"summary_large_image\" \/>\n<meta name=\"twitter:label1\" content=\"Scritto da\" \/>\n\t<meta name=\"twitter:data1\" content=\"confagricolturapiacenza\" \/>\n\t<meta name=\"twitter:label2\" content=\"Tempo di lettura stimato\" \/>\n\t<meta name=\"twitter:data2\" content=\"1 minuto\" \/>\n<script type=\"application\/ld+json\" class=\"yoast-schema-graph\">{\"@context\":\"https:\/\/schema.org\",\"@graph\":[{\"@type\":\"Article\",\"@id\":\"https:\/\/www.confagricoltura.org\/piacenza\/e-tempo-di-fertilizzare-i-campi\/#article\",\"isPartOf\":{\"@id\":\"https:\/\/www.confagricoltura.org\/piacenza\/e-tempo-di-fertilizzare-i-campi\/\"},\"author\":{\"name\":\"confagricolturapiacenza\",\"@id\":\"https:\/\/www.confagricoltura.org\/piacenza\/#\/schema\/person\/be5da25a3117fea4b3bfec9dba09b5e8\"},\"headline\":\"\u00c8 TEMPO DI FERTILIZZARE I CAMPI\",\"datePublished\":\"2020-09-22T14:09:00+00:00\",\"dateModified\":\"2021-03-11T12:13:53+00:00\",\"mainEntityOfPage\":{\"@id\":\"https:\/\/www.confagricoltura.org\/piacenza\/e-tempo-di-fertilizzare-i-campi\/\"},\"wordCount\":294,\"commentCount\":0,\"image\":{\"@id\":\"https:\/\/www.confagricoltura.org\/piacenza\/e-tempo-di-fertilizzare-i-campi\/#primaryimage\"},\"thumbnailUrl\":\"http:\/\/www.confagricoltura.org\/piacenza\/wp-content\/uploads\/sites\/3\/2020\/09\/tabella-reflui.jpg\",\"keywords\":[\"EFFLUENTI\"],\"articleSection\":[\"Archivio\"],\"inLanguage\":\"it-IT\"},{\"@type\":\"WebPage\",\"@id\":\"https:\/\/www.confagricoltura.org\/piacenza\/e-tempo-di-fertilizzare-i-campi\/\",\"url\":\"https:\/\/www.confagricoltura.org\/piacenza\/e-tempo-di-fertilizzare-i-campi\/\",\"name\":\"\u00c8 TEMPO DI FERTILIZZARE I CAMPI - Confagricoltura Piacenza\",\"isPartOf\":{\"@id\":\"https:\/\/www.confagricoltura.org\/piacenza\/#website\"},\"primaryImageOfPage\":{\"@id\":\"https:\/\/www.confagricoltura.org\/piacenza\/e-tempo-di-fertilizzare-i-campi\/#primaryimage\"},\"image\":{\"@id\":\"https:\/\/www.confagricoltura.org\/piacenza\/e-tempo-di-fertilizzare-i-campi\/#primaryimage\"},\"thumbnailUrl\":\"http:\/\/www.confagricoltura.org\/piacenza\/wp-content\/uploads\/sites\/3\/2020\/09\/tabella-reflui.jpg\",\"datePublished\":\"2020-09-22T14:09:00+00:00\",\"dateModified\":\"2021-03-11T12:13:53+00:00\",\"author\":{\"@id\":\"https:\/\/www.confagricoltura.org\/piacenza\/#\/schema\/person\/be5da25a3117fea4b3bfec9dba09b5e8\"},\"breadcrumb\":{\"@id\":\"https:\/\/www.confagricoltura.org\/piacenza\/e-tempo-di-fertilizzare-i-campi\/#breadcrumb\"},\"inLanguage\":\"it-IT\",\"potentialAction\":[{\"@type\":\"ReadAction\",\"target\":[\"https:\/\/www.confagricoltura.org\/piacenza\/e-tempo-di-fertilizzare-i-campi\/\"]}]},{\"@type\":\"ImageObject\",\"inLanguage\":\"it-IT\",\"@id\":\"https:\/\/www.confagricoltura.org\/piacenza\/e-tempo-di-fertilizzare-i-campi\/#primaryimage\",\"url\":\"http:\/\/www.confagricoltura.org\/piacenza\/wp-content\/uploads\/sites\/3\/2020\/09\/tabella-reflui.jpg\",\"contentUrl\":\"http:\/\/www.confagricoltura.org\/piacenza\/wp-content\/uploads\/sites\/3\/2020\/09\/tabella-reflui.jpg\"},{\"@type\":\"BreadcrumbList\",\"@id\":\"https:\/\/www.confagricoltura.org\/piacenza\/e-tempo-di-fertilizzare-i-campi\/#breadcrumb\",\"itemListElement\":[{\"@type\":\"ListItem\",\"position\":1,\"name\":\"Home\",\"item\":\"https:\/\/www.confagricoltura.org\/piacenza\/\"},{\"@type\":\"ListItem\",\"position\":2,\"name\":\"\u00c8 TEMPO DI FERTILIZZARE I CAMPI\"}]},{\"@type\":\"WebSite\",\"@id\":\"https:\/\/www.confagricoltura.org\/piacenza\/#website\",\"url\":\"https:\/\/www.confagricoltura.org\/piacenza\/\",\"name\":\"Confagricoltura Piacenza\",\"description\":\"Dalla parte degli Agricoltori\",\"potentialAction\":[{\"@type\":\"SearchAction\",\"target\":{\"@type\":\"EntryPoint\",\"urlTemplate\":\"https:\/\/www.confagricoltura.org\/piacenza\/?s={search_term_string}\"},\"query-input\":{\"@type\":\"PropertyValueSpecification\",\"valueRequired\":true,\"valueName\":\"search_term_string\"}}],\"inLanguage\":\"it-IT\"},{\"@type\":\"Person\",\"@id\":\"https:\/\/www.confagricoltura.org\/piacenza\/#\/schema\/person\/be5da25a3117fea4b3bfec9dba09b5e8\",\"name\":\"confagricolturapiacenza\",\"image\":{\"@type\":\"ImageObject\",\"inLanguage\":\"it-IT\",\"@id\":\"https:\/\/www.confagricoltura.org\/piacenza\/#\/schema\/person\/image\/\",\"url\":\"https:\/\/secure.gravatar.com\/avatar\/9c5f111e417171581853bd0a3ff892ca?s=96&d=mm&r=g\",\"contentUrl\":\"https:\/\/secure.gravatar.com\/avatar\/9c5f111e417171581853bd0a3ff892ca?s=96&d=mm&r=g\",\"caption\":\"confagricolturapiacenza\"},\"url\":\"https:\/\/www.confagricoltura.org\/piacenza\/author\/confagricolturapiacenza\/\"}]}<\/script>\n<!-- \/ Yoast SEO plugin. -->","yoast_head_json":{"title":"\u00c8 TEMPO DI FERTILIZZARE I CAMPI - Confagricoltura Piacenza","robots":{"index":"index","follow":"follow","max-snippet":"max-snippet:-1","max-image-preview":"max-image-preview:large","max-video-preview":"max-video-preview:-1"},"canonical":"https:\/\/www.confagricoltura.org\/piacenza\/e-tempo-di-fertilizzare-i-campi\/","og_locale":"it_IT","og_type":"article","og_title":"\u00c8 TEMPO DI FERTILIZZARE I CAMPI - Confagricoltura Piacenza","og_description":"Dal primo novembre, come di consueto, scatta una serie di divieti &nbsp; Il Regolamento Regionale n. 3 del 15 dicembre 2017 declina in una serie di disposizioni la direttiva nitrati prevedendo specifici vincoli per lo spandimento del letame, del liquame, del digestato solido e liquido, della pollina e del concime chimico. In particolare, la norma","og_url":"https:\/\/www.confagricoltura.org\/piacenza\/e-tempo-di-fertilizzare-i-campi\/","og_site_name":"Confagricoltura Piacenza","article_published_time":"2020-09-22T14:09:00+00:00","article_modified_time":"2021-03-11T12:13:53+00:00","og_image":[{"url":"http:\/\/www.confagricoltura.org\/piacenza\/wp-content\/uploads\/sites\/3\/2020\/09\/tabella-reflui.jpg","type":"","width":"","height":""}],"author":"confagricolturapiacenza","twitter_card":"summary_large_image","twitter_misc":{"Scritto da":"confagricolturapiacenza","Tempo di lettura stimato":"1 minuto"},"schema":{"@context":"https:\/\/schema.org","@graph":[{"@type":"Article","@id":"https:\/\/www.confagricoltura.org\/piacenza\/e-tempo-di-fertilizzare-i-campi\/#article","isPartOf":{"@id":"https:\/\/www.confagricoltura.org\/piacenza\/e-tempo-di-fertilizzare-i-campi\/"},"author":{"name":"confagricolturapiacenza","@id":"https:\/\/www.confagricoltura.org\/piacenza\/#\/schema\/person\/be5da25a3117fea4b3bfec9dba09b5e8"},"headline":"\u00c8 TEMPO DI FERTILIZZARE I CAMPI","datePublished":"2020-09-22T14:09:00+00:00","dateModified":"2021-03-11T12:13:53+00:00","mainEntityOfPage":{"@id":"https:\/\/www.confagricoltura.org\/piacenza\/e-tempo-di-fertilizzare-i-campi\/"},"wordCount":294,"commentCount":0,"image":{"@id":"https:\/\/www.confagricoltura.org\/piacenza\/e-tempo-di-fertilizzare-i-campi\/#primaryimage"},"thumbnailUrl":"http:\/\/www.confagricoltura.org\/piacenza\/wp-content\/uploads\/sites\/3\/2020\/09\/tabella-reflui.jpg","keywords":["EFFLUENTI"],"articleSection":["Archivio"],"inLanguage":"it-IT"},{"@type":"WebPage","@id":"https:\/\/www.confagricoltura.org\/piacenza\/e-tempo-di-fertilizzare-i-campi\/","url":"https:\/\/www.confagricoltura.org\/piacenza\/e-tempo-di-fertilizzare-i-campi\/","name":"\u00c8 TEMPO DI FERTILIZZARE I CAMPI - Confagricoltura Piacenza","isPartOf":{"@id":"https:\/\/www.confagricoltura.org\/piacenza\/#website"},"primaryImageOfPage":{"@id":"https:\/\/www.confagricoltura.org\/piacenza\/e-tempo-di-fertilizzare-i-campi\/#primaryimage"},"image":{"@id":"https:\/\/www.confagricoltura.org\/piacenza\/e-tempo-di-fertilizzare-i-campi\/#primaryimage"},"thumbnailUrl":"http:\/\/www.confagricoltura.org\/piacenza\/wp-content\/uploads\/sites\/3\/2020\/09\/tabella-reflui.jpg","datePublished":"2020-09-22T14:09:00+00:00","dateModified":"2021-03-11T12:13:53+00:00","author":{"@id":"https:\/\/www.confagricoltura.org\/piacenza\/#\/schema\/person\/be5da25a3117fea4b3bfec9dba09b5e8"},"breadcrumb":{"@id":"https:\/\/www.confagricoltura.org\/piacenza\/e-tempo-di-fertilizzare-i-campi\/#breadcrumb"},"inLanguage":"it-IT","potentialAction":[{"@type":"ReadAction","target":["https:\/\/www.confagricoltura.org\/piacenza\/e-tempo-di-fertilizzare-i-campi\/"]}]},{"@type":"ImageObject","inLanguage":"it-IT","@id":"https:\/\/www.confagricoltura.org\/piacenza\/e-tempo-di-fertilizzare-i-campi\/#primaryimage","url":"http:\/\/www.confagricoltura.org\/piacenza\/wp-content\/uploads\/sites\/3\/2020\/09\/tabella-reflui.jpg","contentUrl":"http:\/\/www.confagricoltura.org\/piacenza\/wp-content\/uploads\/sites\/3\/2020\/09\/tabella-reflui.jpg"},{"@type":"BreadcrumbList","@id":"https:\/\/www.confagricoltura.org\/piacenza\/e-tempo-di-fertilizzare-i-campi\/#breadcrumb","itemListElement":[{"@type":"ListItem","position":1,"name":"Home","item":"https:\/\/www.confagricoltura.org\/piacenza\/"},{"@type":"ListItem","position":2,"name":"\u00c8 TEMPO DI FERTILIZZARE I CAMPI"}]},{"@type":"WebSite","@id":"https:\/\/www.confagricoltura.org\/piacenza\/#website","url":"https:\/\/www.confagricoltura.org\/piacenza\/","name":"Confagricoltura Piacenza","description":"Dalla parte degli Agricoltori","potentialAction":[{"@type":"SearchAction","target":{"@type":"EntryPoint","urlTemplate":"https:\/\/www.confagricoltura.org\/piacenza\/?s={search_term_string}"},"query-input":{"@type":"PropertyValueSpecification","valueRequired":true,"valueName":"search_term_string"}}],"inLanguage":"it-IT"},{"@type":"Person","@id":"https:\/\/www.confagricoltura.org\/piacenza\/#\/schema\/person\/be5da25a3117fea4b3bfec9dba09b5e8","name":"confagricolturapiacenza","image":{"@type":"ImageObject","inLanguage":"it-IT","@id":"https:\/\/www.confagricoltura.org\/piacenza\/#\/schema\/person\/image\/","url":"https:\/\/secure.gravatar.com\/avatar\/9c5f111e417171581853bd0a3ff892ca?s=96&d=mm&r=g","contentUrl":"https:\/\/secure.gravatar.com\/avatar\/9c5f111e417171581853bd0a3ff892ca?s=96&d=mm&r=g","caption":"confagricolturapiacenza"},"url":"https:\/\/www.confagricoltura.org\/piacenza\/author\/confagricolturapiacenza\/"}]}},"_links":{"self":[{"href":"https:\/\/www.confagricoltura.org\/piacenza\/wp-json\/wp\/v2\/posts\/2280","targetHints":{"allow":["GET"]}}],"collection":[{"href":"https:\/\/www.confagricoltura.org\/piacenza\/wp-json\/wp\/v2\/posts"}],"about":[{"href":"https:\/\/www.confagricoltura.org\/piacenza\/wp-json\/wp\/v2\/types\/post"}],"author":[{"embeddable":true,"href":"https:\/\/www.confagricoltura.org\/piacenza\/wp-json\/wp\/v2\/users\/6"}],"replies":[{"embeddable":true,"href":"https:\/\/www.confagricoltura.org\/piacenza\/wp-json\/wp\/v2\/comments?post=2280"}],"version-history":[{"count":1,"href":"https:\/\/www.confagricoltura.org\/piacenza\/wp-json\/wp\/v2\/posts\/2280\/revisions"}],"predecessor-version":[{"id":2563,"href":"https:\/\/www.confagricoltura.org\/piacenza\/wp-json\/wp\/v2\/posts\/2280\/revisions\/2563"}],"wp:attachment":[{"href":"https:\/\/www.confagricoltura.org\/piacenza\/wp-json\/wp\/v2\/media?parent=2280"}],"wp:term":[{"taxonomy":"category","embeddable":true,"href":"https:\/\/www.confagricoltura.org\/piacenza\/wp-json\/wp\/v2\/categories?post=2280"},{"taxonomy":"post_tag","embeddable":true,"href":"https:\/\/www.confagricoltura.org\/piacenza\/wp-json\/wp\/v2\/tags?post=2280"}],"curies":[{"name":"wp","href":"https:\/\/api.w.org\/{rel}","templated":true}]}}