{"id":2277,"date":"2020-09-19T15:48:55","date_gmt":"2020-09-19T13:48:55","guid":{"rendered":"http:\/\/www.confagricoltura.org\/piacenza\/?p=2277"},"modified":"2021-03-11T13:13:53","modified_gmt":"2021-03-11T12:13:53","slug":"fauna-selvatica-ormai-un-problmea-anche-di-incolumita","status":"publish","type":"post","link":"https:\/\/www.confagricoltura.org\/piacenza\/fauna-selvatica-ormai-un-problmea-anche-di-incolumita\/","title":{"rendered":"FAUNA SELVATICA: ORMAI UN PROBLMEA ANCHE DI INCOLUMITA\u2019"},"content":{"rendered":"<h3><em>Gasparini: a meno di ventiquattr\u2019ore dal nostro appello un altro attacco nei campi<\/em><\/h3>\n<p>&nbsp;<\/p>\n<p>Non \u00e8 passata un\u2019intera giornata, da quando Confagricoltura Piacenza \u00e8 tornata sul tema della fauna selvatica plaudendo alla richiesta dell\u2019assessore Mammi per un piano nazionale che trovi soluzioni per il monitoraggio dei lupi e il contenimento delle specie fossorie, che nei campi di Baselica nei presi di Fiorenzuola si \u00e8 verificato un attacco da parte di due canidi su un operatore, che stava cambiando una gomma a un trattore. \u201cChe prima o poi sarebbe successo lo si sapeva \u2013 commenta il presidente di Confagricoltura Piacenza Filippo Gasparini \u2013 e non entriamo nel merito se siano stati cani rinselvatichiti, lupi \u201cconfidenti\u201d o lupi solitari, sta di fatto che la fauna selvatica \u00e8, da anni, priva di un controllo efficace. Non mi dilungo a ripetere quanto espresso ieri, non sto neppure a fare l\u2019ormai annoso elenco di capi sbranati dai lupi, colture rovinate dai cinghiali, incidenti stradali con caprioli, argini devastati da tassi e nutrie. Questa non \u00e8 tutela n\u00e9 dell\u2019ambiente n\u00e9 tutela della fauna. Sino a quando si trattava di scarificare le nostre imprese e le nostre colture in nome di una presunta biodiversit\u00e0 i pi\u00f9 hanno fatto spallucce, come se la produzione di cibo e la preservazione delle nostre attivit\u00e0 fossero tranquillamente negoziabili. Ora si tratta dell\u2019incolumit\u00e0 delle persone. Gli agricoltori e gli operatori della filiera lavorano sempre pi\u00f9 soli nei campi, soprattutto nelle ore notturne, e a causa del proliferare della fauna selvatica corrono seri pericoli. Nella mancanza di assunzione di responsabilit\u00e0, sino ad oggi, abbiamo letto un disinteresse, quando non un\u2019avversione, nei confronti degli agricoltori scioccamente visti come estranei all\u2019ambiente rurale di cui sono invece parte fondamentale. Ora si dica, se in questo Paese, vale pi\u00f9 la vita del cinghiale, della nutria e del lupo o la nostra\u201d.<\/p>\n<p><img loading=\"lazy\" decoding=\"async\" class=\"alignnone size-full wp-image-2278 img-responsive\" src=\"http:\/\/www.confagricoltura.org\/piacenza\/wp-content\/uploads\/sites\/3\/2020\/09\/Lupi-a-Baselica-marzo-2019.jpg\" alt=\"\" width=\"960\" height=\"720\" \/><\/p>\n","protected":false},"excerpt":{"rendered":"<p>Gasparini: a meno di ventiquattr\u2019ore dal nostro appello un altro attacco nei campi &nbsp; Non \u00e8 passata un\u2019intera giornata, da quando Confagricoltura Piacenza \u00e8 tornata sul tema della fauna selvatica plaudendo alla richiesta dell\u2019assessore Mammi per un piano nazionale che trovi soluzioni per il monitoraggio dei lupi e il contenimento delle specie fossorie, che nei<\/p>\n","protected":false},"author":6,"featured_media":0,"comment_status":"open","ping_status":"open","sticky":false,"template":"","format":"standard","meta":{"wp_mapbox_gl_js_media":[],"footnotes":""},"categories":[335],"tags":[319],"class_list":["post-2277","post","type-post","status-publish","format-standard","hentry","category-archivio","tag-lupi"],"yoast_head":"<!-- This site is optimized with the Yoast SEO plugin v26.8 - https:\/\/yoast.com\/product\/yoast-seo-wordpress\/ -->\n<title>FAUNA SELVATICA: ORMAI UN PROBLMEA ANCHE DI INCOLUMITA\u2019 - Confagricoltura Piacenza<\/title>\n<meta name=\"robots\" content=\"index, follow, max-snippet:-1, max-image-preview:large, max-video-preview:-1\" \/>\n<link rel=\"canonical\" href=\"https:\/\/www.confagricoltura.org\/piacenza\/fauna-selvatica-ormai-un-problmea-anche-di-incolumita\/\" \/>\n<meta property=\"og:locale\" content=\"it_IT\" \/>\n<meta property=\"og:type\" content=\"article\" \/>\n<meta property=\"og:title\" content=\"FAUNA SELVATICA: ORMAI UN PROBLMEA ANCHE DI INCOLUMITA\u2019 - Confagricoltura Piacenza\" \/>\n<meta property=\"og:description\" content=\"Gasparini: a meno di ventiquattr\u2019ore dal nostro appello un altro attacco nei campi &nbsp; Non \u00e8 passata un\u2019intera giornata, da quando Confagricoltura Piacenza \u00e8 tornata sul tema della fauna selvatica plaudendo alla richiesta dell\u2019assessore Mammi per un piano nazionale che trovi soluzioni per il monitoraggio dei lupi e il contenimento delle specie fossorie, che nei\" \/>\n<meta property=\"og:url\" content=\"https:\/\/www.confagricoltura.org\/piacenza\/fauna-selvatica-ormai-un-problmea-anche-di-incolumita\/\" \/>\n<meta property=\"og:site_name\" content=\"Confagricoltura Piacenza\" \/>\n<meta property=\"article:published_time\" content=\"2020-09-19T13:48:55+00:00\" \/>\n<meta property=\"article:modified_time\" content=\"2021-03-11T12:13:53+00:00\" \/>\n<meta property=\"og:image\" content=\"http:\/\/www.confagricoltura.org\/piacenza\/wp-content\/uploads\/sites\/3\/2020\/09\/Lupi-a-Baselica-marzo-2019.jpg\" \/>\n<meta name=\"author\" content=\"confagricolturapiacenza\" \/>\n<meta name=\"twitter:card\" content=\"summary_large_image\" \/>\n<meta name=\"twitter:label1\" content=\"Scritto da\" \/>\n\t<meta name=\"twitter:data1\" content=\"confagricolturapiacenza\" \/>\n\t<meta name=\"twitter:label2\" content=\"Tempo di lettura stimato\" \/>\n\t<meta name=\"twitter:data2\" content=\"2 minuti\" \/>\n<script type=\"application\/ld+json\" class=\"yoast-schema-graph\">{\"@context\":\"https:\/\/schema.org\",\"@graph\":[{\"@type\":\"Article\",\"@id\":\"https:\/\/www.confagricoltura.org\/piacenza\/fauna-selvatica-ormai-un-problmea-anche-di-incolumita\/#article\",\"isPartOf\":{\"@id\":\"https:\/\/www.confagricoltura.org\/piacenza\/fauna-selvatica-ormai-un-problmea-anche-di-incolumita\/\"},\"author\":{\"name\":\"confagricolturapiacenza\",\"@id\":\"https:\/\/www.confagricoltura.org\/piacenza\/#\/schema\/person\/be5da25a3117fea4b3bfec9dba09b5e8\"},\"headline\":\"FAUNA SELVATICA: ORMAI UN PROBLMEA ANCHE DI INCOLUMITA\u2019\",\"datePublished\":\"2020-09-19T13:48:55+00:00\",\"dateModified\":\"2021-03-11T12:13:53+00:00\",\"mainEntityOfPage\":{\"@id\":\"https:\/\/www.confagricoltura.org\/piacenza\/fauna-selvatica-ormai-un-problmea-anche-di-incolumita\/\"},\"wordCount\":313,\"commentCount\":0,\"image\":{\"@id\":\"https:\/\/www.confagricoltura.org\/piacenza\/fauna-selvatica-ormai-un-problmea-anche-di-incolumita\/#primaryimage\"},\"thumbnailUrl\":\"http:\/\/www.confagricoltura.org\/piacenza\/wp-content\/uploads\/sites\/3\/2020\/09\/Lupi-a-Baselica-marzo-2019.jpg\",\"keywords\":[\"lupi\"],\"articleSection\":[\"Archivio\"],\"inLanguage\":\"it-IT\"},{\"@type\":\"WebPage\",\"@id\":\"https:\/\/www.confagricoltura.org\/piacenza\/fauna-selvatica-ormai-un-problmea-anche-di-incolumita\/\",\"url\":\"https:\/\/www.confagricoltura.org\/piacenza\/fauna-selvatica-ormai-un-problmea-anche-di-incolumita\/\",\"name\":\"FAUNA SELVATICA: ORMAI UN PROBLMEA ANCHE DI INCOLUMITA\u2019 - Confagricoltura Piacenza\",\"isPartOf\":{\"@id\":\"https:\/\/www.confagricoltura.org\/piacenza\/#website\"},\"primaryImageOfPage\":{\"@id\":\"https:\/\/www.confagricoltura.org\/piacenza\/fauna-selvatica-ormai-un-problmea-anche-di-incolumita\/#primaryimage\"},\"image\":{\"@id\":\"https:\/\/www.confagricoltura.org\/piacenza\/fauna-selvatica-ormai-un-problmea-anche-di-incolumita\/#primaryimage\"},\"thumbnailUrl\":\"http:\/\/www.confagricoltura.org\/piacenza\/wp-content\/uploads\/sites\/3\/2020\/09\/Lupi-a-Baselica-marzo-2019.jpg\",\"datePublished\":\"2020-09-19T13:48:55+00:00\",\"dateModified\":\"2021-03-11T12:13:53+00:00\",\"author\":{\"@id\":\"https:\/\/www.confagricoltura.org\/piacenza\/#\/schema\/person\/be5da25a3117fea4b3bfec9dba09b5e8\"},\"breadcrumb\":{\"@id\":\"https:\/\/www.confagricoltura.org\/piacenza\/fauna-selvatica-ormai-un-problmea-anche-di-incolumita\/#breadcrumb\"},\"inLanguage\":\"it-IT\",\"potentialAction\":[{\"@type\":\"ReadAction\",\"target\":[\"https:\/\/www.confagricoltura.org\/piacenza\/fauna-selvatica-ormai-un-problmea-anche-di-incolumita\/\"]}]},{\"@type\":\"ImageObject\",\"inLanguage\":\"it-IT\",\"@id\":\"https:\/\/www.confagricoltura.org\/piacenza\/fauna-selvatica-ormai-un-problmea-anche-di-incolumita\/#primaryimage\",\"url\":\"http:\/\/www.confagricoltura.org\/piacenza\/wp-content\/uploads\/sites\/3\/2020\/09\/Lupi-a-Baselica-marzo-2019.jpg\",\"contentUrl\":\"http:\/\/www.confagricoltura.org\/piacenza\/wp-content\/uploads\/sites\/3\/2020\/09\/Lupi-a-Baselica-marzo-2019.jpg\"},{\"@type\":\"BreadcrumbList\",\"@id\":\"https:\/\/www.confagricoltura.org\/piacenza\/fauna-selvatica-ormai-un-problmea-anche-di-incolumita\/#breadcrumb\",\"itemListElement\":[{\"@type\":\"ListItem\",\"position\":1,\"name\":\"Home\",\"item\":\"https:\/\/www.confagricoltura.org\/piacenza\/\"},{\"@type\":\"ListItem\",\"position\":2,\"name\":\"FAUNA SELVATICA: ORMAI UN PROBLMEA ANCHE DI INCOLUMITA\u2019\"}]},{\"@type\":\"WebSite\",\"@id\":\"https:\/\/www.confagricoltura.org\/piacenza\/#website\",\"url\":\"https:\/\/www.confagricoltura.org\/piacenza\/\",\"name\":\"Confagricoltura Piacenza\",\"description\":\"Dalla parte degli Agricoltori\",\"potentialAction\":[{\"@type\":\"SearchAction\",\"target\":{\"@type\":\"EntryPoint\",\"urlTemplate\":\"https:\/\/www.confagricoltura.org\/piacenza\/?s={search_term_string}\"},\"query-input\":{\"@type\":\"PropertyValueSpecification\",\"valueRequired\":true,\"valueName\":\"search_term_string\"}}],\"inLanguage\":\"it-IT\"},{\"@type\":\"Person\",\"@id\":\"https:\/\/www.confagricoltura.org\/piacenza\/#\/schema\/person\/be5da25a3117fea4b3bfec9dba09b5e8\",\"name\":\"confagricolturapiacenza\",\"image\":{\"@type\":\"ImageObject\",\"inLanguage\":\"it-IT\",\"@id\":\"https:\/\/www.confagricoltura.org\/piacenza\/#\/schema\/person\/image\/\",\"url\":\"https:\/\/secure.gravatar.com\/avatar\/9c5f111e417171581853bd0a3ff892ca?s=96&d=mm&r=g\",\"contentUrl\":\"https:\/\/secure.gravatar.com\/avatar\/9c5f111e417171581853bd0a3ff892ca?s=96&d=mm&r=g\",\"caption\":\"confagricolturapiacenza\"},\"url\":\"https:\/\/www.confagricoltura.org\/piacenza\/author\/confagricolturapiacenza\/\"}]}<\/script>\n<!-- \/ Yoast SEO plugin. -->","yoast_head_json":{"title":"FAUNA SELVATICA: ORMAI UN PROBLMEA ANCHE DI INCOLUMITA\u2019 - Confagricoltura Piacenza","robots":{"index":"index","follow":"follow","max-snippet":"max-snippet:-1","max-image-preview":"max-image-preview:large","max-video-preview":"max-video-preview:-1"},"canonical":"https:\/\/www.confagricoltura.org\/piacenza\/fauna-selvatica-ormai-un-problmea-anche-di-incolumita\/","og_locale":"it_IT","og_type":"article","og_title":"FAUNA SELVATICA: ORMAI UN PROBLMEA ANCHE DI INCOLUMITA\u2019 - Confagricoltura Piacenza","og_description":"Gasparini: a meno di ventiquattr\u2019ore dal nostro appello un altro attacco nei campi &nbsp; Non \u00e8 passata un\u2019intera giornata, da quando Confagricoltura Piacenza \u00e8 tornata sul tema della fauna selvatica plaudendo alla richiesta dell\u2019assessore Mammi per un piano nazionale che trovi soluzioni per il monitoraggio dei lupi e il contenimento delle specie fossorie, che nei","og_url":"https:\/\/www.confagricoltura.org\/piacenza\/fauna-selvatica-ormai-un-problmea-anche-di-incolumita\/","og_site_name":"Confagricoltura Piacenza","article_published_time":"2020-09-19T13:48:55+00:00","article_modified_time":"2021-03-11T12:13:53+00:00","og_image":[{"url":"http:\/\/www.confagricoltura.org\/piacenza\/wp-content\/uploads\/sites\/3\/2020\/09\/Lupi-a-Baselica-marzo-2019.jpg","type":"","width":"","height":""}],"author":"confagricolturapiacenza","twitter_card":"summary_large_image","twitter_misc":{"Scritto da":"confagricolturapiacenza","Tempo di lettura stimato":"2 minuti"},"schema":{"@context":"https:\/\/schema.org","@graph":[{"@type":"Article","@id":"https:\/\/www.confagricoltura.org\/piacenza\/fauna-selvatica-ormai-un-problmea-anche-di-incolumita\/#article","isPartOf":{"@id":"https:\/\/www.confagricoltura.org\/piacenza\/fauna-selvatica-ormai-un-problmea-anche-di-incolumita\/"},"author":{"name":"confagricolturapiacenza","@id":"https:\/\/www.confagricoltura.org\/piacenza\/#\/schema\/person\/be5da25a3117fea4b3bfec9dba09b5e8"},"headline":"FAUNA SELVATICA: ORMAI UN PROBLMEA ANCHE DI INCOLUMITA\u2019","datePublished":"2020-09-19T13:48:55+00:00","dateModified":"2021-03-11T12:13:53+00:00","mainEntityOfPage":{"@id":"https:\/\/www.confagricoltura.org\/piacenza\/fauna-selvatica-ormai-un-problmea-anche-di-incolumita\/"},"wordCount":313,"commentCount":0,"image":{"@id":"https:\/\/www.confagricoltura.org\/piacenza\/fauna-selvatica-ormai-un-problmea-anche-di-incolumita\/#primaryimage"},"thumbnailUrl":"http:\/\/www.confagricoltura.org\/piacenza\/wp-content\/uploads\/sites\/3\/2020\/09\/Lupi-a-Baselica-marzo-2019.jpg","keywords":["lupi"],"articleSection":["Archivio"],"inLanguage":"it-IT"},{"@type":"WebPage","@id":"https:\/\/www.confagricoltura.org\/piacenza\/fauna-selvatica-ormai-un-problmea-anche-di-incolumita\/","url":"https:\/\/www.confagricoltura.org\/piacenza\/fauna-selvatica-ormai-un-problmea-anche-di-incolumita\/","name":"FAUNA SELVATICA: ORMAI UN PROBLMEA ANCHE DI INCOLUMITA\u2019 - Confagricoltura Piacenza","isPartOf":{"@id":"https:\/\/www.confagricoltura.org\/piacenza\/#website"},"primaryImageOfPage":{"@id":"https:\/\/www.confagricoltura.org\/piacenza\/fauna-selvatica-ormai-un-problmea-anche-di-incolumita\/#primaryimage"},"image":{"@id":"https:\/\/www.confagricoltura.org\/piacenza\/fauna-selvatica-ormai-un-problmea-anche-di-incolumita\/#primaryimage"},"thumbnailUrl":"http:\/\/www.confagricoltura.org\/piacenza\/wp-content\/uploads\/sites\/3\/2020\/09\/Lupi-a-Baselica-marzo-2019.jpg","datePublished":"2020-09-19T13:48:55+00:00","dateModified":"2021-03-11T12:13:53+00:00","author":{"@id":"https:\/\/www.confagricoltura.org\/piacenza\/#\/schema\/person\/be5da25a3117fea4b3bfec9dba09b5e8"},"breadcrumb":{"@id":"https:\/\/www.confagricoltura.org\/piacenza\/fauna-selvatica-ormai-un-problmea-anche-di-incolumita\/#breadcrumb"},"inLanguage":"it-IT","potentialAction":[{"@type":"ReadAction","target":["https:\/\/www.confagricoltura.org\/piacenza\/fauna-selvatica-ormai-un-problmea-anche-di-incolumita\/"]}]},{"@type":"ImageObject","inLanguage":"it-IT","@id":"https:\/\/www.confagricoltura.org\/piacenza\/fauna-selvatica-ormai-un-problmea-anche-di-incolumita\/#primaryimage","url":"http:\/\/www.confagricoltura.org\/piacenza\/wp-content\/uploads\/sites\/3\/2020\/09\/Lupi-a-Baselica-marzo-2019.jpg","contentUrl":"http:\/\/www.confagricoltura.org\/piacenza\/wp-content\/uploads\/sites\/3\/2020\/09\/Lupi-a-Baselica-marzo-2019.jpg"},{"@type":"BreadcrumbList","@id":"https:\/\/www.confagricoltura.org\/piacenza\/fauna-selvatica-ormai-un-problmea-anche-di-incolumita\/#breadcrumb","itemListElement":[{"@type":"ListItem","position":1,"name":"Home","item":"https:\/\/www.confagricoltura.org\/piacenza\/"},{"@type":"ListItem","position":2,"name":"FAUNA SELVATICA: ORMAI UN PROBLMEA ANCHE DI INCOLUMITA\u2019"}]},{"@type":"WebSite","@id":"https:\/\/www.confagricoltura.org\/piacenza\/#website","url":"https:\/\/www.confagricoltura.org\/piacenza\/","name":"Confagricoltura Piacenza","description":"Dalla parte degli Agricoltori","potentialAction":[{"@type":"SearchAction","target":{"@type":"EntryPoint","urlTemplate":"https:\/\/www.confagricoltura.org\/piacenza\/?s={search_term_string}"},"query-input":{"@type":"PropertyValueSpecification","valueRequired":true,"valueName":"search_term_string"}}],"inLanguage":"it-IT"},{"@type":"Person","@id":"https:\/\/www.confagricoltura.org\/piacenza\/#\/schema\/person\/be5da25a3117fea4b3bfec9dba09b5e8","name":"confagricolturapiacenza","image":{"@type":"ImageObject","inLanguage":"it-IT","@id":"https:\/\/www.confagricoltura.org\/piacenza\/#\/schema\/person\/image\/","url":"https:\/\/secure.gravatar.com\/avatar\/9c5f111e417171581853bd0a3ff892ca?s=96&d=mm&r=g","contentUrl":"https:\/\/secure.gravatar.com\/avatar\/9c5f111e417171581853bd0a3ff892ca?s=96&d=mm&r=g","caption":"confagricolturapiacenza"},"url":"https:\/\/www.confagricoltura.org\/piacenza\/author\/confagricolturapiacenza\/"}]}},"_links":{"self":[{"href":"https:\/\/www.confagricoltura.org\/piacenza\/wp-json\/wp\/v2\/posts\/2277","targetHints":{"allow":["GET"]}}],"collection":[{"href":"https:\/\/www.confagricoltura.org\/piacenza\/wp-json\/wp\/v2\/posts"}],"about":[{"href":"https:\/\/www.confagricoltura.org\/piacenza\/wp-json\/wp\/v2\/types\/post"}],"author":[{"embeddable":true,"href":"https:\/\/www.confagricoltura.org\/piacenza\/wp-json\/wp\/v2\/users\/6"}],"replies":[{"embeddable":true,"href":"https:\/\/www.confagricoltura.org\/piacenza\/wp-json\/wp\/v2\/comments?post=2277"}],"version-history":[{"count":1,"href":"https:\/\/www.confagricoltura.org\/piacenza\/wp-json\/wp\/v2\/posts\/2277\/revisions"}],"predecessor-version":[{"id":2564,"href":"https:\/\/www.confagricoltura.org\/piacenza\/wp-json\/wp\/v2\/posts\/2277\/revisions\/2564"}],"wp:attachment":[{"href":"https:\/\/www.confagricoltura.org\/piacenza\/wp-json\/wp\/v2\/media?parent=2277"}],"wp:term":[{"taxonomy":"category","embeddable":true,"href":"https:\/\/www.confagricoltura.org\/piacenza\/wp-json\/wp\/v2\/categories?post=2277"},{"taxonomy":"post_tag","embeddable":true,"href":"https:\/\/www.confagricoltura.org\/piacenza\/wp-json\/wp\/v2\/tags?post=2277"}],"curies":[{"name":"wp","href":"https:\/\/api.w.org\/{rel}","templated":true}]}}