{"id":2274,"date":"2020-09-18T15:44:26","date_gmt":"2020-09-18T13:44:26","guid":{"rendered":"http:\/\/www.confagricoltura.org\/piacenza\/?p=2274"},"modified":"2021-03-11T13:13:53","modified_gmt":"2021-03-11T12:13:53","slug":"fauna-selvatica-lassessore-mammi-chiede-un-piano-nazionale","status":"publish","type":"post","link":"https:\/\/www.confagricoltura.org\/piacenza\/fauna-selvatica-lassessore-mammi-chiede-un-piano-nazionale\/","title":{"rendered":"FAUNA SELVATICA: L\u2019ASSESSORE MAMMI CHIEDE UN PIANO NAZIONALE"},"content":{"rendered":"<h3><em>Plauso di Confagricoltura Piacenza all\u2019Assessore. Denunciamo da tempo il problema, ora soluzioni.<\/em><\/h3>\n<p>&nbsp;<\/p>\n<p>\u201cSull\u2019enorme problema della fauna selvatica fuori controllo, plaudiamo alla chiara presa di posizione dell\u2019assessore regionale all\u2019agricoltura Mammi e alla sua richiesta di un incontro con il Ministro Costa per un piano nazionale strategico che avvii misure opportune per gestire i lupi e le specie fossorie\u201d \u2013 dichiara Filippo Gasparini Presidente di Confagricoltura Piacenza. L\u2019assessore \u00e8 intervenuto a fronte delle ultime segnalazioni nel reggiano di lupi verso i centri abitati. Confagricoltura Piacenza ricorda che numerosi casi di lupi cosiddetti \u201cconfidenti\u201d, ossia che si avvicinano alle case non avendo paura dell\u2019uomo, si registrano anche nel territorio piacentino. \u00c8 trascorso poco pi\u00f9 di un mese da quando, proprio a causa di un branco di lupi stanziale, l\u2019associazione degli imprenditori agricoli ha denunciato una strage di capre ad Alseno. Mentre i cinghiali devastano quotidianamente i campi e frequentano ormai le zone abitate, colonie di nutrie minano la sicurezza idraulica degli argini e rendono impossibile la distribuzione razionale dell\u2019acqua irrigua devastando i canali e impendendo cos\u00ec l\u2019efficienza nella distribuzione.\u00a0 Ad avviso di Confagricoltura Piacenza, dice bene l\u2019assessore Mammi quando dichiara che \u00e8 &#8220;un problema che riguarda tutte le specie &#8216;fossorie&#8217; in ampie zone dell&#8217;Emilia-Romagna e per cui ormai \u00e8 necessario un intervento puntuale e omogeneo&#8221;.\u00a0 L\u2019associazione degli imprenditori agricoli ringrazia l\u2019assessore anche per aver inviato, nelle scorse settimane, una lettera al ministro per l\u2019Ambiente, Sergio Costa, sottolineando gli ingenti danni provocati dai lupi e le specie \u201cfossorie\u201d in generale. In quella lettera, nello specifico per quanto riguarda il lupo, si rimarca la necessit\u00e0 che venga approvato quanto prima il \u2018Piano d\u2019azione nazionale\u2019 di cui si discute da diversi anni individuando in ambito nazionale le strategie di approccio, il monitoraggio delle presenze, delle eventuali modificazioni comportamentali e degli eventuali metodi dissuasivi da poter adottare cos\u00ec come avviene in altri Stati.<\/p>\n<p>Mammi ha dichiarato: \u201cmolti territori regionali necessitano di strategie nazionali non pi\u00f9 rinviabili. Mi rendo disponibile ad un confronto col ministro anche nell\u2019ambito della Commissione Politiche agricole della conferenza Stato Regioni per affrontare congiuntamente queste tematiche\u201d. \u201cLa mia posizione \u2013 ha detto l\u2019assessore &#8211; \u00e8 di solidariet\u00e0 e forte comprensione per i disagi vissuti da agricoltori e cittadini: \u00e8 necessario che il Parlamento e il Governo intervengano, introducendo se occorre le necessarie modifiche legislative. La Regione \u00e8 disponibile a fare la propria parte\u201d.<\/p>\n<p>\u201cCondividiamo la preoccupazione dell\u2019Assessore \u2013 sottolinea Gasparini &#8211; e la sua determinazione nel voler porre rimedio a una situazione da troppo tempo ingovernabile. Diamo pieno sostegno per collaborare e arrivare finalmente a soluzioni concrete\u201d.<\/p>\n<p><img loading=\"lazy\" decoding=\"async\" class=\"alignnone size-full wp-image-2275 img-responsive\" src=\"http:\/\/www.confagricoltura.org\/piacenza\/wp-content\/uploads\/sites\/3\/2020\/09\/Lupi-vicino-a-casa.jpg\" alt=\"\" width=\"1157\" height=\"607\" \/><\/p>\n<p>Lupi nella pianura piacentina vicino alle case (tra la Val Trebbia e la Val d\u2019Arda) .<\/p>\n","protected":false},"excerpt":{"rendered":"<p>Plauso di Confagricoltura Piacenza all\u2019Assessore. Denunciamo da tempo il problema, ora soluzioni. &nbsp; \u201cSull\u2019enorme problema della fauna selvatica fuori controllo, plaudiamo alla chiara presa di posizione dell\u2019assessore regionale all\u2019agricoltura Mammi e alla sua richiesta di un incontro con il Ministro Costa per un piano nazionale strategico che avvii misure opportune per gestire i lupi e<\/p>\n","protected":false},"author":6,"featured_media":0,"comment_status":"open","ping_status":"open","sticky":false,"template":"","format":"standard","meta":{"wp_mapbox_gl_js_media":[],"footnotes":""},"categories":[335],"tags":[319],"class_list":["post-2274","post","type-post","status-publish","format-standard","hentry","category-archivio","tag-lupi"],"yoast_head":"<!-- This site is optimized with the Yoast SEO plugin v26.8 - https:\/\/yoast.com\/product\/yoast-seo-wordpress\/ -->\n<title>FAUNA SELVATICA: L\u2019ASSESSORE MAMMI CHIEDE UN PIANO NAZIONALE - Confagricoltura Piacenza<\/title>\n<meta name=\"robots\" content=\"index, follow, max-snippet:-1, max-image-preview:large, max-video-preview:-1\" \/>\n<link rel=\"canonical\" href=\"https:\/\/www.confagricoltura.org\/piacenza\/fauna-selvatica-lassessore-mammi-chiede-un-piano-nazionale\/\" \/>\n<meta property=\"og:locale\" content=\"it_IT\" \/>\n<meta property=\"og:type\" content=\"article\" \/>\n<meta property=\"og:title\" content=\"FAUNA SELVATICA: L\u2019ASSESSORE MAMMI CHIEDE UN PIANO NAZIONALE - Confagricoltura Piacenza\" \/>\n<meta property=\"og:description\" content=\"Plauso di Confagricoltura Piacenza all\u2019Assessore. Denunciamo da tempo il problema, ora soluzioni. &nbsp; \u201cSull\u2019enorme problema della fauna selvatica fuori controllo, plaudiamo alla chiara presa di posizione dell\u2019assessore regionale all\u2019agricoltura Mammi e alla sua richiesta di un incontro con il Ministro Costa per un piano nazionale strategico che avvii misure opportune per gestire i lupi e\" \/>\n<meta property=\"og:url\" content=\"https:\/\/www.confagricoltura.org\/piacenza\/fauna-selvatica-lassessore-mammi-chiede-un-piano-nazionale\/\" \/>\n<meta property=\"og:site_name\" content=\"Confagricoltura Piacenza\" \/>\n<meta property=\"article:published_time\" content=\"2020-09-18T13:44:26+00:00\" \/>\n<meta property=\"article:modified_time\" content=\"2021-03-11T12:13:53+00:00\" \/>\n<meta property=\"og:image\" content=\"http:\/\/www.confagricoltura.org\/piacenza\/wp-content\/uploads\/sites\/3\/2020\/09\/Lupi-vicino-a-casa.jpg\" \/>\n<meta name=\"author\" content=\"confagricolturapiacenza\" \/>\n<meta name=\"twitter:card\" content=\"summary_large_image\" \/>\n<meta name=\"twitter:label1\" content=\"Scritto da\" \/>\n\t<meta name=\"twitter:data1\" content=\"confagricolturapiacenza\" \/>\n\t<meta name=\"twitter:label2\" content=\"Tempo di lettura stimato\" \/>\n\t<meta name=\"twitter:data2\" content=\"2 minuti\" \/>\n<script type=\"application\/ld+json\" class=\"yoast-schema-graph\">{\"@context\":\"https:\/\/schema.org\",\"@graph\":[{\"@type\":\"Article\",\"@id\":\"https:\/\/www.confagricoltura.org\/piacenza\/fauna-selvatica-lassessore-mammi-chiede-un-piano-nazionale\/#article\",\"isPartOf\":{\"@id\":\"https:\/\/www.confagricoltura.org\/piacenza\/fauna-selvatica-lassessore-mammi-chiede-un-piano-nazionale\/\"},\"author\":{\"name\":\"confagricolturapiacenza\",\"@id\":\"https:\/\/www.confagricoltura.org\/piacenza\/#\/schema\/person\/be5da25a3117fea4b3bfec9dba09b5e8\"},\"headline\":\"FAUNA SELVATICA: L\u2019ASSESSORE MAMMI CHIEDE UN PIANO NAZIONALE\",\"datePublished\":\"2020-09-18T13:44:26+00:00\",\"dateModified\":\"2021-03-11T12:13:53+00:00\",\"mainEntityOfPage\":{\"@id\":\"https:\/\/www.confagricoltura.org\/piacenza\/fauna-selvatica-lassessore-mammi-chiede-un-piano-nazionale\/\"},\"wordCount\":457,\"commentCount\":0,\"image\":{\"@id\":\"https:\/\/www.confagricoltura.org\/piacenza\/fauna-selvatica-lassessore-mammi-chiede-un-piano-nazionale\/#primaryimage\"},\"thumbnailUrl\":\"http:\/\/www.confagricoltura.org\/piacenza\/wp-content\/uploads\/sites\/3\/2020\/09\/Lupi-vicino-a-casa.jpg\",\"keywords\":[\"lupi\"],\"articleSection\":[\"Archivio\"],\"inLanguage\":\"it-IT\"},{\"@type\":\"WebPage\",\"@id\":\"https:\/\/www.confagricoltura.org\/piacenza\/fauna-selvatica-lassessore-mammi-chiede-un-piano-nazionale\/\",\"url\":\"https:\/\/www.confagricoltura.org\/piacenza\/fauna-selvatica-lassessore-mammi-chiede-un-piano-nazionale\/\",\"name\":\"FAUNA SELVATICA: L\u2019ASSESSORE MAMMI CHIEDE UN PIANO NAZIONALE - Confagricoltura Piacenza\",\"isPartOf\":{\"@id\":\"https:\/\/www.confagricoltura.org\/piacenza\/#website\"},\"primaryImageOfPage\":{\"@id\":\"https:\/\/www.confagricoltura.org\/piacenza\/fauna-selvatica-lassessore-mammi-chiede-un-piano-nazionale\/#primaryimage\"},\"image\":{\"@id\":\"https:\/\/www.confagricoltura.org\/piacenza\/fauna-selvatica-lassessore-mammi-chiede-un-piano-nazionale\/#primaryimage\"},\"thumbnailUrl\":\"http:\/\/www.confagricoltura.org\/piacenza\/wp-content\/uploads\/sites\/3\/2020\/09\/Lupi-vicino-a-casa.jpg\",\"datePublished\":\"2020-09-18T13:44:26+00:00\",\"dateModified\":\"2021-03-11T12:13:53+00:00\",\"author\":{\"@id\":\"https:\/\/www.confagricoltura.org\/piacenza\/#\/schema\/person\/be5da25a3117fea4b3bfec9dba09b5e8\"},\"breadcrumb\":{\"@id\":\"https:\/\/www.confagricoltura.org\/piacenza\/fauna-selvatica-lassessore-mammi-chiede-un-piano-nazionale\/#breadcrumb\"},\"inLanguage\":\"it-IT\",\"potentialAction\":[{\"@type\":\"ReadAction\",\"target\":[\"https:\/\/www.confagricoltura.org\/piacenza\/fauna-selvatica-lassessore-mammi-chiede-un-piano-nazionale\/\"]}]},{\"@type\":\"ImageObject\",\"inLanguage\":\"it-IT\",\"@id\":\"https:\/\/www.confagricoltura.org\/piacenza\/fauna-selvatica-lassessore-mammi-chiede-un-piano-nazionale\/#primaryimage\",\"url\":\"http:\/\/www.confagricoltura.org\/piacenza\/wp-content\/uploads\/sites\/3\/2020\/09\/Lupi-vicino-a-casa.jpg\",\"contentUrl\":\"http:\/\/www.confagricoltura.org\/piacenza\/wp-content\/uploads\/sites\/3\/2020\/09\/Lupi-vicino-a-casa.jpg\"},{\"@type\":\"BreadcrumbList\",\"@id\":\"https:\/\/www.confagricoltura.org\/piacenza\/fauna-selvatica-lassessore-mammi-chiede-un-piano-nazionale\/#breadcrumb\",\"itemListElement\":[{\"@type\":\"ListItem\",\"position\":1,\"name\":\"Home\",\"item\":\"https:\/\/www.confagricoltura.org\/piacenza\/\"},{\"@type\":\"ListItem\",\"position\":2,\"name\":\"FAUNA SELVATICA: L\u2019ASSESSORE MAMMI CHIEDE UN PIANO NAZIONALE\"}]},{\"@type\":\"WebSite\",\"@id\":\"https:\/\/www.confagricoltura.org\/piacenza\/#website\",\"url\":\"https:\/\/www.confagricoltura.org\/piacenza\/\",\"name\":\"Confagricoltura Piacenza\",\"description\":\"Dalla parte degli Agricoltori\",\"potentialAction\":[{\"@type\":\"SearchAction\",\"target\":{\"@type\":\"EntryPoint\",\"urlTemplate\":\"https:\/\/www.confagricoltura.org\/piacenza\/?s={search_term_string}\"},\"query-input\":{\"@type\":\"PropertyValueSpecification\",\"valueRequired\":true,\"valueName\":\"search_term_string\"}}],\"inLanguage\":\"it-IT\"},{\"@type\":\"Person\",\"@id\":\"https:\/\/www.confagricoltura.org\/piacenza\/#\/schema\/person\/be5da25a3117fea4b3bfec9dba09b5e8\",\"name\":\"confagricolturapiacenza\",\"image\":{\"@type\":\"ImageObject\",\"inLanguage\":\"it-IT\",\"@id\":\"https:\/\/www.confagricoltura.org\/piacenza\/#\/schema\/person\/image\/\",\"url\":\"https:\/\/secure.gravatar.com\/avatar\/9c5f111e417171581853bd0a3ff892ca?s=96&d=mm&r=g\",\"contentUrl\":\"https:\/\/secure.gravatar.com\/avatar\/9c5f111e417171581853bd0a3ff892ca?s=96&d=mm&r=g\",\"caption\":\"confagricolturapiacenza\"},\"url\":\"https:\/\/www.confagricoltura.org\/piacenza\/author\/confagricolturapiacenza\/\"}]}<\/script>\n<!-- \/ Yoast SEO plugin. -->","yoast_head_json":{"title":"FAUNA SELVATICA: L\u2019ASSESSORE MAMMI CHIEDE UN PIANO NAZIONALE - Confagricoltura Piacenza","robots":{"index":"index","follow":"follow","max-snippet":"max-snippet:-1","max-image-preview":"max-image-preview:large","max-video-preview":"max-video-preview:-1"},"canonical":"https:\/\/www.confagricoltura.org\/piacenza\/fauna-selvatica-lassessore-mammi-chiede-un-piano-nazionale\/","og_locale":"it_IT","og_type":"article","og_title":"FAUNA SELVATICA: L\u2019ASSESSORE MAMMI CHIEDE UN PIANO NAZIONALE - Confagricoltura Piacenza","og_description":"Plauso di Confagricoltura Piacenza all\u2019Assessore. Denunciamo da tempo il problema, ora soluzioni. &nbsp; \u201cSull\u2019enorme problema della fauna selvatica fuori controllo, plaudiamo alla chiara presa di posizione dell\u2019assessore regionale all\u2019agricoltura Mammi e alla sua richiesta di un incontro con il Ministro Costa per un piano nazionale strategico che avvii misure opportune per gestire i lupi e","og_url":"https:\/\/www.confagricoltura.org\/piacenza\/fauna-selvatica-lassessore-mammi-chiede-un-piano-nazionale\/","og_site_name":"Confagricoltura Piacenza","article_published_time":"2020-09-18T13:44:26+00:00","article_modified_time":"2021-03-11T12:13:53+00:00","og_image":[{"url":"http:\/\/www.confagricoltura.org\/piacenza\/wp-content\/uploads\/sites\/3\/2020\/09\/Lupi-vicino-a-casa.jpg","type":"","width":"","height":""}],"author":"confagricolturapiacenza","twitter_card":"summary_large_image","twitter_misc":{"Scritto da":"confagricolturapiacenza","Tempo di lettura stimato":"2 minuti"},"schema":{"@context":"https:\/\/schema.org","@graph":[{"@type":"Article","@id":"https:\/\/www.confagricoltura.org\/piacenza\/fauna-selvatica-lassessore-mammi-chiede-un-piano-nazionale\/#article","isPartOf":{"@id":"https:\/\/www.confagricoltura.org\/piacenza\/fauna-selvatica-lassessore-mammi-chiede-un-piano-nazionale\/"},"author":{"name":"confagricolturapiacenza","@id":"https:\/\/www.confagricoltura.org\/piacenza\/#\/schema\/person\/be5da25a3117fea4b3bfec9dba09b5e8"},"headline":"FAUNA SELVATICA: L\u2019ASSESSORE MAMMI CHIEDE UN PIANO NAZIONALE","datePublished":"2020-09-18T13:44:26+00:00","dateModified":"2021-03-11T12:13:53+00:00","mainEntityOfPage":{"@id":"https:\/\/www.confagricoltura.org\/piacenza\/fauna-selvatica-lassessore-mammi-chiede-un-piano-nazionale\/"},"wordCount":457,"commentCount":0,"image":{"@id":"https:\/\/www.confagricoltura.org\/piacenza\/fauna-selvatica-lassessore-mammi-chiede-un-piano-nazionale\/#primaryimage"},"thumbnailUrl":"http:\/\/www.confagricoltura.org\/piacenza\/wp-content\/uploads\/sites\/3\/2020\/09\/Lupi-vicino-a-casa.jpg","keywords":["lupi"],"articleSection":["Archivio"],"inLanguage":"it-IT"},{"@type":"WebPage","@id":"https:\/\/www.confagricoltura.org\/piacenza\/fauna-selvatica-lassessore-mammi-chiede-un-piano-nazionale\/","url":"https:\/\/www.confagricoltura.org\/piacenza\/fauna-selvatica-lassessore-mammi-chiede-un-piano-nazionale\/","name":"FAUNA SELVATICA: L\u2019ASSESSORE MAMMI CHIEDE UN PIANO NAZIONALE - Confagricoltura Piacenza","isPartOf":{"@id":"https:\/\/www.confagricoltura.org\/piacenza\/#website"},"primaryImageOfPage":{"@id":"https:\/\/www.confagricoltura.org\/piacenza\/fauna-selvatica-lassessore-mammi-chiede-un-piano-nazionale\/#primaryimage"},"image":{"@id":"https:\/\/www.confagricoltura.org\/piacenza\/fauna-selvatica-lassessore-mammi-chiede-un-piano-nazionale\/#primaryimage"},"thumbnailUrl":"http:\/\/www.confagricoltura.org\/piacenza\/wp-content\/uploads\/sites\/3\/2020\/09\/Lupi-vicino-a-casa.jpg","datePublished":"2020-09-18T13:44:26+00:00","dateModified":"2021-03-11T12:13:53+00:00","author":{"@id":"https:\/\/www.confagricoltura.org\/piacenza\/#\/schema\/person\/be5da25a3117fea4b3bfec9dba09b5e8"},"breadcrumb":{"@id":"https:\/\/www.confagricoltura.org\/piacenza\/fauna-selvatica-lassessore-mammi-chiede-un-piano-nazionale\/#breadcrumb"},"inLanguage":"it-IT","potentialAction":[{"@type":"ReadAction","target":["https:\/\/www.confagricoltura.org\/piacenza\/fauna-selvatica-lassessore-mammi-chiede-un-piano-nazionale\/"]}]},{"@type":"ImageObject","inLanguage":"it-IT","@id":"https:\/\/www.confagricoltura.org\/piacenza\/fauna-selvatica-lassessore-mammi-chiede-un-piano-nazionale\/#primaryimage","url":"http:\/\/www.confagricoltura.org\/piacenza\/wp-content\/uploads\/sites\/3\/2020\/09\/Lupi-vicino-a-casa.jpg","contentUrl":"http:\/\/www.confagricoltura.org\/piacenza\/wp-content\/uploads\/sites\/3\/2020\/09\/Lupi-vicino-a-casa.jpg"},{"@type":"BreadcrumbList","@id":"https:\/\/www.confagricoltura.org\/piacenza\/fauna-selvatica-lassessore-mammi-chiede-un-piano-nazionale\/#breadcrumb","itemListElement":[{"@type":"ListItem","position":1,"name":"Home","item":"https:\/\/www.confagricoltura.org\/piacenza\/"},{"@type":"ListItem","position":2,"name":"FAUNA SELVATICA: L\u2019ASSESSORE MAMMI CHIEDE UN PIANO NAZIONALE"}]},{"@type":"WebSite","@id":"https:\/\/www.confagricoltura.org\/piacenza\/#website","url":"https:\/\/www.confagricoltura.org\/piacenza\/","name":"Confagricoltura Piacenza","description":"Dalla parte degli Agricoltori","potentialAction":[{"@type":"SearchAction","target":{"@type":"EntryPoint","urlTemplate":"https:\/\/www.confagricoltura.org\/piacenza\/?s={search_term_string}"},"query-input":{"@type":"PropertyValueSpecification","valueRequired":true,"valueName":"search_term_string"}}],"inLanguage":"it-IT"},{"@type":"Person","@id":"https:\/\/www.confagricoltura.org\/piacenza\/#\/schema\/person\/be5da25a3117fea4b3bfec9dba09b5e8","name":"confagricolturapiacenza","image":{"@type":"ImageObject","inLanguage":"it-IT","@id":"https:\/\/www.confagricoltura.org\/piacenza\/#\/schema\/person\/image\/","url":"https:\/\/secure.gravatar.com\/avatar\/9c5f111e417171581853bd0a3ff892ca?s=96&d=mm&r=g","contentUrl":"https:\/\/secure.gravatar.com\/avatar\/9c5f111e417171581853bd0a3ff892ca?s=96&d=mm&r=g","caption":"confagricolturapiacenza"},"url":"https:\/\/www.confagricoltura.org\/piacenza\/author\/confagricolturapiacenza\/"}]}},"_links":{"self":[{"href":"https:\/\/www.confagricoltura.org\/piacenza\/wp-json\/wp\/v2\/posts\/2274","targetHints":{"allow":["GET"]}}],"collection":[{"href":"https:\/\/www.confagricoltura.org\/piacenza\/wp-json\/wp\/v2\/posts"}],"about":[{"href":"https:\/\/www.confagricoltura.org\/piacenza\/wp-json\/wp\/v2\/types\/post"}],"author":[{"embeddable":true,"href":"https:\/\/www.confagricoltura.org\/piacenza\/wp-json\/wp\/v2\/users\/6"}],"replies":[{"embeddable":true,"href":"https:\/\/www.confagricoltura.org\/piacenza\/wp-json\/wp\/v2\/comments?post=2274"}],"version-history":[{"count":1,"href":"https:\/\/www.confagricoltura.org\/piacenza\/wp-json\/wp\/v2\/posts\/2274\/revisions"}],"predecessor-version":[{"id":2565,"href":"https:\/\/www.confagricoltura.org\/piacenza\/wp-json\/wp\/v2\/posts\/2274\/revisions\/2565"}],"wp:attachment":[{"href":"https:\/\/www.confagricoltura.org\/piacenza\/wp-json\/wp\/v2\/media?parent=2274"}],"wp:term":[{"taxonomy":"category","embeddable":true,"href":"https:\/\/www.confagricoltura.org\/piacenza\/wp-json\/wp\/v2\/categories?post=2274"},{"taxonomy":"post_tag","embeddable":true,"href":"https:\/\/www.confagricoltura.org\/piacenza\/wp-json\/wp\/v2\/tags?post=2274"}],"curies":[{"name":"wp","href":"https:\/\/api.w.org\/{rel}","templated":true}]}}