{"id":2264,"date":"2020-09-09T13:24:16","date_gmt":"2020-09-09T11:24:16","guid":{"rendered":"http:\/\/www.confagricoltura.org\/piacenza\/?p=2264"},"modified":"2021-03-11T13:13:53","modified_gmt":"2021-03-11T12:13:53","slug":"il-latte-spot-estero-quotato-di-piu-di-quello-nazionale","status":"publish","type":"post","link":"https:\/\/www.confagricoltura.org\/piacenza\/il-latte-spot-estero-quotato-di-piu-di-quello-nazionale\/","title":{"rendered":"IL LATTE SPOT ESTERO QUOTATO DI PIU\u2019 DI QUELLO NAZIONALE"},"content":{"rendered":"<h3><em>Gasparini: una filiera abbandonata se stessa che comprime gli allevatori<\/em><\/h3>\n<p>A giugno 2020 l\u2019Assemblea del Consorzio per la tutela del Grana Padano ha stabilito la possibilit\u00e0 di spalmare la riduzione del 3% delle produzioni nel biennio 2020-2021 (mantenendo comunque, per il 2021, la riduzione secca di un 1%). Il Consiglio, il 3 settembre ha deliberato di proporre all\u2019Assemblea di introdurre la possibilit\u00e0 di posticipare la riduzione dell\u20191.5%, prevista per l\u2019anno in corso, nel 2021. In sostanza la riduzione delle produzioni per le due annate dovr\u00e0 essere, per ogni caseificio, del 4%, ma si avr\u00e0 pi\u00f9 flessibilit\u00e0 sui tempi delle decurtazioni. Tutto questo mentre il latte crudo spot nelle ultime quotazioni della Borsa merci a Milano ha visto il prezzo del latte estero eguagliare quello nazionale e il latte intero in cisterna proveniente da Austria e Germania \u00e8 stato quotato a Verona 39 euro al quintale (31 agosto).\u00a0 \u201c\u00c8 una fotografia di una filiera lasciata a se stessa che sgretola gli investimenti delle aziende\u201d \u2013 commenta duramente Filippo Gasparini, presidente di Confagricoltura Piacenza di fronte a questi valori che vedono il paradosso del latte estero in cisterna costare di pi\u00f9 rispetto a quello nazionale. \u201cC\u2019\u00e8 un\u2019inopinata corsa a vendere del latte &#8211; prosegue Gasparini \u2013 la filiera del Grana Padano non crea valore, o meglio, quello che crea lo fa schiacciando il prezzo del latte alla stalla determinando, per la prima volta, un prezzo del latte conferito a Grana pi\u00f9 basso del prezzo di latte estero\u201d. A parere del presidente di Confagricoltura Piacenza nelle strategie del Consorzio gli allevatori non sono n\u00e9 rappresentati n\u00e9 tutelati. La filiera della grande Dop, sorda alle necessit\u00e0 dei produttori, dopo aver chiesto di ridurre le produzioni, sta generando continuativamente sul mercato un eccesso di offerta di latte. \u201cTroppo latte esce dai canali soliti del Grana Padano e si riversa sul mercato, la reiterata adozione dei piani produttivi gestiti in questo modo non funziona. Non \u00e8 pi\u00f9 possibile cercare di creare valore continuando a comprimere il primo anello della filiera\u201d.\u00a0 In tutti i sistemi si devono trovare soluzioni. I piani produttivi erano stati pensati per far fronte a situazioni straordinarie. \u201cPotrebbe aver senso \u2013 riflette Gasparini &#8211;\u00a0 una loro formulazione ad hoc in questo momento cos\u00ec eccezionale, invece sono divenuti strumenti forzatamente piegati a gestire l\u2019ordinario e che paradossalmente mal si adattano a fronteggiare l\u2019emergenza\u201d. Il Grana Padano stagionato nove mesi da produttore viene quotato ad agosto su Milano \u20ac 6.15\/kg con un decremento di oltre il 23% rispetto allo stesso periodo dell\u2019anno scorso, perde meno (8.31%) ma si tratta comunque di percentuali importanti lo stagionato oltre 15 mesi quotato \u20ac 7.18\/Kg. Concentrandoci sul breve periodo si registra qualche debole segnale di miglioramento nelle ultime settimane. Luned\u00ec 31 agosto la Borsa merci di Milano ha registrato un aumento del prezzo dello 0,58% per il Grana Padano \u201criserva 20 mesi\u201d a 8,60 \u20ac\/kg; stabili Mantova (il 27 agosto) i listini del Grana Padano 10 mesi (6,18 \u20ac\/kg). \u201c\u00c8 notizia di questi giorni di stalle marginali che rischiano di veder abbandonata la loro offerta, nel momento in cui i caseifici vendono latte, cosa per cui non sono certo stati pensati.\u00a0 Anche questo \u00e8 una prova che i piani produttivi, come sono, non vanno bene. I caseifici devono trasformare il latte e nell\u2019economia i virtuosi sviluppano i canali di mercato. Siamo consapevoli della particolarit\u00e0 del momento \u2013 rimarca il presidente di Confagricoltura Piacenza \u2013 e ci chiediamo anche se il mondo agricolo stia contribuendo a stimolare l\u2019industria e facendo tutto ci\u00f2 che \u00e8 in suo possesso affinch\u00e9 il comparto intero possa fare sviluppo e acquisire valore all\u2019esterno.\u00a0 Oggi vediamo una filiera che sa solo comprimere la produttivit\u00e0 delle aziende primarie, generando, di fatto, una brutale e grossolana indicizzazione, e inficia cos\u00ec piani di sviluppo e investimenti che le hanno portate, negli anni, a migliorare le loro performance. Il sistema non tiene conto, lo ribadiamo, n\u00e9 delle necessit\u00e0 n\u00e9 della rappresentativit\u00e0 del mondo allevatoriale, in ci\u00f2 venendo meno alla ratio per la quale \u00e8 stata pensata la tutela delle Dop legate ai produttori di un territorio. Confagricoltura Piacenza lanciando, ormai due anni fa, quella stagione di proposte che doveva generare una discussione e un dibattito, aveva ben chiari questi pericoli. Sicuramente la revisione del sistema di gestione delle quote, con una partecipazione attiva degli allevatori, non tanto per il fatto in s\u00e9 ma per gli effetti che ne sarebbero scaturiti, avrebbe contribuito ad una filiera pi\u00f9 motivata e capace di andare ad acquisire valore sui mercati\u201d.<\/p>\n<p><img loading=\"lazy\" decoding=\"async\" class=\"alignnone size-full wp-image-1806 img-responsive\" src=\"http:\/\/www.confagricoltura.org\/piacenza\/wp-content\/uploads\/sites\/3\/2019\/07\/Filippo-Gasparini-1.jpg\" alt=\"\" width=\"791\" height=\"1157\" \/><\/p>\n<p>presidente di Confagricoltura Piacenza \u2013 Filippo Gasparini.<\/p>\n","protected":false},"excerpt":{"rendered":"<p>Gasparini: una filiera abbandonata se stessa che comprime gli allevatori A giugno 2020 l\u2019Assemblea del Consorzio per la tutela del Grana Padano ha stabilito la possibilit\u00e0 di spalmare la riduzione del 3% delle produzioni nel biennio 2020-2021 (mantenendo comunque, per il 2021, la riduzione secca di un 1%). Il Consiglio, il 3 settembre ha deliberato<\/p>\n","protected":false},"author":6,"featured_media":0,"comment_status":"open","ping_status":"open","sticky":false,"template":"","format":"standard","meta":{"wp_mapbox_gl_js_media":[],"footnotes":""},"categories":[335],"tags":[],"class_list":["post-2264","post","type-post","status-publish","format-standard","hentry","category-archivio"],"yoast_head":"<!-- This site is optimized with the Yoast SEO plugin v26.8 - https:\/\/yoast.com\/product\/yoast-seo-wordpress\/ -->\n<title>IL LATTE SPOT ESTERO QUOTATO DI PIU\u2019 DI QUELLO NAZIONALE - Confagricoltura Piacenza<\/title>\n<meta name=\"robots\" content=\"index, follow, max-snippet:-1, max-image-preview:large, max-video-preview:-1\" \/>\n<link rel=\"canonical\" href=\"https:\/\/www.confagricoltura.org\/piacenza\/il-latte-spot-estero-quotato-di-piu-di-quello-nazionale\/\" \/>\n<meta property=\"og:locale\" content=\"it_IT\" \/>\n<meta property=\"og:type\" content=\"article\" \/>\n<meta property=\"og:title\" content=\"IL LATTE SPOT ESTERO QUOTATO DI PIU\u2019 DI QUELLO NAZIONALE - Confagricoltura Piacenza\" \/>\n<meta property=\"og:description\" content=\"Gasparini: una filiera abbandonata se stessa che comprime gli allevatori A giugno 2020 l\u2019Assemblea del Consorzio per la tutela del Grana Padano ha stabilito la possibilit\u00e0 di spalmare la riduzione del 3% delle produzioni nel biennio 2020-2021 (mantenendo comunque, per il 2021, la riduzione secca di un 1%). Il Consiglio, il 3 settembre ha deliberato\" \/>\n<meta property=\"og:url\" content=\"https:\/\/www.confagricoltura.org\/piacenza\/il-latte-spot-estero-quotato-di-piu-di-quello-nazionale\/\" \/>\n<meta property=\"og:site_name\" content=\"Confagricoltura Piacenza\" \/>\n<meta property=\"article:published_time\" content=\"2020-09-09T11:24:16+00:00\" \/>\n<meta property=\"article:modified_time\" content=\"2021-03-11T12:13:53+00:00\" \/>\n<meta property=\"og:image\" content=\"http:\/\/www.confagricoltura.org\/piacenza\/wp-content\/uploads\/sites\/3\/2019\/07\/Filippo-Gasparini-1.jpg\" \/>\n<meta name=\"author\" content=\"confagricolturapiacenza\" \/>\n<meta name=\"twitter:card\" content=\"summary_large_image\" \/>\n<meta name=\"twitter:label1\" content=\"Scritto da\" \/>\n\t<meta name=\"twitter:data1\" content=\"confagricolturapiacenza\" \/>\n\t<meta name=\"twitter:label2\" content=\"Tempo di lettura stimato\" \/>\n\t<meta name=\"twitter:data2\" content=\"4 minuti\" \/>\n<script type=\"application\/ld+json\" class=\"yoast-schema-graph\">{\"@context\":\"https:\/\/schema.org\",\"@graph\":[{\"@type\":\"Article\",\"@id\":\"https:\/\/www.confagricoltura.org\/piacenza\/il-latte-spot-estero-quotato-di-piu-di-quello-nazionale\/#article\",\"isPartOf\":{\"@id\":\"https:\/\/www.confagricoltura.org\/piacenza\/il-latte-spot-estero-quotato-di-piu-di-quello-nazionale\/\"},\"author\":{\"name\":\"confagricolturapiacenza\",\"@id\":\"https:\/\/www.confagricoltura.org\/piacenza\/#\/schema\/person\/be5da25a3117fea4b3bfec9dba09b5e8\"},\"headline\":\"IL LATTE SPOT ESTERO QUOTATO DI PIU\u2019 DI QUELLO NAZIONALE\",\"datePublished\":\"2020-09-09T11:24:16+00:00\",\"dateModified\":\"2021-03-11T12:13:53+00:00\",\"mainEntityOfPage\":{\"@id\":\"https:\/\/www.confagricoltura.org\/piacenza\/il-latte-spot-estero-quotato-di-piu-di-quello-nazionale\/\"},\"wordCount\":739,\"commentCount\":0,\"image\":{\"@id\":\"https:\/\/www.confagricoltura.org\/piacenza\/il-latte-spot-estero-quotato-di-piu-di-quello-nazionale\/#primaryimage\"},\"thumbnailUrl\":\"http:\/\/www.confagricoltura.org\/piacenza\/wp-content\/uploads\/sites\/3\/2019\/07\/Filippo-Gasparini-1.jpg\",\"articleSection\":[\"Archivio\"],\"inLanguage\":\"it-IT\"},{\"@type\":\"WebPage\",\"@id\":\"https:\/\/www.confagricoltura.org\/piacenza\/il-latte-spot-estero-quotato-di-piu-di-quello-nazionale\/\",\"url\":\"https:\/\/www.confagricoltura.org\/piacenza\/il-latte-spot-estero-quotato-di-piu-di-quello-nazionale\/\",\"name\":\"IL LATTE SPOT ESTERO QUOTATO DI PIU\u2019 DI QUELLO NAZIONALE - Confagricoltura Piacenza\",\"isPartOf\":{\"@id\":\"https:\/\/www.confagricoltura.org\/piacenza\/#website\"},\"primaryImageOfPage\":{\"@id\":\"https:\/\/www.confagricoltura.org\/piacenza\/il-latte-spot-estero-quotato-di-piu-di-quello-nazionale\/#primaryimage\"},\"image\":{\"@id\":\"https:\/\/www.confagricoltura.org\/piacenza\/il-latte-spot-estero-quotato-di-piu-di-quello-nazionale\/#primaryimage\"},\"thumbnailUrl\":\"http:\/\/www.confagricoltura.org\/piacenza\/wp-content\/uploads\/sites\/3\/2019\/07\/Filippo-Gasparini-1.jpg\",\"datePublished\":\"2020-09-09T11:24:16+00:00\",\"dateModified\":\"2021-03-11T12:13:53+00:00\",\"author\":{\"@id\":\"https:\/\/www.confagricoltura.org\/piacenza\/#\/schema\/person\/be5da25a3117fea4b3bfec9dba09b5e8\"},\"breadcrumb\":{\"@id\":\"https:\/\/www.confagricoltura.org\/piacenza\/il-latte-spot-estero-quotato-di-piu-di-quello-nazionale\/#breadcrumb\"},\"inLanguage\":\"it-IT\",\"potentialAction\":[{\"@type\":\"ReadAction\",\"target\":[\"https:\/\/www.confagricoltura.org\/piacenza\/il-latte-spot-estero-quotato-di-piu-di-quello-nazionale\/\"]}]},{\"@type\":\"ImageObject\",\"inLanguage\":\"it-IT\",\"@id\":\"https:\/\/www.confagricoltura.org\/piacenza\/il-latte-spot-estero-quotato-di-piu-di-quello-nazionale\/#primaryimage\",\"url\":\"http:\/\/www.confagricoltura.org\/piacenza\/wp-content\/uploads\/sites\/3\/2019\/07\/Filippo-Gasparini-1.jpg\",\"contentUrl\":\"http:\/\/www.confagricoltura.org\/piacenza\/wp-content\/uploads\/sites\/3\/2019\/07\/Filippo-Gasparini-1.jpg\"},{\"@type\":\"BreadcrumbList\",\"@id\":\"https:\/\/www.confagricoltura.org\/piacenza\/il-latte-spot-estero-quotato-di-piu-di-quello-nazionale\/#breadcrumb\",\"itemListElement\":[{\"@type\":\"ListItem\",\"position\":1,\"name\":\"Home\",\"item\":\"https:\/\/www.confagricoltura.org\/piacenza\/\"},{\"@type\":\"ListItem\",\"position\":2,\"name\":\"IL LATTE SPOT ESTERO QUOTATO DI PIU\u2019 DI QUELLO NAZIONALE\"}]},{\"@type\":\"WebSite\",\"@id\":\"https:\/\/www.confagricoltura.org\/piacenza\/#website\",\"url\":\"https:\/\/www.confagricoltura.org\/piacenza\/\",\"name\":\"Confagricoltura Piacenza\",\"description\":\"Dalla parte degli Agricoltori\",\"potentialAction\":[{\"@type\":\"SearchAction\",\"target\":{\"@type\":\"EntryPoint\",\"urlTemplate\":\"https:\/\/www.confagricoltura.org\/piacenza\/?s={search_term_string}\"},\"query-input\":{\"@type\":\"PropertyValueSpecification\",\"valueRequired\":true,\"valueName\":\"search_term_string\"}}],\"inLanguage\":\"it-IT\"},{\"@type\":\"Person\",\"@id\":\"https:\/\/www.confagricoltura.org\/piacenza\/#\/schema\/person\/be5da25a3117fea4b3bfec9dba09b5e8\",\"name\":\"confagricolturapiacenza\",\"image\":{\"@type\":\"ImageObject\",\"inLanguage\":\"it-IT\",\"@id\":\"https:\/\/www.confagricoltura.org\/piacenza\/#\/schema\/person\/image\/\",\"url\":\"https:\/\/secure.gravatar.com\/avatar\/9c5f111e417171581853bd0a3ff892ca?s=96&d=mm&r=g\",\"contentUrl\":\"https:\/\/secure.gravatar.com\/avatar\/9c5f111e417171581853bd0a3ff892ca?s=96&d=mm&r=g\",\"caption\":\"confagricolturapiacenza\"},\"url\":\"https:\/\/www.confagricoltura.org\/piacenza\/author\/confagricolturapiacenza\/\"}]}<\/script>\n<!-- \/ Yoast SEO plugin. -->","yoast_head_json":{"title":"IL LATTE SPOT ESTERO QUOTATO DI PIU\u2019 DI QUELLO NAZIONALE - Confagricoltura Piacenza","robots":{"index":"index","follow":"follow","max-snippet":"max-snippet:-1","max-image-preview":"max-image-preview:large","max-video-preview":"max-video-preview:-1"},"canonical":"https:\/\/www.confagricoltura.org\/piacenza\/il-latte-spot-estero-quotato-di-piu-di-quello-nazionale\/","og_locale":"it_IT","og_type":"article","og_title":"IL LATTE SPOT ESTERO QUOTATO DI PIU\u2019 DI QUELLO NAZIONALE - Confagricoltura Piacenza","og_description":"Gasparini: una filiera abbandonata se stessa che comprime gli allevatori A giugno 2020 l\u2019Assemblea del Consorzio per la tutela del Grana Padano ha stabilito la possibilit\u00e0 di spalmare la riduzione del 3% delle produzioni nel biennio 2020-2021 (mantenendo comunque, per il 2021, la riduzione secca di un 1%). Il Consiglio, il 3 settembre ha deliberato","og_url":"https:\/\/www.confagricoltura.org\/piacenza\/il-latte-spot-estero-quotato-di-piu-di-quello-nazionale\/","og_site_name":"Confagricoltura Piacenza","article_published_time":"2020-09-09T11:24:16+00:00","article_modified_time":"2021-03-11T12:13:53+00:00","og_image":[{"url":"http:\/\/www.confagricoltura.org\/piacenza\/wp-content\/uploads\/sites\/3\/2019\/07\/Filippo-Gasparini-1.jpg","type":"","width":"","height":""}],"author":"confagricolturapiacenza","twitter_card":"summary_large_image","twitter_misc":{"Scritto da":"confagricolturapiacenza","Tempo di lettura stimato":"4 minuti"},"schema":{"@context":"https:\/\/schema.org","@graph":[{"@type":"Article","@id":"https:\/\/www.confagricoltura.org\/piacenza\/il-latte-spot-estero-quotato-di-piu-di-quello-nazionale\/#article","isPartOf":{"@id":"https:\/\/www.confagricoltura.org\/piacenza\/il-latte-spot-estero-quotato-di-piu-di-quello-nazionale\/"},"author":{"name":"confagricolturapiacenza","@id":"https:\/\/www.confagricoltura.org\/piacenza\/#\/schema\/person\/be5da25a3117fea4b3bfec9dba09b5e8"},"headline":"IL LATTE SPOT ESTERO QUOTATO DI PIU\u2019 DI QUELLO NAZIONALE","datePublished":"2020-09-09T11:24:16+00:00","dateModified":"2021-03-11T12:13:53+00:00","mainEntityOfPage":{"@id":"https:\/\/www.confagricoltura.org\/piacenza\/il-latte-spot-estero-quotato-di-piu-di-quello-nazionale\/"},"wordCount":739,"commentCount":0,"image":{"@id":"https:\/\/www.confagricoltura.org\/piacenza\/il-latte-spot-estero-quotato-di-piu-di-quello-nazionale\/#primaryimage"},"thumbnailUrl":"http:\/\/www.confagricoltura.org\/piacenza\/wp-content\/uploads\/sites\/3\/2019\/07\/Filippo-Gasparini-1.jpg","articleSection":["Archivio"],"inLanguage":"it-IT"},{"@type":"WebPage","@id":"https:\/\/www.confagricoltura.org\/piacenza\/il-latte-spot-estero-quotato-di-piu-di-quello-nazionale\/","url":"https:\/\/www.confagricoltura.org\/piacenza\/il-latte-spot-estero-quotato-di-piu-di-quello-nazionale\/","name":"IL LATTE SPOT ESTERO QUOTATO DI PIU\u2019 DI QUELLO NAZIONALE - Confagricoltura Piacenza","isPartOf":{"@id":"https:\/\/www.confagricoltura.org\/piacenza\/#website"},"primaryImageOfPage":{"@id":"https:\/\/www.confagricoltura.org\/piacenza\/il-latte-spot-estero-quotato-di-piu-di-quello-nazionale\/#primaryimage"},"image":{"@id":"https:\/\/www.confagricoltura.org\/piacenza\/il-latte-spot-estero-quotato-di-piu-di-quello-nazionale\/#primaryimage"},"thumbnailUrl":"http:\/\/www.confagricoltura.org\/piacenza\/wp-content\/uploads\/sites\/3\/2019\/07\/Filippo-Gasparini-1.jpg","datePublished":"2020-09-09T11:24:16+00:00","dateModified":"2021-03-11T12:13:53+00:00","author":{"@id":"https:\/\/www.confagricoltura.org\/piacenza\/#\/schema\/person\/be5da25a3117fea4b3bfec9dba09b5e8"},"breadcrumb":{"@id":"https:\/\/www.confagricoltura.org\/piacenza\/il-latte-spot-estero-quotato-di-piu-di-quello-nazionale\/#breadcrumb"},"inLanguage":"it-IT","potentialAction":[{"@type":"ReadAction","target":["https:\/\/www.confagricoltura.org\/piacenza\/il-latte-spot-estero-quotato-di-piu-di-quello-nazionale\/"]}]},{"@type":"ImageObject","inLanguage":"it-IT","@id":"https:\/\/www.confagricoltura.org\/piacenza\/il-latte-spot-estero-quotato-di-piu-di-quello-nazionale\/#primaryimage","url":"http:\/\/www.confagricoltura.org\/piacenza\/wp-content\/uploads\/sites\/3\/2019\/07\/Filippo-Gasparini-1.jpg","contentUrl":"http:\/\/www.confagricoltura.org\/piacenza\/wp-content\/uploads\/sites\/3\/2019\/07\/Filippo-Gasparini-1.jpg"},{"@type":"BreadcrumbList","@id":"https:\/\/www.confagricoltura.org\/piacenza\/il-latte-spot-estero-quotato-di-piu-di-quello-nazionale\/#breadcrumb","itemListElement":[{"@type":"ListItem","position":1,"name":"Home","item":"https:\/\/www.confagricoltura.org\/piacenza\/"},{"@type":"ListItem","position":2,"name":"IL LATTE SPOT ESTERO QUOTATO DI PIU\u2019 DI QUELLO NAZIONALE"}]},{"@type":"WebSite","@id":"https:\/\/www.confagricoltura.org\/piacenza\/#website","url":"https:\/\/www.confagricoltura.org\/piacenza\/","name":"Confagricoltura Piacenza","description":"Dalla parte degli Agricoltori","potentialAction":[{"@type":"SearchAction","target":{"@type":"EntryPoint","urlTemplate":"https:\/\/www.confagricoltura.org\/piacenza\/?s={search_term_string}"},"query-input":{"@type":"PropertyValueSpecification","valueRequired":true,"valueName":"search_term_string"}}],"inLanguage":"it-IT"},{"@type":"Person","@id":"https:\/\/www.confagricoltura.org\/piacenza\/#\/schema\/person\/be5da25a3117fea4b3bfec9dba09b5e8","name":"confagricolturapiacenza","image":{"@type":"ImageObject","inLanguage":"it-IT","@id":"https:\/\/www.confagricoltura.org\/piacenza\/#\/schema\/person\/image\/","url":"https:\/\/secure.gravatar.com\/avatar\/9c5f111e417171581853bd0a3ff892ca?s=96&d=mm&r=g","contentUrl":"https:\/\/secure.gravatar.com\/avatar\/9c5f111e417171581853bd0a3ff892ca?s=96&d=mm&r=g","caption":"confagricolturapiacenza"},"url":"https:\/\/www.confagricoltura.org\/piacenza\/author\/confagricolturapiacenza\/"}]}},"_links":{"self":[{"href":"https:\/\/www.confagricoltura.org\/piacenza\/wp-json\/wp\/v2\/posts\/2264","targetHints":{"allow":["GET"]}}],"collection":[{"href":"https:\/\/www.confagricoltura.org\/piacenza\/wp-json\/wp\/v2\/posts"}],"about":[{"href":"https:\/\/www.confagricoltura.org\/piacenza\/wp-json\/wp\/v2\/types\/post"}],"author":[{"embeddable":true,"href":"https:\/\/www.confagricoltura.org\/piacenza\/wp-json\/wp\/v2\/users\/6"}],"replies":[{"embeddable":true,"href":"https:\/\/www.confagricoltura.org\/piacenza\/wp-json\/wp\/v2\/comments?post=2264"}],"version-history":[{"count":1,"href":"https:\/\/www.confagricoltura.org\/piacenza\/wp-json\/wp\/v2\/posts\/2264\/revisions"}],"predecessor-version":[{"id":2568,"href":"https:\/\/www.confagricoltura.org\/piacenza\/wp-json\/wp\/v2\/posts\/2264\/revisions\/2568"}],"wp:attachment":[{"href":"https:\/\/www.confagricoltura.org\/piacenza\/wp-json\/wp\/v2\/media?parent=2264"}],"wp:term":[{"taxonomy":"category","embeddable":true,"href":"https:\/\/www.confagricoltura.org\/piacenza\/wp-json\/wp\/v2\/categories?post=2264"},{"taxonomy":"post_tag","embeddable":true,"href":"https:\/\/www.confagricoltura.org\/piacenza\/wp-json\/wp\/v2\/tags?post=2264"}],"curies":[{"name":"wp","href":"https:\/\/api.w.org\/{rel}","templated":true}]}}