{"id":2240,"date":"2020-08-10T15:56:05","date_gmt":"2020-08-10T13:56:05","guid":{"rendered":"http:\/\/www.confagricoltura.org\/piacenza\/?p=2240"},"modified":"2021-03-11T13:13:53","modified_gmt":"2021-03-11T12:13:53","slug":"lassociazione-bieticoltori-italiani-rinnova-i-vertici-garagnani-presidente","status":"publish","type":"post","link":"https:\/\/www.confagricoltura.org\/piacenza\/lassociazione-bieticoltori-italiani-rinnova-i-vertici-garagnani-presidente\/","title":{"rendered":"L\u2019ASSOCIAZIONE BIETICOLTORI ITALIANI RINNOVA I VERTICI: GARAGNANI PRESIDENTE"},"content":{"rendered":"<p><em>Gasparini: a Piacenza un\u2019attenzione particolare alla valorizzazione delle biomasse<\/em><\/p>\n<p>La storica associazione di bieticoltori italiani ANB a fine luglio ha rinnovato i propri vertici: Guglielmo Garagnani \u00e8 il nuovo presidente, Lodovico Giustiniani il vicepresidente. Giangiacomo Gallarati Scotti Bonaldi passa alla guida di ANB Coop e sar\u00e0 affiancato dal presidente di Confagricoltura Emilia Romagna, Marcello Bonvicini.\u00a0 Guglielmo Garagnani, presidente di Confagricoltura Bologna, produce barbabietole, cereali, girasole e latte per il Parmigiano Reggiano in Valsamoggia (Bo).\u00a0 Garagnani ha voluto ringraziare Giangiacomo Gallarati Scotti Bonaldi per il lavoro svolto alla presidenza di ANB nel periodo 2013-2020. L\u2019associazione conta pi\u00f9 di 3 mila soci e un fatturato aggregato che supera i 30 milioni di euro, cresciuto del 30% nell\u2019ultimo quinquennio; dal 2012 l\u2019ANB guida la Confederazione generale bieticoltori italiani-(CGBI) insieme al Consorzio nazionale bieticoltori (CNB). Il valore aggiunto \u00e8 dato da una progettualit\u00e0 comune, condivisa con le aziende consociate (sono 20 gli impianti a biogas finora realizzati e oltre 200 quelli assisiti in service in Italia e all\u2019estero), con il supporto tecnico di Bietifin srl. Questa strategia viene portata avanti grazie al braccio operativo di ANB Coop e ANB Holding. Il rinnovo dei vertici della storica associazione bieticola ha visto anche l\u2019elezione di Giangiacomo Gallarati Scotti Bonaldi alla guida di ANB Coop, che succede a Enrico Gambi. Gallarati Scotti Bonaldi conduce l\u2019azienda Liasora, a Ponte di Piave (Tv) ed \u00e8 presidente di Confagricoltura Treviso. Sar\u00e0 affiancato dal vice Marcello Bonvicini, attuale presidente di Confagricoltura Emilia Romagna, che dal 1996 \u00e8 al timone della cooperativa agricola \u201cLa Libert\u00e0\u201d, produttrice di cereali, barbabietole da zucchero, riso e orticole, con sede a Santa Vittoria di Gualtieri (RE). Alla vicepresidenza sale Lodovico Giustiniani, presidente di Confagricoltura Veneto e imprenditore agricolo del Trevigiano dove coltiva la vite e tanto altro fino a produrre biogas. \u201cLa storia della bieticoltura italiana nasce con la fondazione di ANB, oltre un secolo fa \u2013 ha detto Garagnani &#8211; continuer\u00f2 a tutelare gli interessi dei produttori di barbabietole sui tavoli nazionali ed europei, a salvaguardare la bieticoltura nell\u2019ambito del sistema bieticolo-saccarifero come anche la sua valorizzazione a fini agroenergetici per dare vita a una pi\u00f9 efficiente filiera bieticola orientata verso l\u2019economia circolare. L\u2019obiettivo \u00e8 realizzare filiere agroindustriali &#8211; cereali e proteoleaginose; biomasse, biogas e biometano -, che possano garantire agli associati profittevoli proposte commerciali e un maggior reddito\u201d.\u00a0 \u201cCi congratuliamo con i neoeletti \u2013 ha commentato il presidente di Confagricoltura Piacenza, Filippo Gasparini \u2013 siamo certi che potremo continuare ad trovare in Anb un punto di riferimento per le nostre aziende. La coltura della bietola, fortemente radicata sul nostro territorio, aveva subito un drastico riassetto con il piano di ristrutturazione indicato dall\u2019Unione Europea, ma nelle ultime campagne \u00e8 stata riscoperta anche in virt\u00f9 delle garanzie dei contratti di filiera per i quali Anb si \u00e8 adoperata\u201d.\u00a0 La cooperativa di ANB \u00e8 un punto di riferimento per la contrattualistica con l\u2019industria nel settore delle grandi colture e in particolare colza, girasole e soia; ANB Coop si \u00e8 costituita nel 2011 con il fine di qualificare sempre pi\u00f9 il sottoprodotto della barbabietola attraverso la produzione di biogas poi ha allargato il suo raggio d\u2019azione, integrando altre attivit\u00e0 come la raccolta di biomasse (sorgo da fibra, stocchi di cereali, paglia, cippato di legno, ecc.) per gli impianti a combustione. \u201cIl nostro territorio e in particolar modo le aziende di Confagricoltura Piacenza \u2013 prosegue Gasparini &#8211; sono state tra le prime a investire nel comparto delle biomasse e nella realizzazione dei biodigestori sin dai primi anni 2000, intendiamo dunque proseguire su questa strada valorizzando anche le possibilit\u00e0 fornite dal gruppo CGBI che ha costruito nel biogas un modello organizzato e avanzato\u201d. L\u2019intera produzione di polpe della bietola da zucchero conferita dal bieticoltore viene trasformata negli impianti aderenti al gruppo bieticolo CGBI che \u00e8 riuscito cos\u00ec a riconoscere all\u2019agricoltore un surplus di 5 euro a tonnellata sul prezzo della bietola.\u00a0 CGBI guarda ora alla nuova frontiera dell\u2019energia pulita, il biometano, con un modello simile a quello realizzato per il biogas e una proposta convincente: aggregare la produzione di biometano agricolo sulla piattaforma \u201cAgri.Bio.Mobilty\u201d, offrendo una valorizzazione commerciale attraverso il marchio Verdemetano. \u201cTutto ci\u00f2 che riguarda l\u2019agricoltura avanzata \u00e8 di nostro interesse \u2013 conclude Gasparini &#8211; la fattibilit\u00e0 dei progetti dipende soprattutto dalla valorizzazione commerciale delle capacit\u00e0 produttive senza la quale non ci pu\u00f2 essere alcuna tutela ambientale. Siamo soddisfatti di trovare interlocutori che ci supportano in questo sforzo come ANB&#8221;.<\/p>\n<p>&nbsp;<\/p>\n<p><img loading=\"lazy\" decoding=\"async\" class=\"alignnone wp-image-2241 img-responsive\" src=\"http:\/\/www.confagricoltura.org\/piacenza\/wp-content\/uploads\/sites\/3\/2020\/08\/da-six-Giangiacomo-Bonaldi-e-Guglielmo-Garagnani.jpg\" alt=\"\" width=\"363\" height=\"269\" \/><\/p>\n<p>&nbsp;<\/p>\n<p>da six Giangiacomo Bonaldi e Guglielmo Garagnani<\/p>\n","protected":false},"excerpt":{"rendered":"<p>Gasparini: a Piacenza un\u2019attenzione particolare alla valorizzazione delle biomasse La storica associazione di bieticoltori italiani ANB a fine luglio ha rinnovato i propri vertici: Guglielmo Garagnani \u00e8 il nuovo presidente, Lodovico Giustiniani il vicepresidente. Giangiacomo Gallarati Scotti Bonaldi passa alla guida di ANB Coop e sar\u00e0 affiancato dal presidente di Confagricoltura Emilia Romagna, Marcello Bonvicini.\u00a0<\/p>\n","protected":false},"author":6,"featured_media":0,"comment_status":"open","ping_status":"open","sticky":false,"template":"","format":"standard","meta":{"wp_mapbox_gl_js_media":[],"footnotes":""},"categories":[335],"tags":[312],"class_list":["post-2240","post","type-post","status-publish","format-standard","hentry","category-archivio","tag-anb"],"yoast_head":"<!-- This site is optimized with the Yoast SEO plugin v26.8 - https:\/\/yoast.com\/product\/yoast-seo-wordpress\/ -->\n<title>L\u2019ASSOCIAZIONE BIETICOLTORI ITALIANI RINNOVA I VERTICI: GARAGNANI PRESIDENTE - Confagricoltura Piacenza<\/title>\n<meta name=\"robots\" content=\"index, follow, max-snippet:-1, max-image-preview:large, max-video-preview:-1\" \/>\n<link rel=\"canonical\" href=\"https:\/\/www.confagricoltura.org\/piacenza\/lassociazione-bieticoltori-italiani-rinnova-i-vertici-garagnani-presidente\/\" \/>\n<meta property=\"og:locale\" content=\"it_IT\" \/>\n<meta property=\"og:type\" content=\"article\" \/>\n<meta property=\"og:title\" content=\"L\u2019ASSOCIAZIONE BIETICOLTORI ITALIANI RINNOVA I VERTICI: GARAGNANI PRESIDENTE - Confagricoltura Piacenza\" \/>\n<meta property=\"og:description\" content=\"Gasparini: a Piacenza un\u2019attenzione particolare alla valorizzazione delle biomasse La storica associazione di bieticoltori italiani ANB a fine luglio ha rinnovato i propri vertici: Guglielmo Garagnani \u00e8 il nuovo presidente, Lodovico Giustiniani il vicepresidente. Giangiacomo Gallarati Scotti Bonaldi passa alla guida di ANB Coop e sar\u00e0 affiancato dal presidente di Confagricoltura Emilia Romagna, Marcello Bonvicini.\u00a0\" \/>\n<meta property=\"og:url\" content=\"https:\/\/www.confagricoltura.org\/piacenza\/lassociazione-bieticoltori-italiani-rinnova-i-vertici-garagnani-presidente\/\" \/>\n<meta property=\"og:site_name\" content=\"Confagricoltura Piacenza\" \/>\n<meta property=\"article:published_time\" content=\"2020-08-10T13:56:05+00:00\" \/>\n<meta property=\"article:modified_time\" content=\"2021-03-11T12:13:53+00:00\" \/>\n<meta property=\"og:image\" content=\"http:\/\/www.confagricoltura.org\/piacenza\/wp-content\/uploads\/sites\/3\/2020\/08\/da-six-Giangiacomo-Bonaldi-e-Guglielmo-Garagnani.jpg\" \/>\n<meta name=\"author\" content=\"confagricolturapiacenza\" \/>\n<meta name=\"twitter:card\" content=\"summary_large_image\" \/>\n<meta name=\"twitter:label1\" content=\"Scritto da\" \/>\n\t<meta name=\"twitter:data1\" content=\"confagricolturapiacenza\" \/>\n\t<meta name=\"twitter:label2\" content=\"Tempo di lettura stimato\" \/>\n\t<meta name=\"twitter:data2\" content=\"4 minuti\" \/>\n<script type=\"application\/ld+json\" class=\"yoast-schema-graph\">{\"@context\":\"https:\/\/schema.org\",\"@graph\":[{\"@type\":\"Article\",\"@id\":\"https:\/\/www.confagricoltura.org\/piacenza\/lassociazione-bieticoltori-italiani-rinnova-i-vertici-garagnani-presidente\/#article\",\"isPartOf\":{\"@id\":\"https:\/\/www.confagricoltura.org\/piacenza\/lassociazione-bieticoltori-italiani-rinnova-i-vertici-garagnani-presidente\/\"},\"author\":{\"name\":\"confagricolturapiacenza\",\"@id\":\"https:\/\/www.confagricoltura.org\/piacenza\/#\/schema\/person\/be5da25a3117fea4b3bfec9dba09b5e8\"},\"headline\":\"L\u2019ASSOCIAZIONE BIETICOLTORI ITALIANI RINNOVA I VERTICI: GARAGNANI PRESIDENTE\",\"datePublished\":\"2020-08-10T13:56:05+00:00\",\"dateModified\":\"2021-03-11T12:13:53+00:00\",\"mainEntityOfPage\":{\"@id\":\"https:\/\/www.confagricoltura.org\/piacenza\/lassociazione-bieticoltori-italiani-rinnova-i-vertici-garagnani-presidente\/\"},\"wordCount\":743,\"commentCount\":0,\"image\":{\"@id\":\"https:\/\/www.confagricoltura.org\/piacenza\/lassociazione-bieticoltori-italiani-rinnova-i-vertici-garagnani-presidente\/#primaryimage\"},\"thumbnailUrl\":\"http:\/\/www.confagricoltura.org\/piacenza\/wp-content\/uploads\/sites\/3\/2020\/08\/da-six-Giangiacomo-Bonaldi-e-Guglielmo-Garagnani.jpg\",\"keywords\":[\"ANB\"],\"articleSection\":[\"Archivio\"],\"inLanguage\":\"it-IT\"},{\"@type\":\"WebPage\",\"@id\":\"https:\/\/www.confagricoltura.org\/piacenza\/lassociazione-bieticoltori-italiani-rinnova-i-vertici-garagnani-presidente\/\",\"url\":\"https:\/\/www.confagricoltura.org\/piacenza\/lassociazione-bieticoltori-italiani-rinnova-i-vertici-garagnani-presidente\/\",\"name\":\"L\u2019ASSOCIAZIONE BIETICOLTORI ITALIANI RINNOVA I VERTICI: GARAGNANI PRESIDENTE - Confagricoltura Piacenza\",\"isPartOf\":{\"@id\":\"https:\/\/www.confagricoltura.org\/piacenza\/#website\"},\"primaryImageOfPage\":{\"@id\":\"https:\/\/www.confagricoltura.org\/piacenza\/lassociazione-bieticoltori-italiani-rinnova-i-vertici-garagnani-presidente\/#primaryimage\"},\"image\":{\"@id\":\"https:\/\/www.confagricoltura.org\/piacenza\/lassociazione-bieticoltori-italiani-rinnova-i-vertici-garagnani-presidente\/#primaryimage\"},\"thumbnailUrl\":\"http:\/\/www.confagricoltura.org\/piacenza\/wp-content\/uploads\/sites\/3\/2020\/08\/da-six-Giangiacomo-Bonaldi-e-Guglielmo-Garagnani.jpg\",\"datePublished\":\"2020-08-10T13:56:05+00:00\",\"dateModified\":\"2021-03-11T12:13:53+00:00\",\"author\":{\"@id\":\"https:\/\/www.confagricoltura.org\/piacenza\/#\/schema\/person\/be5da25a3117fea4b3bfec9dba09b5e8\"},\"breadcrumb\":{\"@id\":\"https:\/\/www.confagricoltura.org\/piacenza\/lassociazione-bieticoltori-italiani-rinnova-i-vertici-garagnani-presidente\/#breadcrumb\"},\"inLanguage\":\"it-IT\",\"potentialAction\":[{\"@type\":\"ReadAction\",\"target\":[\"https:\/\/www.confagricoltura.org\/piacenza\/lassociazione-bieticoltori-italiani-rinnova-i-vertici-garagnani-presidente\/\"]}]},{\"@type\":\"ImageObject\",\"inLanguage\":\"it-IT\",\"@id\":\"https:\/\/www.confagricoltura.org\/piacenza\/lassociazione-bieticoltori-italiani-rinnova-i-vertici-garagnani-presidente\/#primaryimage\",\"url\":\"http:\/\/www.confagricoltura.org\/piacenza\/wp-content\/uploads\/sites\/3\/2020\/08\/da-six-Giangiacomo-Bonaldi-e-Guglielmo-Garagnani.jpg\",\"contentUrl\":\"http:\/\/www.confagricoltura.org\/piacenza\/wp-content\/uploads\/sites\/3\/2020\/08\/da-six-Giangiacomo-Bonaldi-e-Guglielmo-Garagnani.jpg\"},{\"@type\":\"BreadcrumbList\",\"@id\":\"https:\/\/www.confagricoltura.org\/piacenza\/lassociazione-bieticoltori-italiani-rinnova-i-vertici-garagnani-presidente\/#breadcrumb\",\"itemListElement\":[{\"@type\":\"ListItem\",\"position\":1,\"name\":\"Home\",\"item\":\"https:\/\/www.confagricoltura.org\/piacenza\/\"},{\"@type\":\"ListItem\",\"position\":2,\"name\":\"L\u2019ASSOCIAZIONE BIETICOLTORI ITALIANI RINNOVA I VERTICI: GARAGNANI PRESIDENTE\"}]},{\"@type\":\"WebSite\",\"@id\":\"https:\/\/www.confagricoltura.org\/piacenza\/#website\",\"url\":\"https:\/\/www.confagricoltura.org\/piacenza\/\",\"name\":\"Confagricoltura Piacenza\",\"description\":\"Dalla parte degli Agricoltori\",\"potentialAction\":[{\"@type\":\"SearchAction\",\"target\":{\"@type\":\"EntryPoint\",\"urlTemplate\":\"https:\/\/www.confagricoltura.org\/piacenza\/?s={search_term_string}\"},\"query-input\":{\"@type\":\"PropertyValueSpecification\",\"valueRequired\":true,\"valueName\":\"search_term_string\"}}],\"inLanguage\":\"it-IT\"},{\"@type\":\"Person\",\"@id\":\"https:\/\/www.confagricoltura.org\/piacenza\/#\/schema\/person\/be5da25a3117fea4b3bfec9dba09b5e8\",\"name\":\"confagricolturapiacenza\",\"image\":{\"@type\":\"ImageObject\",\"inLanguage\":\"it-IT\",\"@id\":\"https:\/\/www.confagricoltura.org\/piacenza\/#\/schema\/person\/image\/\",\"url\":\"https:\/\/secure.gravatar.com\/avatar\/9c5f111e417171581853bd0a3ff892ca?s=96&d=mm&r=g\",\"contentUrl\":\"https:\/\/secure.gravatar.com\/avatar\/9c5f111e417171581853bd0a3ff892ca?s=96&d=mm&r=g\",\"caption\":\"confagricolturapiacenza\"},\"url\":\"https:\/\/www.confagricoltura.org\/piacenza\/author\/confagricolturapiacenza\/\"}]}<\/script>\n<!-- \/ Yoast SEO plugin. -->","yoast_head_json":{"title":"L\u2019ASSOCIAZIONE BIETICOLTORI ITALIANI RINNOVA I VERTICI: GARAGNANI PRESIDENTE - Confagricoltura Piacenza","robots":{"index":"index","follow":"follow","max-snippet":"max-snippet:-1","max-image-preview":"max-image-preview:large","max-video-preview":"max-video-preview:-1"},"canonical":"https:\/\/www.confagricoltura.org\/piacenza\/lassociazione-bieticoltori-italiani-rinnova-i-vertici-garagnani-presidente\/","og_locale":"it_IT","og_type":"article","og_title":"L\u2019ASSOCIAZIONE BIETICOLTORI ITALIANI RINNOVA I VERTICI: GARAGNANI PRESIDENTE - Confagricoltura Piacenza","og_description":"Gasparini: a Piacenza un\u2019attenzione particolare alla valorizzazione delle biomasse La storica associazione di bieticoltori italiani ANB a fine luglio ha rinnovato i propri vertici: Guglielmo Garagnani \u00e8 il nuovo presidente, Lodovico Giustiniani il vicepresidente. Giangiacomo Gallarati Scotti Bonaldi passa alla guida di ANB Coop e sar\u00e0 affiancato dal presidente di Confagricoltura Emilia Romagna, Marcello Bonvicini.\u00a0","og_url":"https:\/\/www.confagricoltura.org\/piacenza\/lassociazione-bieticoltori-italiani-rinnova-i-vertici-garagnani-presidente\/","og_site_name":"Confagricoltura Piacenza","article_published_time":"2020-08-10T13:56:05+00:00","article_modified_time":"2021-03-11T12:13:53+00:00","og_image":[{"url":"http:\/\/www.confagricoltura.org\/piacenza\/wp-content\/uploads\/sites\/3\/2020\/08\/da-six-Giangiacomo-Bonaldi-e-Guglielmo-Garagnani.jpg","type":"","width":"","height":""}],"author":"confagricolturapiacenza","twitter_card":"summary_large_image","twitter_misc":{"Scritto da":"confagricolturapiacenza","Tempo di lettura stimato":"4 minuti"},"schema":{"@context":"https:\/\/schema.org","@graph":[{"@type":"Article","@id":"https:\/\/www.confagricoltura.org\/piacenza\/lassociazione-bieticoltori-italiani-rinnova-i-vertici-garagnani-presidente\/#article","isPartOf":{"@id":"https:\/\/www.confagricoltura.org\/piacenza\/lassociazione-bieticoltori-italiani-rinnova-i-vertici-garagnani-presidente\/"},"author":{"name":"confagricolturapiacenza","@id":"https:\/\/www.confagricoltura.org\/piacenza\/#\/schema\/person\/be5da25a3117fea4b3bfec9dba09b5e8"},"headline":"L\u2019ASSOCIAZIONE BIETICOLTORI ITALIANI RINNOVA I VERTICI: GARAGNANI PRESIDENTE","datePublished":"2020-08-10T13:56:05+00:00","dateModified":"2021-03-11T12:13:53+00:00","mainEntityOfPage":{"@id":"https:\/\/www.confagricoltura.org\/piacenza\/lassociazione-bieticoltori-italiani-rinnova-i-vertici-garagnani-presidente\/"},"wordCount":743,"commentCount":0,"image":{"@id":"https:\/\/www.confagricoltura.org\/piacenza\/lassociazione-bieticoltori-italiani-rinnova-i-vertici-garagnani-presidente\/#primaryimage"},"thumbnailUrl":"http:\/\/www.confagricoltura.org\/piacenza\/wp-content\/uploads\/sites\/3\/2020\/08\/da-six-Giangiacomo-Bonaldi-e-Guglielmo-Garagnani.jpg","keywords":["ANB"],"articleSection":["Archivio"],"inLanguage":"it-IT"},{"@type":"WebPage","@id":"https:\/\/www.confagricoltura.org\/piacenza\/lassociazione-bieticoltori-italiani-rinnova-i-vertici-garagnani-presidente\/","url":"https:\/\/www.confagricoltura.org\/piacenza\/lassociazione-bieticoltori-italiani-rinnova-i-vertici-garagnani-presidente\/","name":"L\u2019ASSOCIAZIONE BIETICOLTORI ITALIANI RINNOVA I VERTICI: GARAGNANI PRESIDENTE - Confagricoltura Piacenza","isPartOf":{"@id":"https:\/\/www.confagricoltura.org\/piacenza\/#website"},"primaryImageOfPage":{"@id":"https:\/\/www.confagricoltura.org\/piacenza\/lassociazione-bieticoltori-italiani-rinnova-i-vertici-garagnani-presidente\/#primaryimage"},"image":{"@id":"https:\/\/www.confagricoltura.org\/piacenza\/lassociazione-bieticoltori-italiani-rinnova-i-vertici-garagnani-presidente\/#primaryimage"},"thumbnailUrl":"http:\/\/www.confagricoltura.org\/piacenza\/wp-content\/uploads\/sites\/3\/2020\/08\/da-six-Giangiacomo-Bonaldi-e-Guglielmo-Garagnani.jpg","datePublished":"2020-08-10T13:56:05+00:00","dateModified":"2021-03-11T12:13:53+00:00","author":{"@id":"https:\/\/www.confagricoltura.org\/piacenza\/#\/schema\/person\/be5da25a3117fea4b3bfec9dba09b5e8"},"breadcrumb":{"@id":"https:\/\/www.confagricoltura.org\/piacenza\/lassociazione-bieticoltori-italiani-rinnova-i-vertici-garagnani-presidente\/#breadcrumb"},"inLanguage":"it-IT","potentialAction":[{"@type":"ReadAction","target":["https:\/\/www.confagricoltura.org\/piacenza\/lassociazione-bieticoltori-italiani-rinnova-i-vertici-garagnani-presidente\/"]}]},{"@type":"ImageObject","inLanguage":"it-IT","@id":"https:\/\/www.confagricoltura.org\/piacenza\/lassociazione-bieticoltori-italiani-rinnova-i-vertici-garagnani-presidente\/#primaryimage","url":"http:\/\/www.confagricoltura.org\/piacenza\/wp-content\/uploads\/sites\/3\/2020\/08\/da-six-Giangiacomo-Bonaldi-e-Guglielmo-Garagnani.jpg","contentUrl":"http:\/\/www.confagricoltura.org\/piacenza\/wp-content\/uploads\/sites\/3\/2020\/08\/da-six-Giangiacomo-Bonaldi-e-Guglielmo-Garagnani.jpg"},{"@type":"BreadcrumbList","@id":"https:\/\/www.confagricoltura.org\/piacenza\/lassociazione-bieticoltori-italiani-rinnova-i-vertici-garagnani-presidente\/#breadcrumb","itemListElement":[{"@type":"ListItem","position":1,"name":"Home","item":"https:\/\/www.confagricoltura.org\/piacenza\/"},{"@type":"ListItem","position":2,"name":"L\u2019ASSOCIAZIONE BIETICOLTORI ITALIANI RINNOVA I VERTICI: GARAGNANI PRESIDENTE"}]},{"@type":"WebSite","@id":"https:\/\/www.confagricoltura.org\/piacenza\/#website","url":"https:\/\/www.confagricoltura.org\/piacenza\/","name":"Confagricoltura Piacenza","description":"Dalla parte degli Agricoltori","potentialAction":[{"@type":"SearchAction","target":{"@type":"EntryPoint","urlTemplate":"https:\/\/www.confagricoltura.org\/piacenza\/?s={search_term_string}"},"query-input":{"@type":"PropertyValueSpecification","valueRequired":true,"valueName":"search_term_string"}}],"inLanguage":"it-IT"},{"@type":"Person","@id":"https:\/\/www.confagricoltura.org\/piacenza\/#\/schema\/person\/be5da25a3117fea4b3bfec9dba09b5e8","name":"confagricolturapiacenza","image":{"@type":"ImageObject","inLanguage":"it-IT","@id":"https:\/\/www.confagricoltura.org\/piacenza\/#\/schema\/person\/image\/","url":"https:\/\/secure.gravatar.com\/avatar\/9c5f111e417171581853bd0a3ff892ca?s=96&d=mm&r=g","contentUrl":"https:\/\/secure.gravatar.com\/avatar\/9c5f111e417171581853bd0a3ff892ca?s=96&d=mm&r=g","caption":"confagricolturapiacenza"},"url":"https:\/\/www.confagricoltura.org\/piacenza\/author\/confagricolturapiacenza\/"}]}},"_links":{"self":[{"href":"https:\/\/www.confagricoltura.org\/piacenza\/wp-json\/wp\/v2\/posts\/2240","targetHints":{"allow":["GET"]}}],"collection":[{"href":"https:\/\/www.confagricoltura.org\/piacenza\/wp-json\/wp\/v2\/posts"}],"about":[{"href":"https:\/\/www.confagricoltura.org\/piacenza\/wp-json\/wp\/v2\/types\/post"}],"author":[{"embeddable":true,"href":"https:\/\/www.confagricoltura.org\/piacenza\/wp-json\/wp\/v2\/users\/6"}],"replies":[{"embeddable":true,"href":"https:\/\/www.confagricoltura.org\/piacenza\/wp-json\/wp\/v2\/comments?post=2240"}],"version-history":[{"count":1,"href":"https:\/\/www.confagricoltura.org\/piacenza\/wp-json\/wp\/v2\/posts\/2240\/revisions"}],"predecessor-version":[{"id":2575,"href":"https:\/\/www.confagricoltura.org\/piacenza\/wp-json\/wp\/v2\/posts\/2240\/revisions\/2575"}],"wp:attachment":[{"href":"https:\/\/www.confagricoltura.org\/piacenza\/wp-json\/wp\/v2\/media?parent=2240"}],"wp:term":[{"taxonomy":"category","embeddable":true,"href":"https:\/\/www.confagricoltura.org\/piacenza\/wp-json\/wp\/v2\/categories?post=2240"},{"taxonomy":"post_tag","embeddable":true,"href":"https:\/\/www.confagricoltura.org\/piacenza\/wp-json\/wp\/v2\/tags?post=2240"}],"curies":[{"name":"wp","href":"https:\/\/api.w.org\/{rel}","templated":true}]}}