{"id":2226,"date":"2020-07-23T13:00:43","date_gmt":"2020-07-23T11:00:43","guid":{"rendered":"http:\/\/www.confagricoltura.org\/piacenza\/?p=2226"},"modified":"2021-03-11T13:13:54","modified_gmt":"2021-03-11T12:13:54","slug":"lassessore-mammi-incontra-a-piacenza-il-consiglio-di-confagricoltura-regionale","status":"publish","type":"post","link":"https:\/\/www.confagricoltura.org\/piacenza\/lassessore-mammi-incontra-a-piacenza-il-consiglio-di-confagricoltura-regionale\/","title":{"rendered":"L\u2019ASSESSORE MAMMI INCONTRA A PIACENZA IL CONSIGLIO DI CONFAGRICOLTURA REGIONALE"},"content":{"rendered":"<h3><em>Gasparini, guidando la delegazione in visita alle rive di Sant\u2019Agata: chiediamo lo scioglimento degli impedimenti alla produzione. Le opere sono indispensabili cos\u00ec come l\u2019essenzialit\u00e0 nelle norme <\/em><\/h3>\n<p>&nbsp;<\/p>\n<p>Confagricoltura Emilia Romagna ha organizzato oggi, 23 luglio, a Piacenza una tavola rotonda con l\u2019assessore regionale all\u2019Agricoltura, Alessio Mammi, per sottolineare la forza di questa citt\u00e0 nella difficile fase di ripresa economica e condividere una road map per la ripartenza del settore. Dai dirigenti di Confagricoltura Emilia Romagna arriva forte la richiesta di un PSR che aiuti prima di tutto l\u2019impresa. \u201cServe una programmazione dei contributi europei che ridia all\u2019agricoltore dignit\u00e0 economica, in un momento in cui il reddito agricolo \u00e8 reso ancora pi\u00f9 precario dagli effetti del covid e dalle avversit\u00e0 climatiche \u2013 ha chiarito il presidente regionale Marcello Bonvicini -. I nodi da sciogliere nella nuova programmazione agricola dell\u2019Emilia-Romagna sono: semplificare le domande di contributo, accorciare gli iter autorizzativi e scongiurare ulteriori vincoli e aggravi di spesa per l\u2019imprenditore; ridurre il numero dei bandi e delle misure per concentrare gli stanziamenti e indirizzare gli investimenti sia nell\u2019innovazione tecnologica che nell\u2019economia circolare, guidando cos\u00ec la modernizzazione verso l\u2019agricoltura 4.0; sostenere la ricerca e la sua applicazione in azienda, accelerando sulla formazione, informazione e digitalizzazione della classe imprenditoriale agricola; favorire la creazione di reali accordi di filiera e operare attraverso gli strumenti di ingegneria finanziaria, per amplificare e gestire al meglio le risorse sempre minori; rivedere le modalit\u00e0 di utilizzo dei contributi da destinare all\u2019agricoltura integrata e biologica\u201d.\u00a0 \u201cIn questi mesi difficili ci siamo impegnati molto sull\u2019accelerazione dei pagamenti \u2013 ha spiegato l\u2019assessore all\u2019Agricoltura, Alessio Mammi-. Ci siamo resi conto durante il Covid che al centro delle priorit\u00e0 delle persone ci sono la salute e il cibo: l\u2019autosufficienza alimentare \u00e8 il presupposto fondamentale anche di natura politica e democratica. Bisogna fare in modo che il tema dell\u2019agricoltura torni al centro del dibattito sociale e culturale del Paese. Il nostro PSR ha funzionato e abbiamo distribuito molte risorse, ma dobbiamo fare ancora di pi\u00f9, rendendo ancora pi\u00f9 efficaci le misure e garantendo le giuste risorse a quegli ambiti che ne hanno davvero necessit\u00e0\u201d. La mattinata si \u00e8 conclusa con la visita alla traversa di Sant\u2019Agata, sul fiume Trebbia a Rivergaro, un\u2019opera irrigua di importanza nevralgica per il territorio, che alimenta circa 1.000 ettari di terreni coltivati prevalentemente a pomodoro da industria. \u201cIn questa area occorre un intervento risolutivo. Senz\u2019acqua non si produce e per farlo serve una visione dell\u2019agricoltura che consenta un\u2019attivit\u00e0 fluida e dia fiducia alle imprese che gi\u00e0 operano per lo sviluppo economico. Chiediamo lo sblocco dei vincoli che limitano la libert\u00e0 delle aziende: in primis la realizzazione delle opere indispensabili (come la realizzazione di una moderna traversa a Rivergaro) e lo scioglimento degli impedimenti alla produzione\u201d \u2013 Cos\u00ec Filippo Gasparini Presidente di Confagricoltura Piacenza che ha ospitato l\u2019incontro del Consiglio di Confagricoltura regionale con l\u2019Assessore.\u00a0\u00a0 Presente anche la componente di Giunta nazionale, con delega alle tematiche ambientali, Giovanna Parmigiani: \u201cCi hanno chiesto di continuare a produrre anche durante la pandemia, lo abbiamo fatto con spirito di sacrificio ed orgoglio, mettendo a rischio la nostra salute. Credevo che l\u2019importanza dell\u2019autosufficienza alimentare venisse riconosciuta in un cambio degli indirizzi europei, ma non \u00e8 cos\u00ec. Non vogliamo essere solo giardinieri. Non possiamo produrre cibo se non ci vengono lasciati gli strumenti come l\u2019uso razionale dei principi attivi e le nuove tecnologie. All\u2019ideologia pseudoambientalista opponiamo la forza dell\u2019approccio scientifico\u201d. \u201cChiediamo un ritorno all\u2019essenzialit\u00e0 \u2013 ha sottolineato Gasparini -. La semplificazione non \u00e8 un concetto astratto, per chi lavora nei campi significa poter usare l\u2019acqua. Significa avere evidenza del carattere torrentizio degli affluenti del Po della nostra provincia e recepirlo nel calcolo del DMV. Significa prendere atto che una fauna selvatica non gestita e non contenuta non \u00e8 una ricchezza, ma un danno per l\u2019ambiente, per l\u2019agricoltura e persino un pericolo per la societ\u00e0 civile. Ringraziamo l\u2019assessore di aver raccolto il nostro invito, abbiamo un interlocutore attento con cui vogliamo costruire un asse contro la mala burocrazia asfissiante. Sono molti i temi diversificati che richiedono un intervento in tal senso come le norme inutili e dannose sul benessere animale e sulla condizionalit\u00e0 che ingessano la nostra attivit\u00e0 senza tradursi in alcuna garanzia; come l\u2019inderogabile necessit\u00e0 di modificare i vincoli di fertilizzazione nelle zone vulnerabili ai nitrati al contempo rivedendole\u201d. Nel corso della mattinata sono stati affrontati anche temi prettamente economici quali la competitivit\u00e0 sui mercati. \u201cLa Regione \u2013 ha concluso Gasparini \u2013 \u00e8 al fianco delle imprese che investono e sviluppano, ha insieme a noi fortemente creduto nei progetti di filiera che hanno caratterizzato la programmazione del Psr che si sta concludendo. Dobbiamo continuare su questa strada perch\u00e9 solo un\u2019agricoltura moderna e competitiva \u00e8 il primo anello di filiere agroalimentari forti in grado di produrre le nostre eccellenze richieste a livello globale\u201d.<\/p>\n<p>&nbsp;<\/p>\n<p><img loading=\"lazy\" decoding=\"async\" class=\"alignnone wp-image-2228 img-responsive\" src=\"http:\/\/www.confagricoltura.org\/piacenza\/wp-content\/uploads\/sites\/3\/2020\/07\/Casagrande-Gasparini-Parmigiani-Mammi.jpg\" alt=\"\" width=\"958\" height=\"719\" \/><\/p>\n<p>(da sinistra) Marco Casagrande direttore di Confagricoltura Piacenza, Filippo Gasparini presidente di Confagricoltura Piacenza, Giovanna Parmigiani componente di Giunta nazionale di Confagricoltura, Alessio Mammi assessore all\u2019Agricoltura della Regione Emilia Romagna<\/p>\n<p>&nbsp;<\/p>\n<p>&nbsp;<\/p>\n<p><img loading=\"lazy\" decoding=\"async\" class=\"alignnone size-full wp-image-2227 img-responsive\" src=\"http:\/\/www.confagricoltura.org\/piacenza\/wp-content\/uploads\/sites\/3\/2020\/07\/Vertici-di-Confagricoltura-a-Rivergaro-con-lAssessore.jpg\" alt=\"\" width=\"944\" height=\"708\" \/><\/p>\n<p>Vertici di Confagricoltura Emilia Romagna accompagnano in visita l\u2019assessore regionale all\u2019Agricoltura Alessio Mammi alle rive di Sant\u2019Agata a Rivergaro<\/p>\n<p>&nbsp;<\/p>\n","protected":false},"excerpt":{"rendered":"<p>Gasparini, guidando la delegazione in visita alle rive di Sant\u2019Agata: chiediamo lo scioglimento degli impedimenti alla produzione. Le opere sono indispensabili cos\u00ec come l\u2019essenzialit\u00e0 nelle norme &nbsp; Confagricoltura Emilia Romagna ha organizzato oggi, 23 luglio, a Piacenza una tavola rotonda con l\u2019assessore regionale all\u2019Agricoltura, Alessio Mammi, per sottolineare la forza di questa citt\u00e0 nella difficile<\/p>\n","protected":false},"author":6,"featured_media":0,"comment_status":"open","ping_status":"open","sticky":false,"template":"","format":"standard","meta":{"wp_mapbox_gl_js_media":[],"footnotes":""},"categories":[335],"tags":[308],"class_list":["post-2226","post","type-post","status-publish","format-standard","hentry","category-archivio","tag-assessore-mammi"],"yoast_head":"<!-- This site is optimized with the Yoast SEO plugin v26.8 - https:\/\/yoast.com\/product\/yoast-seo-wordpress\/ -->\n<title>L\u2019ASSESSORE MAMMI INCONTRA A PIACENZA IL CONSIGLIO DI CONFAGRICOLTURA REGIONALE - Confagricoltura Piacenza<\/title>\n<meta name=\"robots\" content=\"index, follow, max-snippet:-1, max-image-preview:large, max-video-preview:-1\" \/>\n<link rel=\"canonical\" href=\"https:\/\/www.confagricoltura.org\/piacenza\/lassessore-mammi-incontra-a-piacenza-il-consiglio-di-confagricoltura-regionale\/\" \/>\n<meta property=\"og:locale\" content=\"it_IT\" \/>\n<meta property=\"og:type\" content=\"article\" \/>\n<meta property=\"og:title\" content=\"L\u2019ASSESSORE MAMMI INCONTRA A PIACENZA IL CONSIGLIO DI CONFAGRICOLTURA REGIONALE - Confagricoltura Piacenza\" \/>\n<meta property=\"og:description\" content=\"Gasparini, guidando la delegazione in visita alle rive di Sant\u2019Agata: chiediamo lo scioglimento degli impedimenti alla produzione. Le opere sono indispensabili cos\u00ec come l\u2019essenzialit\u00e0 nelle norme &nbsp; Confagricoltura Emilia Romagna ha organizzato oggi, 23 luglio, a Piacenza una tavola rotonda con l\u2019assessore regionale all\u2019Agricoltura, Alessio Mammi, per sottolineare la forza di questa citt\u00e0 nella difficile\" \/>\n<meta property=\"og:url\" content=\"https:\/\/www.confagricoltura.org\/piacenza\/lassessore-mammi-incontra-a-piacenza-il-consiglio-di-confagricoltura-regionale\/\" \/>\n<meta property=\"og:site_name\" content=\"Confagricoltura Piacenza\" \/>\n<meta property=\"article:published_time\" content=\"2020-07-23T11:00:43+00:00\" \/>\n<meta property=\"article:modified_time\" content=\"2021-03-11T12:13:54+00:00\" \/>\n<meta property=\"og:image\" content=\"http:\/\/www.confagricoltura.org\/piacenza\/wp-content\/uploads\/sites\/3\/2020\/07\/Casagrande-Gasparini-Parmigiani-Mammi.jpg\" \/>\n<meta name=\"author\" content=\"confagricolturapiacenza\" \/>\n<meta name=\"twitter:card\" content=\"summary_large_image\" \/>\n<meta name=\"twitter:label1\" content=\"Scritto da\" \/>\n\t<meta name=\"twitter:data1\" content=\"confagricolturapiacenza\" \/>\n\t<meta name=\"twitter:label2\" content=\"Tempo di lettura stimato\" \/>\n\t<meta name=\"twitter:data2\" content=\"4 minuti\" \/>\n<script type=\"application\/ld+json\" class=\"yoast-schema-graph\">{\"@context\":\"https:\/\/schema.org\",\"@graph\":[{\"@type\":\"Article\",\"@id\":\"https:\/\/www.confagricoltura.org\/piacenza\/lassessore-mammi-incontra-a-piacenza-il-consiglio-di-confagricoltura-regionale\/#article\",\"isPartOf\":{\"@id\":\"https:\/\/www.confagricoltura.org\/piacenza\/lassessore-mammi-incontra-a-piacenza-il-consiglio-di-confagricoltura-regionale\/\"},\"author\":{\"name\":\"confagricolturapiacenza\",\"@id\":\"https:\/\/www.confagricoltura.org\/piacenza\/#\/schema\/person\/be5da25a3117fea4b3bfec9dba09b5e8\"},\"headline\":\"L\u2019ASSESSORE MAMMI INCONTRA A PIACENZA IL CONSIGLIO DI CONFAGRICOLTURA REGIONALE\",\"datePublished\":\"2020-07-23T11:00:43+00:00\",\"dateModified\":\"2021-03-11T12:13:54+00:00\",\"mainEntityOfPage\":{\"@id\":\"https:\/\/www.confagricoltura.org\/piacenza\/lassessore-mammi-incontra-a-piacenza-il-consiglio-di-confagricoltura-regionale\/\"},\"wordCount\":883,\"commentCount\":0,\"image\":{\"@id\":\"https:\/\/www.confagricoltura.org\/piacenza\/lassessore-mammi-incontra-a-piacenza-il-consiglio-di-confagricoltura-regionale\/#primaryimage\"},\"thumbnailUrl\":\"http:\/\/www.confagricoltura.org\/piacenza\/wp-content\/uploads\/sites\/3\/2020\/07\/Casagrande-Gasparini-Parmigiani-Mammi.jpg\",\"keywords\":[\"assessore mammi\"],\"articleSection\":[\"Archivio\"],\"inLanguage\":\"it-IT\"},{\"@type\":\"WebPage\",\"@id\":\"https:\/\/www.confagricoltura.org\/piacenza\/lassessore-mammi-incontra-a-piacenza-il-consiglio-di-confagricoltura-regionale\/\",\"url\":\"https:\/\/www.confagricoltura.org\/piacenza\/lassessore-mammi-incontra-a-piacenza-il-consiglio-di-confagricoltura-regionale\/\",\"name\":\"L\u2019ASSESSORE MAMMI INCONTRA A PIACENZA IL CONSIGLIO DI CONFAGRICOLTURA REGIONALE - Confagricoltura Piacenza\",\"isPartOf\":{\"@id\":\"https:\/\/www.confagricoltura.org\/piacenza\/#website\"},\"primaryImageOfPage\":{\"@id\":\"https:\/\/www.confagricoltura.org\/piacenza\/lassessore-mammi-incontra-a-piacenza-il-consiglio-di-confagricoltura-regionale\/#primaryimage\"},\"image\":{\"@id\":\"https:\/\/www.confagricoltura.org\/piacenza\/lassessore-mammi-incontra-a-piacenza-il-consiglio-di-confagricoltura-regionale\/#primaryimage\"},\"thumbnailUrl\":\"http:\/\/www.confagricoltura.org\/piacenza\/wp-content\/uploads\/sites\/3\/2020\/07\/Casagrande-Gasparini-Parmigiani-Mammi.jpg\",\"datePublished\":\"2020-07-23T11:00:43+00:00\",\"dateModified\":\"2021-03-11T12:13:54+00:00\",\"author\":{\"@id\":\"https:\/\/www.confagricoltura.org\/piacenza\/#\/schema\/person\/be5da25a3117fea4b3bfec9dba09b5e8\"},\"breadcrumb\":{\"@id\":\"https:\/\/www.confagricoltura.org\/piacenza\/lassessore-mammi-incontra-a-piacenza-il-consiglio-di-confagricoltura-regionale\/#breadcrumb\"},\"inLanguage\":\"it-IT\",\"potentialAction\":[{\"@type\":\"ReadAction\",\"target\":[\"https:\/\/www.confagricoltura.org\/piacenza\/lassessore-mammi-incontra-a-piacenza-il-consiglio-di-confagricoltura-regionale\/\"]}]},{\"@type\":\"ImageObject\",\"inLanguage\":\"it-IT\",\"@id\":\"https:\/\/www.confagricoltura.org\/piacenza\/lassessore-mammi-incontra-a-piacenza-il-consiglio-di-confagricoltura-regionale\/#primaryimage\",\"url\":\"http:\/\/www.confagricoltura.org\/piacenza\/wp-content\/uploads\/sites\/3\/2020\/07\/Casagrande-Gasparini-Parmigiani-Mammi.jpg\",\"contentUrl\":\"http:\/\/www.confagricoltura.org\/piacenza\/wp-content\/uploads\/sites\/3\/2020\/07\/Casagrande-Gasparini-Parmigiani-Mammi.jpg\"},{\"@type\":\"BreadcrumbList\",\"@id\":\"https:\/\/www.confagricoltura.org\/piacenza\/lassessore-mammi-incontra-a-piacenza-il-consiglio-di-confagricoltura-regionale\/#breadcrumb\",\"itemListElement\":[{\"@type\":\"ListItem\",\"position\":1,\"name\":\"Home\",\"item\":\"https:\/\/www.confagricoltura.org\/piacenza\/\"},{\"@type\":\"ListItem\",\"position\":2,\"name\":\"L\u2019ASSESSORE MAMMI INCONTRA A PIACENZA IL CONSIGLIO DI CONFAGRICOLTURA REGIONALE\"}]},{\"@type\":\"WebSite\",\"@id\":\"https:\/\/www.confagricoltura.org\/piacenza\/#website\",\"url\":\"https:\/\/www.confagricoltura.org\/piacenza\/\",\"name\":\"Confagricoltura Piacenza\",\"description\":\"Dalla parte degli Agricoltori\",\"potentialAction\":[{\"@type\":\"SearchAction\",\"target\":{\"@type\":\"EntryPoint\",\"urlTemplate\":\"https:\/\/www.confagricoltura.org\/piacenza\/?s={search_term_string}\"},\"query-input\":{\"@type\":\"PropertyValueSpecification\",\"valueRequired\":true,\"valueName\":\"search_term_string\"}}],\"inLanguage\":\"it-IT\"},{\"@type\":\"Person\",\"@id\":\"https:\/\/www.confagricoltura.org\/piacenza\/#\/schema\/person\/be5da25a3117fea4b3bfec9dba09b5e8\",\"name\":\"confagricolturapiacenza\",\"image\":{\"@type\":\"ImageObject\",\"inLanguage\":\"it-IT\",\"@id\":\"https:\/\/www.confagricoltura.org\/piacenza\/#\/schema\/person\/image\/\",\"url\":\"https:\/\/secure.gravatar.com\/avatar\/9c5f111e417171581853bd0a3ff892ca?s=96&d=mm&r=g\",\"contentUrl\":\"https:\/\/secure.gravatar.com\/avatar\/9c5f111e417171581853bd0a3ff892ca?s=96&d=mm&r=g\",\"caption\":\"confagricolturapiacenza\"},\"url\":\"https:\/\/www.confagricoltura.org\/piacenza\/author\/confagricolturapiacenza\/\"}]}<\/script>\n<!-- \/ Yoast SEO plugin. -->","yoast_head_json":{"title":"L\u2019ASSESSORE MAMMI INCONTRA A PIACENZA IL CONSIGLIO DI CONFAGRICOLTURA REGIONALE - Confagricoltura Piacenza","robots":{"index":"index","follow":"follow","max-snippet":"max-snippet:-1","max-image-preview":"max-image-preview:large","max-video-preview":"max-video-preview:-1"},"canonical":"https:\/\/www.confagricoltura.org\/piacenza\/lassessore-mammi-incontra-a-piacenza-il-consiglio-di-confagricoltura-regionale\/","og_locale":"it_IT","og_type":"article","og_title":"L\u2019ASSESSORE MAMMI INCONTRA A PIACENZA IL CONSIGLIO DI CONFAGRICOLTURA REGIONALE - Confagricoltura Piacenza","og_description":"Gasparini, guidando la delegazione in visita alle rive di Sant\u2019Agata: chiediamo lo scioglimento degli impedimenti alla produzione. Le opere sono indispensabili cos\u00ec come l\u2019essenzialit\u00e0 nelle norme &nbsp; Confagricoltura Emilia Romagna ha organizzato oggi, 23 luglio, a Piacenza una tavola rotonda con l\u2019assessore regionale all\u2019Agricoltura, Alessio Mammi, per sottolineare la forza di questa citt\u00e0 nella difficile","og_url":"https:\/\/www.confagricoltura.org\/piacenza\/lassessore-mammi-incontra-a-piacenza-il-consiglio-di-confagricoltura-regionale\/","og_site_name":"Confagricoltura Piacenza","article_published_time":"2020-07-23T11:00:43+00:00","article_modified_time":"2021-03-11T12:13:54+00:00","og_image":[{"url":"http:\/\/www.confagricoltura.org\/piacenza\/wp-content\/uploads\/sites\/3\/2020\/07\/Casagrande-Gasparini-Parmigiani-Mammi.jpg","type":"","width":"","height":""}],"author":"confagricolturapiacenza","twitter_card":"summary_large_image","twitter_misc":{"Scritto da":"confagricolturapiacenza","Tempo di lettura stimato":"4 minuti"},"schema":{"@context":"https:\/\/schema.org","@graph":[{"@type":"Article","@id":"https:\/\/www.confagricoltura.org\/piacenza\/lassessore-mammi-incontra-a-piacenza-il-consiglio-di-confagricoltura-regionale\/#article","isPartOf":{"@id":"https:\/\/www.confagricoltura.org\/piacenza\/lassessore-mammi-incontra-a-piacenza-il-consiglio-di-confagricoltura-regionale\/"},"author":{"name":"confagricolturapiacenza","@id":"https:\/\/www.confagricoltura.org\/piacenza\/#\/schema\/person\/be5da25a3117fea4b3bfec9dba09b5e8"},"headline":"L\u2019ASSESSORE MAMMI INCONTRA A PIACENZA IL CONSIGLIO DI CONFAGRICOLTURA REGIONALE","datePublished":"2020-07-23T11:00:43+00:00","dateModified":"2021-03-11T12:13:54+00:00","mainEntityOfPage":{"@id":"https:\/\/www.confagricoltura.org\/piacenza\/lassessore-mammi-incontra-a-piacenza-il-consiglio-di-confagricoltura-regionale\/"},"wordCount":883,"commentCount":0,"image":{"@id":"https:\/\/www.confagricoltura.org\/piacenza\/lassessore-mammi-incontra-a-piacenza-il-consiglio-di-confagricoltura-regionale\/#primaryimage"},"thumbnailUrl":"http:\/\/www.confagricoltura.org\/piacenza\/wp-content\/uploads\/sites\/3\/2020\/07\/Casagrande-Gasparini-Parmigiani-Mammi.jpg","keywords":["assessore mammi"],"articleSection":["Archivio"],"inLanguage":"it-IT"},{"@type":"WebPage","@id":"https:\/\/www.confagricoltura.org\/piacenza\/lassessore-mammi-incontra-a-piacenza-il-consiglio-di-confagricoltura-regionale\/","url":"https:\/\/www.confagricoltura.org\/piacenza\/lassessore-mammi-incontra-a-piacenza-il-consiglio-di-confagricoltura-regionale\/","name":"L\u2019ASSESSORE MAMMI INCONTRA A PIACENZA IL CONSIGLIO DI CONFAGRICOLTURA REGIONALE - Confagricoltura Piacenza","isPartOf":{"@id":"https:\/\/www.confagricoltura.org\/piacenza\/#website"},"primaryImageOfPage":{"@id":"https:\/\/www.confagricoltura.org\/piacenza\/lassessore-mammi-incontra-a-piacenza-il-consiglio-di-confagricoltura-regionale\/#primaryimage"},"image":{"@id":"https:\/\/www.confagricoltura.org\/piacenza\/lassessore-mammi-incontra-a-piacenza-il-consiglio-di-confagricoltura-regionale\/#primaryimage"},"thumbnailUrl":"http:\/\/www.confagricoltura.org\/piacenza\/wp-content\/uploads\/sites\/3\/2020\/07\/Casagrande-Gasparini-Parmigiani-Mammi.jpg","datePublished":"2020-07-23T11:00:43+00:00","dateModified":"2021-03-11T12:13:54+00:00","author":{"@id":"https:\/\/www.confagricoltura.org\/piacenza\/#\/schema\/person\/be5da25a3117fea4b3bfec9dba09b5e8"},"breadcrumb":{"@id":"https:\/\/www.confagricoltura.org\/piacenza\/lassessore-mammi-incontra-a-piacenza-il-consiglio-di-confagricoltura-regionale\/#breadcrumb"},"inLanguage":"it-IT","potentialAction":[{"@type":"ReadAction","target":["https:\/\/www.confagricoltura.org\/piacenza\/lassessore-mammi-incontra-a-piacenza-il-consiglio-di-confagricoltura-regionale\/"]}]},{"@type":"ImageObject","inLanguage":"it-IT","@id":"https:\/\/www.confagricoltura.org\/piacenza\/lassessore-mammi-incontra-a-piacenza-il-consiglio-di-confagricoltura-regionale\/#primaryimage","url":"http:\/\/www.confagricoltura.org\/piacenza\/wp-content\/uploads\/sites\/3\/2020\/07\/Casagrande-Gasparini-Parmigiani-Mammi.jpg","contentUrl":"http:\/\/www.confagricoltura.org\/piacenza\/wp-content\/uploads\/sites\/3\/2020\/07\/Casagrande-Gasparini-Parmigiani-Mammi.jpg"},{"@type":"BreadcrumbList","@id":"https:\/\/www.confagricoltura.org\/piacenza\/lassessore-mammi-incontra-a-piacenza-il-consiglio-di-confagricoltura-regionale\/#breadcrumb","itemListElement":[{"@type":"ListItem","position":1,"name":"Home","item":"https:\/\/www.confagricoltura.org\/piacenza\/"},{"@type":"ListItem","position":2,"name":"L\u2019ASSESSORE MAMMI INCONTRA A PIACENZA IL CONSIGLIO DI CONFAGRICOLTURA REGIONALE"}]},{"@type":"WebSite","@id":"https:\/\/www.confagricoltura.org\/piacenza\/#website","url":"https:\/\/www.confagricoltura.org\/piacenza\/","name":"Confagricoltura Piacenza","description":"Dalla parte degli Agricoltori","potentialAction":[{"@type":"SearchAction","target":{"@type":"EntryPoint","urlTemplate":"https:\/\/www.confagricoltura.org\/piacenza\/?s={search_term_string}"},"query-input":{"@type":"PropertyValueSpecification","valueRequired":true,"valueName":"search_term_string"}}],"inLanguage":"it-IT"},{"@type":"Person","@id":"https:\/\/www.confagricoltura.org\/piacenza\/#\/schema\/person\/be5da25a3117fea4b3bfec9dba09b5e8","name":"confagricolturapiacenza","image":{"@type":"ImageObject","inLanguage":"it-IT","@id":"https:\/\/www.confagricoltura.org\/piacenza\/#\/schema\/person\/image\/","url":"https:\/\/secure.gravatar.com\/avatar\/9c5f111e417171581853bd0a3ff892ca?s=96&d=mm&r=g","contentUrl":"https:\/\/secure.gravatar.com\/avatar\/9c5f111e417171581853bd0a3ff892ca?s=96&d=mm&r=g","caption":"confagricolturapiacenza"},"url":"https:\/\/www.confagricoltura.org\/piacenza\/author\/confagricolturapiacenza\/"}]}},"_links":{"self":[{"href":"https:\/\/www.confagricoltura.org\/piacenza\/wp-json\/wp\/v2\/posts\/2226","targetHints":{"allow":["GET"]}}],"collection":[{"href":"https:\/\/www.confagricoltura.org\/piacenza\/wp-json\/wp\/v2\/posts"}],"about":[{"href":"https:\/\/www.confagricoltura.org\/piacenza\/wp-json\/wp\/v2\/types\/post"}],"author":[{"embeddable":true,"href":"https:\/\/www.confagricoltura.org\/piacenza\/wp-json\/wp\/v2\/users\/6"}],"replies":[{"embeddable":true,"href":"https:\/\/www.confagricoltura.org\/piacenza\/wp-json\/wp\/v2\/comments?post=2226"}],"version-history":[{"count":1,"href":"https:\/\/www.confagricoltura.org\/piacenza\/wp-json\/wp\/v2\/posts\/2226\/revisions"}],"predecessor-version":[{"id":2581,"href":"https:\/\/www.confagricoltura.org\/piacenza\/wp-json\/wp\/v2\/posts\/2226\/revisions\/2581"}],"wp:attachment":[{"href":"https:\/\/www.confagricoltura.org\/piacenza\/wp-json\/wp\/v2\/media?parent=2226"}],"wp:term":[{"taxonomy":"category","embeddable":true,"href":"https:\/\/www.confagricoltura.org\/piacenza\/wp-json\/wp\/v2\/categories?post=2226"},{"taxonomy":"post_tag","embeddable":true,"href":"https:\/\/www.confagricoltura.org\/piacenza\/wp-json\/wp\/v2\/tags?post=2226"}],"curies":[{"name":"wp","href":"https:\/\/api.w.org\/{rel}","templated":true}]}}