{"id":2106,"date":"2020-04-08T12:59:52","date_gmt":"2020-04-08T10:59:52","guid":{"rendered":"http:\/\/www.confagricoltura.org\/piacenza\/?p=2106"},"modified":"2021-03-11T13:14:08","modified_gmt":"2021-03-11T12:14:08","slug":"il-buon-latte-manda-in-rosso-le-aziende-crescono-i-consumi-ma-crollano-i-prezzi-alla-stalla","status":"publish","type":"post","link":"https:\/\/www.confagricoltura.org\/piacenza\/il-buon-latte-manda-in-rosso-le-aziende-crescono-i-consumi-ma-crollano-i-prezzi-alla-stalla\/","title":{"rendered":"IL BUON LATTE MANDA IN ROSSO LE AZIENDE: CRESCONO I CONSUMI, MA CROLLANO I PREZZI ALLA STALLA"},"content":{"rendered":"<h4><em>Confagricoltura Piacenza: le misure di sostegno non finiscano nelle tasche dei trasformatori che si sono gi\u00e0 cautelati a scapito degli allevatori.<\/em><\/h4>\n<p>&nbsp;<\/p>\n<p>La spesa ai tempi del Coronavirus (dati Nielesen) cambia e durante la tredicesima settimana del 2020 (tra luned\u00ec 23 marzo e domenica 29 marzo) fa registrare, rispetto alla stessa settimana del 2019 un aumento per il fatturato della vendita di burro dell\u201985,9%; gli italiani riscoprono persino il mascarpone (+99,6%); per il latte Uht il dato \u00e8 della settimana precedente ma ugualmente significativo: +34,1%, degno di nota anche il fatturato per le mozzarelle (+44,6%). Insomma, gli italiani reclusi, che per forza di cose si scoprono chef e pizzaioli, premiano latte e latticini, ciononostante i prezzi del latte spot nazionale fanno apertamente parlare di crollo con quotazioni inferiori anche oltre il 20% rispetto alle condizioni pre-crisi coronavirus. Confagricoltura Piacenza nelle settimane scorse ha pi\u00f9 volte chiesto interventi urgenti raccogliendo l\u2019appello dei produttori che gi\u00e0 a marzo si sono visti recapitare lettere che invitavano a ridurre la produzione e che in alcuni casi disdettavano unilateralmente i contratti. \u201cServono misure straordinarie \u2013 ricorda il presidente di Confagricoltura Piacenza Filippo Gasparini che \u00e8 anche allevatore \u2013 ben venga l\u2019attivazione di strumenti che sono gi\u00e0 contemplati a livello europeo come gli ammassi privati, ma dobbiamo andare oltre con misure straordinarie e nazionali. Chiediamo un piano di stoccaggio dei formaggi, anche dop, che preveda un ristoro dei maggiori costi di magazzino e consenta di valorizzare eventuali eccedenze che oggi trovano difficolt\u00e0 ad essere commercializzate, ma potranno tornare sul mercato in modo graduale a emergenza finita oppure essere destinate a chi si trova in difficolt\u00e0. In questo contesto \u00e8 per\u00f2 fondamentale che gli aiuti vengano distribuiti a ritroso lungo la filiera, perch\u00e9 il rischio concreto \u00e8 che i vantaggi di tale operazione ricadano solo sulla trasformazione, magari ricomprendendo anche chi, gi\u00e0 in queste settimane, si \u00e8 risolto il problema decurtando unilateralmente il prezzo del latte alla stalla e mandando cos\u00ec in crisi gli allevatori. Non ultimo \u2013 precisa il presidente di Confagricoltura Piacenza &#8211; per quanto riguarda le auspicabili misure nazionali, chiediamo attenzione onde evitare il pericolo di adottare proposte che strizzano l\u2019occhio all\u2019autarchia, in un momento in cui tutta l\u2019agricoltura europea deve fronteggiare problemi comuni e che oltretutto rischiano di esporci a pericolose ritorsioni per gli approvvigionamenti delle materie prime di cui siamo carenti\u201d.\u00a0 Confagricoltura Piacenza ricorda che nel 2019, nonostante la zavorra dei dazi Usa sul 25% del valore del prodotto, il lattiero caseario ha registrato un fatturato estero di 3.13 miliardi con una crescita dell\u201911.2% sull\u2019anno precedente.<\/p>\n<p>\u201cIn questo senso \u00e8 doppiamente folle l\u2019appello di taluni a ridurre la produzione di latte \u2013 conclude Gasparini \u2013 prima di tutto perch\u00e9 in questa fase modificando in tal senso le razioni delle bovine si procurerebbe un danno permanente alla mandria, in secondo luogo perch\u00e9 l\u2019export alimentare italiano \u00e8 una delle voci principali del nostro Made in Italy, dobbiamo fare in modo che regga alla crisi ed essere pronti quando questa terminer\u00e0,\u00a0 senza\u00a0 far venire ulteriormente meno materia prima di cui siamo gi\u00e0 deficitari\u201d.<\/p>\n<p><img loading=\"lazy\" decoding=\"async\" class=\"alignnone  wp-image-2036 img-responsive\" src=\"http:\/\/www.confagricoltura.org\/piacenza\/wp-content\/uploads\/sites\/3\/2020\/03\/100-Filippo-Gasparini.jpg\" alt=\"\" width=\"814\" height=\"540\" \/><\/p>\n<p>Filippo Gasparini \u2013 presidente di Confagricoltura Piacenza.<\/p>\n","protected":false},"excerpt":{"rendered":"<p>Confagricoltura Piacenza: le misure di sostegno non finiscano nelle tasche dei trasformatori che si sono gi\u00e0 cautelati a scapito degli allevatori. &nbsp; La spesa ai tempi del Coronavirus (dati Nielesen) cambia e durante la tredicesima settimana del 2020 (tra luned\u00ec 23 marzo e domenica 29 marzo) fa registrare, rispetto alla stessa settimana del 2019 un<\/p>\n","protected":false},"author":6,"featured_media":0,"comment_status":"open","ping_status":"open","sticky":false,"template":"","format":"standard","meta":{"wp_mapbox_gl_js_media":[],"footnotes":""},"categories":[335],"tags":[74],"class_list":["post-2106","post","type-post","status-publish","format-standard","hentry","category-archivio","tag-prezzo-latte"],"yoast_head":"<!-- This site is optimized with the Yoast SEO plugin v26.8 - https:\/\/yoast.com\/product\/yoast-seo-wordpress\/ -->\n<title>IL BUON LATTE MANDA IN ROSSO LE AZIENDE: CRESCONO I CONSUMI, MA CROLLANO I PREZZI ALLA STALLA - Confagricoltura Piacenza<\/title>\n<meta name=\"robots\" content=\"index, follow, max-snippet:-1, max-image-preview:large, max-video-preview:-1\" \/>\n<link rel=\"canonical\" href=\"https:\/\/www.confagricoltura.org\/piacenza\/il-buon-latte-manda-in-rosso-le-aziende-crescono-i-consumi-ma-crollano-i-prezzi-alla-stalla\/\" \/>\n<meta property=\"og:locale\" content=\"it_IT\" \/>\n<meta property=\"og:type\" content=\"article\" \/>\n<meta property=\"og:title\" content=\"IL BUON LATTE MANDA IN ROSSO LE AZIENDE: CRESCONO I CONSUMI, MA CROLLANO I PREZZI ALLA STALLA - Confagricoltura Piacenza\" \/>\n<meta property=\"og:description\" content=\"Confagricoltura Piacenza: le misure di sostegno non finiscano nelle tasche dei trasformatori che si sono gi\u00e0 cautelati a scapito degli allevatori. &nbsp; La spesa ai tempi del Coronavirus (dati Nielesen) cambia e durante la tredicesima settimana del 2020 (tra luned\u00ec 23 marzo e domenica 29 marzo) fa registrare, rispetto alla stessa settimana del 2019 un\" \/>\n<meta property=\"og:url\" content=\"https:\/\/www.confagricoltura.org\/piacenza\/il-buon-latte-manda-in-rosso-le-aziende-crescono-i-consumi-ma-crollano-i-prezzi-alla-stalla\/\" \/>\n<meta property=\"og:site_name\" content=\"Confagricoltura Piacenza\" \/>\n<meta property=\"article:published_time\" content=\"2020-04-08T10:59:52+00:00\" \/>\n<meta property=\"article:modified_time\" content=\"2021-03-11T12:14:08+00:00\" \/>\n<meta property=\"og:image\" content=\"http:\/\/www.confagricoltura.org\/piacenza\/wp-content\/uploads\/sites\/3\/2020\/03\/100-Filippo-Gasparini.jpg\" \/>\n<meta name=\"author\" content=\"confagricolturapiacenza\" \/>\n<meta name=\"twitter:card\" content=\"summary_large_image\" \/>\n<meta name=\"twitter:label1\" content=\"Scritto da\" \/>\n\t<meta name=\"twitter:data1\" content=\"confagricolturapiacenza\" \/>\n\t<meta name=\"twitter:label2\" content=\"Tempo di lettura stimato\" \/>\n\t<meta name=\"twitter:data2\" content=\"2 minuti\" \/>\n<script type=\"application\/ld+json\" class=\"yoast-schema-graph\">{\"@context\":\"https:\/\/schema.org\",\"@graph\":[{\"@type\":\"Article\",\"@id\":\"https:\/\/www.confagricoltura.org\/piacenza\/il-buon-latte-manda-in-rosso-le-aziende-crescono-i-consumi-ma-crollano-i-prezzi-alla-stalla\/#article\",\"isPartOf\":{\"@id\":\"https:\/\/www.confagricoltura.org\/piacenza\/il-buon-latte-manda-in-rosso-le-aziende-crescono-i-consumi-ma-crollano-i-prezzi-alla-stalla\/\"},\"author\":{\"name\":\"confagricolturapiacenza\",\"@id\":\"https:\/\/www.confagricoltura.org\/piacenza\/#\/schema\/person\/be5da25a3117fea4b3bfec9dba09b5e8\"},\"headline\":\"IL BUON LATTE MANDA IN ROSSO LE AZIENDE: CRESCONO I CONSUMI, MA CROLLANO I PREZZI ALLA STALLA\",\"datePublished\":\"2020-04-08T10:59:52+00:00\",\"dateModified\":\"2021-03-11T12:14:08+00:00\",\"mainEntityOfPage\":{\"@id\":\"https:\/\/www.confagricoltura.org\/piacenza\/il-buon-latte-manda-in-rosso-le-aziende-crescono-i-consumi-ma-crollano-i-prezzi-alla-stalla\/\"},\"wordCount\":516,\"commentCount\":0,\"image\":{\"@id\":\"https:\/\/www.confagricoltura.org\/piacenza\/il-buon-latte-manda-in-rosso-le-aziende-crescono-i-consumi-ma-crollano-i-prezzi-alla-stalla\/#primaryimage\"},\"thumbnailUrl\":\"http:\/\/www.confagricoltura.org\/piacenza\/wp-content\/uploads\/sites\/3\/2020\/03\/100-Filippo-Gasparini.jpg\",\"keywords\":[\"PREZZO LATTE\"],\"articleSection\":[\"Archivio\"],\"inLanguage\":\"it-IT\"},{\"@type\":\"WebPage\",\"@id\":\"https:\/\/www.confagricoltura.org\/piacenza\/il-buon-latte-manda-in-rosso-le-aziende-crescono-i-consumi-ma-crollano-i-prezzi-alla-stalla\/\",\"url\":\"https:\/\/www.confagricoltura.org\/piacenza\/il-buon-latte-manda-in-rosso-le-aziende-crescono-i-consumi-ma-crollano-i-prezzi-alla-stalla\/\",\"name\":\"IL BUON LATTE MANDA IN ROSSO LE AZIENDE: CRESCONO I CONSUMI, MA CROLLANO I PREZZI ALLA STALLA - Confagricoltura Piacenza\",\"isPartOf\":{\"@id\":\"https:\/\/www.confagricoltura.org\/piacenza\/#website\"},\"primaryImageOfPage\":{\"@id\":\"https:\/\/www.confagricoltura.org\/piacenza\/il-buon-latte-manda-in-rosso-le-aziende-crescono-i-consumi-ma-crollano-i-prezzi-alla-stalla\/#primaryimage\"},\"image\":{\"@id\":\"https:\/\/www.confagricoltura.org\/piacenza\/il-buon-latte-manda-in-rosso-le-aziende-crescono-i-consumi-ma-crollano-i-prezzi-alla-stalla\/#primaryimage\"},\"thumbnailUrl\":\"http:\/\/www.confagricoltura.org\/piacenza\/wp-content\/uploads\/sites\/3\/2020\/03\/100-Filippo-Gasparini.jpg\",\"datePublished\":\"2020-04-08T10:59:52+00:00\",\"dateModified\":\"2021-03-11T12:14:08+00:00\",\"author\":{\"@id\":\"https:\/\/www.confagricoltura.org\/piacenza\/#\/schema\/person\/be5da25a3117fea4b3bfec9dba09b5e8\"},\"breadcrumb\":{\"@id\":\"https:\/\/www.confagricoltura.org\/piacenza\/il-buon-latte-manda-in-rosso-le-aziende-crescono-i-consumi-ma-crollano-i-prezzi-alla-stalla\/#breadcrumb\"},\"inLanguage\":\"it-IT\",\"potentialAction\":[{\"@type\":\"ReadAction\",\"target\":[\"https:\/\/www.confagricoltura.org\/piacenza\/il-buon-latte-manda-in-rosso-le-aziende-crescono-i-consumi-ma-crollano-i-prezzi-alla-stalla\/\"]}]},{\"@type\":\"ImageObject\",\"inLanguage\":\"it-IT\",\"@id\":\"https:\/\/www.confagricoltura.org\/piacenza\/il-buon-latte-manda-in-rosso-le-aziende-crescono-i-consumi-ma-crollano-i-prezzi-alla-stalla\/#primaryimage\",\"url\":\"http:\/\/www.confagricoltura.org\/piacenza\/wp-content\/uploads\/sites\/3\/2020\/03\/100-Filippo-Gasparini.jpg\",\"contentUrl\":\"http:\/\/www.confagricoltura.org\/piacenza\/wp-content\/uploads\/sites\/3\/2020\/03\/100-Filippo-Gasparini.jpg\"},{\"@type\":\"BreadcrumbList\",\"@id\":\"https:\/\/www.confagricoltura.org\/piacenza\/il-buon-latte-manda-in-rosso-le-aziende-crescono-i-consumi-ma-crollano-i-prezzi-alla-stalla\/#breadcrumb\",\"itemListElement\":[{\"@type\":\"ListItem\",\"position\":1,\"name\":\"Home\",\"item\":\"https:\/\/www.confagricoltura.org\/piacenza\/\"},{\"@type\":\"ListItem\",\"position\":2,\"name\":\"IL BUON LATTE MANDA IN ROSSO LE AZIENDE: CRESCONO I CONSUMI, MA CROLLANO I PREZZI ALLA STALLA\"}]},{\"@type\":\"WebSite\",\"@id\":\"https:\/\/www.confagricoltura.org\/piacenza\/#website\",\"url\":\"https:\/\/www.confagricoltura.org\/piacenza\/\",\"name\":\"Confagricoltura Piacenza\",\"description\":\"Dalla parte degli Agricoltori\",\"potentialAction\":[{\"@type\":\"SearchAction\",\"target\":{\"@type\":\"EntryPoint\",\"urlTemplate\":\"https:\/\/www.confagricoltura.org\/piacenza\/?s={search_term_string}\"},\"query-input\":{\"@type\":\"PropertyValueSpecification\",\"valueRequired\":true,\"valueName\":\"search_term_string\"}}],\"inLanguage\":\"it-IT\"},{\"@type\":\"Person\",\"@id\":\"https:\/\/www.confagricoltura.org\/piacenza\/#\/schema\/person\/be5da25a3117fea4b3bfec9dba09b5e8\",\"name\":\"confagricolturapiacenza\",\"image\":{\"@type\":\"ImageObject\",\"inLanguage\":\"it-IT\",\"@id\":\"https:\/\/www.confagricoltura.org\/piacenza\/#\/schema\/person\/image\/\",\"url\":\"https:\/\/secure.gravatar.com\/avatar\/9c5f111e417171581853bd0a3ff892ca?s=96&d=mm&r=g\",\"contentUrl\":\"https:\/\/secure.gravatar.com\/avatar\/9c5f111e417171581853bd0a3ff892ca?s=96&d=mm&r=g\",\"caption\":\"confagricolturapiacenza\"},\"url\":\"https:\/\/www.confagricoltura.org\/piacenza\/author\/confagricolturapiacenza\/\"}]}<\/script>\n<!-- \/ Yoast SEO plugin. -->","yoast_head_json":{"title":"IL BUON LATTE MANDA IN ROSSO LE AZIENDE: CRESCONO I CONSUMI, MA CROLLANO I PREZZI ALLA STALLA - Confagricoltura Piacenza","robots":{"index":"index","follow":"follow","max-snippet":"max-snippet:-1","max-image-preview":"max-image-preview:large","max-video-preview":"max-video-preview:-1"},"canonical":"https:\/\/www.confagricoltura.org\/piacenza\/il-buon-latte-manda-in-rosso-le-aziende-crescono-i-consumi-ma-crollano-i-prezzi-alla-stalla\/","og_locale":"it_IT","og_type":"article","og_title":"IL BUON LATTE MANDA IN ROSSO LE AZIENDE: CRESCONO I CONSUMI, MA CROLLANO I PREZZI ALLA STALLA - Confagricoltura Piacenza","og_description":"Confagricoltura Piacenza: le misure di sostegno non finiscano nelle tasche dei trasformatori che si sono gi\u00e0 cautelati a scapito degli allevatori. &nbsp; La spesa ai tempi del Coronavirus (dati Nielesen) cambia e durante la tredicesima settimana del 2020 (tra luned\u00ec 23 marzo e domenica 29 marzo) fa registrare, rispetto alla stessa settimana del 2019 un","og_url":"https:\/\/www.confagricoltura.org\/piacenza\/il-buon-latte-manda-in-rosso-le-aziende-crescono-i-consumi-ma-crollano-i-prezzi-alla-stalla\/","og_site_name":"Confagricoltura Piacenza","article_published_time":"2020-04-08T10:59:52+00:00","article_modified_time":"2021-03-11T12:14:08+00:00","og_image":[{"url":"http:\/\/www.confagricoltura.org\/piacenza\/wp-content\/uploads\/sites\/3\/2020\/03\/100-Filippo-Gasparini.jpg","type":"","width":"","height":""}],"author":"confagricolturapiacenza","twitter_card":"summary_large_image","twitter_misc":{"Scritto da":"confagricolturapiacenza","Tempo di lettura stimato":"2 minuti"},"schema":{"@context":"https:\/\/schema.org","@graph":[{"@type":"Article","@id":"https:\/\/www.confagricoltura.org\/piacenza\/il-buon-latte-manda-in-rosso-le-aziende-crescono-i-consumi-ma-crollano-i-prezzi-alla-stalla\/#article","isPartOf":{"@id":"https:\/\/www.confagricoltura.org\/piacenza\/il-buon-latte-manda-in-rosso-le-aziende-crescono-i-consumi-ma-crollano-i-prezzi-alla-stalla\/"},"author":{"name":"confagricolturapiacenza","@id":"https:\/\/www.confagricoltura.org\/piacenza\/#\/schema\/person\/be5da25a3117fea4b3bfec9dba09b5e8"},"headline":"IL BUON LATTE MANDA IN ROSSO LE AZIENDE: CRESCONO I CONSUMI, MA CROLLANO I PREZZI ALLA STALLA","datePublished":"2020-04-08T10:59:52+00:00","dateModified":"2021-03-11T12:14:08+00:00","mainEntityOfPage":{"@id":"https:\/\/www.confagricoltura.org\/piacenza\/il-buon-latte-manda-in-rosso-le-aziende-crescono-i-consumi-ma-crollano-i-prezzi-alla-stalla\/"},"wordCount":516,"commentCount":0,"image":{"@id":"https:\/\/www.confagricoltura.org\/piacenza\/il-buon-latte-manda-in-rosso-le-aziende-crescono-i-consumi-ma-crollano-i-prezzi-alla-stalla\/#primaryimage"},"thumbnailUrl":"http:\/\/www.confagricoltura.org\/piacenza\/wp-content\/uploads\/sites\/3\/2020\/03\/100-Filippo-Gasparini.jpg","keywords":["PREZZO LATTE"],"articleSection":["Archivio"],"inLanguage":"it-IT"},{"@type":"WebPage","@id":"https:\/\/www.confagricoltura.org\/piacenza\/il-buon-latte-manda-in-rosso-le-aziende-crescono-i-consumi-ma-crollano-i-prezzi-alla-stalla\/","url":"https:\/\/www.confagricoltura.org\/piacenza\/il-buon-latte-manda-in-rosso-le-aziende-crescono-i-consumi-ma-crollano-i-prezzi-alla-stalla\/","name":"IL BUON LATTE MANDA IN ROSSO LE AZIENDE: CRESCONO I CONSUMI, MA CROLLANO I PREZZI ALLA STALLA - Confagricoltura Piacenza","isPartOf":{"@id":"https:\/\/www.confagricoltura.org\/piacenza\/#website"},"primaryImageOfPage":{"@id":"https:\/\/www.confagricoltura.org\/piacenza\/il-buon-latte-manda-in-rosso-le-aziende-crescono-i-consumi-ma-crollano-i-prezzi-alla-stalla\/#primaryimage"},"image":{"@id":"https:\/\/www.confagricoltura.org\/piacenza\/il-buon-latte-manda-in-rosso-le-aziende-crescono-i-consumi-ma-crollano-i-prezzi-alla-stalla\/#primaryimage"},"thumbnailUrl":"http:\/\/www.confagricoltura.org\/piacenza\/wp-content\/uploads\/sites\/3\/2020\/03\/100-Filippo-Gasparini.jpg","datePublished":"2020-04-08T10:59:52+00:00","dateModified":"2021-03-11T12:14:08+00:00","author":{"@id":"https:\/\/www.confagricoltura.org\/piacenza\/#\/schema\/person\/be5da25a3117fea4b3bfec9dba09b5e8"},"breadcrumb":{"@id":"https:\/\/www.confagricoltura.org\/piacenza\/il-buon-latte-manda-in-rosso-le-aziende-crescono-i-consumi-ma-crollano-i-prezzi-alla-stalla\/#breadcrumb"},"inLanguage":"it-IT","potentialAction":[{"@type":"ReadAction","target":["https:\/\/www.confagricoltura.org\/piacenza\/il-buon-latte-manda-in-rosso-le-aziende-crescono-i-consumi-ma-crollano-i-prezzi-alla-stalla\/"]}]},{"@type":"ImageObject","inLanguage":"it-IT","@id":"https:\/\/www.confagricoltura.org\/piacenza\/il-buon-latte-manda-in-rosso-le-aziende-crescono-i-consumi-ma-crollano-i-prezzi-alla-stalla\/#primaryimage","url":"http:\/\/www.confagricoltura.org\/piacenza\/wp-content\/uploads\/sites\/3\/2020\/03\/100-Filippo-Gasparini.jpg","contentUrl":"http:\/\/www.confagricoltura.org\/piacenza\/wp-content\/uploads\/sites\/3\/2020\/03\/100-Filippo-Gasparini.jpg"},{"@type":"BreadcrumbList","@id":"https:\/\/www.confagricoltura.org\/piacenza\/il-buon-latte-manda-in-rosso-le-aziende-crescono-i-consumi-ma-crollano-i-prezzi-alla-stalla\/#breadcrumb","itemListElement":[{"@type":"ListItem","position":1,"name":"Home","item":"https:\/\/www.confagricoltura.org\/piacenza\/"},{"@type":"ListItem","position":2,"name":"IL BUON LATTE MANDA IN ROSSO LE AZIENDE: CRESCONO I CONSUMI, MA CROLLANO I PREZZI ALLA STALLA"}]},{"@type":"WebSite","@id":"https:\/\/www.confagricoltura.org\/piacenza\/#website","url":"https:\/\/www.confagricoltura.org\/piacenza\/","name":"Confagricoltura Piacenza","description":"Dalla parte degli Agricoltori","potentialAction":[{"@type":"SearchAction","target":{"@type":"EntryPoint","urlTemplate":"https:\/\/www.confagricoltura.org\/piacenza\/?s={search_term_string}"},"query-input":{"@type":"PropertyValueSpecification","valueRequired":true,"valueName":"search_term_string"}}],"inLanguage":"it-IT"},{"@type":"Person","@id":"https:\/\/www.confagricoltura.org\/piacenza\/#\/schema\/person\/be5da25a3117fea4b3bfec9dba09b5e8","name":"confagricolturapiacenza","image":{"@type":"ImageObject","inLanguage":"it-IT","@id":"https:\/\/www.confagricoltura.org\/piacenza\/#\/schema\/person\/image\/","url":"https:\/\/secure.gravatar.com\/avatar\/9c5f111e417171581853bd0a3ff892ca?s=96&d=mm&r=g","contentUrl":"https:\/\/secure.gravatar.com\/avatar\/9c5f111e417171581853bd0a3ff892ca?s=96&d=mm&r=g","caption":"confagricolturapiacenza"},"url":"https:\/\/www.confagricoltura.org\/piacenza\/author\/confagricolturapiacenza\/"}]}},"_links":{"self":[{"href":"https:\/\/www.confagricoltura.org\/piacenza\/wp-json\/wp\/v2\/posts\/2106","targetHints":{"allow":["GET"]}}],"collection":[{"href":"https:\/\/www.confagricoltura.org\/piacenza\/wp-json\/wp\/v2\/posts"}],"about":[{"href":"https:\/\/www.confagricoltura.org\/piacenza\/wp-json\/wp\/v2\/types\/post"}],"author":[{"embeddable":true,"href":"https:\/\/www.confagricoltura.org\/piacenza\/wp-json\/wp\/v2\/users\/6"}],"replies":[{"embeddable":true,"href":"https:\/\/www.confagricoltura.org\/piacenza\/wp-json\/wp\/v2\/comments?post=2106"}],"version-history":[{"count":1,"href":"https:\/\/www.confagricoltura.org\/piacenza\/wp-json\/wp\/v2\/posts\/2106\/revisions"}],"predecessor-version":[{"id":2614,"href":"https:\/\/www.confagricoltura.org\/piacenza\/wp-json\/wp\/v2\/posts\/2106\/revisions\/2614"}],"wp:attachment":[{"href":"https:\/\/www.confagricoltura.org\/piacenza\/wp-json\/wp\/v2\/media?parent=2106"}],"wp:term":[{"taxonomy":"category","embeddable":true,"href":"https:\/\/www.confagricoltura.org\/piacenza\/wp-json\/wp\/v2\/categories?post=2106"},{"taxonomy":"post_tag","embeddable":true,"href":"https:\/\/www.confagricoltura.org\/piacenza\/wp-json\/wp\/v2\/tags?post=2106"}],"curies":[{"name":"wp","href":"https:\/\/api.w.org\/{rel}","templated":true}]}}