{"id":209,"date":"2016-03-17T17:09:59","date_gmt":"2016-03-17T16:09:59","guid":{"rendered":"http:\/\/www.confagricoltura.org\/piacenza\/?p=209"},"modified":"2021-03-11T13:15:00","modified_gmt":"2021-03-11T12:15:00","slug":"consiglio-ministri-ue-per-il-lattiero-caseario-misure-insufficienti","status":"publish","type":"post","link":"https:\/\/www.confagricoltura.org\/piacenza\/consiglio-ministri-ue-per-il-lattiero-caseario-misure-insufficienti\/","title":{"rendered":"CONSIGLIO MINISTRI UE: PER IL LATTIERO-CASEARIO MISURE INSUFFICIENTI"},"content":{"rendered":"<p><em>Gasparini: bene la moratoria dei debiti, ma serve un taglio netto ai costi di direttive penalizzanti<\/em><\/p>\n<p>Le misure indicate dal Consiglio dei ministri Ue del 15 marzo, dedicato alla crisi dell\u2019agricoltura, sono insufficienti. Filippo Gasparini, presidente della Sezione di prodotto Lattiero-Caseraria di Confagricoltura Piacenza concorda con il ministro delle politiche agricole Maurizio Martina, che ha definito gli interventi della Ue \u201cprivi di una visione strategica per affrontare la questione in maniera concreta e strutturale\u201d. \u201cLa firma avvenuta il 16 marzo del protocollo tra ABI e ministero per le Politiche agricole, con cui si prevedono 30 mesi di sospensione dei pagamenti sui mutui sottoscritti a favore degli allevamenti a valere sul Fondo Latte, va nella direzione degli interventi richiesti fornendo una prima risposta su base nazionale \u2013 spiega Gasparini -. Un provvedimento concreto che va incontro alle necessit\u00e0 di tesoreria dei nostri allevatori. Una misura che avevamo richiesto come Confagricoltura e davvero atteso, che consentir\u00e0 di dare un po\u2019 di liquidit\u00e0 immediata alle imprese. Al nostro governo chiediamo per\u00f2 la riduzione della burocrazia amministrativa e fiscale, la semplificazione dei controlli e il superamento delle direttive penalizzanti come quella dei nitrati\u201d. Gli allevatori possono rischiare di trovarsi tra un anno in una situazione ancor pi\u00f9 drammatica e in pi\u00f9 con il peso dei debiti pregressi da pagare. La misura annunciata da Bruxelles di ritirare 218 mila tonnellate di latte scremato in polvere e 100 mila tonnellate di burro pu\u00f2 essere una misura d\u2019aiuto per il sistema, ma \u00e8 un intervento troppo blando sia in termini di quantit\u00e0 che di prezzo. \u201cBen altro senso e impatto sulle stalle a rischio chiusura avrebbe avuto un sistema di contingentamento delle produzioni \u2013 prosegue Gasparini &#8211; che noi abbiamo chiesto tramite il ministro Martina e che comporterebbe una riduzione annua di latte del 3 o 4 per cento rispetto all\u2019anno precedente in cambio di un incentivo o di aiuti, ad esempio 10 centesimi al litro non fatto. Una manovra su base volontaria che fissava un valore per cui i produttori dei Paesi eccedentari sarebbero stati pi\u00f9 interessati a non produrre quel latte marginale che a inviarlo in Italia a prezzi infimi. Con il risultato finale che sarebbe stata una misura equa che lasciava pi\u00f9 margine d\u2019offerta al nostro Paese che \u00e8 deficitario. Per finanziare la misura sarebbero stati necessari 200 milioni di euro, che evidentemente la Ue non ha voluto investire\u201d. Ora tutto \u00e8 rimandato al prossimo Consiglio europeo di aprile, nel quale si torner\u00e0 ad affrontare la questione, ma sar\u00e0 tardi. \u201cNel frattempo gli allevatori non possono stare a guardare \u2013 conclude Gasparini \u2013 etichettatura e tracciabilit\u00e0 sono ormai prerequisiti e non una strategia vincente, per questo agiremo ad ogni livello affinch\u00e9 vengano prese le decisioni coraggiose che il momento impone\u201d.<\/p>\n<p><img loading=\"lazy\" decoding=\"async\" class=\"alignnone size-full wp-image-211 img-responsive\" src=\"http:\/\/www.confagricoltura.org\/piacenza\/wp-content\/uploads\/sites\/3\/2016\/03\/gasparini.jpg\" alt=\"gasparini\" width=\"567\" height=\"630\" \/><\/p>\n<p><strong>Filippo Gasparini<\/strong> &#8211; presidente della Sezione di prodotto Lattiero-Caseraria e Vice presidente di Confagricoltura Piacenza.<\/p>\n","protected":false},"excerpt":{"rendered":"<p>Gasparini: bene la moratoria dei debiti, ma serve un taglio netto ai costi di direttive penalizzanti Le misure indicate dal Consiglio dei ministri Ue del 15 marzo, dedicato alla crisi dell\u2019agricoltura, sono insufficienti. Filippo Gasparini, presidente della Sezione di prodotto Lattiero-Caseraria di Confagricoltura Piacenza concorda con il ministro delle politiche agricole Maurizio Martina, che ha<\/p>\n","protected":false},"author":6,"featured_media":0,"comment_status":"open","ping_status":"open","sticky":false,"template":"","format":"standard","meta":{"wp_mapbox_gl_js_media":[],"footnotes":""},"categories":[335],"tags":[],"class_list":["post-209","post","type-post","status-publish","format-standard","hentry","category-archivio"],"yoast_head":"<!-- This site is optimized with the Yoast SEO plugin v26.8 - https:\/\/yoast.com\/product\/yoast-seo-wordpress\/ -->\n<title>CONSIGLIO MINISTRI UE: PER IL LATTIERO-CASEARIO MISURE INSUFFICIENTI - Confagricoltura Piacenza<\/title>\n<meta name=\"robots\" content=\"index, follow, max-snippet:-1, max-image-preview:large, max-video-preview:-1\" \/>\n<link rel=\"canonical\" href=\"https:\/\/www.confagricoltura.org\/piacenza\/consiglio-ministri-ue-per-il-lattiero-caseario-misure-insufficienti\/\" \/>\n<meta property=\"og:locale\" content=\"it_IT\" \/>\n<meta property=\"og:type\" content=\"article\" \/>\n<meta property=\"og:title\" content=\"CONSIGLIO MINISTRI UE: PER IL LATTIERO-CASEARIO MISURE INSUFFICIENTI - Confagricoltura Piacenza\" \/>\n<meta property=\"og:description\" content=\"Gasparini: bene la moratoria dei debiti, ma serve un taglio netto ai costi di direttive penalizzanti Le misure indicate dal Consiglio dei ministri Ue del 15 marzo, dedicato alla crisi dell\u2019agricoltura, sono insufficienti. Filippo Gasparini, presidente della Sezione di prodotto Lattiero-Caseraria di Confagricoltura Piacenza concorda con il ministro delle politiche agricole Maurizio Martina, che ha\" \/>\n<meta property=\"og:url\" content=\"https:\/\/www.confagricoltura.org\/piacenza\/consiglio-ministri-ue-per-il-lattiero-caseario-misure-insufficienti\/\" \/>\n<meta property=\"og:site_name\" content=\"Confagricoltura Piacenza\" \/>\n<meta property=\"article:published_time\" content=\"2016-03-17T16:09:59+00:00\" \/>\n<meta property=\"article:modified_time\" content=\"2021-03-11T12:15:00+00:00\" \/>\n<meta property=\"og:image\" content=\"http:\/\/www.confagricoltura.org\/piacenza\/wp-content\/uploads\/sites\/3\/2016\/03\/gasparini.jpg\" \/>\n<meta name=\"author\" content=\"confagricolturapiacenza\" \/>\n<meta name=\"twitter:card\" content=\"summary_large_image\" \/>\n<meta name=\"twitter:label1\" content=\"Scritto da\" \/>\n\t<meta name=\"twitter:data1\" content=\"confagricolturapiacenza\" \/>\n\t<meta name=\"twitter:label2\" content=\"Tempo di lettura stimato\" \/>\n\t<meta name=\"twitter:data2\" content=\"2 minuti\" \/>\n<script type=\"application\/ld+json\" class=\"yoast-schema-graph\">{\"@context\":\"https:\/\/schema.org\",\"@graph\":[{\"@type\":\"Article\",\"@id\":\"https:\/\/www.confagricoltura.org\/piacenza\/consiglio-ministri-ue-per-il-lattiero-caseario-misure-insufficienti\/#article\",\"isPartOf\":{\"@id\":\"https:\/\/www.confagricoltura.org\/piacenza\/consiglio-ministri-ue-per-il-lattiero-caseario-misure-insufficienti\/\"},\"author\":{\"name\":\"confagricolturapiacenza\",\"@id\":\"https:\/\/www.confagricoltura.org\/piacenza\/#\/schema\/person\/be5da25a3117fea4b3bfec9dba09b5e8\"},\"headline\":\"CONSIGLIO MINISTRI UE: PER IL LATTIERO-CASEARIO MISURE INSUFFICIENTI\",\"datePublished\":\"2016-03-17T16:09:59+00:00\",\"dateModified\":\"2021-03-11T12:15:00+00:00\",\"mainEntityOfPage\":{\"@id\":\"https:\/\/www.confagricoltura.org\/piacenza\/consiglio-ministri-ue-per-il-lattiero-caseario-misure-insufficienti\/\"},\"wordCount\":467,\"commentCount\":0,\"image\":{\"@id\":\"https:\/\/www.confagricoltura.org\/piacenza\/consiglio-ministri-ue-per-il-lattiero-caseario-misure-insufficienti\/#primaryimage\"},\"thumbnailUrl\":\"http:\/\/www.confagricoltura.org\/piacenza\/wp-content\/uploads\/sites\/3\/2016\/03\/gasparini.jpg\",\"articleSection\":[\"Archivio\"],\"inLanguage\":\"it-IT\"},{\"@type\":\"WebPage\",\"@id\":\"https:\/\/www.confagricoltura.org\/piacenza\/consiglio-ministri-ue-per-il-lattiero-caseario-misure-insufficienti\/\",\"url\":\"https:\/\/www.confagricoltura.org\/piacenza\/consiglio-ministri-ue-per-il-lattiero-caseario-misure-insufficienti\/\",\"name\":\"CONSIGLIO MINISTRI UE: PER IL LATTIERO-CASEARIO MISURE INSUFFICIENTI - Confagricoltura Piacenza\",\"isPartOf\":{\"@id\":\"https:\/\/www.confagricoltura.org\/piacenza\/#website\"},\"primaryImageOfPage\":{\"@id\":\"https:\/\/www.confagricoltura.org\/piacenza\/consiglio-ministri-ue-per-il-lattiero-caseario-misure-insufficienti\/#primaryimage\"},\"image\":{\"@id\":\"https:\/\/www.confagricoltura.org\/piacenza\/consiglio-ministri-ue-per-il-lattiero-caseario-misure-insufficienti\/#primaryimage\"},\"thumbnailUrl\":\"http:\/\/www.confagricoltura.org\/piacenza\/wp-content\/uploads\/sites\/3\/2016\/03\/gasparini.jpg\",\"datePublished\":\"2016-03-17T16:09:59+00:00\",\"dateModified\":\"2021-03-11T12:15:00+00:00\",\"author\":{\"@id\":\"https:\/\/www.confagricoltura.org\/piacenza\/#\/schema\/person\/be5da25a3117fea4b3bfec9dba09b5e8\"},\"breadcrumb\":{\"@id\":\"https:\/\/www.confagricoltura.org\/piacenza\/consiglio-ministri-ue-per-il-lattiero-caseario-misure-insufficienti\/#breadcrumb\"},\"inLanguage\":\"it-IT\",\"potentialAction\":[{\"@type\":\"ReadAction\",\"target\":[\"https:\/\/www.confagricoltura.org\/piacenza\/consiglio-ministri-ue-per-il-lattiero-caseario-misure-insufficienti\/\"]}]},{\"@type\":\"ImageObject\",\"inLanguage\":\"it-IT\",\"@id\":\"https:\/\/www.confagricoltura.org\/piacenza\/consiglio-ministri-ue-per-il-lattiero-caseario-misure-insufficienti\/#primaryimage\",\"url\":\"http:\/\/www.confagricoltura.org\/piacenza\/wp-content\/uploads\/sites\/3\/2016\/03\/gasparini.jpg\",\"contentUrl\":\"http:\/\/www.confagricoltura.org\/piacenza\/wp-content\/uploads\/sites\/3\/2016\/03\/gasparini.jpg\"},{\"@type\":\"BreadcrumbList\",\"@id\":\"https:\/\/www.confagricoltura.org\/piacenza\/consiglio-ministri-ue-per-il-lattiero-caseario-misure-insufficienti\/#breadcrumb\",\"itemListElement\":[{\"@type\":\"ListItem\",\"position\":1,\"name\":\"Home\",\"item\":\"https:\/\/www.confagricoltura.org\/piacenza\/\"},{\"@type\":\"ListItem\",\"position\":2,\"name\":\"CONSIGLIO MINISTRI UE: PER IL LATTIERO-CASEARIO MISURE INSUFFICIENTI\"}]},{\"@type\":\"WebSite\",\"@id\":\"https:\/\/www.confagricoltura.org\/piacenza\/#website\",\"url\":\"https:\/\/www.confagricoltura.org\/piacenza\/\",\"name\":\"Confagricoltura Piacenza\",\"description\":\"Dalla parte degli Agricoltori\",\"potentialAction\":[{\"@type\":\"SearchAction\",\"target\":{\"@type\":\"EntryPoint\",\"urlTemplate\":\"https:\/\/www.confagricoltura.org\/piacenza\/?s={search_term_string}\"},\"query-input\":{\"@type\":\"PropertyValueSpecification\",\"valueRequired\":true,\"valueName\":\"search_term_string\"}}],\"inLanguage\":\"it-IT\"},{\"@type\":\"Person\",\"@id\":\"https:\/\/www.confagricoltura.org\/piacenza\/#\/schema\/person\/be5da25a3117fea4b3bfec9dba09b5e8\",\"name\":\"confagricolturapiacenza\",\"image\":{\"@type\":\"ImageObject\",\"inLanguage\":\"it-IT\",\"@id\":\"https:\/\/www.confagricoltura.org\/piacenza\/#\/schema\/person\/image\/\",\"url\":\"https:\/\/secure.gravatar.com\/avatar\/9c5f111e417171581853bd0a3ff892ca?s=96&d=mm&r=g\",\"contentUrl\":\"https:\/\/secure.gravatar.com\/avatar\/9c5f111e417171581853bd0a3ff892ca?s=96&d=mm&r=g\",\"caption\":\"confagricolturapiacenza\"},\"url\":\"https:\/\/www.confagricoltura.org\/piacenza\/author\/confagricolturapiacenza\/\"}]}<\/script>\n<!-- \/ Yoast SEO plugin. -->","yoast_head_json":{"title":"CONSIGLIO MINISTRI UE: PER IL LATTIERO-CASEARIO MISURE INSUFFICIENTI - Confagricoltura Piacenza","robots":{"index":"index","follow":"follow","max-snippet":"max-snippet:-1","max-image-preview":"max-image-preview:large","max-video-preview":"max-video-preview:-1"},"canonical":"https:\/\/www.confagricoltura.org\/piacenza\/consiglio-ministri-ue-per-il-lattiero-caseario-misure-insufficienti\/","og_locale":"it_IT","og_type":"article","og_title":"CONSIGLIO MINISTRI UE: PER IL LATTIERO-CASEARIO MISURE INSUFFICIENTI - Confagricoltura Piacenza","og_description":"Gasparini: bene la moratoria dei debiti, ma serve un taglio netto ai costi di direttive penalizzanti Le misure indicate dal Consiglio dei ministri Ue del 15 marzo, dedicato alla crisi dell\u2019agricoltura, sono insufficienti. Filippo Gasparini, presidente della Sezione di prodotto Lattiero-Caseraria di Confagricoltura Piacenza concorda con il ministro delle politiche agricole Maurizio Martina, che ha","og_url":"https:\/\/www.confagricoltura.org\/piacenza\/consiglio-ministri-ue-per-il-lattiero-caseario-misure-insufficienti\/","og_site_name":"Confagricoltura Piacenza","article_published_time":"2016-03-17T16:09:59+00:00","article_modified_time":"2021-03-11T12:15:00+00:00","og_image":[{"url":"http:\/\/www.confagricoltura.org\/piacenza\/wp-content\/uploads\/sites\/3\/2016\/03\/gasparini.jpg","type":"","width":"","height":""}],"author":"confagricolturapiacenza","twitter_card":"summary_large_image","twitter_misc":{"Scritto da":"confagricolturapiacenza","Tempo di lettura stimato":"2 minuti"},"schema":{"@context":"https:\/\/schema.org","@graph":[{"@type":"Article","@id":"https:\/\/www.confagricoltura.org\/piacenza\/consiglio-ministri-ue-per-il-lattiero-caseario-misure-insufficienti\/#article","isPartOf":{"@id":"https:\/\/www.confagricoltura.org\/piacenza\/consiglio-ministri-ue-per-il-lattiero-caseario-misure-insufficienti\/"},"author":{"name":"confagricolturapiacenza","@id":"https:\/\/www.confagricoltura.org\/piacenza\/#\/schema\/person\/be5da25a3117fea4b3bfec9dba09b5e8"},"headline":"CONSIGLIO MINISTRI UE: PER IL LATTIERO-CASEARIO MISURE INSUFFICIENTI","datePublished":"2016-03-17T16:09:59+00:00","dateModified":"2021-03-11T12:15:00+00:00","mainEntityOfPage":{"@id":"https:\/\/www.confagricoltura.org\/piacenza\/consiglio-ministri-ue-per-il-lattiero-caseario-misure-insufficienti\/"},"wordCount":467,"commentCount":0,"image":{"@id":"https:\/\/www.confagricoltura.org\/piacenza\/consiglio-ministri-ue-per-il-lattiero-caseario-misure-insufficienti\/#primaryimage"},"thumbnailUrl":"http:\/\/www.confagricoltura.org\/piacenza\/wp-content\/uploads\/sites\/3\/2016\/03\/gasparini.jpg","articleSection":["Archivio"],"inLanguage":"it-IT"},{"@type":"WebPage","@id":"https:\/\/www.confagricoltura.org\/piacenza\/consiglio-ministri-ue-per-il-lattiero-caseario-misure-insufficienti\/","url":"https:\/\/www.confagricoltura.org\/piacenza\/consiglio-ministri-ue-per-il-lattiero-caseario-misure-insufficienti\/","name":"CONSIGLIO MINISTRI UE: PER IL LATTIERO-CASEARIO MISURE INSUFFICIENTI - Confagricoltura Piacenza","isPartOf":{"@id":"https:\/\/www.confagricoltura.org\/piacenza\/#website"},"primaryImageOfPage":{"@id":"https:\/\/www.confagricoltura.org\/piacenza\/consiglio-ministri-ue-per-il-lattiero-caseario-misure-insufficienti\/#primaryimage"},"image":{"@id":"https:\/\/www.confagricoltura.org\/piacenza\/consiglio-ministri-ue-per-il-lattiero-caseario-misure-insufficienti\/#primaryimage"},"thumbnailUrl":"http:\/\/www.confagricoltura.org\/piacenza\/wp-content\/uploads\/sites\/3\/2016\/03\/gasparini.jpg","datePublished":"2016-03-17T16:09:59+00:00","dateModified":"2021-03-11T12:15:00+00:00","author":{"@id":"https:\/\/www.confagricoltura.org\/piacenza\/#\/schema\/person\/be5da25a3117fea4b3bfec9dba09b5e8"},"breadcrumb":{"@id":"https:\/\/www.confagricoltura.org\/piacenza\/consiglio-ministri-ue-per-il-lattiero-caseario-misure-insufficienti\/#breadcrumb"},"inLanguage":"it-IT","potentialAction":[{"@type":"ReadAction","target":["https:\/\/www.confagricoltura.org\/piacenza\/consiglio-ministri-ue-per-il-lattiero-caseario-misure-insufficienti\/"]}]},{"@type":"ImageObject","inLanguage":"it-IT","@id":"https:\/\/www.confagricoltura.org\/piacenza\/consiglio-ministri-ue-per-il-lattiero-caseario-misure-insufficienti\/#primaryimage","url":"http:\/\/www.confagricoltura.org\/piacenza\/wp-content\/uploads\/sites\/3\/2016\/03\/gasparini.jpg","contentUrl":"http:\/\/www.confagricoltura.org\/piacenza\/wp-content\/uploads\/sites\/3\/2016\/03\/gasparini.jpg"},{"@type":"BreadcrumbList","@id":"https:\/\/www.confagricoltura.org\/piacenza\/consiglio-ministri-ue-per-il-lattiero-caseario-misure-insufficienti\/#breadcrumb","itemListElement":[{"@type":"ListItem","position":1,"name":"Home","item":"https:\/\/www.confagricoltura.org\/piacenza\/"},{"@type":"ListItem","position":2,"name":"CONSIGLIO MINISTRI UE: PER IL LATTIERO-CASEARIO MISURE INSUFFICIENTI"}]},{"@type":"WebSite","@id":"https:\/\/www.confagricoltura.org\/piacenza\/#website","url":"https:\/\/www.confagricoltura.org\/piacenza\/","name":"Confagricoltura Piacenza","description":"Dalla parte degli Agricoltori","potentialAction":[{"@type":"SearchAction","target":{"@type":"EntryPoint","urlTemplate":"https:\/\/www.confagricoltura.org\/piacenza\/?s={search_term_string}"},"query-input":{"@type":"PropertyValueSpecification","valueRequired":true,"valueName":"search_term_string"}}],"inLanguage":"it-IT"},{"@type":"Person","@id":"https:\/\/www.confagricoltura.org\/piacenza\/#\/schema\/person\/be5da25a3117fea4b3bfec9dba09b5e8","name":"confagricolturapiacenza","image":{"@type":"ImageObject","inLanguage":"it-IT","@id":"https:\/\/www.confagricoltura.org\/piacenza\/#\/schema\/person\/image\/","url":"https:\/\/secure.gravatar.com\/avatar\/9c5f111e417171581853bd0a3ff892ca?s=96&d=mm&r=g","contentUrl":"https:\/\/secure.gravatar.com\/avatar\/9c5f111e417171581853bd0a3ff892ca?s=96&d=mm&r=g","caption":"confagricolturapiacenza"},"url":"https:\/\/www.confagricoltura.org\/piacenza\/author\/confagricolturapiacenza\/"}]}},"_links":{"self":[{"href":"https:\/\/www.confagricoltura.org\/piacenza\/wp-json\/wp\/v2\/posts\/209","targetHints":{"allow":["GET"]}}],"collection":[{"href":"https:\/\/www.confagricoltura.org\/piacenza\/wp-json\/wp\/v2\/posts"}],"about":[{"href":"https:\/\/www.confagricoltura.org\/piacenza\/wp-json\/wp\/v2\/types\/post"}],"author":[{"embeddable":true,"href":"https:\/\/www.confagricoltura.org\/piacenza\/wp-json\/wp\/v2\/users\/6"}],"replies":[{"embeddable":true,"href":"https:\/\/www.confagricoltura.org\/piacenza\/wp-json\/wp\/v2\/comments?post=209"}],"version-history":[{"count":1,"href":"https:\/\/www.confagricoltura.org\/piacenza\/wp-json\/wp\/v2\/posts\/209\/revisions"}],"predecessor-version":[{"id":3012,"href":"https:\/\/www.confagricoltura.org\/piacenza\/wp-json\/wp\/v2\/posts\/209\/revisions\/3012"}],"wp:attachment":[{"href":"https:\/\/www.confagricoltura.org\/piacenza\/wp-json\/wp\/v2\/media?parent=209"}],"wp:term":[{"taxonomy":"category","embeddable":true,"href":"https:\/\/www.confagricoltura.org\/piacenza\/wp-json\/wp\/v2\/categories?post=209"},{"taxonomy":"post_tag","embeddable":true,"href":"https:\/\/www.confagricoltura.org\/piacenza\/wp-json\/wp\/v2\/tags?post=209"}],"curies":[{"name":"wp","href":"https:\/\/api.w.org\/{rel}","templated":true}]}}