{"id":2031,"date":"2020-02-24T15:26:03","date_gmt":"2020-02-24T14:26:03","guid":{"rendered":"http:\/\/www.confagricoltura.org\/piacenza\/?p=2031"},"modified":"2021-03-11T13:14:09","modified_gmt":"2021-03-11T12:14:09","slug":"marcello-bonvicini-nuovo-presidente-di-confagricoltura-emilia-romagna","status":"publish","type":"post","link":"https:\/\/www.confagricoltura.org\/piacenza\/marcello-bonvicini-nuovo-presidente-di-confagricoltura-emilia-romagna\/","title":{"rendered":"MARCELLO BONVICINI NUOVO PRESIDENTE DI CONFAGRICOLTURA EMILIA ROMAGNA"},"content":{"rendered":"<h3><em>Vicepresidenti: Andrea Betti e Gianluca Vertuani<\/em><\/h3>\n<p>L\u2019assemblea di Confagricoltura Emilia Romagna che si \u00e8 svolta stamattina 24 febbraio a Bologna ha eletto il nuovo presidente: Marcello Bonvicini. Una nomina fortunatamente senza soprese a all\u2019unanimit\u00e0 per cui non \u00e8 stato problematico ridurre il numero degli aventi diritto al voto presenti per ottemperare alle diposizioni emanate nell\u2019ordinanza di ieri dalla Regione Emilia Romagna per contrastare la diffusione del coronavirus. Bonvicini, dal 2015 ricopre la carica presidente di Confagricoltura Reggio Emilia. \u201cSono orgoglioso di questo incarico. Il senso di appartenenza alla centenaria organizzazione agricola mi stimola a proseguire l\u2019impegno sindacale. Ora lavorer\u00f2 per dare risposte concrete alle 12 mila aziende associate della regione\u201d, ha detto il neopresidente fresco di nomina.<\/p>\n<p>Bonvicini che dal 1996 guida \u201cLa Libert\u00e0\u201d, cooperativa agricola produttrice di cereali, barbabietole da zucchero, riso e orticole, con sede a Santa Vittoria di Gualtieri (RE), sar\u00e0 affiancato dai vicepresidenti Andrea Betti, attuale numero uno di Confagricoltura Ravenna e produttore di vini con azienda di 20 ettari sulle colline di Riolo Terme e Gianluca Vertuani, al vertice di Confagricoltura Ferrara, che gestisce aziende agricole con terreni in provincia di Ferrara e di Rovigo.<\/p>\n<p>Il neo presidente ha voluto ringraziare la past-president, Eugenia Bergamaschi, per l\u2019attivit\u00e0 sindacale svolta prima nel Modenese a capo dell\u2019organizzazione provinciale e poi di Confagricoltura Emilia Romagna, ricordando le iniziative dell\u2019imprenditrice a sostegno dell\u2019innovazione e modernizzazione dell\u2019agricoltura e per un sistema Italia altamente competitivo, ma anche l\u2019accento posto sulla capacit\u00e0 di fare impresa e sulla necessit\u00e0 di guardare oltre confine finanche ai pi\u00f9 lontani mercati di sbocco, per una reale crescita dell\u2019agroalimentare del territorio.<\/p>\n<p>\u201cMi aspettano sfide dure &#8211; ha aggiunto infine Bonvicini \u2013 a partire dalla crisi del settore frutticolo, passando attraverso le esigenze imprevedibili dell\u2019agricoltura ai tempi del Climate Change, per finire con la pianificazione del Piano di sviluppo rurale e la rilevanza dell\u2019azione sindacale da portare avanti in maniera coordinata su pi\u00f9 tavoli dal regionale al nazionale fino a Bruxelles. Chiederemo alla nuova giunta di viale Aldo Moro di proseguire e intensificare il sostegno agli investimenti aziendali, soprattutto in strutture e conoscenza, e di affiancare le imprese nel processo di aggregazione per rafforzare la struttura dell\u2019agrifood regionale e la capacit\u00e0 di penetrazione commerciale all\u2019estero\u201d. \u201cPlaudiamo a questa nomina che abbiamo appoggiato \u2013 commenta il presidente di Confagricoltura Piacenza Filippo Gasparini di ritorno da Bologna \u2013 Marcello \u00e8 un uomo pragmatico, che ha voglia di fare, competente e determinato. Siamo certi che sapr\u00e0 guidare al meglio la confederazione garantendo stabilit\u00e0. Pu\u00f2 contare sulla nostra pi\u00f9 ampia collaborazione. Cos\u00ec come \u2013 conclude Gasparini \u2013 i due vice sapranno fornirgli supporto adeguato in un momento certamente non facile per il settore e in generale per l\u2019intero Paese\u201d.<\/p>\n<p><img loading=\"lazy\" decoding=\"async\" class=\"alignnone  wp-image-2033 img-responsive\" src=\"http:\/\/www.confagricoltura.org\/piacenza\/wp-content\/uploads\/sites\/3\/2020\/03\/da-six-Vertuani-Bonvicini-Betti.jpg\" alt=\"\" width=\"713\" height=\"535\" \/><\/p>\n<p>da sinistra: Gianluca Vertuani &#8211; vicepresidente; Marcello Bonvicini \u2013 presidente; Andrea Betti \u2013 vicepresidente;<\/p>\n<p>&nbsp;<\/p>\n<p><img loading=\"lazy\" decoding=\"async\" class=\"alignnone  wp-image-2032 img-responsive\" src=\"http:\/\/www.confagricoltura.org\/piacenza\/wp-content\/uploads\/sites\/3\/2020\/03\/gruppo-presidenti-con-Bonvicini.jpg\" alt=\"\" width=\"711\" height=\"533\" \/><\/p>\n<p>gruppo dei presidenti territoriali e il presidente regionale con Filippo Gasparini a sinistra del presidente Bonvicini.<\/p>\n","protected":false},"excerpt":{"rendered":"<p>Vicepresidenti: Andrea Betti e Gianluca Vertuani L\u2019assemblea di Confagricoltura Emilia Romagna che si \u00e8 svolta stamattina 24 febbraio a Bologna ha eletto il nuovo presidente: Marcello Bonvicini. Una nomina fortunatamente senza soprese a all\u2019unanimit\u00e0 per cui non \u00e8 stato problematico ridurre il numero degli aventi diritto al voto presenti per ottemperare alle diposizioni emanate nell\u2019ordinanza<\/p>\n","protected":false},"author":6,"featured_media":0,"comment_status":"open","ping_status":"open","sticky":false,"template":"","format":"standard","meta":{"wp_mapbox_gl_js_media":[],"footnotes":""},"categories":[335],"tags":[273],"class_list":["post-2031","post","type-post","status-publish","format-standard","hentry","category-archivio","tag-bonvicini"],"yoast_head":"<!-- This site is optimized with the Yoast SEO plugin v26.8 - https:\/\/yoast.com\/product\/yoast-seo-wordpress\/ -->\n<title>MARCELLO BONVICINI NUOVO PRESIDENTE DI CONFAGRICOLTURA EMILIA ROMAGNA - Confagricoltura Piacenza<\/title>\n<meta name=\"robots\" content=\"index, follow, max-snippet:-1, max-image-preview:large, max-video-preview:-1\" \/>\n<link rel=\"canonical\" href=\"https:\/\/www.confagricoltura.org\/piacenza\/marcello-bonvicini-nuovo-presidente-di-confagricoltura-emilia-romagna\/\" \/>\n<meta property=\"og:locale\" content=\"it_IT\" \/>\n<meta property=\"og:type\" content=\"article\" \/>\n<meta property=\"og:title\" content=\"MARCELLO BONVICINI NUOVO PRESIDENTE DI CONFAGRICOLTURA EMILIA ROMAGNA - Confagricoltura Piacenza\" \/>\n<meta property=\"og:description\" content=\"Vicepresidenti: Andrea Betti e Gianluca Vertuani L\u2019assemblea di Confagricoltura Emilia Romagna che si \u00e8 svolta stamattina 24 febbraio a Bologna ha eletto il nuovo presidente: Marcello Bonvicini. Una nomina fortunatamente senza soprese a all\u2019unanimit\u00e0 per cui non \u00e8 stato problematico ridurre il numero degli aventi diritto al voto presenti per ottemperare alle diposizioni emanate nell\u2019ordinanza\" \/>\n<meta property=\"og:url\" content=\"https:\/\/www.confagricoltura.org\/piacenza\/marcello-bonvicini-nuovo-presidente-di-confagricoltura-emilia-romagna\/\" \/>\n<meta property=\"og:site_name\" content=\"Confagricoltura Piacenza\" \/>\n<meta property=\"article:published_time\" content=\"2020-02-24T14:26:03+00:00\" \/>\n<meta property=\"article:modified_time\" content=\"2021-03-11T12:14:09+00:00\" \/>\n<meta property=\"og:image\" content=\"http:\/\/www.confagricoltura.org\/piacenza\/wp-content\/uploads\/sites\/3\/2020\/03\/da-six-Vertuani-Bonvicini-Betti.jpg\" \/>\n<meta name=\"author\" content=\"confagricolturapiacenza\" \/>\n<meta name=\"twitter:card\" content=\"summary_large_image\" \/>\n<meta name=\"twitter:label1\" content=\"Scritto da\" \/>\n\t<meta name=\"twitter:data1\" content=\"confagricolturapiacenza\" \/>\n\t<meta name=\"twitter:label2\" content=\"Tempo di lettura stimato\" \/>\n\t<meta name=\"twitter:data2\" content=\"2 minuti\" \/>\n<script type=\"application\/ld+json\" class=\"yoast-schema-graph\">{\"@context\":\"https:\/\/schema.org\",\"@graph\":[{\"@type\":\"Article\",\"@id\":\"https:\/\/www.confagricoltura.org\/piacenza\/marcello-bonvicini-nuovo-presidente-di-confagricoltura-emilia-romagna\/#article\",\"isPartOf\":{\"@id\":\"https:\/\/www.confagricoltura.org\/piacenza\/marcello-bonvicini-nuovo-presidente-di-confagricoltura-emilia-romagna\/\"},\"author\":{\"name\":\"confagricolturapiacenza\",\"@id\":\"https:\/\/www.confagricoltura.org\/piacenza\/#\/schema\/person\/be5da25a3117fea4b3bfec9dba09b5e8\"},\"headline\":\"MARCELLO BONVICINI NUOVO PRESIDENTE DI CONFAGRICOLTURA EMILIA ROMAGNA\",\"datePublished\":\"2020-02-24T14:26:03+00:00\",\"dateModified\":\"2021-03-11T12:14:09+00:00\",\"mainEntityOfPage\":{\"@id\":\"https:\/\/www.confagricoltura.org\/piacenza\/marcello-bonvicini-nuovo-presidente-di-confagricoltura-emilia-romagna\/\"},\"wordCount\":487,\"commentCount\":0,\"image\":{\"@id\":\"https:\/\/www.confagricoltura.org\/piacenza\/marcello-bonvicini-nuovo-presidente-di-confagricoltura-emilia-romagna\/#primaryimage\"},\"thumbnailUrl\":\"http:\/\/www.confagricoltura.org\/piacenza\/wp-content\/uploads\/sites\/3\/2020\/03\/da-six-Vertuani-Bonvicini-Betti.jpg\",\"keywords\":[\"bonvicini\"],\"articleSection\":[\"Archivio\"],\"inLanguage\":\"it-IT\"},{\"@type\":\"WebPage\",\"@id\":\"https:\/\/www.confagricoltura.org\/piacenza\/marcello-bonvicini-nuovo-presidente-di-confagricoltura-emilia-romagna\/\",\"url\":\"https:\/\/www.confagricoltura.org\/piacenza\/marcello-bonvicini-nuovo-presidente-di-confagricoltura-emilia-romagna\/\",\"name\":\"MARCELLO BONVICINI NUOVO PRESIDENTE DI CONFAGRICOLTURA EMILIA ROMAGNA - Confagricoltura Piacenza\",\"isPartOf\":{\"@id\":\"https:\/\/www.confagricoltura.org\/piacenza\/#website\"},\"primaryImageOfPage\":{\"@id\":\"https:\/\/www.confagricoltura.org\/piacenza\/marcello-bonvicini-nuovo-presidente-di-confagricoltura-emilia-romagna\/#primaryimage\"},\"image\":{\"@id\":\"https:\/\/www.confagricoltura.org\/piacenza\/marcello-bonvicini-nuovo-presidente-di-confagricoltura-emilia-romagna\/#primaryimage\"},\"thumbnailUrl\":\"http:\/\/www.confagricoltura.org\/piacenza\/wp-content\/uploads\/sites\/3\/2020\/03\/da-six-Vertuani-Bonvicini-Betti.jpg\",\"datePublished\":\"2020-02-24T14:26:03+00:00\",\"dateModified\":\"2021-03-11T12:14:09+00:00\",\"author\":{\"@id\":\"https:\/\/www.confagricoltura.org\/piacenza\/#\/schema\/person\/be5da25a3117fea4b3bfec9dba09b5e8\"},\"breadcrumb\":{\"@id\":\"https:\/\/www.confagricoltura.org\/piacenza\/marcello-bonvicini-nuovo-presidente-di-confagricoltura-emilia-romagna\/#breadcrumb\"},\"inLanguage\":\"it-IT\",\"potentialAction\":[{\"@type\":\"ReadAction\",\"target\":[\"https:\/\/www.confagricoltura.org\/piacenza\/marcello-bonvicini-nuovo-presidente-di-confagricoltura-emilia-romagna\/\"]}]},{\"@type\":\"ImageObject\",\"inLanguage\":\"it-IT\",\"@id\":\"https:\/\/www.confagricoltura.org\/piacenza\/marcello-bonvicini-nuovo-presidente-di-confagricoltura-emilia-romagna\/#primaryimage\",\"url\":\"http:\/\/www.confagricoltura.org\/piacenza\/wp-content\/uploads\/sites\/3\/2020\/03\/da-six-Vertuani-Bonvicini-Betti.jpg\",\"contentUrl\":\"http:\/\/www.confagricoltura.org\/piacenza\/wp-content\/uploads\/sites\/3\/2020\/03\/da-six-Vertuani-Bonvicini-Betti.jpg\"},{\"@type\":\"BreadcrumbList\",\"@id\":\"https:\/\/www.confagricoltura.org\/piacenza\/marcello-bonvicini-nuovo-presidente-di-confagricoltura-emilia-romagna\/#breadcrumb\",\"itemListElement\":[{\"@type\":\"ListItem\",\"position\":1,\"name\":\"Home\",\"item\":\"https:\/\/www.confagricoltura.org\/piacenza\/\"},{\"@type\":\"ListItem\",\"position\":2,\"name\":\"MARCELLO BONVICINI NUOVO PRESIDENTE DI CONFAGRICOLTURA EMILIA ROMAGNA\"}]},{\"@type\":\"WebSite\",\"@id\":\"https:\/\/www.confagricoltura.org\/piacenza\/#website\",\"url\":\"https:\/\/www.confagricoltura.org\/piacenza\/\",\"name\":\"Confagricoltura Piacenza\",\"description\":\"Dalla parte degli Agricoltori\",\"potentialAction\":[{\"@type\":\"SearchAction\",\"target\":{\"@type\":\"EntryPoint\",\"urlTemplate\":\"https:\/\/www.confagricoltura.org\/piacenza\/?s={search_term_string}\"},\"query-input\":{\"@type\":\"PropertyValueSpecification\",\"valueRequired\":true,\"valueName\":\"search_term_string\"}}],\"inLanguage\":\"it-IT\"},{\"@type\":\"Person\",\"@id\":\"https:\/\/www.confagricoltura.org\/piacenza\/#\/schema\/person\/be5da25a3117fea4b3bfec9dba09b5e8\",\"name\":\"confagricolturapiacenza\",\"image\":{\"@type\":\"ImageObject\",\"inLanguage\":\"it-IT\",\"@id\":\"https:\/\/www.confagricoltura.org\/piacenza\/#\/schema\/person\/image\/\",\"url\":\"https:\/\/secure.gravatar.com\/avatar\/9c5f111e417171581853bd0a3ff892ca?s=96&d=mm&r=g\",\"contentUrl\":\"https:\/\/secure.gravatar.com\/avatar\/9c5f111e417171581853bd0a3ff892ca?s=96&d=mm&r=g\",\"caption\":\"confagricolturapiacenza\"},\"url\":\"https:\/\/www.confagricoltura.org\/piacenza\/author\/confagricolturapiacenza\/\"}]}<\/script>\n<!-- \/ Yoast SEO plugin. -->","yoast_head_json":{"title":"MARCELLO BONVICINI NUOVO PRESIDENTE DI CONFAGRICOLTURA EMILIA ROMAGNA - Confagricoltura Piacenza","robots":{"index":"index","follow":"follow","max-snippet":"max-snippet:-1","max-image-preview":"max-image-preview:large","max-video-preview":"max-video-preview:-1"},"canonical":"https:\/\/www.confagricoltura.org\/piacenza\/marcello-bonvicini-nuovo-presidente-di-confagricoltura-emilia-romagna\/","og_locale":"it_IT","og_type":"article","og_title":"MARCELLO BONVICINI NUOVO PRESIDENTE DI CONFAGRICOLTURA EMILIA ROMAGNA - Confagricoltura Piacenza","og_description":"Vicepresidenti: Andrea Betti e Gianluca Vertuani L\u2019assemblea di Confagricoltura Emilia Romagna che si \u00e8 svolta stamattina 24 febbraio a Bologna ha eletto il nuovo presidente: Marcello Bonvicini. Una nomina fortunatamente senza soprese a all\u2019unanimit\u00e0 per cui non \u00e8 stato problematico ridurre il numero degli aventi diritto al voto presenti per ottemperare alle diposizioni emanate nell\u2019ordinanza","og_url":"https:\/\/www.confagricoltura.org\/piacenza\/marcello-bonvicini-nuovo-presidente-di-confagricoltura-emilia-romagna\/","og_site_name":"Confagricoltura Piacenza","article_published_time":"2020-02-24T14:26:03+00:00","article_modified_time":"2021-03-11T12:14:09+00:00","og_image":[{"url":"http:\/\/www.confagricoltura.org\/piacenza\/wp-content\/uploads\/sites\/3\/2020\/03\/da-six-Vertuani-Bonvicini-Betti.jpg","type":"","width":"","height":""}],"author":"confagricolturapiacenza","twitter_card":"summary_large_image","twitter_misc":{"Scritto da":"confagricolturapiacenza","Tempo di lettura stimato":"2 minuti"},"schema":{"@context":"https:\/\/schema.org","@graph":[{"@type":"Article","@id":"https:\/\/www.confagricoltura.org\/piacenza\/marcello-bonvicini-nuovo-presidente-di-confagricoltura-emilia-romagna\/#article","isPartOf":{"@id":"https:\/\/www.confagricoltura.org\/piacenza\/marcello-bonvicini-nuovo-presidente-di-confagricoltura-emilia-romagna\/"},"author":{"name":"confagricolturapiacenza","@id":"https:\/\/www.confagricoltura.org\/piacenza\/#\/schema\/person\/be5da25a3117fea4b3bfec9dba09b5e8"},"headline":"MARCELLO BONVICINI NUOVO PRESIDENTE DI CONFAGRICOLTURA EMILIA ROMAGNA","datePublished":"2020-02-24T14:26:03+00:00","dateModified":"2021-03-11T12:14:09+00:00","mainEntityOfPage":{"@id":"https:\/\/www.confagricoltura.org\/piacenza\/marcello-bonvicini-nuovo-presidente-di-confagricoltura-emilia-romagna\/"},"wordCount":487,"commentCount":0,"image":{"@id":"https:\/\/www.confagricoltura.org\/piacenza\/marcello-bonvicini-nuovo-presidente-di-confagricoltura-emilia-romagna\/#primaryimage"},"thumbnailUrl":"http:\/\/www.confagricoltura.org\/piacenza\/wp-content\/uploads\/sites\/3\/2020\/03\/da-six-Vertuani-Bonvicini-Betti.jpg","keywords":["bonvicini"],"articleSection":["Archivio"],"inLanguage":"it-IT"},{"@type":"WebPage","@id":"https:\/\/www.confagricoltura.org\/piacenza\/marcello-bonvicini-nuovo-presidente-di-confagricoltura-emilia-romagna\/","url":"https:\/\/www.confagricoltura.org\/piacenza\/marcello-bonvicini-nuovo-presidente-di-confagricoltura-emilia-romagna\/","name":"MARCELLO BONVICINI NUOVO PRESIDENTE DI CONFAGRICOLTURA EMILIA ROMAGNA - Confagricoltura Piacenza","isPartOf":{"@id":"https:\/\/www.confagricoltura.org\/piacenza\/#website"},"primaryImageOfPage":{"@id":"https:\/\/www.confagricoltura.org\/piacenza\/marcello-bonvicini-nuovo-presidente-di-confagricoltura-emilia-romagna\/#primaryimage"},"image":{"@id":"https:\/\/www.confagricoltura.org\/piacenza\/marcello-bonvicini-nuovo-presidente-di-confagricoltura-emilia-romagna\/#primaryimage"},"thumbnailUrl":"http:\/\/www.confagricoltura.org\/piacenza\/wp-content\/uploads\/sites\/3\/2020\/03\/da-six-Vertuani-Bonvicini-Betti.jpg","datePublished":"2020-02-24T14:26:03+00:00","dateModified":"2021-03-11T12:14:09+00:00","author":{"@id":"https:\/\/www.confagricoltura.org\/piacenza\/#\/schema\/person\/be5da25a3117fea4b3bfec9dba09b5e8"},"breadcrumb":{"@id":"https:\/\/www.confagricoltura.org\/piacenza\/marcello-bonvicini-nuovo-presidente-di-confagricoltura-emilia-romagna\/#breadcrumb"},"inLanguage":"it-IT","potentialAction":[{"@type":"ReadAction","target":["https:\/\/www.confagricoltura.org\/piacenza\/marcello-bonvicini-nuovo-presidente-di-confagricoltura-emilia-romagna\/"]}]},{"@type":"ImageObject","inLanguage":"it-IT","@id":"https:\/\/www.confagricoltura.org\/piacenza\/marcello-bonvicini-nuovo-presidente-di-confagricoltura-emilia-romagna\/#primaryimage","url":"http:\/\/www.confagricoltura.org\/piacenza\/wp-content\/uploads\/sites\/3\/2020\/03\/da-six-Vertuani-Bonvicini-Betti.jpg","contentUrl":"http:\/\/www.confagricoltura.org\/piacenza\/wp-content\/uploads\/sites\/3\/2020\/03\/da-six-Vertuani-Bonvicini-Betti.jpg"},{"@type":"BreadcrumbList","@id":"https:\/\/www.confagricoltura.org\/piacenza\/marcello-bonvicini-nuovo-presidente-di-confagricoltura-emilia-romagna\/#breadcrumb","itemListElement":[{"@type":"ListItem","position":1,"name":"Home","item":"https:\/\/www.confagricoltura.org\/piacenza\/"},{"@type":"ListItem","position":2,"name":"MARCELLO BONVICINI NUOVO PRESIDENTE DI CONFAGRICOLTURA EMILIA ROMAGNA"}]},{"@type":"WebSite","@id":"https:\/\/www.confagricoltura.org\/piacenza\/#website","url":"https:\/\/www.confagricoltura.org\/piacenza\/","name":"Confagricoltura Piacenza","description":"Dalla parte degli Agricoltori","potentialAction":[{"@type":"SearchAction","target":{"@type":"EntryPoint","urlTemplate":"https:\/\/www.confagricoltura.org\/piacenza\/?s={search_term_string}"},"query-input":{"@type":"PropertyValueSpecification","valueRequired":true,"valueName":"search_term_string"}}],"inLanguage":"it-IT"},{"@type":"Person","@id":"https:\/\/www.confagricoltura.org\/piacenza\/#\/schema\/person\/be5da25a3117fea4b3bfec9dba09b5e8","name":"confagricolturapiacenza","image":{"@type":"ImageObject","inLanguage":"it-IT","@id":"https:\/\/www.confagricoltura.org\/piacenza\/#\/schema\/person\/image\/","url":"https:\/\/secure.gravatar.com\/avatar\/9c5f111e417171581853bd0a3ff892ca?s=96&d=mm&r=g","contentUrl":"https:\/\/secure.gravatar.com\/avatar\/9c5f111e417171581853bd0a3ff892ca?s=96&d=mm&r=g","caption":"confagricolturapiacenza"},"url":"https:\/\/www.confagricoltura.org\/piacenza\/author\/confagricolturapiacenza\/"}]}},"_links":{"self":[{"href":"https:\/\/www.confagricoltura.org\/piacenza\/wp-json\/wp\/v2\/posts\/2031","targetHints":{"allow":["GET"]}}],"collection":[{"href":"https:\/\/www.confagricoltura.org\/piacenza\/wp-json\/wp\/v2\/posts"}],"about":[{"href":"https:\/\/www.confagricoltura.org\/piacenza\/wp-json\/wp\/v2\/types\/post"}],"author":[{"embeddable":true,"href":"https:\/\/www.confagricoltura.org\/piacenza\/wp-json\/wp\/v2\/users\/6"}],"replies":[{"embeddable":true,"href":"https:\/\/www.confagricoltura.org\/piacenza\/wp-json\/wp\/v2\/comments?post=2031"}],"version-history":[{"count":1,"href":"https:\/\/www.confagricoltura.org\/piacenza\/wp-json\/wp\/v2\/posts\/2031\/revisions"}],"predecessor-version":[{"id":2636,"href":"https:\/\/www.confagricoltura.org\/piacenza\/wp-json\/wp\/v2\/posts\/2031\/revisions\/2636"}],"wp:attachment":[{"href":"https:\/\/www.confagricoltura.org\/piacenza\/wp-json\/wp\/v2\/media?parent=2031"}],"wp:term":[{"taxonomy":"category","embeddable":true,"href":"https:\/\/www.confagricoltura.org\/piacenza\/wp-json\/wp\/v2\/categories?post=2031"},{"taxonomy":"post_tag","embeddable":true,"href":"https:\/\/www.confagricoltura.org\/piacenza\/wp-json\/wp\/v2\/tags?post=2031"}],"curies":[{"name":"wp","href":"https:\/\/api.w.org\/{rel}","templated":true}]}}