{"id":2017,"date":"2020-02-10T13:03:51","date_gmt":"2020-02-10T12:03:51","guid":{"rendered":"http:\/\/www.confagricoltura.org\/piacenza\/?p=2017"},"modified":"2021-03-11T13:14:09","modified_gmt":"2021-03-11T12:14:09","slug":"incontro-tecnico-di-confagricoltura-agriturist-piacenza-sul-bando-agriturismo","status":"publish","type":"post","link":"https:\/\/www.confagricoltura.org\/piacenza\/incontro-tecnico-di-confagricoltura-agriturist-piacenza-sul-bando-agriturismo\/","title":{"rendered":"INCONTRO TECNICO DI CONFAGRICOLTURA- AGRITURIST PIACENZA SUL BANDO AGRITURISMO"},"content":{"rendered":"<h3><em>Mattinata con gli esperti dello Stacp di Piacenza per analizzare il bando che scade il 30 aprile <\/em><\/h3>\n<p>&nbsp;<\/p>\n<p>Il bando regionale che finanzier\u00e0 progetti di sviluppo in ambito agrituristico scadr\u00e0 il 30 aprile e gi\u00e0 diverse aziende hanno preso contatti con gli uffici tecnici di Confagricoltura perch\u00e9 interessate a presentare domanda di contributo, ma le risorse a disposizione sono dimezzate rispetto alle edizioni precedenti e per di pi\u00f9 questo \u00e8 l\u2019ultimo bando della programmazione, tanto che \u00e8\u00a0 verosimile pensare che sar\u00e0 necessario attendere forse sino a\u00a0 due anni prima di poter avere a disposizione il prossimo. \u201cCon questi presupposti l\u2019interesse \u00e8 ovviamente alto \u2013 sottolinea Gianpietro Bisagni presidente provinciale e regionale di Agriturist, l\u2019associazione che rappresenta gli agriturismi di Confagricoltura\u00a0 &#8211;\u00a0 \u00e8 necessario procedere in modo estremamente rigoroso fugando ogni dubbio interpretativo, per questo motivo l\u2019associazione ha deciso di dedicare una mattinata contando sulla disponibilit\u00e0 dei funzionari del\u00a0Servizio Territoriale agricoltura, caccia e pesca di Piacenza Celeste Boselli ed Enrica Cant\u00f9 che insieme ai tecnici di Confagricoltura hanno analizzato il bando\u201d.\u00a0 L\u2019incontro che si \u00e8 tenuto oggi, 10 febbraio, nella Sala Visconti di Confagricoltura Piacenza ha registrato anche la numerosa presenza delle aziende che hanno contribuito a fare chiarezza portando esempi concreti inerenti i progetti che intendono sviluppare. \u201cE\u2019 importante che ci sia estrema coerenza tra la documentazione presentata e l\u2019attuazione \u2013 hanno a pi\u00f9 tratti sottolineato Boselli e Cant\u00f9 \u2013 per diversi motivi, in primis perch\u00e9 non sar\u00e0 possibile finanziare tutte le domande che confluiranno in un\u2019unica graduatoria regionale, per cui ad oggi non si riesce a stimare quante, del nostro territorio, potranno essere accolte. Occorrono progetti ben dettagliati che considerino da un lato le necessit\u00e0 dell\u2019azienda, dall\u2019altro che siano coerenti con le priorit\u00e0 del bando e prevedano tempi autorizzativi in linea con quelli del bando medesimo\u201d.\u00a0 E\u2019 emersa in merito qualche difficolt\u00e0 in vista per chi avr\u00e0 a che fare con beni sottoposti a tutela. Tutto deve essere autorizzato e tutta la documentazione deve essere completa.\u00a0 \u201cLe domande devono essere presentate in modo dematerializzato \u2013 hanno sottolineato gli esperti \u2013 sono ammesse integrazioni cartacee entro 10 giorni con la sola eccezione dei titoli abilitativi e la relazione tecnica finale che devono comunque essere inviati entro 45 giorni\u201d.\u00a0 Ancora da chiarire alcuni aspetti nuovi sulla cumulabilit\u00e0 del credito d\u2019imposta per l\u2019acquisto di attrezzature ammesse a finanziamento, cos\u00ec come va ulteriormente indagato il passaggio del bando che fa riferimento agli ambiti in cui \u00e8 necessaria la presentazione di variante alla domanda di finanziamento. Come sempre, priorit\u00e0 ai giovani e alle zone svantaggiate. Dalla sala \u00e8 emersa la richiesta di prevedere tra le attrezzature ammesse a contributo anche le biciclette elettriche e le colonnine di ricarica delle auto elettriche, in precedenza non contemplate, i funzionari regionali si sono fatti carico di fare propria la richiesta in tal senso perch\u00e9, come hanno detto, \u201cla realt\u00e0 evolve\u201d.\u00a0 Apprezzamento per l\u2019utilit\u00e0 dell\u2019iniziativa \u00e8 stato espresso in modo unanime.\u00a0 \u201cC\u2019\u00e8 molto interesse &#8211; conclude Bisagni \u2013 perch\u00e9 Il settore agrituristico \u00e8 in crescita e le aziende vogliono investire, in particolare nelle zone di Parma e Piacenza da sempre province d\u2019eccellenza in questo campo a livello regionale\u201d.<\/p>\n<p>&nbsp;<\/p>\n<p><img loading=\"lazy\" decoding=\"async\" class=\"alignnone  wp-image-2018 img-responsive\" src=\"http:\/\/www.confagricoltura.org\/piacenza\/wp-content\/uploads\/sites\/3\/2020\/02\/10-02-20-Boselli-Cant\u00f9-Bisagni.jpg\" alt=\"\" width=\"677\" height=\"508\" \/><\/p>\n<p>&#8211; tavolo relatori (da sin.) Celeste Boselli, Enrica Cant\u00f9, Gianpietro Bisagni.<\/p>\n<p><img loading=\"lazy\" decoding=\"async\" class=\"alignnone  wp-image-2019 img-responsive\" src=\"http:\/\/www.confagricoltura.org\/piacenza\/wp-content\/uploads\/sites\/3\/2020\/02\/10-02-20-incontro-agriturismi.jpg\" alt=\"\" width=\"675\" height=\"506\" \/><\/p>\n<p>&#8211; pubblico in sala<\/p>\n<p>&nbsp;<\/p>\n","protected":false},"excerpt":{"rendered":"<p>Mattinata con gli esperti dello Stacp di Piacenza per analizzare il bando che scade il 30 aprile &nbsp; Il bando regionale che finanzier\u00e0 progetti di sviluppo in ambito agrituristico scadr\u00e0 il 30 aprile e gi\u00e0 diverse aziende hanno preso contatti con gli uffici tecnici di Confagricoltura perch\u00e9 interessate a presentare domanda di contributo, ma le<\/p>\n","protected":false},"author":6,"featured_media":0,"comment_status":"open","ping_status":"open","sticky":false,"template":"","format":"standard","meta":{"wp_mapbox_gl_js_media":[],"footnotes":""},"categories":[335],"tags":[271],"class_list":["post-2017","post","type-post","status-publish","format-standard","hentry","category-archivio","tag-bando-agriturismi"],"yoast_head":"<!-- This site is optimized with the Yoast SEO plugin v26.8 - https:\/\/yoast.com\/product\/yoast-seo-wordpress\/ -->\n<title>INCONTRO TECNICO DI CONFAGRICOLTURA- AGRITURIST PIACENZA SUL BANDO AGRITURISMO - Confagricoltura Piacenza<\/title>\n<meta name=\"robots\" content=\"index, follow, max-snippet:-1, max-image-preview:large, max-video-preview:-1\" \/>\n<link rel=\"canonical\" href=\"https:\/\/www.confagricoltura.org\/piacenza\/incontro-tecnico-di-confagricoltura-agriturist-piacenza-sul-bando-agriturismo\/\" \/>\n<meta property=\"og:locale\" content=\"it_IT\" \/>\n<meta property=\"og:type\" content=\"article\" \/>\n<meta property=\"og:title\" content=\"INCONTRO TECNICO DI CONFAGRICOLTURA- AGRITURIST PIACENZA SUL BANDO AGRITURISMO - Confagricoltura Piacenza\" \/>\n<meta property=\"og:description\" content=\"Mattinata con gli esperti dello Stacp di Piacenza per analizzare il bando che scade il 30 aprile &nbsp; Il bando regionale che finanzier\u00e0 progetti di sviluppo in ambito agrituristico scadr\u00e0 il 30 aprile e gi\u00e0 diverse aziende hanno preso contatti con gli uffici tecnici di Confagricoltura perch\u00e9 interessate a presentare domanda di contributo, ma le\" \/>\n<meta property=\"og:url\" content=\"https:\/\/www.confagricoltura.org\/piacenza\/incontro-tecnico-di-confagricoltura-agriturist-piacenza-sul-bando-agriturismo\/\" \/>\n<meta property=\"og:site_name\" content=\"Confagricoltura Piacenza\" \/>\n<meta property=\"article:published_time\" content=\"2020-02-10T12:03:51+00:00\" \/>\n<meta property=\"article:modified_time\" content=\"2021-03-11T12:14:09+00:00\" \/>\n<meta property=\"og:image\" content=\"http:\/\/www.confagricoltura.org\/piacenza\/wp-content\/uploads\/sites\/3\/2020\/02\/10-02-20-Boselli-Cant\u00f9-Bisagni.jpg\" \/>\n<meta name=\"author\" content=\"confagricolturapiacenza\" \/>\n<meta name=\"twitter:card\" content=\"summary_large_image\" \/>\n<meta name=\"twitter:label1\" content=\"Scritto da\" \/>\n\t<meta name=\"twitter:data1\" content=\"confagricolturapiacenza\" \/>\n\t<meta name=\"twitter:label2\" content=\"Tempo di lettura stimato\" \/>\n\t<meta name=\"twitter:data2\" content=\"3 minuti\" \/>\n<script type=\"application\/ld+json\" class=\"yoast-schema-graph\">{\"@context\":\"https:\/\/schema.org\",\"@graph\":[{\"@type\":\"Article\",\"@id\":\"https:\/\/www.confagricoltura.org\/piacenza\/incontro-tecnico-di-confagricoltura-agriturist-piacenza-sul-bando-agriturismo\/#article\",\"isPartOf\":{\"@id\":\"https:\/\/www.confagricoltura.org\/piacenza\/incontro-tecnico-di-confagricoltura-agriturist-piacenza-sul-bando-agriturismo\/\"},\"author\":{\"name\":\"confagricolturapiacenza\",\"@id\":\"https:\/\/www.confagricoltura.org\/piacenza\/#\/schema\/person\/be5da25a3117fea4b3bfec9dba09b5e8\"},\"headline\":\"INCONTRO TECNICO DI CONFAGRICOLTURA- AGRITURIST PIACENZA SUL BANDO AGRITURISMO\",\"datePublished\":\"2020-02-10T12:03:51+00:00\",\"dateModified\":\"2021-03-11T12:14:09+00:00\",\"mainEntityOfPage\":{\"@id\":\"https:\/\/www.confagricoltura.org\/piacenza\/incontro-tecnico-di-confagricoltura-agriturist-piacenza-sul-bando-agriturismo\/\"},\"wordCount\":541,\"commentCount\":0,\"image\":{\"@id\":\"https:\/\/www.confagricoltura.org\/piacenza\/incontro-tecnico-di-confagricoltura-agriturist-piacenza-sul-bando-agriturismo\/#primaryimage\"},\"thumbnailUrl\":\"http:\/\/www.confagricoltura.org\/piacenza\/wp-content\/uploads\/sites\/3\/2020\/02\/10-02-20-incontro-agriturismi.jpg\",\"keywords\":[\"BANDO AGRITURISMI\"],\"articleSection\":[\"Archivio\"],\"inLanguage\":\"it-IT\"},{\"@type\":\"WebPage\",\"@id\":\"https:\/\/www.confagricoltura.org\/piacenza\/incontro-tecnico-di-confagricoltura-agriturist-piacenza-sul-bando-agriturismo\/\",\"url\":\"https:\/\/www.confagricoltura.org\/piacenza\/incontro-tecnico-di-confagricoltura-agriturist-piacenza-sul-bando-agriturismo\/\",\"name\":\"INCONTRO TECNICO DI CONFAGRICOLTURA- AGRITURIST PIACENZA SUL BANDO AGRITURISMO - Confagricoltura Piacenza\",\"isPartOf\":{\"@id\":\"https:\/\/www.confagricoltura.org\/piacenza\/#website\"},\"primaryImageOfPage\":{\"@id\":\"https:\/\/www.confagricoltura.org\/piacenza\/incontro-tecnico-di-confagricoltura-agriturist-piacenza-sul-bando-agriturismo\/#primaryimage\"},\"image\":{\"@id\":\"https:\/\/www.confagricoltura.org\/piacenza\/incontro-tecnico-di-confagricoltura-agriturist-piacenza-sul-bando-agriturismo\/#primaryimage\"},\"thumbnailUrl\":\"http:\/\/www.confagricoltura.org\/piacenza\/wp-content\/uploads\/sites\/3\/2020\/02\/10-02-20-incontro-agriturismi.jpg\",\"datePublished\":\"2020-02-10T12:03:51+00:00\",\"dateModified\":\"2021-03-11T12:14:09+00:00\",\"author\":{\"@id\":\"https:\/\/www.confagricoltura.org\/piacenza\/#\/schema\/person\/be5da25a3117fea4b3bfec9dba09b5e8\"},\"breadcrumb\":{\"@id\":\"https:\/\/www.confagricoltura.org\/piacenza\/incontro-tecnico-di-confagricoltura-agriturist-piacenza-sul-bando-agriturismo\/#breadcrumb\"},\"inLanguage\":\"it-IT\",\"potentialAction\":[{\"@type\":\"ReadAction\",\"target\":[\"https:\/\/www.confagricoltura.org\/piacenza\/incontro-tecnico-di-confagricoltura-agriturist-piacenza-sul-bando-agriturismo\/\"]}]},{\"@type\":\"ImageObject\",\"inLanguage\":\"it-IT\",\"@id\":\"https:\/\/www.confagricoltura.org\/piacenza\/incontro-tecnico-di-confagricoltura-agriturist-piacenza-sul-bando-agriturismo\/#primaryimage\",\"url\":\"http:\/\/www.confagricoltura.org\/piacenza\/wp-content\/uploads\/sites\/3\/2020\/02\/10-02-20-incontro-agriturismi.jpg\",\"contentUrl\":\"http:\/\/www.confagricoltura.org\/piacenza\/wp-content\/uploads\/sites\/3\/2020\/02\/10-02-20-incontro-agriturismi.jpg\"},{\"@type\":\"BreadcrumbList\",\"@id\":\"https:\/\/www.confagricoltura.org\/piacenza\/incontro-tecnico-di-confagricoltura-agriturist-piacenza-sul-bando-agriturismo\/#breadcrumb\",\"itemListElement\":[{\"@type\":\"ListItem\",\"position\":1,\"name\":\"Home\",\"item\":\"https:\/\/www.confagricoltura.org\/piacenza\/\"},{\"@type\":\"ListItem\",\"position\":2,\"name\":\"INCONTRO TECNICO DI CONFAGRICOLTURA- AGRITURIST PIACENZA SUL BANDO AGRITURISMO\"}]},{\"@type\":\"WebSite\",\"@id\":\"https:\/\/www.confagricoltura.org\/piacenza\/#website\",\"url\":\"https:\/\/www.confagricoltura.org\/piacenza\/\",\"name\":\"Confagricoltura Piacenza\",\"description\":\"Dalla parte degli Agricoltori\",\"potentialAction\":[{\"@type\":\"SearchAction\",\"target\":{\"@type\":\"EntryPoint\",\"urlTemplate\":\"https:\/\/www.confagricoltura.org\/piacenza\/?s={search_term_string}\"},\"query-input\":{\"@type\":\"PropertyValueSpecification\",\"valueRequired\":true,\"valueName\":\"search_term_string\"}}],\"inLanguage\":\"it-IT\"},{\"@type\":\"Person\",\"@id\":\"https:\/\/www.confagricoltura.org\/piacenza\/#\/schema\/person\/be5da25a3117fea4b3bfec9dba09b5e8\",\"name\":\"confagricolturapiacenza\",\"image\":{\"@type\":\"ImageObject\",\"inLanguage\":\"it-IT\",\"@id\":\"https:\/\/www.confagricoltura.org\/piacenza\/#\/schema\/person\/image\/\",\"url\":\"https:\/\/secure.gravatar.com\/avatar\/9c5f111e417171581853bd0a3ff892ca?s=96&d=mm&r=g\",\"contentUrl\":\"https:\/\/secure.gravatar.com\/avatar\/9c5f111e417171581853bd0a3ff892ca?s=96&d=mm&r=g\",\"caption\":\"confagricolturapiacenza\"},\"url\":\"https:\/\/www.confagricoltura.org\/piacenza\/author\/confagricolturapiacenza\/\"}]}<\/script>\n<!-- \/ Yoast SEO plugin. -->","yoast_head_json":{"title":"INCONTRO TECNICO DI CONFAGRICOLTURA- AGRITURIST PIACENZA SUL BANDO AGRITURISMO - Confagricoltura Piacenza","robots":{"index":"index","follow":"follow","max-snippet":"max-snippet:-1","max-image-preview":"max-image-preview:large","max-video-preview":"max-video-preview:-1"},"canonical":"https:\/\/www.confagricoltura.org\/piacenza\/incontro-tecnico-di-confagricoltura-agriturist-piacenza-sul-bando-agriturismo\/","og_locale":"it_IT","og_type":"article","og_title":"INCONTRO TECNICO DI CONFAGRICOLTURA- AGRITURIST PIACENZA SUL BANDO AGRITURISMO - Confagricoltura Piacenza","og_description":"Mattinata con gli esperti dello Stacp di Piacenza per analizzare il bando che scade il 30 aprile &nbsp; Il bando regionale che finanzier\u00e0 progetti di sviluppo in ambito agrituristico scadr\u00e0 il 30 aprile e gi\u00e0 diverse aziende hanno preso contatti con gli uffici tecnici di Confagricoltura perch\u00e9 interessate a presentare domanda di contributo, ma le","og_url":"https:\/\/www.confagricoltura.org\/piacenza\/incontro-tecnico-di-confagricoltura-agriturist-piacenza-sul-bando-agriturismo\/","og_site_name":"Confagricoltura Piacenza","article_published_time":"2020-02-10T12:03:51+00:00","article_modified_time":"2021-03-11T12:14:09+00:00","og_image":[{"url":"http:\/\/www.confagricoltura.org\/piacenza\/wp-content\/uploads\/sites\/3\/2020\/02\/10-02-20-Boselli-Cant\u00f9-Bisagni.jpg","type":"","width":"","height":""}],"author":"confagricolturapiacenza","twitter_card":"summary_large_image","twitter_misc":{"Scritto da":"confagricolturapiacenza","Tempo di lettura stimato":"3 minuti"},"schema":{"@context":"https:\/\/schema.org","@graph":[{"@type":"Article","@id":"https:\/\/www.confagricoltura.org\/piacenza\/incontro-tecnico-di-confagricoltura-agriturist-piacenza-sul-bando-agriturismo\/#article","isPartOf":{"@id":"https:\/\/www.confagricoltura.org\/piacenza\/incontro-tecnico-di-confagricoltura-agriturist-piacenza-sul-bando-agriturismo\/"},"author":{"name":"confagricolturapiacenza","@id":"https:\/\/www.confagricoltura.org\/piacenza\/#\/schema\/person\/be5da25a3117fea4b3bfec9dba09b5e8"},"headline":"INCONTRO TECNICO DI CONFAGRICOLTURA- AGRITURIST PIACENZA SUL BANDO AGRITURISMO","datePublished":"2020-02-10T12:03:51+00:00","dateModified":"2021-03-11T12:14:09+00:00","mainEntityOfPage":{"@id":"https:\/\/www.confagricoltura.org\/piacenza\/incontro-tecnico-di-confagricoltura-agriturist-piacenza-sul-bando-agriturismo\/"},"wordCount":541,"commentCount":0,"image":{"@id":"https:\/\/www.confagricoltura.org\/piacenza\/incontro-tecnico-di-confagricoltura-agriturist-piacenza-sul-bando-agriturismo\/#primaryimage"},"thumbnailUrl":"http:\/\/www.confagricoltura.org\/piacenza\/wp-content\/uploads\/sites\/3\/2020\/02\/10-02-20-incontro-agriturismi.jpg","keywords":["BANDO AGRITURISMI"],"articleSection":["Archivio"],"inLanguage":"it-IT"},{"@type":"WebPage","@id":"https:\/\/www.confagricoltura.org\/piacenza\/incontro-tecnico-di-confagricoltura-agriturist-piacenza-sul-bando-agriturismo\/","url":"https:\/\/www.confagricoltura.org\/piacenza\/incontro-tecnico-di-confagricoltura-agriturist-piacenza-sul-bando-agriturismo\/","name":"INCONTRO TECNICO DI CONFAGRICOLTURA- AGRITURIST PIACENZA SUL BANDO AGRITURISMO - Confagricoltura Piacenza","isPartOf":{"@id":"https:\/\/www.confagricoltura.org\/piacenza\/#website"},"primaryImageOfPage":{"@id":"https:\/\/www.confagricoltura.org\/piacenza\/incontro-tecnico-di-confagricoltura-agriturist-piacenza-sul-bando-agriturismo\/#primaryimage"},"image":{"@id":"https:\/\/www.confagricoltura.org\/piacenza\/incontro-tecnico-di-confagricoltura-agriturist-piacenza-sul-bando-agriturismo\/#primaryimage"},"thumbnailUrl":"http:\/\/www.confagricoltura.org\/piacenza\/wp-content\/uploads\/sites\/3\/2020\/02\/10-02-20-incontro-agriturismi.jpg","datePublished":"2020-02-10T12:03:51+00:00","dateModified":"2021-03-11T12:14:09+00:00","author":{"@id":"https:\/\/www.confagricoltura.org\/piacenza\/#\/schema\/person\/be5da25a3117fea4b3bfec9dba09b5e8"},"breadcrumb":{"@id":"https:\/\/www.confagricoltura.org\/piacenza\/incontro-tecnico-di-confagricoltura-agriturist-piacenza-sul-bando-agriturismo\/#breadcrumb"},"inLanguage":"it-IT","potentialAction":[{"@type":"ReadAction","target":["https:\/\/www.confagricoltura.org\/piacenza\/incontro-tecnico-di-confagricoltura-agriturist-piacenza-sul-bando-agriturismo\/"]}]},{"@type":"ImageObject","inLanguage":"it-IT","@id":"https:\/\/www.confagricoltura.org\/piacenza\/incontro-tecnico-di-confagricoltura-agriturist-piacenza-sul-bando-agriturismo\/#primaryimage","url":"http:\/\/www.confagricoltura.org\/piacenza\/wp-content\/uploads\/sites\/3\/2020\/02\/10-02-20-incontro-agriturismi.jpg","contentUrl":"http:\/\/www.confagricoltura.org\/piacenza\/wp-content\/uploads\/sites\/3\/2020\/02\/10-02-20-incontro-agriturismi.jpg"},{"@type":"BreadcrumbList","@id":"https:\/\/www.confagricoltura.org\/piacenza\/incontro-tecnico-di-confagricoltura-agriturist-piacenza-sul-bando-agriturismo\/#breadcrumb","itemListElement":[{"@type":"ListItem","position":1,"name":"Home","item":"https:\/\/www.confagricoltura.org\/piacenza\/"},{"@type":"ListItem","position":2,"name":"INCONTRO TECNICO DI CONFAGRICOLTURA- AGRITURIST PIACENZA SUL BANDO AGRITURISMO"}]},{"@type":"WebSite","@id":"https:\/\/www.confagricoltura.org\/piacenza\/#website","url":"https:\/\/www.confagricoltura.org\/piacenza\/","name":"Confagricoltura Piacenza","description":"Dalla parte degli Agricoltori","potentialAction":[{"@type":"SearchAction","target":{"@type":"EntryPoint","urlTemplate":"https:\/\/www.confagricoltura.org\/piacenza\/?s={search_term_string}"},"query-input":{"@type":"PropertyValueSpecification","valueRequired":true,"valueName":"search_term_string"}}],"inLanguage":"it-IT"},{"@type":"Person","@id":"https:\/\/www.confagricoltura.org\/piacenza\/#\/schema\/person\/be5da25a3117fea4b3bfec9dba09b5e8","name":"confagricolturapiacenza","image":{"@type":"ImageObject","inLanguage":"it-IT","@id":"https:\/\/www.confagricoltura.org\/piacenza\/#\/schema\/person\/image\/","url":"https:\/\/secure.gravatar.com\/avatar\/9c5f111e417171581853bd0a3ff892ca?s=96&d=mm&r=g","contentUrl":"https:\/\/secure.gravatar.com\/avatar\/9c5f111e417171581853bd0a3ff892ca?s=96&d=mm&r=g","caption":"confagricolturapiacenza"},"url":"https:\/\/www.confagricoltura.org\/piacenza\/author\/confagricolturapiacenza\/"}]}},"_links":{"self":[{"href":"https:\/\/www.confagricoltura.org\/piacenza\/wp-json\/wp\/v2\/posts\/2017","targetHints":{"allow":["GET"]}}],"collection":[{"href":"https:\/\/www.confagricoltura.org\/piacenza\/wp-json\/wp\/v2\/posts"}],"about":[{"href":"https:\/\/www.confagricoltura.org\/piacenza\/wp-json\/wp\/v2\/types\/post"}],"author":[{"embeddable":true,"href":"https:\/\/www.confagricoltura.org\/piacenza\/wp-json\/wp\/v2\/users\/6"}],"replies":[{"embeddable":true,"href":"https:\/\/www.confagricoltura.org\/piacenza\/wp-json\/wp\/v2\/comments?post=2017"}],"version-history":[{"count":1,"href":"https:\/\/www.confagricoltura.org\/piacenza\/wp-json\/wp\/v2\/posts\/2017\/revisions"}],"predecessor-version":[{"id":2640,"href":"https:\/\/www.confagricoltura.org\/piacenza\/wp-json\/wp\/v2\/posts\/2017\/revisions\/2640"}],"wp:attachment":[{"href":"https:\/\/www.confagricoltura.org\/piacenza\/wp-json\/wp\/v2\/media?parent=2017"}],"wp:term":[{"taxonomy":"category","embeddable":true,"href":"https:\/\/www.confagricoltura.org\/piacenza\/wp-json\/wp\/v2\/categories?post=2017"},{"taxonomy":"post_tag","embeddable":true,"href":"https:\/\/www.confagricoltura.org\/piacenza\/wp-json\/wp\/v2\/tags?post=2017"}],"curies":[{"name":"wp","href":"https:\/\/api.w.org\/{rel}","templated":true}]}}