{"id":1986,"date":"2020-01-20T12:05:16","date_gmt":"2020-01-20T11:05:16","guid":{"rendered":"http:\/\/www.confagricoltura.org\/piacenza\/?p=1986"},"modified":"2021-03-11T13:14:09","modified_gmt":"2021-03-11T12:14:09","slug":"confagricoltura-incontri-sul-territorio-per-condividere-e-informarsi","status":"publish","type":"post","link":"https:\/\/www.confagricoltura.org\/piacenza\/confagricoltura-incontri-sul-territorio-per-condividere-e-informarsi\/","title":{"rendered":"CONFAGRICOLTURA: INCONTRI SUL TERRITORIO PER CONDIVIDERE E INFORMARSI"},"content":{"rendered":"<h4><em>Gasparini: guardiamo insieme ai prossimi obiettivi sindacali e organizzativi<\/em><\/h4>\n<p>&nbsp;<\/p>\n<p>Prenderanno il via mercoled\u00ec 22 gennaio nella sala Visconti della sede centrale in via Colombo, gli incontri sul territorio di Confagricoltura Piacenza. \u201cSi tratta di un appuntamento pressoch\u00e9 fisso nell\u2019agenda dell\u2019associazione che coglie l\u2019occasione dei mesi invernali per dialogare con la base associativa e fare cos\u00ec il punto sia sulla campagna conclusa che su prossimi obiettivi sindacali e organizzativi \u2013 spiega il presidente di Confagricoltura Piacenza, Filippo Gasparini -. Veniamo da un anno molto impegnativo che ci ha portati a condurre battaglie in favore della dignit\u00e0 degli agricoltori sui temi dell\u2019aggregazione, del potere contrattuale all\u2019interno delle filiere, contro il fronte della mala burocrazia e dell\u2019ambientalismo ideologico. Abbiamo celebrato il nostro centenario rivendicando l\u2019attualit\u00e0 e l\u2019importanza dei nostri valori fondanti. Dal punto di vista organizzativo, abbiamo superato lo scoglio della fatturazione elettronica trasformandolo in occasione di crescita professionale degli uffici.\u00a0 Ora guardiamo avanti \u2013 prosegue Gasparini \u2013 e vogliamo farlo insieme ai nostri Associati. Al tempo dei social, dove peraltro siamo pi\u00f9 che presenti, la relazione interpersonale resta il momento di confronto pi\u00f9 disintermediato e genuino, insostituibile per la gente vera e libera come siamo noi di Confagricoltura. Per questo \u2013 conclude &#8211; mi auguro che gli incontri siano partecipati e invito tutti a intervenire\u201d.<\/p>\n<p>Agli appuntamenti, programmati in tutte le sedi territoriali secondo un fitto calendario, interverranno, oltre al presidente Gasparini e al direttore Marco Casagrande, anche il vicedirettore Giovanni Marchesi che, in qualit\u00e0 di responsabile del Servizio tecnico, parler\u00e0 di Pac, di Piani di sviluppo, di quaderni di campagna e di fertilizzazioni. La responsabile del Servizio fiscale, Michela Filippi, approfondir\u00e0 le principali tematiche di settore quali: le novit\u00e0 contenute nella Legge di Bilancio 2020, in particolare relativamente al Credito d\u2019Imposta per gli investimenti in beni strumentali e al Collegato Fiscale; il Decreto Milleproroghe 2020 e l\u2019avvio dei registratori di cassa telematici per i corrispettivi. Sar\u00e0, infine, l\u2019occasione per presentare il nuovo responsabile del servizio amministrativo Raffaello Rossi che si \u00e8 occupato, insieme alla responsabile del Ced Michela Salotti, dell\u2019implementazione del portale che permette a tutti gli associati la consultazione dei propri documenti amministrativi nei tempi e nei modi pi\u00f9 confacenti alle loro esigenze. Rossi illustrer\u00e0 i vari prodotti che sono stati messi a disposizione e le possibilit\u00e0, differenziate in base alle esigenze, oggi fruibili per una trasmissione snella e immediata dei diversi documenti aziendali.<\/p>\n<p>&nbsp;<\/p>\n<p><strong><u>CALENDARIO DEGLI INCONTRI SUL TERRITORIO 2020<\/u><\/strong><\/p>\n<p>&nbsp;<\/p>\n<table width=\"0\">\n<tbody>\n<tr>\n<td width=\"163\"><strong>PIACENZA<\/strong><\/td>\n<td width=\"108\">MERCOLEDI\u2019<\/td>\n<td width=\"11\"><strong>\u00a0<\/strong><\/td>\n<td width=\"59\"><strong>22.01<\/strong><\/td>\n<td width=\"94\">ORE 10,00<\/td>\n<td width=\"335\">SALA VISCONTI SEDE CONFAGRICOLTIURA<\/td>\n<\/tr>\n<tr>\n<td width=\"163\"><strong>LUGAGNANO<\/strong><\/td>\n<td width=\"108\">VENERDI\u2019<\/td>\n<td width=\"11\"><strong>\u00a0<\/strong><\/td>\n<td width=\"59\"><strong>24.01<\/strong><\/td>\n<td width=\"94\">ORE 10,00<\/td>\n<td width=\"335\">SALA COMUNALE<\/td>\n<\/tr>\n<tr>\n<td width=\"163\"><strong>PONTEDELL\u2019OLIO<\/strong><\/td>\n<td width=\"108\">MARTEDI\u2019<\/td>\n<td width=\"11\"><strong>\u00a0<\/strong><\/td>\n<td width=\"59\"><strong>28.01<\/strong><\/td>\n<td width=\"94\">ORE 10,00<\/td>\n<td width=\"335\">SALA PARROCCHIALE<\/td>\n<\/tr>\n<tr>\n<td width=\"163\"><strong>MONTICELLI<\/strong><\/td>\n<td width=\"108\">LUNEDI\u2019<\/td>\n<td width=\"11\"><strong>\u00a0<\/strong><\/td>\n<td width=\"59\"><strong>03.02<\/strong><\/td>\n<td width=\"94\">ORE 10,00<\/td>\n<td width=\"335\">SALA \u201cCIRCOLO ANTA\u201d<\/td>\n<\/tr>\n<tr>\n<td width=\"163\"><strong>FIORENZUOLA<\/strong><\/td>\n<td width=\"108\">GIOVEDI\u2019<\/td>\n<td width=\"11\"><strong>\u00a0<\/strong><\/td>\n<td width=\"59\"><strong>06.02<\/strong><\/td>\n<td width=\"94\">ORE 10,00<\/td>\n<td width=\"335\">SALA CONVEGNI S.GIOVANNI<\/td>\n<\/tr>\n<tr>\n<td width=\"163\"><strong>CORTEMAGGIORE<\/strong><\/td>\n<td width=\"108\">VENERDI\u2019<\/td>\n<td width=\"11\"><strong>\u00a0<\/strong><\/td>\n<td width=\"59\"><strong>07.02<\/strong><\/td>\n<td width=\"94\">ORE 10,00<\/td>\n<td width=\"335\">SALA BANCA DI PIACENZA<\/td>\n<\/tr>\n<tr>\n<td width=\"163\"><strong>AGAZZANO<\/strong><\/td>\n<td width=\"108\">GIOVEDI\u2019<\/td>\n<td width=\"11\"><strong>\u00a0<\/strong><\/td>\n<td width=\"59\"><strong>13.02<\/strong><\/td>\n<td width=\"94\">ORE 10,00<\/td>\n<td width=\"335\">SALA PARROCCHIALE<\/td>\n<\/tr>\n<tr>\n<td width=\"163\"><strong>C.S.GIOVANNI<\/strong><\/td>\n<td width=\"108\">GIOVEDI\u2019<\/td>\n<td width=\"11\"><strong>\u00a0<\/strong><\/td>\n<td width=\"59\"><strong>20.02<\/strong><\/td>\n<td width=\"94\">ORE 10,00<\/td>\n<td width=\"335\">CENTRO CULTURALE<\/td>\n<\/tr>\n<\/tbody>\n<\/table>\n<p>&nbsp;<\/p>\n<p>&nbsp;<\/p>\n","protected":false},"excerpt":{"rendered":"<p>Gasparini: guardiamo insieme ai prossimi obiettivi sindacali e organizzativi &nbsp; Prenderanno il via mercoled\u00ec 22 gennaio nella sala Visconti della sede centrale in via Colombo, gli incontri sul territorio di Confagricoltura Piacenza. \u201cSi tratta di un appuntamento pressoch\u00e9 fisso nell\u2019agenda dell\u2019associazione che coglie l\u2019occasione dei mesi invernali per dialogare con la base associativa e fare<\/p>\n","protected":false},"author":6,"featured_media":0,"comment_status":"open","ping_status":"open","sticky":true,"template":"","format":"standard","meta":{"wp_mapbox_gl_js_media":[],"footnotes":""},"categories":[335],"tags":[262],"class_list":["post-1986","post","type-post","status-publish","format-standard","hentry","category-archivio","tag-incontri-territorio-2020"],"yoast_head":"<!-- This site is optimized with the Yoast SEO plugin v26.8 - https:\/\/yoast.com\/product\/yoast-seo-wordpress\/ -->\n<title>CONFAGRICOLTURA: INCONTRI SUL TERRITORIO PER CONDIVIDERE E INFORMARSI - Confagricoltura Piacenza<\/title>\n<meta name=\"robots\" content=\"index, follow, max-snippet:-1, max-image-preview:large, max-video-preview:-1\" \/>\n<link rel=\"canonical\" href=\"https:\/\/www.confagricoltura.org\/piacenza\/confagricoltura-incontri-sul-territorio-per-condividere-e-informarsi\/\" \/>\n<meta property=\"og:locale\" content=\"it_IT\" \/>\n<meta property=\"og:type\" content=\"article\" \/>\n<meta property=\"og:title\" content=\"CONFAGRICOLTURA: INCONTRI SUL TERRITORIO PER CONDIVIDERE E INFORMARSI - Confagricoltura Piacenza\" \/>\n<meta property=\"og:description\" content=\"Gasparini: guardiamo insieme ai prossimi obiettivi sindacali e organizzativi &nbsp; Prenderanno il via mercoled\u00ec 22 gennaio nella sala Visconti della sede centrale in via Colombo, gli incontri sul territorio di Confagricoltura Piacenza. \u201cSi tratta di un appuntamento pressoch\u00e9 fisso nell\u2019agenda dell\u2019associazione che coglie l\u2019occasione dei mesi invernali per dialogare con la base associativa e fare\" \/>\n<meta property=\"og:url\" content=\"https:\/\/www.confagricoltura.org\/piacenza\/confagricoltura-incontri-sul-territorio-per-condividere-e-informarsi\/\" \/>\n<meta property=\"og:site_name\" content=\"Confagricoltura Piacenza\" \/>\n<meta property=\"article:published_time\" content=\"2020-01-20T11:05:16+00:00\" \/>\n<meta property=\"article:modified_time\" content=\"2021-03-11T12:14:09+00:00\" \/>\n<meta name=\"author\" content=\"confagricolturapiacenza\" \/>\n<meta name=\"twitter:card\" content=\"summary_large_image\" \/>\n<meta name=\"twitter:label1\" content=\"Scritto da\" \/>\n\t<meta name=\"twitter:data1\" content=\"confagricolturapiacenza\" \/>\n\t<meta name=\"twitter:label2\" content=\"Tempo di lettura stimato\" \/>\n\t<meta name=\"twitter:data2\" content=\"2 minuti\" \/>\n<script type=\"application\/ld+json\" class=\"yoast-schema-graph\">{\"@context\":\"https:\/\/schema.org\",\"@graph\":[{\"@type\":\"Article\",\"@id\":\"https:\/\/www.confagricoltura.org\/piacenza\/confagricoltura-incontri-sul-territorio-per-condividere-e-informarsi\/#article\",\"isPartOf\":{\"@id\":\"https:\/\/www.confagricoltura.org\/piacenza\/confagricoltura-incontri-sul-territorio-per-condividere-e-informarsi\/\"},\"author\":{\"name\":\"confagricolturapiacenza\",\"@id\":\"https:\/\/www.confagricoltura.org\/piacenza\/#\/schema\/person\/be5da25a3117fea4b3bfec9dba09b5e8\"},\"headline\":\"CONFAGRICOLTURA: INCONTRI SUL TERRITORIO PER CONDIVIDERE E INFORMARSI\",\"datePublished\":\"2020-01-20T11:05:16+00:00\",\"dateModified\":\"2021-03-11T12:14:09+00:00\",\"mainEntityOfPage\":{\"@id\":\"https:\/\/www.confagricoltura.org\/piacenza\/confagricoltura-incontri-sul-territorio-per-condividere-e-informarsi\/\"},\"wordCount\":466,\"commentCount\":0,\"keywords\":[\"INCONTRI TERRITORIO 2020\"],\"articleSection\":[\"Archivio\"],\"inLanguage\":\"it-IT\"},{\"@type\":\"WebPage\",\"@id\":\"https:\/\/www.confagricoltura.org\/piacenza\/confagricoltura-incontri-sul-territorio-per-condividere-e-informarsi\/\",\"url\":\"https:\/\/www.confagricoltura.org\/piacenza\/confagricoltura-incontri-sul-territorio-per-condividere-e-informarsi\/\",\"name\":\"CONFAGRICOLTURA: INCONTRI SUL TERRITORIO PER CONDIVIDERE E INFORMARSI - Confagricoltura Piacenza\",\"isPartOf\":{\"@id\":\"https:\/\/www.confagricoltura.org\/piacenza\/#website\"},\"datePublished\":\"2020-01-20T11:05:16+00:00\",\"dateModified\":\"2021-03-11T12:14:09+00:00\",\"author\":{\"@id\":\"https:\/\/www.confagricoltura.org\/piacenza\/#\/schema\/person\/be5da25a3117fea4b3bfec9dba09b5e8\"},\"breadcrumb\":{\"@id\":\"https:\/\/www.confagricoltura.org\/piacenza\/confagricoltura-incontri-sul-territorio-per-condividere-e-informarsi\/#breadcrumb\"},\"inLanguage\":\"it-IT\",\"potentialAction\":[{\"@type\":\"ReadAction\",\"target\":[\"https:\/\/www.confagricoltura.org\/piacenza\/confagricoltura-incontri-sul-territorio-per-condividere-e-informarsi\/\"]}]},{\"@type\":\"BreadcrumbList\",\"@id\":\"https:\/\/www.confagricoltura.org\/piacenza\/confagricoltura-incontri-sul-territorio-per-condividere-e-informarsi\/#breadcrumb\",\"itemListElement\":[{\"@type\":\"ListItem\",\"position\":1,\"name\":\"Home\",\"item\":\"https:\/\/www.confagricoltura.org\/piacenza\/\"},{\"@type\":\"ListItem\",\"position\":2,\"name\":\"CONFAGRICOLTURA: INCONTRI SUL TERRITORIO PER CONDIVIDERE E INFORMARSI\"}]},{\"@type\":\"WebSite\",\"@id\":\"https:\/\/www.confagricoltura.org\/piacenza\/#website\",\"url\":\"https:\/\/www.confagricoltura.org\/piacenza\/\",\"name\":\"Confagricoltura Piacenza\",\"description\":\"Dalla parte degli Agricoltori\",\"potentialAction\":[{\"@type\":\"SearchAction\",\"target\":{\"@type\":\"EntryPoint\",\"urlTemplate\":\"https:\/\/www.confagricoltura.org\/piacenza\/?s={search_term_string}\"},\"query-input\":{\"@type\":\"PropertyValueSpecification\",\"valueRequired\":true,\"valueName\":\"search_term_string\"}}],\"inLanguage\":\"it-IT\"},{\"@type\":\"Person\",\"@id\":\"https:\/\/www.confagricoltura.org\/piacenza\/#\/schema\/person\/be5da25a3117fea4b3bfec9dba09b5e8\",\"name\":\"confagricolturapiacenza\",\"image\":{\"@type\":\"ImageObject\",\"inLanguage\":\"it-IT\",\"@id\":\"https:\/\/www.confagricoltura.org\/piacenza\/#\/schema\/person\/image\/\",\"url\":\"https:\/\/secure.gravatar.com\/avatar\/9c5f111e417171581853bd0a3ff892ca?s=96&d=mm&r=g\",\"contentUrl\":\"https:\/\/secure.gravatar.com\/avatar\/9c5f111e417171581853bd0a3ff892ca?s=96&d=mm&r=g\",\"caption\":\"confagricolturapiacenza\"},\"url\":\"https:\/\/www.confagricoltura.org\/piacenza\/author\/confagricolturapiacenza\/\"}]}<\/script>\n<!-- \/ Yoast SEO plugin. -->","yoast_head_json":{"title":"CONFAGRICOLTURA: INCONTRI SUL TERRITORIO PER CONDIVIDERE E INFORMARSI - Confagricoltura Piacenza","robots":{"index":"index","follow":"follow","max-snippet":"max-snippet:-1","max-image-preview":"max-image-preview:large","max-video-preview":"max-video-preview:-1"},"canonical":"https:\/\/www.confagricoltura.org\/piacenza\/confagricoltura-incontri-sul-territorio-per-condividere-e-informarsi\/","og_locale":"it_IT","og_type":"article","og_title":"CONFAGRICOLTURA: INCONTRI SUL TERRITORIO PER CONDIVIDERE E INFORMARSI - Confagricoltura Piacenza","og_description":"Gasparini: guardiamo insieme ai prossimi obiettivi sindacali e organizzativi &nbsp; Prenderanno il via mercoled\u00ec 22 gennaio nella sala Visconti della sede centrale in via Colombo, gli incontri sul territorio di Confagricoltura Piacenza. \u201cSi tratta di un appuntamento pressoch\u00e9 fisso nell\u2019agenda dell\u2019associazione che coglie l\u2019occasione dei mesi invernali per dialogare con la base associativa e fare","og_url":"https:\/\/www.confagricoltura.org\/piacenza\/confagricoltura-incontri-sul-territorio-per-condividere-e-informarsi\/","og_site_name":"Confagricoltura Piacenza","article_published_time":"2020-01-20T11:05:16+00:00","article_modified_time":"2021-03-11T12:14:09+00:00","author":"confagricolturapiacenza","twitter_card":"summary_large_image","twitter_misc":{"Scritto da":"confagricolturapiacenza","Tempo di lettura stimato":"2 minuti"},"schema":{"@context":"https:\/\/schema.org","@graph":[{"@type":"Article","@id":"https:\/\/www.confagricoltura.org\/piacenza\/confagricoltura-incontri-sul-territorio-per-condividere-e-informarsi\/#article","isPartOf":{"@id":"https:\/\/www.confagricoltura.org\/piacenza\/confagricoltura-incontri-sul-territorio-per-condividere-e-informarsi\/"},"author":{"name":"confagricolturapiacenza","@id":"https:\/\/www.confagricoltura.org\/piacenza\/#\/schema\/person\/be5da25a3117fea4b3bfec9dba09b5e8"},"headline":"CONFAGRICOLTURA: INCONTRI SUL TERRITORIO PER CONDIVIDERE E INFORMARSI","datePublished":"2020-01-20T11:05:16+00:00","dateModified":"2021-03-11T12:14:09+00:00","mainEntityOfPage":{"@id":"https:\/\/www.confagricoltura.org\/piacenza\/confagricoltura-incontri-sul-territorio-per-condividere-e-informarsi\/"},"wordCount":466,"commentCount":0,"keywords":["INCONTRI TERRITORIO 2020"],"articleSection":["Archivio"],"inLanguage":"it-IT"},{"@type":"WebPage","@id":"https:\/\/www.confagricoltura.org\/piacenza\/confagricoltura-incontri-sul-territorio-per-condividere-e-informarsi\/","url":"https:\/\/www.confagricoltura.org\/piacenza\/confagricoltura-incontri-sul-territorio-per-condividere-e-informarsi\/","name":"CONFAGRICOLTURA: INCONTRI SUL TERRITORIO PER CONDIVIDERE E INFORMARSI - Confagricoltura Piacenza","isPartOf":{"@id":"https:\/\/www.confagricoltura.org\/piacenza\/#website"},"datePublished":"2020-01-20T11:05:16+00:00","dateModified":"2021-03-11T12:14:09+00:00","author":{"@id":"https:\/\/www.confagricoltura.org\/piacenza\/#\/schema\/person\/be5da25a3117fea4b3bfec9dba09b5e8"},"breadcrumb":{"@id":"https:\/\/www.confagricoltura.org\/piacenza\/confagricoltura-incontri-sul-territorio-per-condividere-e-informarsi\/#breadcrumb"},"inLanguage":"it-IT","potentialAction":[{"@type":"ReadAction","target":["https:\/\/www.confagricoltura.org\/piacenza\/confagricoltura-incontri-sul-territorio-per-condividere-e-informarsi\/"]}]},{"@type":"BreadcrumbList","@id":"https:\/\/www.confagricoltura.org\/piacenza\/confagricoltura-incontri-sul-territorio-per-condividere-e-informarsi\/#breadcrumb","itemListElement":[{"@type":"ListItem","position":1,"name":"Home","item":"https:\/\/www.confagricoltura.org\/piacenza\/"},{"@type":"ListItem","position":2,"name":"CONFAGRICOLTURA: INCONTRI SUL TERRITORIO PER CONDIVIDERE E INFORMARSI"}]},{"@type":"WebSite","@id":"https:\/\/www.confagricoltura.org\/piacenza\/#website","url":"https:\/\/www.confagricoltura.org\/piacenza\/","name":"Confagricoltura Piacenza","description":"Dalla parte degli Agricoltori","potentialAction":[{"@type":"SearchAction","target":{"@type":"EntryPoint","urlTemplate":"https:\/\/www.confagricoltura.org\/piacenza\/?s={search_term_string}"},"query-input":{"@type":"PropertyValueSpecification","valueRequired":true,"valueName":"search_term_string"}}],"inLanguage":"it-IT"},{"@type":"Person","@id":"https:\/\/www.confagricoltura.org\/piacenza\/#\/schema\/person\/be5da25a3117fea4b3bfec9dba09b5e8","name":"confagricolturapiacenza","image":{"@type":"ImageObject","inLanguage":"it-IT","@id":"https:\/\/www.confagricoltura.org\/piacenza\/#\/schema\/person\/image\/","url":"https:\/\/secure.gravatar.com\/avatar\/9c5f111e417171581853bd0a3ff892ca?s=96&d=mm&r=g","contentUrl":"https:\/\/secure.gravatar.com\/avatar\/9c5f111e417171581853bd0a3ff892ca?s=96&d=mm&r=g","caption":"confagricolturapiacenza"},"url":"https:\/\/www.confagricoltura.org\/piacenza\/author\/confagricolturapiacenza\/"}]}},"_links":{"self":[{"href":"https:\/\/www.confagricoltura.org\/piacenza\/wp-json\/wp\/v2\/posts\/1986","targetHints":{"allow":["GET"]}}],"collection":[{"href":"https:\/\/www.confagricoltura.org\/piacenza\/wp-json\/wp\/v2\/posts"}],"about":[{"href":"https:\/\/www.confagricoltura.org\/piacenza\/wp-json\/wp\/v2\/types\/post"}],"author":[{"embeddable":true,"href":"https:\/\/www.confagricoltura.org\/piacenza\/wp-json\/wp\/v2\/users\/6"}],"replies":[{"embeddable":true,"href":"https:\/\/www.confagricoltura.org\/piacenza\/wp-json\/wp\/v2\/comments?post=1986"}],"version-history":[{"count":1,"href":"https:\/\/www.confagricoltura.org\/piacenza\/wp-json\/wp\/v2\/posts\/1986\/revisions"}],"predecessor-version":[{"id":2648,"href":"https:\/\/www.confagricoltura.org\/piacenza\/wp-json\/wp\/v2\/posts\/1986\/revisions\/2648"}],"wp:attachment":[{"href":"https:\/\/www.confagricoltura.org\/piacenza\/wp-json\/wp\/v2\/media?parent=1986"}],"wp:term":[{"taxonomy":"category","embeddable":true,"href":"https:\/\/www.confagricoltura.org\/piacenza\/wp-json\/wp\/v2\/categories?post=1986"},{"taxonomy":"post_tag","embeddable":true,"href":"https:\/\/www.confagricoltura.org\/piacenza\/wp-json\/wp\/v2\/tags?post=1986"}],"curies":[{"name":"wp","href":"https:\/\/api.w.org\/{rel}","templated":true}]}}