{"id":1938,"date":"2019-12-05T14:14:38","date_gmt":"2019-12-05T13:14:38","guid":{"rendered":"http:\/\/www.confagricoltura.org\/piacenza\/?p=1938"},"modified":"2021-03-11T13:14:10","modified_gmt":"2021-03-11T12:14:10","slug":"i-giovani-di-confagricoltura-inisieme-per-gli-amici-dellhospice-di-borgonovo","status":"publish","type":"post","link":"https:\/\/www.confagricoltura.org\/piacenza\/i-giovani-di-confagricoltura-inisieme-per-gli-amici-dellhospice-di-borgonovo\/","title":{"rendered":"I GIOVANI DI CONFAGRICOLTURA INISIEME PER GLI AMICI DELL\u2019HOSPICE DI BORGONOVO"},"content":{"rendered":"<h4><em>Raccolta fondi di Anga in piazza a Borgonovo per l\u2019Immacolata<\/em><\/h4>\n<p>&nbsp;<\/p>\n<p>I giovani di Confagricoltura Piacenza associati ad Anga, tutti gli anni in occasione delle festivit\u00e0 natalizie, si impegnano per una raccolta fondi da devolvere ad una buona causa locale. Diversi i progetti sostenuti da questo gruppo di imprenditori agricoli che ha donato attrezzature a fattorie sociali e acquistato materiali per case famiglia. &#8220;Penso sia doveroso \u2013 commenta Corrado Peratici presidente dei Giovani di Confagricoltura Piacenza \u2013 non pensare solo al profitto della propria impresa e impegnarsi anche per chi \u00e8 meno fortunato. La nostra associazione ha tra le proprie finalit\u00e0 la formazione degli imprenditori, la diffusione di buone pratiche, la divulgazione per l\u2019uso delle nuove tecnologie in azienda. Nel fare reddito e nello spirito d\u2019impesa c\u2019\u00e8 per\u00f2 anche una componente non secondaria di responsabilit\u00e0 sociale che implica l\u2019attenzione verso i bisogni primari dell\u2019uomo e la difesa della dei diritti e della dignit\u00e0 di tutti gli individui, anche, direi soprattutto, nel momento del bisogno e nella malattia. La nostra \u00e8 un\u2019iniziativa semplice, come a Natale ce ne sono diverse, ma vuole essere anche un segnale per sottolineare l\u2019importanza di strutture fondamentali come quella dell\u2019Hospice di Borgonovo a cui quest\u2019anno abbiamo deciso di devolvere la nostra raccolta fondi per l\u2019acquisto di attrezzature sanitarie\u201d.\u00a0 Raccolta fondi che sar\u00e0 attiva per tutto il periodo natalizio presso la sede dell\u2019associazione in via Colombo, 35, a Piacenza, e vedr\u00e0\u00a0 in via eccezionale i giovani di Anga anche in piazza a Borgonovo domenica 8 dicembre, festa dell\u2019Immacolata, dalle 10.00 alle 12.30, nell\u2019ambito dell\u2019iniziativa \u201cRegali di Cuore\u201d presso la bancarella dell\u2019Hospice dove saranno distribuiti, in cambio di piccoli contributi in moneta, ottimi prodotti agroalimentari delle aziende del territorio, gadget ed elaborati artigianali. \u201cL\u2019appuntamento \u00e8 per tutti in Piazzetta Matteotti \u2013 conclude Peratici \u2013 ci sar\u00f2 insieme ai miei amici di Anga e di Confagricoltura Piacenza. Accorrete numerosi perch\u00e9 fare del bene fa bene!\u201d<\/p>\n<p><img loading=\"lazy\" decoding=\"async\" class=\"alignnone  wp-image-1939 img-responsive\" src=\"http:\/\/www.confagricoltura.org\/piacenza\/wp-content\/uploads\/sites\/3\/2019\/12\/Locandina-Anga-8-dicembre-.jpg\" alt=\"\" width=\"921\" height=\"1273\" \/><\/p>\n<p>&nbsp;<\/p>\n<p>&nbsp;<\/p>\n","protected":false},"excerpt":{"rendered":"<p>Raccolta fondi di Anga in piazza a Borgonovo per l\u2019Immacolata &nbsp; I giovani di Confagricoltura Piacenza associati ad Anga, tutti gli anni in occasione delle festivit\u00e0 natalizie, si impegnano per una raccolta fondi da devolvere ad una buona causa locale. Diversi i progetti sostenuti da questo gruppo di imprenditori agricoli che ha donato attrezzature a<\/p>\n","protected":false},"author":6,"featured_media":0,"comment_status":"open","ping_status":"open","sticky":false,"template":"","format":"standard","meta":{"wp_mapbox_gl_js_media":[],"footnotes":""},"categories":[335],"tags":[],"class_list":["post-1938","post","type-post","status-publish","format-standard","hentry","category-archivio"],"yoast_head":"<!-- This site is optimized with the Yoast SEO plugin v26.8 - https:\/\/yoast.com\/product\/yoast-seo-wordpress\/ -->\n<title>I GIOVANI DI CONFAGRICOLTURA INISIEME PER GLI AMICI DELL\u2019HOSPICE DI BORGONOVO - Confagricoltura Piacenza<\/title>\n<meta name=\"robots\" content=\"index, follow, max-snippet:-1, max-image-preview:large, max-video-preview:-1\" \/>\n<link rel=\"canonical\" href=\"https:\/\/www.confagricoltura.org\/piacenza\/i-giovani-di-confagricoltura-inisieme-per-gli-amici-dellhospice-di-borgonovo\/\" \/>\n<meta property=\"og:locale\" content=\"it_IT\" \/>\n<meta property=\"og:type\" content=\"article\" \/>\n<meta property=\"og:title\" content=\"I GIOVANI DI CONFAGRICOLTURA INISIEME PER GLI AMICI DELL\u2019HOSPICE DI BORGONOVO - Confagricoltura Piacenza\" \/>\n<meta property=\"og:description\" content=\"Raccolta fondi di Anga in piazza a Borgonovo per l\u2019Immacolata &nbsp; I giovani di Confagricoltura Piacenza associati ad Anga, tutti gli anni in occasione delle festivit\u00e0 natalizie, si impegnano per una raccolta fondi da devolvere ad una buona causa locale. Diversi i progetti sostenuti da questo gruppo di imprenditori agricoli che ha donato attrezzature a\" \/>\n<meta property=\"og:url\" content=\"https:\/\/www.confagricoltura.org\/piacenza\/i-giovani-di-confagricoltura-inisieme-per-gli-amici-dellhospice-di-borgonovo\/\" \/>\n<meta property=\"og:site_name\" content=\"Confagricoltura Piacenza\" \/>\n<meta property=\"article:published_time\" content=\"2019-12-05T13:14:38+00:00\" \/>\n<meta property=\"article:modified_time\" content=\"2021-03-11T12:14:10+00:00\" \/>\n<meta property=\"og:image\" content=\"http:\/\/www.confagricoltura.org\/piacenza\/wp-content\/uploads\/sites\/3\/2019\/12\/Locandina-Anga-8-dicembre-.jpg\" \/>\n<meta name=\"author\" content=\"confagricolturapiacenza\" \/>\n<meta name=\"twitter:card\" content=\"summary_large_image\" \/>\n<meta name=\"twitter:label1\" content=\"Scritto da\" \/>\n\t<meta name=\"twitter:data1\" content=\"confagricolturapiacenza\" \/>\n\t<meta name=\"twitter:label2\" content=\"Tempo di lettura stimato\" \/>\n\t<meta name=\"twitter:data2\" content=\"2 minuti\" \/>\n<script type=\"application\/ld+json\" class=\"yoast-schema-graph\">{\"@context\":\"https:\/\/schema.org\",\"@graph\":[{\"@type\":\"Article\",\"@id\":\"https:\/\/www.confagricoltura.org\/piacenza\/i-giovani-di-confagricoltura-inisieme-per-gli-amici-dellhospice-di-borgonovo\/#article\",\"isPartOf\":{\"@id\":\"https:\/\/www.confagricoltura.org\/piacenza\/i-giovani-di-confagricoltura-inisieme-per-gli-amici-dellhospice-di-borgonovo\/\"},\"author\":{\"name\":\"confagricolturapiacenza\",\"@id\":\"https:\/\/www.confagricoltura.org\/piacenza\/#\/schema\/person\/be5da25a3117fea4b3bfec9dba09b5e8\"},\"headline\":\"I GIOVANI DI CONFAGRICOLTURA INISIEME PER GLI AMICI DELL\u2019HOSPICE DI BORGONOVO\",\"datePublished\":\"2019-12-05T13:14:38+00:00\",\"dateModified\":\"2021-03-11T12:14:10+00:00\",\"mainEntityOfPage\":{\"@id\":\"https:\/\/www.confagricoltura.org\/piacenza\/i-giovani-di-confagricoltura-inisieme-per-gli-amici-dellhospice-di-borgonovo\/\"},\"wordCount\":335,\"commentCount\":0,\"image\":{\"@id\":\"https:\/\/www.confagricoltura.org\/piacenza\/i-giovani-di-confagricoltura-inisieme-per-gli-amici-dellhospice-di-borgonovo\/#primaryimage\"},\"thumbnailUrl\":\"http:\/\/www.confagricoltura.org\/piacenza\/wp-content\/uploads\/sites\/3\/2019\/12\/Locandina-Anga-8-dicembre-.jpg\",\"articleSection\":[\"Archivio\"],\"inLanguage\":\"it-IT\"},{\"@type\":\"WebPage\",\"@id\":\"https:\/\/www.confagricoltura.org\/piacenza\/i-giovani-di-confagricoltura-inisieme-per-gli-amici-dellhospice-di-borgonovo\/\",\"url\":\"https:\/\/www.confagricoltura.org\/piacenza\/i-giovani-di-confagricoltura-inisieme-per-gli-amici-dellhospice-di-borgonovo\/\",\"name\":\"I GIOVANI DI CONFAGRICOLTURA INISIEME PER GLI AMICI DELL\u2019HOSPICE DI BORGONOVO - Confagricoltura Piacenza\",\"isPartOf\":{\"@id\":\"https:\/\/www.confagricoltura.org\/piacenza\/#website\"},\"primaryImageOfPage\":{\"@id\":\"https:\/\/www.confagricoltura.org\/piacenza\/i-giovani-di-confagricoltura-inisieme-per-gli-amici-dellhospice-di-borgonovo\/#primaryimage\"},\"image\":{\"@id\":\"https:\/\/www.confagricoltura.org\/piacenza\/i-giovani-di-confagricoltura-inisieme-per-gli-amici-dellhospice-di-borgonovo\/#primaryimage\"},\"thumbnailUrl\":\"http:\/\/www.confagricoltura.org\/piacenza\/wp-content\/uploads\/sites\/3\/2019\/12\/Locandina-Anga-8-dicembre-.jpg\",\"datePublished\":\"2019-12-05T13:14:38+00:00\",\"dateModified\":\"2021-03-11T12:14:10+00:00\",\"author\":{\"@id\":\"https:\/\/www.confagricoltura.org\/piacenza\/#\/schema\/person\/be5da25a3117fea4b3bfec9dba09b5e8\"},\"breadcrumb\":{\"@id\":\"https:\/\/www.confagricoltura.org\/piacenza\/i-giovani-di-confagricoltura-inisieme-per-gli-amici-dellhospice-di-borgonovo\/#breadcrumb\"},\"inLanguage\":\"it-IT\",\"potentialAction\":[{\"@type\":\"ReadAction\",\"target\":[\"https:\/\/www.confagricoltura.org\/piacenza\/i-giovani-di-confagricoltura-inisieme-per-gli-amici-dellhospice-di-borgonovo\/\"]}]},{\"@type\":\"ImageObject\",\"inLanguage\":\"it-IT\",\"@id\":\"https:\/\/www.confagricoltura.org\/piacenza\/i-giovani-di-confagricoltura-inisieme-per-gli-amici-dellhospice-di-borgonovo\/#primaryimage\",\"url\":\"http:\/\/www.confagricoltura.org\/piacenza\/wp-content\/uploads\/sites\/3\/2019\/12\/Locandina-Anga-8-dicembre-.jpg\",\"contentUrl\":\"http:\/\/www.confagricoltura.org\/piacenza\/wp-content\/uploads\/sites\/3\/2019\/12\/Locandina-Anga-8-dicembre-.jpg\"},{\"@type\":\"BreadcrumbList\",\"@id\":\"https:\/\/www.confagricoltura.org\/piacenza\/i-giovani-di-confagricoltura-inisieme-per-gli-amici-dellhospice-di-borgonovo\/#breadcrumb\",\"itemListElement\":[{\"@type\":\"ListItem\",\"position\":1,\"name\":\"Home\",\"item\":\"https:\/\/www.confagricoltura.org\/piacenza\/\"},{\"@type\":\"ListItem\",\"position\":2,\"name\":\"I GIOVANI DI CONFAGRICOLTURA INISIEME PER GLI AMICI DELL\u2019HOSPICE DI BORGONOVO\"}]},{\"@type\":\"WebSite\",\"@id\":\"https:\/\/www.confagricoltura.org\/piacenza\/#website\",\"url\":\"https:\/\/www.confagricoltura.org\/piacenza\/\",\"name\":\"Confagricoltura Piacenza\",\"description\":\"Dalla parte degli Agricoltori\",\"potentialAction\":[{\"@type\":\"SearchAction\",\"target\":{\"@type\":\"EntryPoint\",\"urlTemplate\":\"https:\/\/www.confagricoltura.org\/piacenza\/?s={search_term_string}\"},\"query-input\":{\"@type\":\"PropertyValueSpecification\",\"valueRequired\":true,\"valueName\":\"search_term_string\"}}],\"inLanguage\":\"it-IT\"},{\"@type\":\"Person\",\"@id\":\"https:\/\/www.confagricoltura.org\/piacenza\/#\/schema\/person\/be5da25a3117fea4b3bfec9dba09b5e8\",\"name\":\"confagricolturapiacenza\",\"image\":{\"@type\":\"ImageObject\",\"inLanguage\":\"it-IT\",\"@id\":\"https:\/\/www.confagricoltura.org\/piacenza\/#\/schema\/person\/image\/\",\"url\":\"https:\/\/secure.gravatar.com\/avatar\/9c5f111e417171581853bd0a3ff892ca?s=96&d=mm&r=g\",\"contentUrl\":\"https:\/\/secure.gravatar.com\/avatar\/9c5f111e417171581853bd0a3ff892ca?s=96&d=mm&r=g\",\"caption\":\"confagricolturapiacenza\"},\"url\":\"https:\/\/www.confagricoltura.org\/piacenza\/author\/confagricolturapiacenza\/\"}]}<\/script>\n<!-- \/ Yoast SEO plugin. -->","yoast_head_json":{"title":"I GIOVANI DI CONFAGRICOLTURA INISIEME PER GLI AMICI DELL\u2019HOSPICE DI BORGONOVO - Confagricoltura Piacenza","robots":{"index":"index","follow":"follow","max-snippet":"max-snippet:-1","max-image-preview":"max-image-preview:large","max-video-preview":"max-video-preview:-1"},"canonical":"https:\/\/www.confagricoltura.org\/piacenza\/i-giovani-di-confagricoltura-inisieme-per-gli-amici-dellhospice-di-borgonovo\/","og_locale":"it_IT","og_type":"article","og_title":"I GIOVANI DI CONFAGRICOLTURA INISIEME PER GLI AMICI DELL\u2019HOSPICE DI BORGONOVO - Confagricoltura Piacenza","og_description":"Raccolta fondi di Anga in piazza a Borgonovo per l\u2019Immacolata &nbsp; I giovani di Confagricoltura Piacenza associati ad Anga, tutti gli anni in occasione delle festivit\u00e0 natalizie, si impegnano per una raccolta fondi da devolvere ad una buona causa locale. Diversi i progetti sostenuti da questo gruppo di imprenditori agricoli che ha donato attrezzature a","og_url":"https:\/\/www.confagricoltura.org\/piacenza\/i-giovani-di-confagricoltura-inisieme-per-gli-amici-dellhospice-di-borgonovo\/","og_site_name":"Confagricoltura Piacenza","article_published_time":"2019-12-05T13:14:38+00:00","article_modified_time":"2021-03-11T12:14:10+00:00","og_image":[{"url":"http:\/\/www.confagricoltura.org\/piacenza\/wp-content\/uploads\/sites\/3\/2019\/12\/Locandina-Anga-8-dicembre-.jpg","type":"","width":"","height":""}],"author":"confagricolturapiacenza","twitter_card":"summary_large_image","twitter_misc":{"Scritto da":"confagricolturapiacenza","Tempo di lettura stimato":"2 minuti"},"schema":{"@context":"https:\/\/schema.org","@graph":[{"@type":"Article","@id":"https:\/\/www.confagricoltura.org\/piacenza\/i-giovani-di-confagricoltura-inisieme-per-gli-amici-dellhospice-di-borgonovo\/#article","isPartOf":{"@id":"https:\/\/www.confagricoltura.org\/piacenza\/i-giovani-di-confagricoltura-inisieme-per-gli-amici-dellhospice-di-borgonovo\/"},"author":{"name":"confagricolturapiacenza","@id":"https:\/\/www.confagricoltura.org\/piacenza\/#\/schema\/person\/be5da25a3117fea4b3bfec9dba09b5e8"},"headline":"I GIOVANI DI CONFAGRICOLTURA INISIEME PER GLI AMICI DELL\u2019HOSPICE DI BORGONOVO","datePublished":"2019-12-05T13:14:38+00:00","dateModified":"2021-03-11T12:14:10+00:00","mainEntityOfPage":{"@id":"https:\/\/www.confagricoltura.org\/piacenza\/i-giovani-di-confagricoltura-inisieme-per-gli-amici-dellhospice-di-borgonovo\/"},"wordCount":335,"commentCount":0,"image":{"@id":"https:\/\/www.confagricoltura.org\/piacenza\/i-giovani-di-confagricoltura-inisieme-per-gli-amici-dellhospice-di-borgonovo\/#primaryimage"},"thumbnailUrl":"http:\/\/www.confagricoltura.org\/piacenza\/wp-content\/uploads\/sites\/3\/2019\/12\/Locandina-Anga-8-dicembre-.jpg","articleSection":["Archivio"],"inLanguage":"it-IT"},{"@type":"WebPage","@id":"https:\/\/www.confagricoltura.org\/piacenza\/i-giovani-di-confagricoltura-inisieme-per-gli-amici-dellhospice-di-borgonovo\/","url":"https:\/\/www.confagricoltura.org\/piacenza\/i-giovani-di-confagricoltura-inisieme-per-gli-amici-dellhospice-di-borgonovo\/","name":"I GIOVANI DI CONFAGRICOLTURA INISIEME PER GLI AMICI DELL\u2019HOSPICE DI BORGONOVO - Confagricoltura Piacenza","isPartOf":{"@id":"https:\/\/www.confagricoltura.org\/piacenza\/#website"},"primaryImageOfPage":{"@id":"https:\/\/www.confagricoltura.org\/piacenza\/i-giovani-di-confagricoltura-inisieme-per-gli-amici-dellhospice-di-borgonovo\/#primaryimage"},"image":{"@id":"https:\/\/www.confagricoltura.org\/piacenza\/i-giovani-di-confagricoltura-inisieme-per-gli-amici-dellhospice-di-borgonovo\/#primaryimage"},"thumbnailUrl":"http:\/\/www.confagricoltura.org\/piacenza\/wp-content\/uploads\/sites\/3\/2019\/12\/Locandina-Anga-8-dicembre-.jpg","datePublished":"2019-12-05T13:14:38+00:00","dateModified":"2021-03-11T12:14:10+00:00","author":{"@id":"https:\/\/www.confagricoltura.org\/piacenza\/#\/schema\/person\/be5da25a3117fea4b3bfec9dba09b5e8"},"breadcrumb":{"@id":"https:\/\/www.confagricoltura.org\/piacenza\/i-giovani-di-confagricoltura-inisieme-per-gli-amici-dellhospice-di-borgonovo\/#breadcrumb"},"inLanguage":"it-IT","potentialAction":[{"@type":"ReadAction","target":["https:\/\/www.confagricoltura.org\/piacenza\/i-giovani-di-confagricoltura-inisieme-per-gli-amici-dellhospice-di-borgonovo\/"]}]},{"@type":"ImageObject","inLanguage":"it-IT","@id":"https:\/\/www.confagricoltura.org\/piacenza\/i-giovani-di-confagricoltura-inisieme-per-gli-amici-dellhospice-di-borgonovo\/#primaryimage","url":"http:\/\/www.confagricoltura.org\/piacenza\/wp-content\/uploads\/sites\/3\/2019\/12\/Locandina-Anga-8-dicembre-.jpg","contentUrl":"http:\/\/www.confagricoltura.org\/piacenza\/wp-content\/uploads\/sites\/3\/2019\/12\/Locandina-Anga-8-dicembre-.jpg"},{"@type":"BreadcrumbList","@id":"https:\/\/www.confagricoltura.org\/piacenza\/i-giovani-di-confagricoltura-inisieme-per-gli-amici-dellhospice-di-borgonovo\/#breadcrumb","itemListElement":[{"@type":"ListItem","position":1,"name":"Home","item":"https:\/\/www.confagricoltura.org\/piacenza\/"},{"@type":"ListItem","position":2,"name":"I GIOVANI DI CONFAGRICOLTURA INISIEME PER GLI AMICI DELL\u2019HOSPICE DI BORGONOVO"}]},{"@type":"WebSite","@id":"https:\/\/www.confagricoltura.org\/piacenza\/#website","url":"https:\/\/www.confagricoltura.org\/piacenza\/","name":"Confagricoltura Piacenza","description":"Dalla parte degli Agricoltori","potentialAction":[{"@type":"SearchAction","target":{"@type":"EntryPoint","urlTemplate":"https:\/\/www.confagricoltura.org\/piacenza\/?s={search_term_string}"},"query-input":{"@type":"PropertyValueSpecification","valueRequired":true,"valueName":"search_term_string"}}],"inLanguage":"it-IT"},{"@type":"Person","@id":"https:\/\/www.confagricoltura.org\/piacenza\/#\/schema\/person\/be5da25a3117fea4b3bfec9dba09b5e8","name":"confagricolturapiacenza","image":{"@type":"ImageObject","inLanguage":"it-IT","@id":"https:\/\/www.confagricoltura.org\/piacenza\/#\/schema\/person\/image\/","url":"https:\/\/secure.gravatar.com\/avatar\/9c5f111e417171581853bd0a3ff892ca?s=96&d=mm&r=g","contentUrl":"https:\/\/secure.gravatar.com\/avatar\/9c5f111e417171581853bd0a3ff892ca?s=96&d=mm&r=g","caption":"confagricolturapiacenza"},"url":"https:\/\/www.confagricoltura.org\/piacenza\/author\/confagricolturapiacenza\/"}]}},"_links":{"self":[{"href":"https:\/\/www.confagricoltura.org\/piacenza\/wp-json\/wp\/v2\/posts\/1938","targetHints":{"allow":["GET"]}}],"collection":[{"href":"https:\/\/www.confagricoltura.org\/piacenza\/wp-json\/wp\/v2\/posts"}],"about":[{"href":"https:\/\/www.confagricoltura.org\/piacenza\/wp-json\/wp\/v2\/types\/post"}],"author":[{"embeddable":true,"href":"https:\/\/www.confagricoltura.org\/piacenza\/wp-json\/wp\/v2\/users\/6"}],"replies":[{"embeddable":true,"href":"https:\/\/www.confagricoltura.org\/piacenza\/wp-json\/wp\/v2\/comments?post=1938"}],"version-history":[{"count":1,"href":"https:\/\/www.confagricoltura.org\/piacenza\/wp-json\/wp\/v2\/posts\/1938\/revisions"}],"predecessor-version":[{"id":2660,"href":"https:\/\/www.confagricoltura.org\/piacenza\/wp-json\/wp\/v2\/posts\/1938\/revisions\/2660"}],"wp:attachment":[{"href":"https:\/\/www.confagricoltura.org\/piacenza\/wp-json\/wp\/v2\/media?parent=1938"}],"wp:term":[{"taxonomy":"category","embeddable":true,"href":"https:\/\/www.confagricoltura.org\/piacenza\/wp-json\/wp\/v2\/categories?post=1938"},{"taxonomy":"post_tag","embeddable":true,"href":"https:\/\/www.confagricoltura.org\/piacenza\/wp-json\/wp\/v2\/tags?post=1938"}],"curies":[{"name":"wp","href":"https:\/\/api.w.org\/{rel}","templated":true}]}}