{"id":1904,"date":"2019-10-31T11:11:04","date_gmt":"2019-10-31T10:11:04","guid":{"rendered":"http:\/\/www.confagricoltura.org\/piacenza\/?p=1904"},"modified":"2021-03-11T13:14:10","modified_gmt":"2021-03-11T12:14:10","slug":"fauna-selvatica-confagricoltura-allaudizione-al-senato","status":"publish","type":"post","link":"https:\/\/www.confagricoltura.org\/piacenza\/fauna-selvatica-confagricoltura-allaudizione-al-senato\/","title":{"rendered":"FAUNA SELVATICA, CONFAGRICOLTURA ALL\u2019AUDIZIONE AL SENATO"},"content":{"rendered":"<h4><em>FONDAMENTALE ASSICURARE SICUREZZA, SALUTE, RISTORO DANNI, PREVENZIONE<\/em><\/h4>\n<p>&nbsp;<\/p>\n<p>\u201cNon \u00e8 pi\u00f9 rinviabile la soluzione dei problemi legati alla gestione della fauna selvatica e dei danni che questa provoca sempre pi\u00f9 spesso e sempre pi\u00f9 ingenti all\u2019agricoltura\u201d. E\u2019 questo il messaggio che Confagricoltura ha portato alla 9\u00aa Commissione permanente (Agricoltura e Produzione agroalimentare) del Senato nel corso dell\u2019audizione sul tema.<\/p>\n<p>Ci\u00f2 che interessa agli agricoltori &#8211; ha spiegato Confagricoltura nell\u2019audizione parlamentare &#8211; \u00e8 poter svolgere la propria attivit\u00e0 economica. E il non intervenire su queste problematiche non fa altro che acuire il rischio di marginalizzazione delle imprese agricole e di abbandono dei territori, soprattutto montani e collinari.<\/p>\n<p>Per questo \u00e8 necessario riconoscere che l\u2019impostazione dell\u2019attuale normativa non \u00e8 pi\u00f9 adatta e non consente di intervenire efficacemente; impostata &#8211; com\u2019\u00e8 esclusivamente su una conservazione della fauna selvatica &#8211; spesso non pi\u00f9 congeniale allo sviluppo del territorio, non solo dal punto di vista economico, ma anche da quello ambientale, della salute e della sicurezza stradale e, pi\u00f9 in generale, dei cittadini.<\/p>\n<p>Confagricoltura ha evidenziato come negli ultimi 30 anni i cinghiali siano aumentati di oltre il 400%, le popolazioni di capriolo abbiano superato il 350% e quelle di cervo oltre l\u2019800%. Stessa cosa per i branchi di lupi e ibridi che si stanno avvicinando sempre di pi\u00f9 ai centri abitati. Il risultato \u00e8 che si \u00e8 assistito, negli ultimi anni, ad una diffusione fuori misura di alcuni esemplari di fauna selvatica anche in ambienti non caratteristici e con una densit\u00e0 di popolazione non compatibile con gli equilibri biologici.<\/p>\n<p>Occorrono, a parere di Confagricoltura, interventi immediati e risarcimenti certi e tempestivi agli agricoltori, sia per i danni diretti determinati dalla perdita di produzione, sia per quelli indiretti.<\/p>\n<p>E\u2019 necessaria, quindi, l\u2019attuazione di adeguate politiche di contenimento, a partire da piani di prelievo selettivi che, distinti per sesso, classi ed et\u00e0, potranno essere realizzati, anche al di fuori dei periodi, degli orari, dell\u2019arco temporale e del numero di giornate fruibili, previsti dalla regolamentazione sull\u2019esercizio dell\u2019attivit\u00e0 venatoria. Interventi, ad avviso di Confagricoltura, che diventano quanto mai necessari anche alla luce di recenti sentenze, come nel caso del Tribunale di Palermo che, a seguito di aggressioni di cinghiali a cittadini, hanno sottolineato la responsabilit\u00e0 delle amministrazioni pubbliche nel caso non siano stati adottati piani mirati di contenimento.<\/p>\n<p>Per far ci\u00f2 &#8211; ha proseguito Confagricoltura &#8211;\u00a0 occorre prevedere il monitoraggio obbligatorio su scala regionale e nazionale delle popolazioni di ungulati, di lupi e canidi con metodologie tecnicamente corrette che supportino la formulazione di piani di prelievo per tutte le specie. Su questo aspetto va ricordato che i danni causati alle aziende non sono limitati agli ungulati ed ai lupi. Anche cormorani e nutrie in alcune zone della nostra Penisola rappresentano un problema.<\/p>\n<p>Per tali interventi occorrono poi risorse umane e finanziarie sufficienti. Per questo l\u2019Organizzazione degli imprenditori agricoli ha chiesto di potenziare l\u2019uso dei coadiutori, figure che, in possesso dei requisiti di legge, possono cooperare per il raggiungimento dell\u2019obiettivo di riequilibrare la densit\u00e0 animale nel territorio.<\/p>\n<p>Occorre lavorare \u2013 ha concluso Confagricoltura &#8211; sulla prevenzione dei danni, mediante utilizzo di metodologie adeguate, con assistenza agli agricoltori e sperimentazione tecnologica, creando una forte sinergia fra ricerca scientifica e gestione con applicazione rapida delle conoscenze acquisite.<\/p>\n<p>&nbsp;<\/p>\n<p><img loading=\"lazy\" decoding=\"async\" class=\"alignnone size-full wp-image-1905 img-responsive\" src=\"http:\/\/www.confagricoltura.org\/piacenza\/wp-content\/uploads\/sites\/3\/2019\/10\/animali_cervo_lupo_cinghialetto.jpg\" alt=\"\" width=\"768\" height=\"414\" \/><\/p>\n","protected":false},"excerpt":{"rendered":"<p>FONDAMENTALE ASSICURARE SICUREZZA, SALUTE, RISTORO DANNI, PREVENZIONE &nbsp; \u201cNon \u00e8 pi\u00f9 rinviabile la soluzione dei problemi legati alla gestione della fauna selvatica e dei danni che questa provoca sempre pi\u00f9 spesso e sempre pi\u00f9 ingenti all\u2019agricoltura\u201d. E\u2019 questo il messaggio che Confagricoltura ha portato alla 9\u00aa Commissione permanente (Agricoltura e Produzione agroalimentare) del Senato nel<\/p>\n","protected":false},"author":6,"featured_media":0,"comment_status":"open","ping_status":"open","sticky":false,"template":"","format":"standard","meta":{"wp_mapbox_gl_js_media":[],"footnotes":""},"categories":[335],"tags":[106],"class_list":["post-1904","post","type-post","status-publish","format-standard","hentry","category-archivio","tag-fauna-selvatica"],"yoast_head":"<!-- This site is optimized with the Yoast SEO plugin v26.8 - https:\/\/yoast.com\/product\/yoast-seo-wordpress\/ -->\n<title>FAUNA SELVATICA, CONFAGRICOLTURA ALL\u2019AUDIZIONE AL SENATO - Confagricoltura Piacenza<\/title>\n<meta name=\"robots\" content=\"index, follow, max-snippet:-1, max-image-preview:large, max-video-preview:-1\" \/>\n<link rel=\"canonical\" href=\"https:\/\/www.confagricoltura.org\/piacenza\/fauna-selvatica-confagricoltura-allaudizione-al-senato\/\" \/>\n<meta property=\"og:locale\" content=\"it_IT\" \/>\n<meta property=\"og:type\" content=\"article\" \/>\n<meta property=\"og:title\" content=\"FAUNA SELVATICA, CONFAGRICOLTURA ALL\u2019AUDIZIONE AL SENATO - Confagricoltura Piacenza\" \/>\n<meta property=\"og:description\" content=\"FONDAMENTALE ASSICURARE SICUREZZA, SALUTE, RISTORO DANNI, PREVENZIONE &nbsp; \u201cNon \u00e8 pi\u00f9 rinviabile la soluzione dei problemi legati alla gestione della fauna selvatica e dei danni che questa provoca sempre pi\u00f9 spesso e sempre pi\u00f9 ingenti all\u2019agricoltura\u201d. E\u2019 questo il messaggio che Confagricoltura ha portato alla 9\u00aa Commissione permanente (Agricoltura e Produzione agroalimentare) del Senato nel\" \/>\n<meta property=\"og:url\" content=\"https:\/\/www.confagricoltura.org\/piacenza\/fauna-selvatica-confagricoltura-allaudizione-al-senato\/\" \/>\n<meta property=\"og:site_name\" content=\"Confagricoltura Piacenza\" \/>\n<meta property=\"article:published_time\" content=\"2019-10-31T10:11:04+00:00\" \/>\n<meta property=\"article:modified_time\" content=\"2021-03-11T12:14:10+00:00\" \/>\n<meta property=\"og:image\" content=\"http:\/\/www.confagricoltura.org\/piacenza\/wp-content\/uploads\/sites\/3\/2019\/10\/animali_cervo_lupo_cinghialetto.jpg\" \/>\n<meta name=\"author\" content=\"confagricolturapiacenza\" \/>\n<meta name=\"twitter:card\" content=\"summary_large_image\" \/>\n<meta name=\"twitter:label1\" content=\"Scritto da\" \/>\n\t<meta name=\"twitter:data1\" content=\"confagricolturapiacenza\" \/>\n\t<meta name=\"twitter:label2\" content=\"Tempo di lettura stimato\" \/>\n\t<meta name=\"twitter:data2\" content=\"3 minuti\" \/>\n<script type=\"application\/ld+json\" class=\"yoast-schema-graph\">{\"@context\":\"https:\/\/schema.org\",\"@graph\":[{\"@type\":\"Article\",\"@id\":\"https:\/\/www.confagricoltura.org\/piacenza\/fauna-selvatica-confagricoltura-allaudizione-al-senato\/#article\",\"isPartOf\":{\"@id\":\"https:\/\/www.confagricoltura.org\/piacenza\/fauna-selvatica-confagricoltura-allaudizione-al-senato\/\"},\"author\":{\"name\":\"confagricolturapiacenza\",\"@id\":\"https:\/\/www.confagricoltura.org\/piacenza\/#\/schema\/person\/be5da25a3117fea4b3bfec9dba09b5e8\"},\"headline\":\"FAUNA SELVATICA, CONFAGRICOLTURA ALL\u2019AUDIZIONE AL SENATO\",\"datePublished\":\"2019-10-31T10:11:04+00:00\",\"dateModified\":\"2021-03-11T12:14:10+00:00\",\"mainEntityOfPage\":{\"@id\":\"https:\/\/www.confagricoltura.org\/piacenza\/fauna-selvatica-confagricoltura-allaudizione-al-senato\/\"},\"wordCount\":545,\"commentCount\":0,\"image\":{\"@id\":\"https:\/\/www.confagricoltura.org\/piacenza\/fauna-selvatica-confagricoltura-allaudizione-al-senato\/#primaryimage\"},\"thumbnailUrl\":\"http:\/\/www.confagricoltura.org\/piacenza\/wp-content\/uploads\/sites\/3\/2019\/10\/animali_cervo_lupo_cinghialetto.jpg\",\"keywords\":[\"FAUNA SELVATICA\"],\"articleSection\":[\"Archivio\"],\"inLanguage\":\"it-IT\"},{\"@type\":\"WebPage\",\"@id\":\"https:\/\/www.confagricoltura.org\/piacenza\/fauna-selvatica-confagricoltura-allaudizione-al-senato\/\",\"url\":\"https:\/\/www.confagricoltura.org\/piacenza\/fauna-selvatica-confagricoltura-allaudizione-al-senato\/\",\"name\":\"FAUNA SELVATICA, CONFAGRICOLTURA ALL\u2019AUDIZIONE AL SENATO - Confagricoltura Piacenza\",\"isPartOf\":{\"@id\":\"https:\/\/www.confagricoltura.org\/piacenza\/#website\"},\"primaryImageOfPage\":{\"@id\":\"https:\/\/www.confagricoltura.org\/piacenza\/fauna-selvatica-confagricoltura-allaudizione-al-senato\/#primaryimage\"},\"image\":{\"@id\":\"https:\/\/www.confagricoltura.org\/piacenza\/fauna-selvatica-confagricoltura-allaudizione-al-senato\/#primaryimage\"},\"thumbnailUrl\":\"http:\/\/www.confagricoltura.org\/piacenza\/wp-content\/uploads\/sites\/3\/2019\/10\/animali_cervo_lupo_cinghialetto.jpg\",\"datePublished\":\"2019-10-31T10:11:04+00:00\",\"dateModified\":\"2021-03-11T12:14:10+00:00\",\"author\":{\"@id\":\"https:\/\/www.confagricoltura.org\/piacenza\/#\/schema\/person\/be5da25a3117fea4b3bfec9dba09b5e8\"},\"breadcrumb\":{\"@id\":\"https:\/\/www.confagricoltura.org\/piacenza\/fauna-selvatica-confagricoltura-allaudizione-al-senato\/#breadcrumb\"},\"inLanguage\":\"it-IT\",\"potentialAction\":[{\"@type\":\"ReadAction\",\"target\":[\"https:\/\/www.confagricoltura.org\/piacenza\/fauna-selvatica-confagricoltura-allaudizione-al-senato\/\"]}]},{\"@type\":\"ImageObject\",\"inLanguage\":\"it-IT\",\"@id\":\"https:\/\/www.confagricoltura.org\/piacenza\/fauna-selvatica-confagricoltura-allaudizione-al-senato\/#primaryimage\",\"url\":\"http:\/\/www.confagricoltura.org\/piacenza\/wp-content\/uploads\/sites\/3\/2019\/10\/animali_cervo_lupo_cinghialetto.jpg\",\"contentUrl\":\"http:\/\/www.confagricoltura.org\/piacenza\/wp-content\/uploads\/sites\/3\/2019\/10\/animali_cervo_lupo_cinghialetto.jpg\"},{\"@type\":\"BreadcrumbList\",\"@id\":\"https:\/\/www.confagricoltura.org\/piacenza\/fauna-selvatica-confagricoltura-allaudizione-al-senato\/#breadcrumb\",\"itemListElement\":[{\"@type\":\"ListItem\",\"position\":1,\"name\":\"Home\",\"item\":\"https:\/\/www.confagricoltura.org\/piacenza\/\"},{\"@type\":\"ListItem\",\"position\":2,\"name\":\"FAUNA SELVATICA, CONFAGRICOLTURA ALL\u2019AUDIZIONE AL SENATO\"}]},{\"@type\":\"WebSite\",\"@id\":\"https:\/\/www.confagricoltura.org\/piacenza\/#website\",\"url\":\"https:\/\/www.confagricoltura.org\/piacenza\/\",\"name\":\"Confagricoltura Piacenza\",\"description\":\"Dalla parte degli Agricoltori\",\"potentialAction\":[{\"@type\":\"SearchAction\",\"target\":{\"@type\":\"EntryPoint\",\"urlTemplate\":\"https:\/\/www.confagricoltura.org\/piacenza\/?s={search_term_string}\"},\"query-input\":{\"@type\":\"PropertyValueSpecification\",\"valueRequired\":true,\"valueName\":\"search_term_string\"}}],\"inLanguage\":\"it-IT\"},{\"@type\":\"Person\",\"@id\":\"https:\/\/www.confagricoltura.org\/piacenza\/#\/schema\/person\/be5da25a3117fea4b3bfec9dba09b5e8\",\"name\":\"confagricolturapiacenza\",\"image\":{\"@type\":\"ImageObject\",\"inLanguage\":\"it-IT\",\"@id\":\"https:\/\/www.confagricoltura.org\/piacenza\/#\/schema\/person\/image\/\",\"url\":\"https:\/\/secure.gravatar.com\/avatar\/9c5f111e417171581853bd0a3ff892ca?s=96&d=mm&r=g\",\"contentUrl\":\"https:\/\/secure.gravatar.com\/avatar\/9c5f111e417171581853bd0a3ff892ca?s=96&d=mm&r=g\",\"caption\":\"confagricolturapiacenza\"},\"url\":\"https:\/\/www.confagricoltura.org\/piacenza\/author\/confagricolturapiacenza\/\"}]}<\/script>\n<!-- \/ Yoast SEO plugin. -->","yoast_head_json":{"title":"FAUNA SELVATICA, CONFAGRICOLTURA ALL\u2019AUDIZIONE AL SENATO - Confagricoltura Piacenza","robots":{"index":"index","follow":"follow","max-snippet":"max-snippet:-1","max-image-preview":"max-image-preview:large","max-video-preview":"max-video-preview:-1"},"canonical":"https:\/\/www.confagricoltura.org\/piacenza\/fauna-selvatica-confagricoltura-allaudizione-al-senato\/","og_locale":"it_IT","og_type":"article","og_title":"FAUNA SELVATICA, CONFAGRICOLTURA ALL\u2019AUDIZIONE AL SENATO - Confagricoltura Piacenza","og_description":"FONDAMENTALE ASSICURARE SICUREZZA, SALUTE, RISTORO DANNI, PREVENZIONE &nbsp; \u201cNon \u00e8 pi\u00f9 rinviabile la soluzione dei problemi legati alla gestione della fauna selvatica e dei danni che questa provoca sempre pi\u00f9 spesso e sempre pi\u00f9 ingenti all\u2019agricoltura\u201d. E\u2019 questo il messaggio che Confagricoltura ha portato alla 9\u00aa Commissione permanente (Agricoltura e Produzione agroalimentare) del Senato nel","og_url":"https:\/\/www.confagricoltura.org\/piacenza\/fauna-selvatica-confagricoltura-allaudizione-al-senato\/","og_site_name":"Confagricoltura Piacenza","article_published_time":"2019-10-31T10:11:04+00:00","article_modified_time":"2021-03-11T12:14:10+00:00","og_image":[{"url":"http:\/\/www.confagricoltura.org\/piacenza\/wp-content\/uploads\/sites\/3\/2019\/10\/animali_cervo_lupo_cinghialetto.jpg","type":"","width":"","height":""}],"author":"confagricolturapiacenza","twitter_card":"summary_large_image","twitter_misc":{"Scritto da":"confagricolturapiacenza","Tempo di lettura stimato":"3 minuti"},"schema":{"@context":"https:\/\/schema.org","@graph":[{"@type":"Article","@id":"https:\/\/www.confagricoltura.org\/piacenza\/fauna-selvatica-confagricoltura-allaudizione-al-senato\/#article","isPartOf":{"@id":"https:\/\/www.confagricoltura.org\/piacenza\/fauna-selvatica-confagricoltura-allaudizione-al-senato\/"},"author":{"name":"confagricolturapiacenza","@id":"https:\/\/www.confagricoltura.org\/piacenza\/#\/schema\/person\/be5da25a3117fea4b3bfec9dba09b5e8"},"headline":"FAUNA SELVATICA, CONFAGRICOLTURA ALL\u2019AUDIZIONE AL SENATO","datePublished":"2019-10-31T10:11:04+00:00","dateModified":"2021-03-11T12:14:10+00:00","mainEntityOfPage":{"@id":"https:\/\/www.confagricoltura.org\/piacenza\/fauna-selvatica-confagricoltura-allaudizione-al-senato\/"},"wordCount":545,"commentCount":0,"image":{"@id":"https:\/\/www.confagricoltura.org\/piacenza\/fauna-selvatica-confagricoltura-allaudizione-al-senato\/#primaryimage"},"thumbnailUrl":"http:\/\/www.confagricoltura.org\/piacenza\/wp-content\/uploads\/sites\/3\/2019\/10\/animali_cervo_lupo_cinghialetto.jpg","keywords":["FAUNA SELVATICA"],"articleSection":["Archivio"],"inLanguage":"it-IT"},{"@type":"WebPage","@id":"https:\/\/www.confagricoltura.org\/piacenza\/fauna-selvatica-confagricoltura-allaudizione-al-senato\/","url":"https:\/\/www.confagricoltura.org\/piacenza\/fauna-selvatica-confagricoltura-allaudizione-al-senato\/","name":"FAUNA SELVATICA, CONFAGRICOLTURA ALL\u2019AUDIZIONE AL SENATO - Confagricoltura Piacenza","isPartOf":{"@id":"https:\/\/www.confagricoltura.org\/piacenza\/#website"},"primaryImageOfPage":{"@id":"https:\/\/www.confagricoltura.org\/piacenza\/fauna-selvatica-confagricoltura-allaudizione-al-senato\/#primaryimage"},"image":{"@id":"https:\/\/www.confagricoltura.org\/piacenza\/fauna-selvatica-confagricoltura-allaudizione-al-senato\/#primaryimage"},"thumbnailUrl":"http:\/\/www.confagricoltura.org\/piacenza\/wp-content\/uploads\/sites\/3\/2019\/10\/animali_cervo_lupo_cinghialetto.jpg","datePublished":"2019-10-31T10:11:04+00:00","dateModified":"2021-03-11T12:14:10+00:00","author":{"@id":"https:\/\/www.confagricoltura.org\/piacenza\/#\/schema\/person\/be5da25a3117fea4b3bfec9dba09b5e8"},"breadcrumb":{"@id":"https:\/\/www.confagricoltura.org\/piacenza\/fauna-selvatica-confagricoltura-allaudizione-al-senato\/#breadcrumb"},"inLanguage":"it-IT","potentialAction":[{"@type":"ReadAction","target":["https:\/\/www.confagricoltura.org\/piacenza\/fauna-selvatica-confagricoltura-allaudizione-al-senato\/"]}]},{"@type":"ImageObject","inLanguage":"it-IT","@id":"https:\/\/www.confagricoltura.org\/piacenza\/fauna-selvatica-confagricoltura-allaudizione-al-senato\/#primaryimage","url":"http:\/\/www.confagricoltura.org\/piacenza\/wp-content\/uploads\/sites\/3\/2019\/10\/animali_cervo_lupo_cinghialetto.jpg","contentUrl":"http:\/\/www.confagricoltura.org\/piacenza\/wp-content\/uploads\/sites\/3\/2019\/10\/animali_cervo_lupo_cinghialetto.jpg"},{"@type":"BreadcrumbList","@id":"https:\/\/www.confagricoltura.org\/piacenza\/fauna-selvatica-confagricoltura-allaudizione-al-senato\/#breadcrumb","itemListElement":[{"@type":"ListItem","position":1,"name":"Home","item":"https:\/\/www.confagricoltura.org\/piacenza\/"},{"@type":"ListItem","position":2,"name":"FAUNA SELVATICA, CONFAGRICOLTURA ALL\u2019AUDIZIONE AL SENATO"}]},{"@type":"WebSite","@id":"https:\/\/www.confagricoltura.org\/piacenza\/#website","url":"https:\/\/www.confagricoltura.org\/piacenza\/","name":"Confagricoltura Piacenza","description":"Dalla parte degli Agricoltori","potentialAction":[{"@type":"SearchAction","target":{"@type":"EntryPoint","urlTemplate":"https:\/\/www.confagricoltura.org\/piacenza\/?s={search_term_string}"},"query-input":{"@type":"PropertyValueSpecification","valueRequired":true,"valueName":"search_term_string"}}],"inLanguage":"it-IT"},{"@type":"Person","@id":"https:\/\/www.confagricoltura.org\/piacenza\/#\/schema\/person\/be5da25a3117fea4b3bfec9dba09b5e8","name":"confagricolturapiacenza","image":{"@type":"ImageObject","inLanguage":"it-IT","@id":"https:\/\/www.confagricoltura.org\/piacenza\/#\/schema\/person\/image\/","url":"https:\/\/secure.gravatar.com\/avatar\/9c5f111e417171581853bd0a3ff892ca?s=96&d=mm&r=g","contentUrl":"https:\/\/secure.gravatar.com\/avatar\/9c5f111e417171581853bd0a3ff892ca?s=96&d=mm&r=g","caption":"confagricolturapiacenza"},"url":"https:\/\/www.confagricoltura.org\/piacenza\/author\/confagricolturapiacenza\/"}]}},"_links":{"self":[{"href":"https:\/\/www.confagricoltura.org\/piacenza\/wp-json\/wp\/v2\/posts\/1904","targetHints":{"allow":["GET"]}}],"collection":[{"href":"https:\/\/www.confagricoltura.org\/piacenza\/wp-json\/wp\/v2\/posts"}],"about":[{"href":"https:\/\/www.confagricoltura.org\/piacenza\/wp-json\/wp\/v2\/types\/post"}],"author":[{"embeddable":true,"href":"https:\/\/www.confagricoltura.org\/piacenza\/wp-json\/wp\/v2\/users\/6"}],"replies":[{"embeddable":true,"href":"https:\/\/www.confagricoltura.org\/piacenza\/wp-json\/wp\/v2\/comments?post=1904"}],"version-history":[{"count":1,"href":"https:\/\/www.confagricoltura.org\/piacenza\/wp-json\/wp\/v2\/posts\/1904\/revisions"}],"predecessor-version":[{"id":2667,"href":"https:\/\/www.confagricoltura.org\/piacenza\/wp-json\/wp\/v2\/posts\/1904\/revisions\/2667"}],"wp:attachment":[{"href":"https:\/\/www.confagricoltura.org\/piacenza\/wp-json\/wp\/v2\/media?parent=1904"}],"wp:term":[{"taxonomy":"category","embeddable":true,"href":"https:\/\/www.confagricoltura.org\/piacenza\/wp-json\/wp\/v2\/categories?post=1904"},{"taxonomy":"post_tag","embeddable":true,"href":"https:\/\/www.confagricoltura.org\/piacenza\/wp-json\/wp\/v2\/tags?post=1904"}],"curies":[{"name":"wp","href":"https:\/\/api.w.org\/{rel}","templated":true}]}}