{"id":1884,"date":"2019-10-18T11:11:32","date_gmt":"2019-10-18T09:11:32","guid":{"rendered":"http:\/\/www.confagricoltura.org\/piacenza\/?p=1884"},"modified":"2021-03-11T13:14:10","modified_gmt":"2021-03-11T12:14:10","slug":"nuovi-supermercati-in-citta-ma-il-mercato-e-saturo","status":"publish","type":"post","link":"https:\/\/www.confagricoltura.org\/piacenza\/nuovi-supermercati-in-citta-ma-il-mercato-e-saturo\/","title":{"rendered":"NUOVI SUPERMERCATI IN CITTA\u2019, MA IL MERCATO E\u2019 SATURO"},"content":{"rendered":"<h3><em>Casagrande (Confagricoltura): solo danni all\u2019economia senza vantaggi per il consumatore\u00a0 <\/em><\/h3>\n<p>&nbsp;<\/p>\n<p>\u201cConcordiamo con chi esprime le proprie perplessit\u00e0 sul realizzare nuovi supermercati in citt\u00e0\u201d \u2013 commenta Marco Casagrande, direttore di Confagricoltura Piacenza. \u201cIl nostro mercato \u00e8 saturo e Piacenza non ha alcun bisogno di altre strutture commerciali che rischiano, nel giro di una decina d\u2019anni, di diventare fatiscenti. Il cambio di destinazione d\u2019uso da tessuto produttivo ad aree di vendita \u00e8 un\u2019operazione di maquillage che non migliorer\u00e0 la citt\u00e0, anzi, in prospettiva dannegger\u00e0 l\u2019economia locale, perch\u00e9 non \u00e8 supportato da una progettualit\u00e0 di lungo periodo\u201d.<\/p>\n<p>Secondo il direttore di Confagricoltura Piacenza, i nuovi insediamenti si rivolgerebbero al medesimo bacino di consumatori che riguarda anche i piccoli negozi e le botteghe artigiane. \u201cSebbene i piccoli negozi facciano un servizio differente rispetto alla Gdo \u2013 riflette Casagrande \u2013 saranno nell\u2019immediato danneggiati da queste nuove aperture, ed avendo margini gi\u00e0 ridottissimi rischiano di non sopravvivere.\u00a0 Cos\u00ec si uccide un\u2019altra categoria. Venendo al nostro comparto, nessuno di noi vuole criminalizzare la Gdo, ma quando si aprono punti vendita in eccesso o si acquistano strutture in crisi mantenendole aperte su un mercato saturo, come ha fatto un noto gruppo della Do acquisendo alcuni punti vendita di una grande catena del Gd estera, in un primo momento pu\u00f2 essere che si verifichi un vantaggio per i consumatori, perch\u00e9 la competizione esasperata porta all\u2019abbassamento dei prezzi. Questo decremento viene per\u00f2 scaricato sui fornitori e quindi a ritroso lungo la filiera sino ai produttori, ai quali viene chiesto un importante contributo. Determinando una situazione di prezzi ormai diventata insostenibile, ai nostri figli stiamo preparando un tessuto economico impoverito e minori occasioni di occupazione\u201d.<\/p>\n<p>I bilanci delle aziende agricole non hanno alcun margine, sottolinea Confagricoltura Piacenza, per assecondare le politiche speculative altrui. Oltretutto stride l\u2019incoerenza di grandi gruppi della Gdo. Questi sono i primi a promuovere a suon di spot le eccellenze italiane e poi continuano ad aprire punti vendita sul mercato saturo del suolo nazionale e non all\u2019estero dove sarebbe invece pi\u00f9 opportuno portare le nostre eccellenze creando indotto e seguendo la nostra vocazione all\u2019export, a cui \u00e8 veramente legato il futuro del nostro Paese.<\/p>\n<p>\u201cE\u2019 una miopia talmente grave \u2013 conclude Casagrande &#8211;\u00a0 che pur di promuovere le vendite sul mercato interno vengono utilizzate vere e proprie menzogne, come quella della pubblicit\u00e0 del carrello che combatte l\u2019agricoltura cattiva, fatta da un grande gruppo che margina e guadagna proprio con i prodotti dell\u2019agricoltura convenzionale, ma, soprattutto, che ha gli scaffali pieni di prodotti monouso e di plastica cercando di favorire, nell\u2019esposizione dei prodotti, quelli che danno pi\u00f9 marginalit\u00e0 e non certo quelli pi\u00f9 sostenibili\u201d.<\/p>\n<p>&nbsp;<\/p>\n<p><img loading=\"lazy\" decoding=\"async\" class=\"alignnone  wp-image-1578 img-responsive\" src=\"http:\/\/www.confagricoltura.org\/piacenza\/wp-content\/uploads\/sites\/3\/2018\/12\/Marco-Casagrande.jpg\" alt=\"\" width=\"707\" height=\"943\" \/><\/p>\n<p>Marco Casagrande \u2013 direttore di Confagricoltura Piacenza<\/p>\n<p>&nbsp;<\/p>\n","protected":false},"excerpt":{"rendered":"<p>Casagrande (Confagricoltura): solo danni all\u2019economia senza vantaggi per il consumatore\u00a0 &nbsp; \u201cConcordiamo con chi esprime le proprie perplessit\u00e0 sul realizzare nuovi supermercati in citt\u00e0\u201d \u2013 commenta Marco Casagrande, direttore di Confagricoltura Piacenza. \u201cIl nostro mercato \u00e8 saturo e Piacenza non ha alcun bisogno di altre strutture commerciali che rischiano, nel giro di una decina d\u2019anni,<\/p>\n","protected":false},"author":6,"featured_media":0,"comment_status":"open","ping_status":"open","sticky":false,"template":"","format":"standard","meta":{"wp_mapbox_gl_js_media":[],"footnotes":""},"categories":[335],"tags":[245,246],"class_list":["post-1884","post","type-post","status-publish","format-standard","hentry","category-archivio","tag-mercato-saturo","tag-nuovi-supermercati"],"yoast_head":"<!-- This site is optimized with the Yoast SEO plugin v26.8 - https:\/\/yoast.com\/product\/yoast-seo-wordpress\/ -->\n<title>NUOVI SUPERMERCATI IN CITTA\u2019, MA IL MERCATO E\u2019 SATURO - Confagricoltura Piacenza<\/title>\n<meta name=\"robots\" content=\"index, follow, max-snippet:-1, max-image-preview:large, max-video-preview:-1\" \/>\n<link rel=\"canonical\" href=\"https:\/\/www.confagricoltura.org\/piacenza\/nuovi-supermercati-in-citta-ma-il-mercato-e-saturo\/\" \/>\n<meta property=\"og:locale\" content=\"it_IT\" \/>\n<meta property=\"og:type\" content=\"article\" \/>\n<meta property=\"og:title\" content=\"NUOVI SUPERMERCATI IN CITTA\u2019, MA IL MERCATO E\u2019 SATURO - Confagricoltura Piacenza\" \/>\n<meta property=\"og:description\" content=\"Casagrande (Confagricoltura): solo danni all\u2019economia senza vantaggi per il consumatore\u00a0 &nbsp; \u201cConcordiamo con chi esprime le proprie perplessit\u00e0 sul realizzare nuovi supermercati in citt\u00e0\u201d \u2013 commenta Marco Casagrande, direttore di Confagricoltura Piacenza. \u201cIl nostro mercato \u00e8 saturo e Piacenza non ha alcun bisogno di altre strutture commerciali che rischiano, nel giro di una decina d\u2019anni,\" \/>\n<meta property=\"og:url\" content=\"https:\/\/www.confagricoltura.org\/piacenza\/nuovi-supermercati-in-citta-ma-il-mercato-e-saturo\/\" \/>\n<meta property=\"og:site_name\" content=\"Confagricoltura Piacenza\" \/>\n<meta property=\"article:published_time\" content=\"2019-10-18T09:11:32+00:00\" \/>\n<meta property=\"article:modified_time\" content=\"2021-03-11T12:14:10+00:00\" \/>\n<meta property=\"og:image\" content=\"http:\/\/www.confagricoltura.org\/piacenza\/wp-content\/uploads\/sites\/3\/2018\/12\/Marco-Casagrande.jpg\" \/>\n<meta name=\"author\" content=\"confagricolturapiacenza\" \/>\n<meta name=\"twitter:card\" content=\"summary_large_image\" \/>\n<meta name=\"twitter:label1\" content=\"Scritto da\" \/>\n\t<meta name=\"twitter:data1\" content=\"confagricolturapiacenza\" \/>\n\t<meta name=\"twitter:label2\" content=\"Tempo di lettura stimato\" \/>\n\t<meta name=\"twitter:data2\" content=\"2 minuti\" \/>\n<script type=\"application\/ld+json\" class=\"yoast-schema-graph\">{\"@context\":\"https:\/\/schema.org\",\"@graph\":[{\"@type\":\"Article\",\"@id\":\"https:\/\/www.confagricoltura.org\/piacenza\/nuovi-supermercati-in-citta-ma-il-mercato-e-saturo\/#article\",\"isPartOf\":{\"@id\":\"https:\/\/www.confagricoltura.org\/piacenza\/nuovi-supermercati-in-citta-ma-il-mercato-e-saturo\/\"},\"author\":{\"name\":\"confagricolturapiacenza\",\"@id\":\"https:\/\/www.confagricoltura.org\/piacenza\/#\/schema\/person\/be5da25a3117fea4b3bfec9dba09b5e8\"},\"headline\":\"NUOVI SUPERMERCATI IN CITTA\u2019, MA IL MERCATO E\u2019 SATURO\",\"datePublished\":\"2019-10-18T09:11:32+00:00\",\"dateModified\":\"2021-03-11T12:14:10+00:00\",\"mainEntityOfPage\":{\"@id\":\"https:\/\/www.confagricoltura.org\/piacenza\/nuovi-supermercati-in-citta-ma-il-mercato-e-saturo\/\"},\"wordCount\":459,\"commentCount\":0,\"image\":{\"@id\":\"https:\/\/www.confagricoltura.org\/piacenza\/nuovi-supermercati-in-citta-ma-il-mercato-e-saturo\/#primaryimage\"},\"thumbnailUrl\":\"http:\/\/www.confagricoltura.org\/piacenza\/wp-content\/uploads\/sites\/3\/2018\/12\/Marco-Casagrande.jpg\",\"keywords\":[\"MERCATO SATURO\",\"NUOVI SUPERMERCATI\"],\"articleSection\":[\"Archivio\"],\"inLanguage\":\"it-IT\"},{\"@type\":\"WebPage\",\"@id\":\"https:\/\/www.confagricoltura.org\/piacenza\/nuovi-supermercati-in-citta-ma-il-mercato-e-saturo\/\",\"url\":\"https:\/\/www.confagricoltura.org\/piacenza\/nuovi-supermercati-in-citta-ma-il-mercato-e-saturo\/\",\"name\":\"NUOVI SUPERMERCATI IN CITTA\u2019, MA IL MERCATO E\u2019 SATURO - Confagricoltura Piacenza\",\"isPartOf\":{\"@id\":\"https:\/\/www.confagricoltura.org\/piacenza\/#website\"},\"primaryImageOfPage\":{\"@id\":\"https:\/\/www.confagricoltura.org\/piacenza\/nuovi-supermercati-in-citta-ma-il-mercato-e-saturo\/#primaryimage\"},\"image\":{\"@id\":\"https:\/\/www.confagricoltura.org\/piacenza\/nuovi-supermercati-in-citta-ma-il-mercato-e-saturo\/#primaryimage\"},\"thumbnailUrl\":\"http:\/\/www.confagricoltura.org\/piacenza\/wp-content\/uploads\/sites\/3\/2018\/12\/Marco-Casagrande.jpg\",\"datePublished\":\"2019-10-18T09:11:32+00:00\",\"dateModified\":\"2021-03-11T12:14:10+00:00\",\"author\":{\"@id\":\"https:\/\/www.confagricoltura.org\/piacenza\/#\/schema\/person\/be5da25a3117fea4b3bfec9dba09b5e8\"},\"breadcrumb\":{\"@id\":\"https:\/\/www.confagricoltura.org\/piacenza\/nuovi-supermercati-in-citta-ma-il-mercato-e-saturo\/#breadcrumb\"},\"inLanguage\":\"it-IT\",\"potentialAction\":[{\"@type\":\"ReadAction\",\"target\":[\"https:\/\/www.confagricoltura.org\/piacenza\/nuovi-supermercati-in-citta-ma-il-mercato-e-saturo\/\"]}]},{\"@type\":\"ImageObject\",\"inLanguage\":\"it-IT\",\"@id\":\"https:\/\/www.confagricoltura.org\/piacenza\/nuovi-supermercati-in-citta-ma-il-mercato-e-saturo\/#primaryimage\",\"url\":\"http:\/\/www.confagricoltura.org\/piacenza\/wp-content\/uploads\/sites\/3\/2018\/12\/Marco-Casagrande.jpg\",\"contentUrl\":\"http:\/\/www.confagricoltura.org\/piacenza\/wp-content\/uploads\/sites\/3\/2018\/12\/Marco-Casagrande.jpg\"},{\"@type\":\"BreadcrumbList\",\"@id\":\"https:\/\/www.confagricoltura.org\/piacenza\/nuovi-supermercati-in-citta-ma-il-mercato-e-saturo\/#breadcrumb\",\"itemListElement\":[{\"@type\":\"ListItem\",\"position\":1,\"name\":\"Home\",\"item\":\"https:\/\/www.confagricoltura.org\/piacenza\/\"},{\"@type\":\"ListItem\",\"position\":2,\"name\":\"NUOVI SUPERMERCATI IN CITTA\u2019, MA IL MERCATO E\u2019 SATURO\"}]},{\"@type\":\"WebSite\",\"@id\":\"https:\/\/www.confagricoltura.org\/piacenza\/#website\",\"url\":\"https:\/\/www.confagricoltura.org\/piacenza\/\",\"name\":\"Confagricoltura Piacenza\",\"description\":\"Dalla parte degli Agricoltori\",\"potentialAction\":[{\"@type\":\"SearchAction\",\"target\":{\"@type\":\"EntryPoint\",\"urlTemplate\":\"https:\/\/www.confagricoltura.org\/piacenza\/?s={search_term_string}\"},\"query-input\":{\"@type\":\"PropertyValueSpecification\",\"valueRequired\":true,\"valueName\":\"search_term_string\"}}],\"inLanguage\":\"it-IT\"},{\"@type\":\"Person\",\"@id\":\"https:\/\/www.confagricoltura.org\/piacenza\/#\/schema\/person\/be5da25a3117fea4b3bfec9dba09b5e8\",\"name\":\"confagricolturapiacenza\",\"image\":{\"@type\":\"ImageObject\",\"inLanguage\":\"it-IT\",\"@id\":\"https:\/\/www.confagricoltura.org\/piacenza\/#\/schema\/person\/image\/\",\"url\":\"https:\/\/secure.gravatar.com\/avatar\/9c5f111e417171581853bd0a3ff892ca?s=96&d=mm&r=g\",\"contentUrl\":\"https:\/\/secure.gravatar.com\/avatar\/9c5f111e417171581853bd0a3ff892ca?s=96&d=mm&r=g\",\"caption\":\"confagricolturapiacenza\"},\"url\":\"https:\/\/www.confagricoltura.org\/piacenza\/author\/confagricolturapiacenza\/\"}]}<\/script>\n<!-- \/ Yoast SEO plugin. -->","yoast_head_json":{"title":"NUOVI SUPERMERCATI IN CITTA\u2019, MA IL MERCATO E\u2019 SATURO - Confagricoltura Piacenza","robots":{"index":"index","follow":"follow","max-snippet":"max-snippet:-1","max-image-preview":"max-image-preview:large","max-video-preview":"max-video-preview:-1"},"canonical":"https:\/\/www.confagricoltura.org\/piacenza\/nuovi-supermercati-in-citta-ma-il-mercato-e-saturo\/","og_locale":"it_IT","og_type":"article","og_title":"NUOVI SUPERMERCATI IN CITTA\u2019, MA IL MERCATO E\u2019 SATURO - Confagricoltura Piacenza","og_description":"Casagrande (Confagricoltura): solo danni all\u2019economia senza vantaggi per il consumatore\u00a0 &nbsp; \u201cConcordiamo con chi esprime le proprie perplessit\u00e0 sul realizzare nuovi supermercati in citt\u00e0\u201d \u2013 commenta Marco Casagrande, direttore di Confagricoltura Piacenza. \u201cIl nostro mercato \u00e8 saturo e Piacenza non ha alcun bisogno di altre strutture commerciali che rischiano, nel giro di una decina d\u2019anni,","og_url":"https:\/\/www.confagricoltura.org\/piacenza\/nuovi-supermercati-in-citta-ma-il-mercato-e-saturo\/","og_site_name":"Confagricoltura Piacenza","article_published_time":"2019-10-18T09:11:32+00:00","article_modified_time":"2021-03-11T12:14:10+00:00","og_image":[{"url":"http:\/\/www.confagricoltura.org\/piacenza\/wp-content\/uploads\/sites\/3\/2018\/12\/Marco-Casagrande.jpg","type":"","width":"","height":""}],"author":"confagricolturapiacenza","twitter_card":"summary_large_image","twitter_misc":{"Scritto da":"confagricolturapiacenza","Tempo di lettura stimato":"2 minuti"},"schema":{"@context":"https:\/\/schema.org","@graph":[{"@type":"Article","@id":"https:\/\/www.confagricoltura.org\/piacenza\/nuovi-supermercati-in-citta-ma-il-mercato-e-saturo\/#article","isPartOf":{"@id":"https:\/\/www.confagricoltura.org\/piacenza\/nuovi-supermercati-in-citta-ma-il-mercato-e-saturo\/"},"author":{"name":"confagricolturapiacenza","@id":"https:\/\/www.confagricoltura.org\/piacenza\/#\/schema\/person\/be5da25a3117fea4b3bfec9dba09b5e8"},"headline":"NUOVI SUPERMERCATI IN CITTA\u2019, MA IL MERCATO E\u2019 SATURO","datePublished":"2019-10-18T09:11:32+00:00","dateModified":"2021-03-11T12:14:10+00:00","mainEntityOfPage":{"@id":"https:\/\/www.confagricoltura.org\/piacenza\/nuovi-supermercati-in-citta-ma-il-mercato-e-saturo\/"},"wordCount":459,"commentCount":0,"image":{"@id":"https:\/\/www.confagricoltura.org\/piacenza\/nuovi-supermercati-in-citta-ma-il-mercato-e-saturo\/#primaryimage"},"thumbnailUrl":"http:\/\/www.confagricoltura.org\/piacenza\/wp-content\/uploads\/sites\/3\/2018\/12\/Marco-Casagrande.jpg","keywords":["MERCATO SATURO","NUOVI SUPERMERCATI"],"articleSection":["Archivio"],"inLanguage":"it-IT"},{"@type":"WebPage","@id":"https:\/\/www.confagricoltura.org\/piacenza\/nuovi-supermercati-in-citta-ma-il-mercato-e-saturo\/","url":"https:\/\/www.confagricoltura.org\/piacenza\/nuovi-supermercati-in-citta-ma-il-mercato-e-saturo\/","name":"NUOVI SUPERMERCATI IN CITTA\u2019, MA IL MERCATO E\u2019 SATURO - Confagricoltura Piacenza","isPartOf":{"@id":"https:\/\/www.confagricoltura.org\/piacenza\/#website"},"primaryImageOfPage":{"@id":"https:\/\/www.confagricoltura.org\/piacenza\/nuovi-supermercati-in-citta-ma-il-mercato-e-saturo\/#primaryimage"},"image":{"@id":"https:\/\/www.confagricoltura.org\/piacenza\/nuovi-supermercati-in-citta-ma-il-mercato-e-saturo\/#primaryimage"},"thumbnailUrl":"http:\/\/www.confagricoltura.org\/piacenza\/wp-content\/uploads\/sites\/3\/2018\/12\/Marco-Casagrande.jpg","datePublished":"2019-10-18T09:11:32+00:00","dateModified":"2021-03-11T12:14:10+00:00","author":{"@id":"https:\/\/www.confagricoltura.org\/piacenza\/#\/schema\/person\/be5da25a3117fea4b3bfec9dba09b5e8"},"breadcrumb":{"@id":"https:\/\/www.confagricoltura.org\/piacenza\/nuovi-supermercati-in-citta-ma-il-mercato-e-saturo\/#breadcrumb"},"inLanguage":"it-IT","potentialAction":[{"@type":"ReadAction","target":["https:\/\/www.confagricoltura.org\/piacenza\/nuovi-supermercati-in-citta-ma-il-mercato-e-saturo\/"]}]},{"@type":"ImageObject","inLanguage":"it-IT","@id":"https:\/\/www.confagricoltura.org\/piacenza\/nuovi-supermercati-in-citta-ma-il-mercato-e-saturo\/#primaryimage","url":"http:\/\/www.confagricoltura.org\/piacenza\/wp-content\/uploads\/sites\/3\/2018\/12\/Marco-Casagrande.jpg","contentUrl":"http:\/\/www.confagricoltura.org\/piacenza\/wp-content\/uploads\/sites\/3\/2018\/12\/Marco-Casagrande.jpg"},{"@type":"BreadcrumbList","@id":"https:\/\/www.confagricoltura.org\/piacenza\/nuovi-supermercati-in-citta-ma-il-mercato-e-saturo\/#breadcrumb","itemListElement":[{"@type":"ListItem","position":1,"name":"Home","item":"https:\/\/www.confagricoltura.org\/piacenza\/"},{"@type":"ListItem","position":2,"name":"NUOVI SUPERMERCATI IN CITTA\u2019, MA IL MERCATO E\u2019 SATURO"}]},{"@type":"WebSite","@id":"https:\/\/www.confagricoltura.org\/piacenza\/#website","url":"https:\/\/www.confagricoltura.org\/piacenza\/","name":"Confagricoltura Piacenza","description":"Dalla parte degli Agricoltori","potentialAction":[{"@type":"SearchAction","target":{"@type":"EntryPoint","urlTemplate":"https:\/\/www.confagricoltura.org\/piacenza\/?s={search_term_string}"},"query-input":{"@type":"PropertyValueSpecification","valueRequired":true,"valueName":"search_term_string"}}],"inLanguage":"it-IT"},{"@type":"Person","@id":"https:\/\/www.confagricoltura.org\/piacenza\/#\/schema\/person\/be5da25a3117fea4b3bfec9dba09b5e8","name":"confagricolturapiacenza","image":{"@type":"ImageObject","inLanguage":"it-IT","@id":"https:\/\/www.confagricoltura.org\/piacenza\/#\/schema\/person\/image\/","url":"https:\/\/secure.gravatar.com\/avatar\/9c5f111e417171581853bd0a3ff892ca?s=96&d=mm&r=g","contentUrl":"https:\/\/secure.gravatar.com\/avatar\/9c5f111e417171581853bd0a3ff892ca?s=96&d=mm&r=g","caption":"confagricolturapiacenza"},"url":"https:\/\/www.confagricoltura.org\/piacenza\/author\/confagricolturapiacenza\/"}]}},"_links":{"self":[{"href":"https:\/\/www.confagricoltura.org\/piacenza\/wp-json\/wp\/v2\/posts\/1884","targetHints":{"allow":["GET"]}}],"collection":[{"href":"https:\/\/www.confagricoltura.org\/piacenza\/wp-json\/wp\/v2\/posts"}],"about":[{"href":"https:\/\/www.confagricoltura.org\/piacenza\/wp-json\/wp\/v2\/types\/post"}],"author":[{"embeddable":true,"href":"https:\/\/www.confagricoltura.org\/piacenza\/wp-json\/wp\/v2\/users\/6"}],"replies":[{"embeddable":true,"href":"https:\/\/www.confagricoltura.org\/piacenza\/wp-json\/wp\/v2\/comments?post=1884"}],"version-history":[{"count":1,"href":"https:\/\/www.confagricoltura.org\/piacenza\/wp-json\/wp\/v2\/posts\/1884\/revisions"}],"predecessor-version":[{"id":2671,"href":"https:\/\/www.confagricoltura.org\/piacenza\/wp-json\/wp\/v2\/posts\/1884\/revisions\/2671"}],"wp:attachment":[{"href":"https:\/\/www.confagricoltura.org\/piacenza\/wp-json\/wp\/v2\/media?parent=1884"}],"wp:term":[{"taxonomy":"category","embeddable":true,"href":"https:\/\/www.confagricoltura.org\/piacenza\/wp-json\/wp\/v2\/categories?post=1884"},{"taxonomy":"post_tag","embeddable":true,"href":"https:\/\/www.confagricoltura.org\/piacenza\/wp-json\/wp\/v2\/tags?post=1884"}],"curies":[{"name":"wp","href":"https:\/\/api.w.org\/{rel}","templated":true}]}}