{"id":1872,"date":"2019-10-01T14:16:43","date_gmt":"2019-10-01T12:16:43","guid":{"rendered":"http:\/\/www.confagricoltura.org\/piacenza\/?p=1872"},"modified":"2021-03-11T13:14:10","modified_gmt":"2021-03-11T12:14:10","slug":"dazi-usa-paura-per-lexport-agroalimentare-lagricoltura-ne-sarebbe-vittima","status":"publish","type":"post","link":"https:\/\/www.confagricoltura.org\/piacenza\/dazi-usa-paura-per-lexport-agroalimentare-lagricoltura-ne-sarebbe-vittima\/","title":{"rendered":"DAZI USA: PAURA PER L\u2019EXPORT AGROALIMENTARE, L\u2019AGRICOLTURA NE SAREBBE VITTIMA"},"content":{"rendered":"<h4><strong><em>Gasparini: gli agricoltori pronti ad alzare gli scudi insieme alla trasformazione, ma la filiera non deve essere unita solo in questo frangente<\/em><\/strong><\/h4>\n<p>&nbsp;<\/p>\n<p>\u201cAccogliamo l\u2019invito formulato dai Consorzi del Parmigiano Reggiano e del Grana Padano ad assumere tutte le possibili iniziative per scongiurare i dazi Usa: i contraccolpi sarebbero pesantissimi per l\u2019intera filiera, ma \u00e8 a rischio una larga parte delle produzioni agroalimentari italiane destinate ai consumatori statunitensi. Con la chiusura del mercato Usa potrebbe infatti verificarsi una drastica caduta dei valori dei nostri prodotti\u201d.\u00a0 E\u2019 quanto dichiarato dal presidente di Confagricoltura, Massimiliano Giansanti, in merito al dibattito in corso, in vista di eventuali dazi aggiuntivi fino al 100% del valore che l\u2019amministrazione Usa potrebbe applicare sulle nostre esportazioni gi\u00e0 nel corso del prossimo mese di ottobre. \u201cIl problema non \u00e8 nuovo &#8211; ha indicato Giansanti &#8211; perch\u00e9 rientra nel lungo contenzioso tra Unione europea e Stati Uniti sugli aiuti pubblici ai gruppi Airbus e Boeing. Ora il settore agroalimentare rischia di pagare un prezzo pesantissimo, a causa dei dazi Usa e delle scontate reazioni della Ue\u201d. \u201cNei mesi scorsi &#8211; ha proseguito il presidente di Confagricoltura &#8211; ho indirizzato una lettera al presidente della Commissione europea Juncker e alla commissaria Malmstrom, per sollecitare l\u2019avvio di un negoziato con l\u2019amministrazione Usa per evitare una guerra commerciale. A questo punto chiediamo un\u2019iniziativa urgente del nostro governo a tutela del sistema agroalimentare italiano\u201d. Interviene sul tema anche Filippo Gasparini, Presidente di Confagricoltura Piacenza: \u201cIl direttore del Consorzio di tutela del Grana Padano, Stefano Berni ha detto, dalle colonne di Italia Oggi, di essere persino disposto portare gli allevatori del comparto del Grana Padano davanti alle basi americane in Italia per protesta contro i dazi Usa. Posto che le manifestazioni andrebbero piuttosto fatte davanti ai palazzi del governo che nulla fa per portare la nostra voce in Europa, il mondo produttivo risponder\u00e0 sicuramente, se ce ne sar\u00e0 bisogno\u201d. Il presidente di Confagricoltura Piacenza, che in passato non ha mancato di dissentire su alcune scelte del Consorzio precisa: \u201cCondivido le considerazioni del dottor Berni quando dice che cos\u00ec l\u2019agroalimentare pagher\u00e0 per la vicenda senza avere responsabilit\u00e0 alcuna, dato che il nostro Paese non fa neppure parte del consorzio Airbus, cos\u00ec come quando dice che il crollo delle esportazioni di Grana e Parmigiano in Canada \u00e8 dovuto a player improvvisati che hanno riempito i magazzini. In merito torno a ribadire \u2013 prosegue Gasparini &#8211; quanto espresso dal presidente Nazionale Giansanti e approfondito anche dal nostro direttore Marco Casagrande, ossia che il Ceta \u00e8 un buon accordo, ma \u00e8 stata anche l\u2019incertezza sui dazi Usa a modificare i piani degli importatori che hanno base sia in entrambi i Paesi. Mi permetto di complicare il quadro ponendo una domanda: perch\u00e9 non si parla pi\u00f9 del danno che subiamo con la scelerata e continuativa decisione dell\u2019embargo alla Russia? Un altro mercato ad alto potenziale dove si sta sviluppando una produzione interna per supplire alla nostra forzata assenza. Queste vicende, con le dovute differenze, riportano alla memoria l\u2019istituzione delle quote latte quando si disse che ben valeva sacrificare quattro foglie di insalata e quattro litri di latte per le acciaierie, peraltro oggi chiuse\u201d. Gasparini torna poi all\u2019idea della mobilitazione: \u201cCome Confagricoltura Piacenza rispondiamo alla chiamata alle armi, pur denunciando la necessit\u00e0 di vedere la filiera compatta non solo in momenti di crisi come questo. Quando le dinamiche di mercato sono positive \u2013 rimarca Gasparini \u2013 agli agricoltori non viene riconosciuto l\u2019adeguato valore, mentre sono i primi a pagare a caro prezzo i crolli di mercato\u201d.\u00a0 Ad avviso del presidente di Confagricoltura Piacenza, inoltre, il settore registra un disinteresse della politica per le problematiche di economia agraria sostanziali per il futuro dell\u2019agricoltura e per casi come questi. \u201cDiciamo da tempo \u2013 prosegue Gasparini \u2013 che il Ministero e gli assessorati dell\u2019agricoltura non hanno una politica di apertura e di governo dei mercati; che il sistema degli agricoltori, che rappresentiamo, \u00e8 molto pi\u00f9 povero di risorse e incapace di muoversi del passato rispetto alle dinamiche economiche divenute globali. I produttori hanno poche armi, schiacciati come sono dalla mancanza di potere contrattuale e da una vessazione continua di norme. Questo crea un contesto in cui tutto il settore risulta perdente, ciononostante rispondiamo positivamente all\u2019appello del Consorzio del Grana Padano chiedendo per\u00f2 che al nostro fianco ci siano anche\u00a0 gli altri anelli della filiera, trasformazione in primis, e non per esprimerci solidariet\u00e0 in una sporadica e magari inutile, manifestazione di piazza, ma nella richiesta pressante di modificare le linee di indirizzo della politica, sia a livelli ministeriali che nei funzionariati, perch\u00e9 oggi si parla solo di ambiente e di benessere animale, non dell\u2019esercizio della politica agraria e questi sono i risultati. Questa \u00e8 la ricompensa al nostro settore per non esserci occupati dei temi centrali. Con antiscientifiche norme sul benessere animale non si spostano dei consumi del 30%, come fanno invece dazi e accordi commerciali. Come Confagricoltura Piacenza abbiamo pi\u00f9 volte sottolineato che per il futuro del nostro settore \u00e8 fondamentale presidiare le spaventose dinamiche di mercato con le giuste strategie. Sono questi a nostro avviso i temi principali che devono tornare ad essere oggetto d\u2019interesse. Le cose sarebbero infatti diverse se avessimo destinato la sommatoria dei soldi spesi dai nostri soci per l\u2019ennesimo ammodernamento in chiave di benessere animale delle gabbiette a stakeholder e lobbisti per tutelare i nostri interessi nei contesti internazionali\u201d.<\/p>\n<p>&nbsp;<\/p>\n<p><img loading=\"lazy\" decoding=\"async\" class=\"alignnone wp-image-1806 img-responsive\" src=\"http:\/\/www.confagricoltura.org\/piacenza\/wp-content\/uploads\/sites\/3\/2019\/07\/Filippo-Gasparini-1.jpg\" alt=\"\" width=\"624\" height=\"913\" \/><\/p>\n<p>Presidente di confagricoltura Piacenza \u2013 Filippo Gasparini<\/p>\n","protected":false},"excerpt":{"rendered":"<p>Gasparini: gli agricoltori pronti ad alzare gli scudi insieme alla trasformazione, ma la filiera non deve essere unita solo in questo frangente &nbsp; \u201cAccogliamo l\u2019invito formulato dai Consorzi del Parmigiano Reggiano e del Grana Padano ad assumere tutte le possibili iniziative per scongiurare i dazi Usa: i contraccolpi sarebbero pesantissimi per l\u2019intera filiera, ma \u00e8<\/p>\n","protected":false},"author":6,"featured_media":0,"comment_status":"open","ping_status":"open","sticky":false,"template":"","format":"standard","meta":{"wp_mapbox_gl_js_media":[],"footnotes":""},"categories":[335],"tags":[243],"class_list":["post-1872","post","type-post","status-publish","format-standard","hentry","category-archivio","tag-dazi-usa"],"yoast_head":"<!-- This site is optimized with the Yoast SEO plugin v26.8 - https:\/\/yoast.com\/product\/yoast-seo-wordpress\/ -->\n<title>DAZI USA: PAURA PER L\u2019EXPORT AGROALIMENTARE, L\u2019AGRICOLTURA NE SAREBBE VITTIMA - Confagricoltura Piacenza<\/title>\n<meta name=\"robots\" content=\"index, follow, max-snippet:-1, max-image-preview:large, max-video-preview:-1\" \/>\n<link rel=\"canonical\" href=\"https:\/\/www.confagricoltura.org\/piacenza\/dazi-usa-paura-per-lexport-agroalimentare-lagricoltura-ne-sarebbe-vittima\/\" \/>\n<meta property=\"og:locale\" content=\"it_IT\" \/>\n<meta property=\"og:type\" content=\"article\" \/>\n<meta property=\"og:title\" content=\"DAZI USA: PAURA PER L\u2019EXPORT AGROALIMENTARE, L\u2019AGRICOLTURA NE SAREBBE VITTIMA - Confagricoltura Piacenza\" \/>\n<meta property=\"og:description\" content=\"Gasparini: gli agricoltori pronti ad alzare gli scudi insieme alla trasformazione, ma la filiera non deve essere unita solo in questo frangente &nbsp; \u201cAccogliamo l\u2019invito formulato dai Consorzi del Parmigiano Reggiano e del Grana Padano ad assumere tutte le possibili iniziative per scongiurare i dazi Usa: i contraccolpi sarebbero pesantissimi per l\u2019intera filiera, ma \u00e8\" \/>\n<meta property=\"og:url\" content=\"https:\/\/www.confagricoltura.org\/piacenza\/dazi-usa-paura-per-lexport-agroalimentare-lagricoltura-ne-sarebbe-vittima\/\" \/>\n<meta property=\"og:site_name\" content=\"Confagricoltura Piacenza\" \/>\n<meta property=\"article:published_time\" content=\"2019-10-01T12:16:43+00:00\" \/>\n<meta property=\"article:modified_time\" content=\"2021-03-11T12:14:10+00:00\" \/>\n<meta property=\"og:image\" content=\"http:\/\/www.confagricoltura.org\/piacenza\/wp-content\/uploads\/sites\/3\/2019\/07\/Filippo-Gasparini-1.jpg\" \/>\n<meta name=\"author\" content=\"confagricolturapiacenza\" \/>\n<meta name=\"twitter:card\" content=\"summary_large_image\" \/>\n<meta name=\"twitter:label1\" content=\"Scritto da\" \/>\n\t<meta name=\"twitter:data1\" content=\"confagricolturapiacenza\" \/>\n\t<meta name=\"twitter:label2\" content=\"Tempo di lettura stimato\" \/>\n\t<meta name=\"twitter:data2\" content=\"5 minuti\" \/>\n<script type=\"application\/ld+json\" class=\"yoast-schema-graph\">{\"@context\":\"https:\/\/schema.org\",\"@graph\":[{\"@type\":\"Article\",\"@id\":\"https:\/\/www.confagricoltura.org\/piacenza\/dazi-usa-paura-per-lexport-agroalimentare-lagricoltura-ne-sarebbe-vittima\/#article\",\"isPartOf\":{\"@id\":\"https:\/\/www.confagricoltura.org\/piacenza\/dazi-usa-paura-per-lexport-agroalimentare-lagricoltura-ne-sarebbe-vittima\/\"},\"author\":{\"name\":\"confagricolturapiacenza\",\"@id\":\"https:\/\/www.confagricoltura.org\/piacenza\/#\/schema\/person\/be5da25a3117fea4b3bfec9dba09b5e8\"},\"headline\":\"DAZI USA: PAURA PER L\u2019EXPORT AGROALIMENTARE, L\u2019AGRICOLTURA NE SAREBBE VITTIMA\",\"datePublished\":\"2019-10-01T12:16:43+00:00\",\"dateModified\":\"2021-03-11T12:14:10+00:00\",\"mainEntityOfPage\":{\"@id\":\"https:\/\/www.confagricoltura.org\/piacenza\/dazi-usa-paura-per-lexport-agroalimentare-lagricoltura-ne-sarebbe-vittima\/\"},\"wordCount\":913,\"commentCount\":0,\"image\":{\"@id\":\"https:\/\/www.confagricoltura.org\/piacenza\/dazi-usa-paura-per-lexport-agroalimentare-lagricoltura-ne-sarebbe-vittima\/#primaryimage\"},\"thumbnailUrl\":\"http:\/\/www.confagricoltura.org\/piacenza\/wp-content\/uploads\/sites\/3\/2019\/07\/Filippo-Gasparini-1.jpg\",\"keywords\":[\"DAZI USA\"],\"articleSection\":[\"Archivio\"],\"inLanguage\":\"it-IT\"},{\"@type\":\"WebPage\",\"@id\":\"https:\/\/www.confagricoltura.org\/piacenza\/dazi-usa-paura-per-lexport-agroalimentare-lagricoltura-ne-sarebbe-vittima\/\",\"url\":\"https:\/\/www.confagricoltura.org\/piacenza\/dazi-usa-paura-per-lexport-agroalimentare-lagricoltura-ne-sarebbe-vittima\/\",\"name\":\"DAZI USA: PAURA PER L\u2019EXPORT AGROALIMENTARE, L\u2019AGRICOLTURA NE SAREBBE VITTIMA - Confagricoltura Piacenza\",\"isPartOf\":{\"@id\":\"https:\/\/www.confagricoltura.org\/piacenza\/#website\"},\"primaryImageOfPage\":{\"@id\":\"https:\/\/www.confagricoltura.org\/piacenza\/dazi-usa-paura-per-lexport-agroalimentare-lagricoltura-ne-sarebbe-vittima\/#primaryimage\"},\"image\":{\"@id\":\"https:\/\/www.confagricoltura.org\/piacenza\/dazi-usa-paura-per-lexport-agroalimentare-lagricoltura-ne-sarebbe-vittima\/#primaryimage\"},\"thumbnailUrl\":\"http:\/\/www.confagricoltura.org\/piacenza\/wp-content\/uploads\/sites\/3\/2019\/07\/Filippo-Gasparini-1.jpg\",\"datePublished\":\"2019-10-01T12:16:43+00:00\",\"dateModified\":\"2021-03-11T12:14:10+00:00\",\"author\":{\"@id\":\"https:\/\/www.confagricoltura.org\/piacenza\/#\/schema\/person\/be5da25a3117fea4b3bfec9dba09b5e8\"},\"breadcrumb\":{\"@id\":\"https:\/\/www.confagricoltura.org\/piacenza\/dazi-usa-paura-per-lexport-agroalimentare-lagricoltura-ne-sarebbe-vittima\/#breadcrumb\"},\"inLanguage\":\"it-IT\",\"potentialAction\":[{\"@type\":\"ReadAction\",\"target\":[\"https:\/\/www.confagricoltura.org\/piacenza\/dazi-usa-paura-per-lexport-agroalimentare-lagricoltura-ne-sarebbe-vittima\/\"]}]},{\"@type\":\"ImageObject\",\"inLanguage\":\"it-IT\",\"@id\":\"https:\/\/www.confagricoltura.org\/piacenza\/dazi-usa-paura-per-lexport-agroalimentare-lagricoltura-ne-sarebbe-vittima\/#primaryimage\",\"url\":\"http:\/\/www.confagricoltura.org\/piacenza\/wp-content\/uploads\/sites\/3\/2019\/07\/Filippo-Gasparini-1.jpg\",\"contentUrl\":\"http:\/\/www.confagricoltura.org\/piacenza\/wp-content\/uploads\/sites\/3\/2019\/07\/Filippo-Gasparini-1.jpg\"},{\"@type\":\"BreadcrumbList\",\"@id\":\"https:\/\/www.confagricoltura.org\/piacenza\/dazi-usa-paura-per-lexport-agroalimentare-lagricoltura-ne-sarebbe-vittima\/#breadcrumb\",\"itemListElement\":[{\"@type\":\"ListItem\",\"position\":1,\"name\":\"Home\",\"item\":\"https:\/\/www.confagricoltura.org\/piacenza\/\"},{\"@type\":\"ListItem\",\"position\":2,\"name\":\"DAZI USA: PAURA PER L\u2019EXPORT AGROALIMENTARE, L\u2019AGRICOLTURA NE SAREBBE VITTIMA\"}]},{\"@type\":\"WebSite\",\"@id\":\"https:\/\/www.confagricoltura.org\/piacenza\/#website\",\"url\":\"https:\/\/www.confagricoltura.org\/piacenza\/\",\"name\":\"Confagricoltura Piacenza\",\"description\":\"Dalla parte degli Agricoltori\",\"potentialAction\":[{\"@type\":\"SearchAction\",\"target\":{\"@type\":\"EntryPoint\",\"urlTemplate\":\"https:\/\/www.confagricoltura.org\/piacenza\/?s={search_term_string}\"},\"query-input\":{\"@type\":\"PropertyValueSpecification\",\"valueRequired\":true,\"valueName\":\"search_term_string\"}}],\"inLanguage\":\"it-IT\"},{\"@type\":\"Person\",\"@id\":\"https:\/\/www.confagricoltura.org\/piacenza\/#\/schema\/person\/be5da25a3117fea4b3bfec9dba09b5e8\",\"name\":\"confagricolturapiacenza\",\"image\":{\"@type\":\"ImageObject\",\"inLanguage\":\"it-IT\",\"@id\":\"https:\/\/www.confagricoltura.org\/piacenza\/#\/schema\/person\/image\/\",\"url\":\"https:\/\/secure.gravatar.com\/avatar\/9c5f111e417171581853bd0a3ff892ca?s=96&d=mm&r=g\",\"contentUrl\":\"https:\/\/secure.gravatar.com\/avatar\/9c5f111e417171581853bd0a3ff892ca?s=96&d=mm&r=g\",\"caption\":\"confagricolturapiacenza\"},\"url\":\"https:\/\/www.confagricoltura.org\/piacenza\/author\/confagricolturapiacenza\/\"}]}<\/script>\n<!-- \/ Yoast SEO plugin. -->","yoast_head_json":{"title":"DAZI USA: PAURA PER L\u2019EXPORT AGROALIMENTARE, L\u2019AGRICOLTURA NE SAREBBE VITTIMA - Confagricoltura Piacenza","robots":{"index":"index","follow":"follow","max-snippet":"max-snippet:-1","max-image-preview":"max-image-preview:large","max-video-preview":"max-video-preview:-1"},"canonical":"https:\/\/www.confagricoltura.org\/piacenza\/dazi-usa-paura-per-lexport-agroalimentare-lagricoltura-ne-sarebbe-vittima\/","og_locale":"it_IT","og_type":"article","og_title":"DAZI USA: PAURA PER L\u2019EXPORT AGROALIMENTARE, L\u2019AGRICOLTURA NE SAREBBE VITTIMA - Confagricoltura Piacenza","og_description":"Gasparini: gli agricoltori pronti ad alzare gli scudi insieme alla trasformazione, ma la filiera non deve essere unita solo in questo frangente &nbsp; \u201cAccogliamo l\u2019invito formulato dai Consorzi del Parmigiano Reggiano e del Grana Padano ad assumere tutte le possibili iniziative per scongiurare i dazi Usa: i contraccolpi sarebbero pesantissimi per l\u2019intera filiera, ma \u00e8","og_url":"https:\/\/www.confagricoltura.org\/piacenza\/dazi-usa-paura-per-lexport-agroalimentare-lagricoltura-ne-sarebbe-vittima\/","og_site_name":"Confagricoltura Piacenza","article_published_time":"2019-10-01T12:16:43+00:00","article_modified_time":"2021-03-11T12:14:10+00:00","og_image":[{"url":"http:\/\/www.confagricoltura.org\/piacenza\/wp-content\/uploads\/sites\/3\/2019\/07\/Filippo-Gasparini-1.jpg","type":"","width":"","height":""}],"author":"confagricolturapiacenza","twitter_card":"summary_large_image","twitter_misc":{"Scritto da":"confagricolturapiacenza","Tempo di lettura stimato":"5 minuti"},"schema":{"@context":"https:\/\/schema.org","@graph":[{"@type":"Article","@id":"https:\/\/www.confagricoltura.org\/piacenza\/dazi-usa-paura-per-lexport-agroalimentare-lagricoltura-ne-sarebbe-vittima\/#article","isPartOf":{"@id":"https:\/\/www.confagricoltura.org\/piacenza\/dazi-usa-paura-per-lexport-agroalimentare-lagricoltura-ne-sarebbe-vittima\/"},"author":{"name":"confagricolturapiacenza","@id":"https:\/\/www.confagricoltura.org\/piacenza\/#\/schema\/person\/be5da25a3117fea4b3bfec9dba09b5e8"},"headline":"DAZI USA: PAURA PER L\u2019EXPORT AGROALIMENTARE, L\u2019AGRICOLTURA NE SAREBBE VITTIMA","datePublished":"2019-10-01T12:16:43+00:00","dateModified":"2021-03-11T12:14:10+00:00","mainEntityOfPage":{"@id":"https:\/\/www.confagricoltura.org\/piacenza\/dazi-usa-paura-per-lexport-agroalimentare-lagricoltura-ne-sarebbe-vittima\/"},"wordCount":913,"commentCount":0,"image":{"@id":"https:\/\/www.confagricoltura.org\/piacenza\/dazi-usa-paura-per-lexport-agroalimentare-lagricoltura-ne-sarebbe-vittima\/#primaryimage"},"thumbnailUrl":"http:\/\/www.confagricoltura.org\/piacenza\/wp-content\/uploads\/sites\/3\/2019\/07\/Filippo-Gasparini-1.jpg","keywords":["DAZI USA"],"articleSection":["Archivio"],"inLanguage":"it-IT"},{"@type":"WebPage","@id":"https:\/\/www.confagricoltura.org\/piacenza\/dazi-usa-paura-per-lexport-agroalimentare-lagricoltura-ne-sarebbe-vittima\/","url":"https:\/\/www.confagricoltura.org\/piacenza\/dazi-usa-paura-per-lexport-agroalimentare-lagricoltura-ne-sarebbe-vittima\/","name":"DAZI USA: PAURA PER L\u2019EXPORT AGROALIMENTARE, L\u2019AGRICOLTURA NE SAREBBE VITTIMA - Confagricoltura Piacenza","isPartOf":{"@id":"https:\/\/www.confagricoltura.org\/piacenza\/#website"},"primaryImageOfPage":{"@id":"https:\/\/www.confagricoltura.org\/piacenza\/dazi-usa-paura-per-lexport-agroalimentare-lagricoltura-ne-sarebbe-vittima\/#primaryimage"},"image":{"@id":"https:\/\/www.confagricoltura.org\/piacenza\/dazi-usa-paura-per-lexport-agroalimentare-lagricoltura-ne-sarebbe-vittima\/#primaryimage"},"thumbnailUrl":"http:\/\/www.confagricoltura.org\/piacenza\/wp-content\/uploads\/sites\/3\/2019\/07\/Filippo-Gasparini-1.jpg","datePublished":"2019-10-01T12:16:43+00:00","dateModified":"2021-03-11T12:14:10+00:00","author":{"@id":"https:\/\/www.confagricoltura.org\/piacenza\/#\/schema\/person\/be5da25a3117fea4b3bfec9dba09b5e8"},"breadcrumb":{"@id":"https:\/\/www.confagricoltura.org\/piacenza\/dazi-usa-paura-per-lexport-agroalimentare-lagricoltura-ne-sarebbe-vittima\/#breadcrumb"},"inLanguage":"it-IT","potentialAction":[{"@type":"ReadAction","target":["https:\/\/www.confagricoltura.org\/piacenza\/dazi-usa-paura-per-lexport-agroalimentare-lagricoltura-ne-sarebbe-vittima\/"]}]},{"@type":"ImageObject","inLanguage":"it-IT","@id":"https:\/\/www.confagricoltura.org\/piacenza\/dazi-usa-paura-per-lexport-agroalimentare-lagricoltura-ne-sarebbe-vittima\/#primaryimage","url":"http:\/\/www.confagricoltura.org\/piacenza\/wp-content\/uploads\/sites\/3\/2019\/07\/Filippo-Gasparini-1.jpg","contentUrl":"http:\/\/www.confagricoltura.org\/piacenza\/wp-content\/uploads\/sites\/3\/2019\/07\/Filippo-Gasparini-1.jpg"},{"@type":"BreadcrumbList","@id":"https:\/\/www.confagricoltura.org\/piacenza\/dazi-usa-paura-per-lexport-agroalimentare-lagricoltura-ne-sarebbe-vittima\/#breadcrumb","itemListElement":[{"@type":"ListItem","position":1,"name":"Home","item":"https:\/\/www.confagricoltura.org\/piacenza\/"},{"@type":"ListItem","position":2,"name":"DAZI USA: PAURA PER L\u2019EXPORT AGROALIMENTARE, L\u2019AGRICOLTURA NE SAREBBE VITTIMA"}]},{"@type":"WebSite","@id":"https:\/\/www.confagricoltura.org\/piacenza\/#website","url":"https:\/\/www.confagricoltura.org\/piacenza\/","name":"Confagricoltura Piacenza","description":"Dalla parte degli Agricoltori","potentialAction":[{"@type":"SearchAction","target":{"@type":"EntryPoint","urlTemplate":"https:\/\/www.confagricoltura.org\/piacenza\/?s={search_term_string}"},"query-input":{"@type":"PropertyValueSpecification","valueRequired":true,"valueName":"search_term_string"}}],"inLanguage":"it-IT"},{"@type":"Person","@id":"https:\/\/www.confagricoltura.org\/piacenza\/#\/schema\/person\/be5da25a3117fea4b3bfec9dba09b5e8","name":"confagricolturapiacenza","image":{"@type":"ImageObject","inLanguage":"it-IT","@id":"https:\/\/www.confagricoltura.org\/piacenza\/#\/schema\/person\/image\/","url":"https:\/\/secure.gravatar.com\/avatar\/9c5f111e417171581853bd0a3ff892ca?s=96&d=mm&r=g","contentUrl":"https:\/\/secure.gravatar.com\/avatar\/9c5f111e417171581853bd0a3ff892ca?s=96&d=mm&r=g","caption":"confagricolturapiacenza"},"url":"https:\/\/www.confagricoltura.org\/piacenza\/author\/confagricolturapiacenza\/"}]}},"_links":{"self":[{"href":"https:\/\/www.confagricoltura.org\/piacenza\/wp-json\/wp\/v2\/posts\/1872","targetHints":{"allow":["GET"]}}],"collection":[{"href":"https:\/\/www.confagricoltura.org\/piacenza\/wp-json\/wp\/v2\/posts"}],"about":[{"href":"https:\/\/www.confagricoltura.org\/piacenza\/wp-json\/wp\/v2\/types\/post"}],"author":[{"embeddable":true,"href":"https:\/\/www.confagricoltura.org\/piacenza\/wp-json\/wp\/v2\/users\/6"}],"replies":[{"embeddable":true,"href":"https:\/\/www.confagricoltura.org\/piacenza\/wp-json\/wp\/v2\/comments?post=1872"}],"version-history":[{"count":1,"href":"https:\/\/www.confagricoltura.org\/piacenza\/wp-json\/wp\/v2\/posts\/1872\/revisions"}],"predecessor-version":[{"id":2674,"href":"https:\/\/www.confagricoltura.org\/piacenza\/wp-json\/wp\/v2\/posts\/1872\/revisions\/2674"}],"wp:attachment":[{"href":"https:\/\/www.confagricoltura.org\/piacenza\/wp-json\/wp\/v2\/media?parent=1872"}],"wp:term":[{"taxonomy":"category","embeddable":true,"href":"https:\/\/www.confagricoltura.org\/piacenza\/wp-json\/wp\/v2\/categories?post=1872"},{"taxonomy":"post_tag","embeddable":true,"href":"https:\/\/www.confagricoltura.org\/piacenza\/wp-json\/wp\/v2\/tags?post=1872"}],"curies":[{"name":"wp","href":"https:\/\/api.w.org\/{rel}","templated":true}]}}