{"id":1870,"date":"2019-09-23T11:51:36","date_gmt":"2019-09-23T09:51:36","guid":{"rendered":"http:\/\/www.confagricoltura.org\/piacenza\/?p=1870"},"modified":"2021-03-11T13:14:10","modified_gmt":"2021-03-11T12:14:10","slug":"il-ceta-e-un-buon-accordo-i-dati-della-commissione-europea-lo-confermano","status":"publish","type":"post","link":"https:\/\/www.confagricoltura.org\/piacenza\/il-ceta-e-un-buon-accordo-i-dati-della-commissione-europea-lo-confermano\/","title":{"rendered":"IL CETA E\u2019 UN BUON ACCORDO: I DATI DELLA COMMISSIONE EUROPEA LO CONFERMANO"},"content":{"rendered":"<h3><em>Casagrande: export dei formaggi in calo in Usa nel primo semestre per paura dei dazi ma ora in ripresa <\/em><\/h3>\n<p>&nbsp;<\/p>\n<p>Continuano a salire le esportazioni di prodotti agroalimentari della Ue sul mercato canadese, grazie all\u2019accordo economico e commerciale bilaterale entrato in vigore, in via provvisoria, nel settembre 2017.<\/p>\n<p>Sulla base dei dati diffusi il 19 settembre dalla Commissione europea \u2013 rileva Confagricoltura \u2013 le esportazioni di settore destinate al Canada sono aumentate del 7% nel 2018. Per i formaggi, in particolare, con il 33%, la crescita \u00e8 risultata nettamente superiore alla media. Per i vini, il rialzo \u00e8 stato del 10%.<\/p>\n<p>Per i formaggi, tuttavia, nel primo trimestre di quest\u2019anno si \u00e8 registrata un\u2019inversione di tendenza. Le esportazioni sono diminuite di oltre il 30 per cento. Confagricoltura concorda con gli industriali di settore secondo i quali il fenomeno dipende da un\u2019inefficiente gestione delle quote previste dall\u2019Accordo Ceta.<\/p>\n<p>\u201cOccorre continuare a lavorare per la piena applicazione dell\u2019Accordo &#8211; ha dichiarato il presidente di Confagricoltura, Massimiliano Giansanti &#8211; e riteniamo che il problema, segnalato anche dagli operatori francesi, possa essere superato a breve. E\u2019 comunque da ricordare che nel 2018 l\u2019export di formaggi italiani sul mercato canadese \u00e8 aumentato di quasi il 20 per cento \u2013 ha continuato -. Circa un terzo dell\u2019export complessivo della Ue \u00e8 partito dall\u2019Italia. Secondo gli operatori del settore, \u00e8 possibile raddoppiare le esportazioni nel giro di cinque anni\u201d. \u201cPer quanto riguarda la situazione dei primi mesi di quest\u2019anno, si \u00e8 anche registrato un aumento delle esportazioni verso gli Usa dei prodotti a indicazione geografica e di qualit\u00e0\u201d, ha poi evidenziato Giansanti.<\/p>\n<p>\u201cProbabilmente, gli operatori statunitensi hanno aumentato gli acquisti, in vista dei dazi aggiuntivi Usa che potrebbero scattare a met\u00e0 ottobre.\u00a0 Resta comunque il fatto, numeri alla mano, che quello con il Canada si sta rivelando un buon accordo per il settore agroalimentare, tenendo anche conto che, almeno finora, non c\u2019\u00e8 stata la temuta invasione di grano duro e carni bovine\u201d, ha concluso Giansanti.<\/p>\n<p>\u201cIn effetti, nel primo semestre 2019, Parmigiano Reggiano e Grana Padano, i nostri due formaggi Dop pi\u00f9 blasonati ed esportati, hanno registrato un sensibile calo dell\u2019export verso il Canada, ma sarebbe errato imputare le cause di ci\u00f2 al Ceta \u2013 ha sottolineato Marco Casagrande direttore di Confagricoltura Piacenza -. Ritengo, piuttosto, che sia dovuto principalmente a due elementi. Il prezzo del Grana Padano nel primo semestre 2019 \u00e8 stato mediamente superiore del 25% rispetto allo stesso periodo del 2018 e performance anche migliori si sono registrate per il Parmigiano, dunque, gli imprenditori Canadesi sarebbero stati indotti a rallentare gli acquisti in attesa di valutare se l\u2019elevato incremento di prezzo era congiunturale o strutturale.<\/p>\n<p>Come ha rilevato il presidente nazionale di Confagricoltura \u2013 ha poi aggiunto Casagrande \u2013 in generale ha pesato il timore dell\u2019aumento dei prezzi dovuto ai dazi Usa.\u00a0 Chi ha societ\u00e0 che commercializzano le due Dop italiane sia in Canada che Usa avr\u00e0 ritenuto pi\u00f9 conveniente acquistare e accantonare prodotti per il mercato Usa, anzich\u00e9 per quello Canadese. Va infine registrato \u2013 ha concluso Casagrande &#8211; che nel secondo quadrimestre le cose stanno cambiando e gli importatori Canadesi stanno acquistando notevoli quantit\u00e0 di grana Padano, anche in previsione del periodo natalizio e probabilmente, recupereranno le minori quantit\u00e0 importate nel primo semestre\u201d.<\/p>\n<p>&nbsp;<\/p>\n<p><img loading=\"lazy\" decoding=\"async\" class=\"alignnone  wp-image-1632 img-responsive\" src=\"http:\/\/www.confagricoltura.org\/piacenza\/wp-content\/uploads\/sites\/3\/2019\/01\/Marco-Casagrande-5.jpg\" alt=\"\" width=\"661\" height=\"882\" \/><\/p>\n<p>Marco Casagrande \u2013 direttore di Confagricoltura Piacenza<\/p>\n","protected":false},"excerpt":{"rendered":"<p>Casagrande: export dei formaggi in calo in Usa nel primo semestre per paura dei dazi ma ora in ripresa &nbsp; Continuano a salire le esportazioni di prodotti agroalimentari della Ue sul mercato canadese, grazie all\u2019accordo economico e commerciale bilaterale entrato in vigore, in via provvisoria, nel settembre 2017. Sulla base dei dati diffusi il 19<\/p>\n","protected":false},"author":6,"featured_media":0,"comment_status":"open","ping_status":"open","sticky":false,"template":"","format":"standard","meta":{"wp_mapbox_gl_js_media":[],"footnotes":""},"categories":[335],"tags":[242],"class_list":["post-1870","post","type-post","status-publish","format-standard","hentry","category-archivio","tag-accordo-ceta"],"yoast_head":"<!-- This site is optimized with the Yoast SEO plugin v26.8 - https:\/\/yoast.com\/product\/yoast-seo-wordpress\/ -->\n<title>IL CETA E\u2019 UN BUON ACCORDO: I DATI DELLA COMMISSIONE EUROPEA LO CONFERMANO - Confagricoltura Piacenza<\/title>\n<meta name=\"robots\" content=\"index, follow, max-snippet:-1, max-image-preview:large, max-video-preview:-1\" \/>\n<link rel=\"canonical\" href=\"https:\/\/www.confagricoltura.org\/piacenza\/il-ceta-e-un-buon-accordo-i-dati-della-commissione-europea-lo-confermano\/\" \/>\n<meta property=\"og:locale\" content=\"it_IT\" \/>\n<meta property=\"og:type\" content=\"article\" \/>\n<meta property=\"og:title\" content=\"IL CETA E\u2019 UN BUON ACCORDO: I DATI DELLA COMMISSIONE EUROPEA LO CONFERMANO - Confagricoltura Piacenza\" \/>\n<meta property=\"og:description\" content=\"Casagrande: export dei formaggi in calo in Usa nel primo semestre per paura dei dazi ma ora in ripresa &nbsp; Continuano a salire le esportazioni di prodotti agroalimentari della Ue sul mercato canadese, grazie all\u2019accordo economico e commerciale bilaterale entrato in vigore, in via provvisoria, nel settembre 2017. Sulla base dei dati diffusi il 19\" \/>\n<meta property=\"og:url\" content=\"https:\/\/www.confagricoltura.org\/piacenza\/il-ceta-e-un-buon-accordo-i-dati-della-commissione-europea-lo-confermano\/\" \/>\n<meta property=\"og:site_name\" content=\"Confagricoltura Piacenza\" \/>\n<meta property=\"article:published_time\" content=\"2019-09-23T09:51:36+00:00\" \/>\n<meta property=\"article:modified_time\" content=\"2021-03-11T12:14:10+00:00\" \/>\n<meta property=\"og:image\" content=\"http:\/\/www.confagricoltura.org\/piacenza\/wp-content\/uploads\/sites\/3\/2019\/01\/Marco-Casagrande-5.jpg\" \/>\n<meta name=\"author\" content=\"confagricolturapiacenza\" \/>\n<meta name=\"twitter:card\" content=\"summary_large_image\" \/>\n<meta name=\"twitter:label1\" content=\"Scritto da\" \/>\n\t<meta name=\"twitter:data1\" content=\"confagricolturapiacenza\" \/>\n\t<meta name=\"twitter:label2\" content=\"Tempo di lettura stimato\" \/>\n\t<meta name=\"twitter:data2\" content=\"3 minuti\" \/>\n<script type=\"application\/ld+json\" class=\"yoast-schema-graph\">{\"@context\":\"https:\/\/schema.org\",\"@graph\":[{\"@type\":\"Article\",\"@id\":\"https:\/\/www.confagricoltura.org\/piacenza\/il-ceta-e-un-buon-accordo-i-dati-della-commissione-europea-lo-confermano\/#article\",\"isPartOf\":{\"@id\":\"https:\/\/www.confagricoltura.org\/piacenza\/il-ceta-e-un-buon-accordo-i-dati-della-commissione-europea-lo-confermano\/\"},\"author\":{\"name\":\"confagricolturapiacenza\",\"@id\":\"https:\/\/www.confagricoltura.org\/piacenza\/#\/schema\/person\/be5da25a3117fea4b3bfec9dba09b5e8\"},\"headline\":\"IL CETA E\u2019 UN BUON ACCORDO: I DATI DELLA COMMISSIONE EUROPEA LO CONFERMANO\",\"datePublished\":\"2019-09-23T09:51:36+00:00\",\"dateModified\":\"2021-03-11T12:14:10+00:00\",\"mainEntityOfPage\":{\"@id\":\"https:\/\/www.confagricoltura.org\/piacenza\/il-ceta-e-un-buon-accordo-i-dati-della-commissione-europea-lo-confermano\/\"},\"wordCount\":546,\"commentCount\":0,\"image\":{\"@id\":\"https:\/\/www.confagricoltura.org\/piacenza\/il-ceta-e-un-buon-accordo-i-dati-della-commissione-europea-lo-confermano\/#primaryimage\"},\"thumbnailUrl\":\"http:\/\/www.confagricoltura.org\/piacenza\/wp-content\/uploads\/sites\/3\/2019\/01\/Marco-Casagrande-5.jpg\",\"keywords\":[\"ACCORDO CETA\"],\"articleSection\":[\"Archivio\"],\"inLanguage\":\"it-IT\"},{\"@type\":\"WebPage\",\"@id\":\"https:\/\/www.confagricoltura.org\/piacenza\/il-ceta-e-un-buon-accordo-i-dati-della-commissione-europea-lo-confermano\/\",\"url\":\"https:\/\/www.confagricoltura.org\/piacenza\/il-ceta-e-un-buon-accordo-i-dati-della-commissione-europea-lo-confermano\/\",\"name\":\"IL CETA E\u2019 UN BUON ACCORDO: I DATI DELLA COMMISSIONE EUROPEA LO CONFERMANO - Confagricoltura Piacenza\",\"isPartOf\":{\"@id\":\"https:\/\/www.confagricoltura.org\/piacenza\/#website\"},\"primaryImageOfPage\":{\"@id\":\"https:\/\/www.confagricoltura.org\/piacenza\/il-ceta-e-un-buon-accordo-i-dati-della-commissione-europea-lo-confermano\/#primaryimage\"},\"image\":{\"@id\":\"https:\/\/www.confagricoltura.org\/piacenza\/il-ceta-e-un-buon-accordo-i-dati-della-commissione-europea-lo-confermano\/#primaryimage\"},\"thumbnailUrl\":\"http:\/\/www.confagricoltura.org\/piacenza\/wp-content\/uploads\/sites\/3\/2019\/01\/Marco-Casagrande-5.jpg\",\"datePublished\":\"2019-09-23T09:51:36+00:00\",\"dateModified\":\"2021-03-11T12:14:10+00:00\",\"author\":{\"@id\":\"https:\/\/www.confagricoltura.org\/piacenza\/#\/schema\/person\/be5da25a3117fea4b3bfec9dba09b5e8\"},\"breadcrumb\":{\"@id\":\"https:\/\/www.confagricoltura.org\/piacenza\/il-ceta-e-un-buon-accordo-i-dati-della-commissione-europea-lo-confermano\/#breadcrumb\"},\"inLanguage\":\"it-IT\",\"potentialAction\":[{\"@type\":\"ReadAction\",\"target\":[\"https:\/\/www.confagricoltura.org\/piacenza\/il-ceta-e-un-buon-accordo-i-dati-della-commissione-europea-lo-confermano\/\"]}]},{\"@type\":\"ImageObject\",\"inLanguage\":\"it-IT\",\"@id\":\"https:\/\/www.confagricoltura.org\/piacenza\/il-ceta-e-un-buon-accordo-i-dati-della-commissione-europea-lo-confermano\/#primaryimage\",\"url\":\"http:\/\/www.confagricoltura.org\/piacenza\/wp-content\/uploads\/sites\/3\/2019\/01\/Marco-Casagrande-5.jpg\",\"contentUrl\":\"http:\/\/www.confagricoltura.org\/piacenza\/wp-content\/uploads\/sites\/3\/2019\/01\/Marco-Casagrande-5.jpg\"},{\"@type\":\"BreadcrumbList\",\"@id\":\"https:\/\/www.confagricoltura.org\/piacenza\/il-ceta-e-un-buon-accordo-i-dati-della-commissione-europea-lo-confermano\/#breadcrumb\",\"itemListElement\":[{\"@type\":\"ListItem\",\"position\":1,\"name\":\"Home\",\"item\":\"https:\/\/www.confagricoltura.org\/piacenza\/\"},{\"@type\":\"ListItem\",\"position\":2,\"name\":\"IL CETA E\u2019 UN BUON ACCORDO: I DATI DELLA COMMISSIONE EUROPEA LO CONFERMANO\"}]},{\"@type\":\"WebSite\",\"@id\":\"https:\/\/www.confagricoltura.org\/piacenza\/#website\",\"url\":\"https:\/\/www.confagricoltura.org\/piacenza\/\",\"name\":\"Confagricoltura Piacenza\",\"description\":\"Dalla parte degli Agricoltori\",\"potentialAction\":[{\"@type\":\"SearchAction\",\"target\":{\"@type\":\"EntryPoint\",\"urlTemplate\":\"https:\/\/www.confagricoltura.org\/piacenza\/?s={search_term_string}\"},\"query-input\":{\"@type\":\"PropertyValueSpecification\",\"valueRequired\":true,\"valueName\":\"search_term_string\"}}],\"inLanguage\":\"it-IT\"},{\"@type\":\"Person\",\"@id\":\"https:\/\/www.confagricoltura.org\/piacenza\/#\/schema\/person\/be5da25a3117fea4b3bfec9dba09b5e8\",\"name\":\"confagricolturapiacenza\",\"image\":{\"@type\":\"ImageObject\",\"inLanguage\":\"it-IT\",\"@id\":\"https:\/\/www.confagricoltura.org\/piacenza\/#\/schema\/person\/image\/\",\"url\":\"https:\/\/secure.gravatar.com\/avatar\/9c5f111e417171581853bd0a3ff892ca?s=96&d=mm&r=g\",\"contentUrl\":\"https:\/\/secure.gravatar.com\/avatar\/9c5f111e417171581853bd0a3ff892ca?s=96&d=mm&r=g\",\"caption\":\"confagricolturapiacenza\"},\"url\":\"https:\/\/www.confagricoltura.org\/piacenza\/author\/confagricolturapiacenza\/\"}]}<\/script>\n<!-- \/ Yoast SEO plugin. -->","yoast_head_json":{"title":"IL CETA E\u2019 UN BUON ACCORDO: I DATI DELLA COMMISSIONE EUROPEA LO CONFERMANO - Confagricoltura Piacenza","robots":{"index":"index","follow":"follow","max-snippet":"max-snippet:-1","max-image-preview":"max-image-preview:large","max-video-preview":"max-video-preview:-1"},"canonical":"https:\/\/www.confagricoltura.org\/piacenza\/il-ceta-e-un-buon-accordo-i-dati-della-commissione-europea-lo-confermano\/","og_locale":"it_IT","og_type":"article","og_title":"IL CETA E\u2019 UN BUON ACCORDO: I DATI DELLA COMMISSIONE EUROPEA LO CONFERMANO - Confagricoltura Piacenza","og_description":"Casagrande: export dei formaggi in calo in Usa nel primo semestre per paura dei dazi ma ora in ripresa &nbsp; Continuano a salire le esportazioni di prodotti agroalimentari della Ue sul mercato canadese, grazie all\u2019accordo economico e commerciale bilaterale entrato in vigore, in via provvisoria, nel settembre 2017. Sulla base dei dati diffusi il 19","og_url":"https:\/\/www.confagricoltura.org\/piacenza\/il-ceta-e-un-buon-accordo-i-dati-della-commissione-europea-lo-confermano\/","og_site_name":"Confagricoltura Piacenza","article_published_time":"2019-09-23T09:51:36+00:00","article_modified_time":"2021-03-11T12:14:10+00:00","og_image":[{"url":"http:\/\/www.confagricoltura.org\/piacenza\/wp-content\/uploads\/sites\/3\/2019\/01\/Marco-Casagrande-5.jpg","type":"","width":"","height":""}],"author":"confagricolturapiacenza","twitter_card":"summary_large_image","twitter_misc":{"Scritto da":"confagricolturapiacenza","Tempo di lettura stimato":"3 minuti"},"schema":{"@context":"https:\/\/schema.org","@graph":[{"@type":"Article","@id":"https:\/\/www.confagricoltura.org\/piacenza\/il-ceta-e-un-buon-accordo-i-dati-della-commissione-europea-lo-confermano\/#article","isPartOf":{"@id":"https:\/\/www.confagricoltura.org\/piacenza\/il-ceta-e-un-buon-accordo-i-dati-della-commissione-europea-lo-confermano\/"},"author":{"name":"confagricolturapiacenza","@id":"https:\/\/www.confagricoltura.org\/piacenza\/#\/schema\/person\/be5da25a3117fea4b3bfec9dba09b5e8"},"headline":"IL CETA E\u2019 UN BUON ACCORDO: I DATI DELLA COMMISSIONE EUROPEA LO CONFERMANO","datePublished":"2019-09-23T09:51:36+00:00","dateModified":"2021-03-11T12:14:10+00:00","mainEntityOfPage":{"@id":"https:\/\/www.confagricoltura.org\/piacenza\/il-ceta-e-un-buon-accordo-i-dati-della-commissione-europea-lo-confermano\/"},"wordCount":546,"commentCount":0,"image":{"@id":"https:\/\/www.confagricoltura.org\/piacenza\/il-ceta-e-un-buon-accordo-i-dati-della-commissione-europea-lo-confermano\/#primaryimage"},"thumbnailUrl":"http:\/\/www.confagricoltura.org\/piacenza\/wp-content\/uploads\/sites\/3\/2019\/01\/Marco-Casagrande-5.jpg","keywords":["ACCORDO CETA"],"articleSection":["Archivio"],"inLanguage":"it-IT"},{"@type":"WebPage","@id":"https:\/\/www.confagricoltura.org\/piacenza\/il-ceta-e-un-buon-accordo-i-dati-della-commissione-europea-lo-confermano\/","url":"https:\/\/www.confagricoltura.org\/piacenza\/il-ceta-e-un-buon-accordo-i-dati-della-commissione-europea-lo-confermano\/","name":"IL CETA E\u2019 UN BUON ACCORDO: I DATI DELLA COMMISSIONE EUROPEA LO CONFERMANO - Confagricoltura Piacenza","isPartOf":{"@id":"https:\/\/www.confagricoltura.org\/piacenza\/#website"},"primaryImageOfPage":{"@id":"https:\/\/www.confagricoltura.org\/piacenza\/il-ceta-e-un-buon-accordo-i-dati-della-commissione-europea-lo-confermano\/#primaryimage"},"image":{"@id":"https:\/\/www.confagricoltura.org\/piacenza\/il-ceta-e-un-buon-accordo-i-dati-della-commissione-europea-lo-confermano\/#primaryimage"},"thumbnailUrl":"http:\/\/www.confagricoltura.org\/piacenza\/wp-content\/uploads\/sites\/3\/2019\/01\/Marco-Casagrande-5.jpg","datePublished":"2019-09-23T09:51:36+00:00","dateModified":"2021-03-11T12:14:10+00:00","author":{"@id":"https:\/\/www.confagricoltura.org\/piacenza\/#\/schema\/person\/be5da25a3117fea4b3bfec9dba09b5e8"},"breadcrumb":{"@id":"https:\/\/www.confagricoltura.org\/piacenza\/il-ceta-e-un-buon-accordo-i-dati-della-commissione-europea-lo-confermano\/#breadcrumb"},"inLanguage":"it-IT","potentialAction":[{"@type":"ReadAction","target":["https:\/\/www.confagricoltura.org\/piacenza\/il-ceta-e-un-buon-accordo-i-dati-della-commissione-europea-lo-confermano\/"]}]},{"@type":"ImageObject","inLanguage":"it-IT","@id":"https:\/\/www.confagricoltura.org\/piacenza\/il-ceta-e-un-buon-accordo-i-dati-della-commissione-europea-lo-confermano\/#primaryimage","url":"http:\/\/www.confagricoltura.org\/piacenza\/wp-content\/uploads\/sites\/3\/2019\/01\/Marco-Casagrande-5.jpg","contentUrl":"http:\/\/www.confagricoltura.org\/piacenza\/wp-content\/uploads\/sites\/3\/2019\/01\/Marco-Casagrande-5.jpg"},{"@type":"BreadcrumbList","@id":"https:\/\/www.confagricoltura.org\/piacenza\/il-ceta-e-un-buon-accordo-i-dati-della-commissione-europea-lo-confermano\/#breadcrumb","itemListElement":[{"@type":"ListItem","position":1,"name":"Home","item":"https:\/\/www.confagricoltura.org\/piacenza\/"},{"@type":"ListItem","position":2,"name":"IL CETA E\u2019 UN BUON ACCORDO: I DATI DELLA COMMISSIONE EUROPEA LO CONFERMANO"}]},{"@type":"WebSite","@id":"https:\/\/www.confagricoltura.org\/piacenza\/#website","url":"https:\/\/www.confagricoltura.org\/piacenza\/","name":"Confagricoltura Piacenza","description":"Dalla parte degli Agricoltori","potentialAction":[{"@type":"SearchAction","target":{"@type":"EntryPoint","urlTemplate":"https:\/\/www.confagricoltura.org\/piacenza\/?s={search_term_string}"},"query-input":{"@type":"PropertyValueSpecification","valueRequired":true,"valueName":"search_term_string"}}],"inLanguage":"it-IT"},{"@type":"Person","@id":"https:\/\/www.confagricoltura.org\/piacenza\/#\/schema\/person\/be5da25a3117fea4b3bfec9dba09b5e8","name":"confagricolturapiacenza","image":{"@type":"ImageObject","inLanguage":"it-IT","@id":"https:\/\/www.confagricoltura.org\/piacenza\/#\/schema\/person\/image\/","url":"https:\/\/secure.gravatar.com\/avatar\/9c5f111e417171581853bd0a3ff892ca?s=96&d=mm&r=g","contentUrl":"https:\/\/secure.gravatar.com\/avatar\/9c5f111e417171581853bd0a3ff892ca?s=96&d=mm&r=g","caption":"confagricolturapiacenza"},"url":"https:\/\/www.confagricoltura.org\/piacenza\/author\/confagricolturapiacenza\/"}]}},"_links":{"self":[{"href":"https:\/\/www.confagricoltura.org\/piacenza\/wp-json\/wp\/v2\/posts\/1870","targetHints":{"allow":["GET"]}}],"collection":[{"href":"https:\/\/www.confagricoltura.org\/piacenza\/wp-json\/wp\/v2\/posts"}],"about":[{"href":"https:\/\/www.confagricoltura.org\/piacenza\/wp-json\/wp\/v2\/types\/post"}],"author":[{"embeddable":true,"href":"https:\/\/www.confagricoltura.org\/piacenza\/wp-json\/wp\/v2\/users\/6"}],"replies":[{"embeddable":true,"href":"https:\/\/www.confagricoltura.org\/piacenza\/wp-json\/wp\/v2\/comments?post=1870"}],"version-history":[{"count":1,"href":"https:\/\/www.confagricoltura.org\/piacenza\/wp-json\/wp\/v2\/posts\/1870\/revisions"}],"predecessor-version":[{"id":2675,"href":"https:\/\/www.confagricoltura.org\/piacenza\/wp-json\/wp\/v2\/posts\/1870\/revisions\/2675"}],"wp:attachment":[{"href":"https:\/\/www.confagricoltura.org\/piacenza\/wp-json\/wp\/v2\/media?parent=1870"}],"wp:term":[{"taxonomy":"category","embeddable":true,"href":"https:\/\/www.confagricoltura.org\/piacenza\/wp-json\/wp\/v2\/categories?post=1870"},{"taxonomy":"post_tag","embeddable":true,"href":"https:\/\/www.confagricoltura.org\/piacenza\/wp-json\/wp\/v2\/tags?post=1870"}],"curies":[{"name":"wp","href":"https:\/\/api.w.org\/{rel}","templated":true}]}}