{"id":1866,"date":"2019-09-20T09:55:47","date_gmt":"2019-09-20T07:55:47","guid":{"rendered":"http:\/\/www.confagricoltura.org\/piacenza\/?p=1866"},"modified":"2021-03-11T13:14:10","modified_gmt":"2021-03-11T12:14:10","slug":"coltivazione-del-grano-duro-fondamentale-la-scelta","status":"publish","type":"post","link":"https:\/\/www.confagricoltura.org\/piacenza\/coltivazione-del-grano-duro-fondamentale-la-scelta\/","title":{"rendered":"COLTIVAZIONE DEL GRANO DURO: FONDAMENTALE LA SCELTA"},"content":{"rendered":"<h3><em>Incontro tecnico di Confagricoltura con Luigi Cattivelli direttore del Crea <\/em><\/h3>\n<p>&nbsp;<\/p>\n<p>La Sezione di Prodotto Colture Industriali di Confagricoltura Piacenza ha organizzato un incontro tecnico dedicato al grano duro per approfondire, con particolare attenzione all\u2019agrotecnica, prospettive e criticit\u00e0 di questa coltura divenuta importante per l\u2019agricoltura piacentina, ma che negli ultimi anni ha presentato diversi problemi, con risultati economici e produttivi al di sotto delle aspettative degli agricoltori. Luigi Cattivelli, Direttore del CREA Centro Ricerche in Agricoltura di Fiorenzuola d\u2019Arda, ricercatore e noto esperto della materia \u00e8 intervenuto dialogando a tu per tu con i produttori. \u201cCon un maggio freddo e umido come quest\u2019anno \u2013 ha spiegato Ercole Parizzi, presidente della Sezione di Prodotto Colture Industriali di Confagricoltura Piacenza \u2013 abbiamo avuto notevoli problemi di volpatura. E\u2019 un grosso deficit tecnologico perch\u00e9 il grano duro volpato non \u00e8 adatto alla filiera della pasta. Si tratta di capire come fare per prevenire\u201d.<\/p>\n<p>\u201cPurtroppo questa primavera ha registrato le condizioni ottimali per uno sviluppo della volpatura \u2013 ha spiegato Cattivelli -. Il grano duro \u00e8 esposto a questo rischio, perch\u00e9 la nostra \u00e8 una zona al limite dell\u2019areale di produzione. Per coltivare grano duro sui nostri campi \u00e8 fondamentale una corretta scelta evitando variet\u00e0 anche solo moderatamente sensibili. Molto utili sono i sistemi di supporto alle decisioni per intervenire con i pochi trattamenti che servono nel momento opportuno\u201d.<\/p>\n<p>\u201cA tal proposito pu\u00f2 essere molto utile anche la consultazione dei bollettini pubblicati dal Consorzio Fitosanitario\u201d \u2013 ha aggiunto Giovanni Marchesi, vicedirettore di Confagricoltura Piacenza e responsabile dei servizi tecnici.<\/p>\n<p>\u201cColtivare orzo \u00e8 pi\u00f9 semplice \u2013 ha sottolineato Stefano Repetti componente di Giunta esecutiva \u2013 teme il ristagno idrico, ma a parte quello non si fatica a produrlo, la contropartita \u00e8 il prezzo basso\u201d.<\/p>\n<p>In termini di prezzi, secondo Luigi Cattivelli, l\u2019unico strumento oggi a disposizione per contrastarne la volatilit\u00e0 sono i contratti di coltivazione e il fondo per la coltivazione del grano duro, di cui attualmente si sta discutendo la proroga.<\/p>\n<p>\u201cUna misura, quest\u2019ultima, il cui beneficio sar\u00e0 misurabile quando assegneranno concretamente i premi di cui per ora non si ha riscontro\u201d \u2013 ha sottolineato Marchesi.<\/p>\n<p>L\u2019incontro ha cos\u00ec lasciato spazio per affrontare diverse problematiche tecniche e commerciali relative alla coltivazione dei seminativi mappando per ciascuno criticit\u00e0 e opportunit\u00e0. Quanto a micotossine e fusariosi, problemi per la nostra agricoltura tutto sommato gestibili, ma ben pi\u00f9 gravi per quella canadese, Cattivelli ha spiegato come si stiano sviluppando variet\u00e0 tolleranti, anche se saranno disponibili prima quelle di grano tenero, occorrer\u00e0 invece un po\u2019 pi\u00f9 tempo per quelle di grano duro pi\u00f9 difficili da ottenere.<\/p>\n<p>\u201cE\u2019 raccomandabile, sia per il grano duro che per il tenero, un trattamento in piena fioritura per proteggere dalle furiosi e in generale, dalle malattie fogliari \u2013 ha spiegato Cattivelli -. Quanto alle ruggini ci sono variet\u00e0 resistenti alla ruggine bruna, che impatta relativamente sulla produzione, mentre la ruggine gialla, vista nelle nostre zone per la vima volta nel 2003, \u00e8 disastrosa. Il consiglio \u00e8 quello, ancora una volta, di porre molta attenzione nelle scelte varietali studiando i risultati delle prove sperimentali pubblicate nell\u2019arco di 5- 6 anni. Bisogna cercare le piante ad ampio adattamento. Come la variet\u00e0 Planet: oggi la pi\u00f9 seminata dalla Finlandia alla Sicilia\u201d.<\/p>\n<p>Quanto alle concimazioni, lo studioso ha suggerito due concimazioni azotate sottolineando come \u201cmolte variet\u00e0 abbiano hanno esigenze azotate leggermente diverse. Anche per questo sono utili i sistemi di supporto alle decisioni\u201d.<\/p>\n<p>Un passaggio, infine, su una variabile divenuta rilevante negli ultimi anni: il contenuto di proteine. La filiera della pasta lo considera un asset importante, va detto che la selezione \u00e8 notevolmente progredita, tanto \u00e8 vero che i grani antichi spesso sono al limite dell\u2019accettabilit\u00e0 per contenuto di proteine. Anche in questo frangente dunque l\u2019importanza della scelta a cui pu\u00f2 essere di supporto la concimazione fogliare, che non genera un aumento della produzione, ma tecnicamente vale mezzo punto di proteine in pi\u00f9.<\/p>\n<p><img loading=\"lazy\" decoding=\"async\" class=\"alignnone  wp-image-1867 img-responsive\" src=\"http:\/\/www.confagricoltura.org\/piacenza\/wp-content\/uploads\/sites\/3\/2019\/09\/Luigi-Cattivelli.jpg\" alt=\"\" width=\"622\" height=\"622\" \/><\/p>\n<p>Luigi Cattivelli\u00a0 &#8211; direttore del CREA<\/p>\n<p>&nbsp;<\/p>\n<p><img loading=\"lazy\" decoding=\"async\" class=\"alignnone size-full wp-image-1868 img-responsive\" src=\"http:\/\/www.confagricoltura.org\/piacenza\/wp-content\/uploads\/sites\/3\/2019\/09\/Gruppo-incontro.jpg\" alt=\"\" width=\"960\" height=\"720\" \/><\/p>\n<p>&#8211; Relatore e produttori protagonisti della serata.<\/p>\n","protected":false},"excerpt":{"rendered":"<p>Incontro tecnico di Confagricoltura con Luigi Cattivelli direttore del Crea &nbsp; La Sezione di Prodotto Colture Industriali di Confagricoltura Piacenza ha organizzato un incontro tecnico dedicato al grano duro per approfondire, con particolare attenzione all\u2019agrotecnica, prospettive e criticit\u00e0 di questa coltura divenuta importante per l\u2019agricoltura piacentina, ma che negli ultimi anni ha presentato diversi problemi,<\/p>\n","protected":false},"author":6,"featured_media":0,"comment_status":"open","ping_status":"open","sticky":false,"template":"","format":"standard","meta":{"wp_mapbox_gl_js_media":[],"footnotes":""},"categories":[335],"tags":[241,240],"class_list":["post-1866","post","type-post","status-publish","format-standard","hentry","category-archivio","tag-cattivelli","tag-grano-duro"],"yoast_head":"<!-- This site is optimized with the Yoast SEO plugin v26.8 - https:\/\/yoast.com\/product\/yoast-seo-wordpress\/ -->\n<title>COLTIVAZIONE DEL GRANO DURO: FONDAMENTALE LA SCELTA - Confagricoltura Piacenza<\/title>\n<meta name=\"robots\" content=\"index, follow, max-snippet:-1, max-image-preview:large, max-video-preview:-1\" \/>\n<link rel=\"canonical\" href=\"https:\/\/www.confagricoltura.org\/piacenza\/coltivazione-del-grano-duro-fondamentale-la-scelta\/\" \/>\n<meta property=\"og:locale\" content=\"it_IT\" \/>\n<meta property=\"og:type\" content=\"article\" \/>\n<meta property=\"og:title\" content=\"COLTIVAZIONE DEL GRANO DURO: FONDAMENTALE LA SCELTA - Confagricoltura Piacenza\" \/>\n<meta property=\"og:description\" content=\"Incontro tecnico di Confagricoltura con Luigi Cattivelli direttore del Crea &nbsp; La Sezione di Prodotto Colture Industriali di Confagricoltura Piacenza ha organizzato un incontro tecnico dedicato al grano duro per approfondire, con particolare attenzione all\u2019agrotecnica, prospettive e criticit\u00e0 di questa coltura divenuta importante per l\u2019agricoltura piacentina, ma che negli ultimi anni ha presentato diversi problemi,\" \/>\n<meta property=\"og:url\" content=\"https:\/\/www.confagricoltura.org\/piacenza\/coltivazione-del-grano-duro-fondamentale-la-scelta\/\" \/>\n<meta property=\"og:site_name\" content=\"Confagricoltura Piacenza\" \/>\n<meta property=\"article:published_time\" content=\"2019-09-20T07:55:47+00:00\" \/>\n<meta property=\"article:modified_time\" content=\"2021-03-11T12:14:10+00:00\" \/>\n<meta property=\"og:image\" content=\"http:\/\/www.confagricoltura.org\/piacenza\/wp-content\/uploads\/sites\/3\/2019\/09\/Luigi-Cattivelli.jpg\" \/>\n<meta name=\"author\" content=\"confagricolturapiacenza\" \/>\n<meta name=\"twitter:card\" content=\"summary_large_image\" \/>\n<meta name=\"twitter:label1\" content=\"Scritto da\" \/>\n\t<meta name=\"twitter:data1\" content=\"confagricolturapiacenza\" \/>\n\t<meta name=\"twitter:label2\" content=\"Tempo di lettura stimato\" \/>\n\t<meta name=\"twitter:data2\" content=\"3 minuti\" \/>\n<script type=\"application\/ld+json\" class=\"yoast-schema-graph\">{\"@context\":\"https:\/\/schema.org\",\"@graph\":[{\"@type\":\"Article\",\"@id\":\"https:\/\/www.confagricoltura.org\/piacenza\/coltivazione-del-grano-duro-fondamentale-la-scelta\/#article\",\"isPartOf\":{\"@id\":\"https:\/\/www.confagricoltura.org\/piacenza\/coltivazione-del-grano-duro-fondamentale-la-scelta\/\"},\"author\":{\"name\":\"confagricolturapiacenza\",\"@id\":\"https:\/\/www.confagricoltura.org\/piacenza\/#\/schema\/person\/be5da25a3117fea4b3bfec9dba09b5e8\"},\"headline\":\"COLTIVAZIONE DEL GRANO DURO: FONDAMENTALE LA SCELTA\",\"datePublished\":\"2019-09-20T07:55:47+00:00\",\"dateModified\":\"2021-03-11T12:14:10+00:00\",\"mainEntityOfPage\":{\"@id\":\"https:\/\/www.confagricoltura.org\/piacenza\/coltivazione-del-grano-duro-fondamentale-la-scelta\/\"},\"wordCount\":658,\"commentCount\":0,\"image\":{\"@id\":\"https:\/\/www.confagricoltura.org\/piacenza\/coltivazione-del-grano-duro-fondamentale-la-scelta\/#primaryimage\"},\"thumbnailUrl\":\"http:\/\/www.confagricoltura.org\/piacenza\/wp-content\/uploads\/sites\/3\/2019\/09\/Luigi-Cattivelli.jpg\",\"keywords\":[\"CATTIVELLI\",\"GRANO DURO\"],\"articleSection\":[\"Archivio\"],\"inLanguage\":\"it-IT\"},{\"@type\":\"WebPage\",\"@id\":\"https:\/\/www.confagricoltura.org\/piacenza\/coltivazione-del-grano-duro-fondamentale-la-scelta\/\",\"url\":\"https:\/\/www.confagricoltura.org\/piacenza\/coltivazione-del-grano-duro-fondamentale-la-scelta\/\",\"name\":\"COLTIVAZIONE DEL GRANO DURO: FONDAMENTALE LA SCELTA - Confagricoltura Piacenza\",\"isPartOf\":{\"@id\":\"https:\/\/www.confagricoltura.org\/piacenza\/#website\"},\"primaryImageOfPage\":{\"@id\":\"https:\/\/www.confagricoltura.org\/piacenza\/coltivazione-del-grano-duro-fondamentale-la-scelta\/#primaryimage\"},\"image\":{\"@id\":\"https:\/\/www.confagricoltura.org\/piacenza\/coltivazione-del-grano-duro-fondamentale-la-scelta\/#primaryimage\"},\"thumbnailUrl\":\"http:\/\/www.confagricoltura.org\/piacenza\/wp-content\/uploads\/sites\/3\/2019\/09\/Luigi-Cattivelli.jpg\",\"datePublished\":\"2019-09-20T07:55:47+00:00\",\"dateModified\":\"2021-03-11T12:14:10+00:00\",\"author\":{\"@id\":\"https:\/\/www.confagricoltura.org\/piacenza\/#\/schema\/person\/be5da25a3117fea4b3bfec9dba09b5e8\"},\"breadcrumb\":{\"@id\":\"https:\/\/www.confagricoltura.org\/piacenza\/coltivazione-del-grano-duro-fondamentale-la-scelta\/#breadcrumb\"},\"inLanguage\":\"it-IT\",\"potentialAction\":[{\"@type\":\"ReadAction\",\"target\":[\"https:\/\/www.confagricoltura.org\/piacenza\/coltivazione-del-grano-duro-fondamentale-la-scelta\/\"]}]},{\"@type\":\"ImageObject\",\"inLanguage\":\"it-IT\",\"@id\":\"https:\/\/www.confagricoltura.org\/piacenza\/coltivazione-del-grano-duro-fondamentale-la-scelta\/#primaryimage\",\"url\":\"http:\/\/www.confagricoltura.org\/piacenza\/wp-content\/uploads\/sites\/3\/2019\/09\/Luigi-Cattivelli.jpg\",\"contentUrl\":\"http:\/\/www.confagricoltura.org\/piacenza\/wp-content\/uploads\/sites\/3\/2019\/09\/Luigi-Cattivelli.jpg\"},{\"@type\":\"BreadcrumbList\",\"@id\":\"https:\/\/www.confagricoltura.org\/piacenza\/coltivazione-del-grano-duro-fondamentale-la-scelta\/#breadcrumb\",\"itemListElement\":[{\"@type\":\"ListItem\",\"position\":1,\"name\":\"Home\",\"item\":\"https:\/\/www.confagricoltura.org\/piacenza\/\"},{\"@type\":\"ListItem\",\"position\":2,\"name\":\"COLTIVAZIONE DEL GRANO DURO: FONDAMENTALE LA SCELTA\"}]},{\"@type\":\"WebSite\",\"@id\":\"https:\/\/www.confagricoltura.org\/piacenza\/#website\",\"url\":\"https:\/\/www.confagricoltura.org\/piacenza\/\",\"name\":\"Confagricoltura Piacenza\",\"description\":\"Dalla parte degli Agricoltori\",\"potentialAction\":[{\"@type\":\"SearchAction\",\"target\":{\"@type\":\"EntryPoint\",\"urlTemplate\":\"https:\/\/www.confagricoltura.org\/piacenza\/?s={search_term_string}\"},\"query-input\":{\"@type\":\"PropertyValueSpecification\",\"valueRequired\":true,\"valueName\":\"search_term_string\"}}],\"inLanguage\":\"it-IT\"},{\"@type\":\"Person\",\"@id\":\"https:\/\/www.confagricoltura.org\/piacenza\/#\/schema\/person\/be5da25a3117fea4b3bfec9dba09b5e8\",\"name\":\"confagricolturapiacenza\",\"image\":{\"@type\":\"ImageObject\",\"inLanguage\":\"it-IT\",\"@id\":\"https:\/\/www.confagricoltura.org\/piacenza\/#\/schema\/person\/image\/\",\"url\":\"https:\/\/secure.gravatar.com\/avatar\/9c5f111e417171581853bd0a3ff892ca?s=96&d=mm&r=g\",\"contentUrl\":\"https:\/\/secure.gravatar.com\/avatar\/9c5f111e417171581853bd0a3ff892ca?s=96&d=mm&r=g\",\"caption\":\"confagricolturapiacenza\"},\"url\":\"https:\/\/www.confagricoltura.org\/piacenza\/author\/confagricolturapiacenza\/\"}]}<\/script>\n<!-- \/ Yoast SEO plugin. -->","yoast_head_json":{"title":"COLTIVAZIONE DEL GRANO DURO: FONDAMENTALE LA SCELTA - Confagricoltura Piacenza","robots":{"index":"index","follow":"follow","max-snippet":"max-snippet:-1","max-image-preview":"max-image-preview:large","max-video-preview":"max-video-preview:-1"},"canonical":"https:\/\/www.confagricoltura.org\/piacenza\/coltivazione-del-grano-duro-fondamentale-la-scelta\/","og_locale":"it_IT","og_type":"article","og_title":"COLTIVAZIONE DEL GRANO DURO: FONDAMENTALE LA SCELTA - Confagricoltura Piacenza","og_description":"Incontro tecnico di Confagricoltura con Luigi Cattivelli direttore del Crea &nbsp; La Sezione di Prodotto Colture Industriali di Confagricoltura Piacenza ha organizzato un incontro tecnico dedicato al grano duro per approfondire, con particolare attenzione all\u2019agrotecnica, prospettive e criticit\u00e0 di questa coltura divenuta importante per l\u2019agricoltura piacentina, ma che negli ultimi anni ha presentato diversi problemi,","og_url":"https:\/\/www.confagricoltura.org\/piacenza\/coltivazione-del-grano-duro-fondamentale-la-scelta\/","og_site_name":"Confagricoltura Piacenza","article_published_time":"2019-09-20T07:55:47+00:00","article_modified_time":"2021-03-11T12:14:10+00:00","og_image":[{"url":"http:\/\/www.confagricoltura.org\/piacenza\/wp-content\/uploads\/sites\/3\/2019\/09\/Luigi-Cattivelli.jpg","type":"","width":"","height":""}],"author":"confagricolturapiacenza","twitter_card":"summary_large_image","twitter_misc":{"Scritto da":"confagricolturapiacenza","Tempo di lettura stimato":"3 minuti"},"schema":{"@context":"https:\/\/schema.org","@graph":[{"@type":"Article","@id":"https:\/\/www.confagricoltura.org\/piacenza\/coltivazione-del-grano-duro-fondamentale-la-scelta\/#article","isPartOf":{"@id":"https:\/\/www.confagricoltura.org\/piacenza\/coltivazione-del-grano-duro-fondamentale-la-scelta\/"},"author":{"name":"confagricolturapiacenza","@id":"https:\/\/www.confagricoltura.org\/piacenza\/#\/schema\/person\/be5da25a3117fea4b3bfec9dba09b5e8"},"headline":"COLTIVAZIONE DEL GRANO DURO: FONDAMENTALE LA SCELTA","datePublished":"2019-09-20T07:55:47+00:00","dateModified":"2021-03-11T12:14:10+00:00","mainEntityOfPage":{"@id":"https:\/\/www.confagricoltura.org\/piacenza\/coltivazione-del-grano-duro-fondamentale-la-scelta\/"},"wordCount":658,"commentCount":0,"image":{"@id":"https:\/\/www.confagricoltura.org\/piacenza\/coltivazione-del-grano-duro-fondamentale-la-scelta\/#primaryimage"},"thumbnailUrl":"http:\/\/www.confagricoltura.org\/piacenza\/wp-content\/uploads\/sites\/3\/2019\/09\/Luigi-Cattivelli.jpg","keywords":["CATTIVELLI","GRANO DURO"],"articleSection":["Archivio"],"inLanguage":"it-IT"},{"@type":"WebPage","@id":"https:\/\/www.confagricoltura.org\/piacenza\/coltivazione-del-grano-duro-fondamentale-la-scelta\/","url":"https:\/\/www.confagricoltura.org\/piacenza\/coltivazione-del-grano-duro-fondamentale-la-scelta\/","name":"COLTIVAZIONE DEL GRANO DURO: FONDAMENTALE LA SCELTA - Confagricoltura Piacenza","isPartOf":{"@id":"https:\/\/www.confagricoltura.org\/piacenza\/#website"},"primaryImageOfPage":{"@id":"https:\/\/www.confagricoltura.org\/piacenza\/coltivazione-del-grano-duro-fondamentale-la-scelta\/#primaryimage"},"image":{"@id":"https:\/\/www.confagricoltura.org\/piacenza\/coltivazione-del-grano-duro-fondamentale-la-scelta\/#primaryimage"},"thumbnailUrl":"http:\/\/www.confagricoltura.org\/piacenza\/wp-content\/uploads\/sites\/3\/2019\/09\/Luigi-Cattivelli.jpg","datePublished":"2019-09-20T07:55:47+00:00","dateModified":"2021-03-11T12:14:10+00:00","author":{"@id":"https:\/\/www.confagricoltura.org\/piacenza\/#\/schema\/person\/be5da25a3117fea4b3bfec9dba09b5e8"},"breadcrumb":{"@id":"https:\/\/www.confagricoltura.org\/piacenza\/coltivazione-del-grano-duro-fondamentale-la-scelta\/#breadcrumb"},"inLanguage":"it-IT","potentialAction":[{"@type":"ReadAction","target":["https:\/\/www.confagricoltura.org\/piacenza\/coltivazione-del-grano-duro-fondamentale-la-scelta\/"]}]},{"@type":"ImageObject","inLanguage":"it-IT","@id":"https:\/\/www.confagricoltura.org\/piacenza\/coltivazione-del-grano-duro-fondamentale-la-scelta\/#primaryimage","url":"http:\/\/www.confagricoltura.org\/piacenza\/wp-content\/uploads\/sites\/3\/2019\/09\/Luigi-Cattivelli.jpg","contentUrl":"http:\/\/www.confagricoltura.org\/piacenza\/wp-content\/uploads\/sites\/3\/2019\/09\/Luigi-Cattivelli.jpg"},{"@type":"BreadcrumbList","@id":"https:\/\/www.confagricoltura.org\/piacenza\/coltivazione-del-grano-duro-fondamentale-la-scelta\/#breadcrumb","itemListElement":[{"@type":"ListItem","position":1,"name":"Home","item":"https:\/\/www.confagricoltura.org\/piacenza\/"},{"@type":"ListItem","position":2,"name":"COLTIVAZIONE DEL GRANO DURO: FONDAMENTALE LA SCELTA"}]},{"@type":"WebSite","@id":"https:\/\/www.confagricoltura.org\/piacenza\/#website","url":"https:\/\/www.confagricoltura.org\/piacenza\/","name":"Confagricoltura Piacenza","description":"Dalla parte degli Agricoltori","potentialAction":[{"@type":"SearchAction","target":{"@type":"EntryPoint","urlTemplate":"https:\/\/www.confagricoltura.org\/piacenza\/?s={search_term_string}"},"query-input":{"@type":"PropertyValueSpecification","valueRequired":true,"valueName":"search_term_string"}}],"inLanguage":"it-IT"},{"@type":"Person","@id":"https:\/\/www.confagricoltura.org\/piacenza\/#\/schema\/person\/be5da25a3117fea4b3bfec9dba09b5e8","name":"confagricolturapiacenza","image":{"@type":"ImageObject","inLanguage":"it-IT","@id":"https:\/\/www.confagricoltura.org\/piacenza\/#\/schema\/person\/image\/","url":"https:\/\/secure.gravatar.com\/avatar\/9c5f111e417171581853bd0a3ff892ca?s=96&d=mm&r=g","contentUrl":"https:\/\/secure.gravatar.com\/avatar\/9c5f111e417171581853bd0a3ff892ca?s=96&d=mm&r=g","caption":"confagricolturapiacenza"},"url":"https:\/\/www.confagricoltura.org\/piacenza\/author\/confagricolturapiacenza\/"}]}},"_links":{"self":[{"href":"https:\/\/www.confagricoltura.org\/piacenza\/wp-json\/wp\/v2\/posts\/1866","targetHints":{"allow":["GET"]}}],"collection":[{"href":"https:\/\/www.confagricoltura.org\/piacenza\/wp-json\/wp\/v2\/posts"}],"about":[{"href":"https:\/\/www.confagricoltura.org\/piacenza\/wp-json\/wp\/v2\/types\/post"}],"author":[{"embeddable":true,"href":"https:\/\/www.confagricoltura.org\/piacenza\/wp-json\/wp\/v2\/users\/6"}],"replies":[{"embeddable":true,"href":"https:\/\/www.confagricoltura.org\/piacenza\/wp-json\/wp\/v2\/comments?post=1866"}],"version-history":[{"count":1,"href":"https:\/\/www.confagricoltura.org\/piacenza\/wp-json\/wp\/v2\/posts\/1866\/revisions"}],"predecessor-version":[{"id":2676,"href":"https:\/\/www.confagricoltura.org\/piacenza\/wp-json\/wp\/v2\/posts\/1866\/revisions\/2676"}],"wp:attachment":[{"href":"https:\/\/www.confagricoltura.org\/piacenza\/wp-json\/wp\/v2\/media?parent=1866"}],"wp:term":[{"taxonomy":"category","embeddable":true,"href":"https:\/\/www.confagricoltura.org\/piacenza\/wp-json\/wp\/v2\/categories?post=1866"},{"taxonomy":"post_tag","embeddable":true,"href":"https:\/\/www.confagricoltura.org\/piacenza\/wp-json\/wp\/v2\/tags?post=1866"}],"curies":[{"name":"wp","href":"https:\/\/api.w.org\/{rel}","templated":true}]}}