{"id":1728,"date":"2019-05-30T10:13:28","date_gmt":"2019-05-30T08:13:28","guid":{"rendered":"http:\/\/www.confagricoltura.org\/piacenza\/?p=1728"},"modified":"2021-03-11T13:14:11","modified_gmt":"2021-03-11T12:14:11","slug":"pomodoro-da-industria-rallentamenti-nei-trapianti-e-danni","status":"publish","type":"post","link":"https:\/\/www.confagricoltura.org\/piacenza\/pomodoro-da-industria-rallentamenti-nei-trapianti-e-danni\/","title":{"rendered":"POMODORO DA INDUSTRIA: RALLENTAMENTI NEI TRAPIANTI E DANNI"},"content":{"rendered":"<h3><strong><em>Confagricoltura Piacenza: disastro nei campi<\/em> <\/strong><\/h3>\n<p>&nbsp;<\/p>\n<p>\u201cLe operazioni di trapianto sono notevolmente rallentate e le piantine da pomodoro da industria gi\u00e0 in campo mostrano segni di estrema sofferenza. La situazione \u00e8 talmente grave che pu\u00f2 compromettere le rese produttive\u201d \u2013 questo il commento di Giovanni Lambertini presidente della Sezione di Prodotto Pomodoro da Industria di Confagricoltura Piacenza e di Confagricoltura Emilia-Romagna a seguito delle insistenti piogge che hanno flagellato la provincia nelle scorse ore, soprattutto nella Val Tidone e nella Val d\u2019Arda. Le precipitazioni degli ultimi giorni si sono presentate in seguito a settimane caratterizzate da una piovosit\u00e0 intensa e grandinate che avevano, come denunciato da Confagricoltura, gi\u00e0 messo in ginocchio anche il comparto ortofrutticolo. \u201cPurtroppo i danni nei campi sono gravi\u201d \u2013 commenta l\u2019associazione degli agricoltori che ha ricevuto segnalazioni da chi coltiva pomodoro da industria e cereali e come mostrano le foto scattate a Mottaziana dell\u2019associato Rodolfo Milani. \u201cPer il pomodoro da industria \u00e8 ovviamente presto per i bilanci \u2013 spiega Lambertini \u2013 per\u00f2 rileviamo difficolt\u00e0 e danni tali da far modificare il calendario delle operazioni gi\u00e0 pianificate e ipotizzare interventi che aumenteranno i costi, avendo comunque la difficolt\u00e0 di poter eseguire detti interventi e con il rischio di effettuarli in ritardo\u201d. Male anche i cereali che mostrano segni di asfissia radicale nei terreni ormai troppo imbevuti.\u00a0 Questi dati vanno a completare un quadro a tinte fosche che, come aveva evidenziato la scorsa settimana Confagricoltura Piacenza, registra ingenti danni alle coltivazioni frutticole, nel piacentino concentrate soprattutto nella zona di Villanova sull\u2019Arda, San Pietro in Cerro e paesi vicini. Alcuni associati avevano inviato le foto dei raccolti distrutti. Ciliegie spaccate e invendibili come quelle dell\u2019azienda agricola Maffini David associato di Confagricoltura Piacenza, che ha i suoi frutteti proprio a Villanova sull\u2019Arda.\u00a0 Ciliegie e albicocche presentano danni da cracking per ll\u201980% delle variet\u00e0 e sul 75% della produzione totale. Cascole post allegagione hanno provocato perdite di oltre il 50% dei frutti allegati; questo fenomeno, si stima che sulle pere, in particolare, abbia ridotto la produttivit\u00e0 dell\u201980% rispetto agli anni precedenti.<\/p>\n<p><img loading=\"lazy\" decoding=\"async\" class=\"alignnone  wp-image-1729 img-responsive\" src=\"http:\/\/www.confagricoltura.org\/piacenza\/wp-content\/uploads\/sites\/3\/2019\/05\/ciliegie-danni.jpg\" alt=\"\" width=\"507\" height=\"676\" \/><\/p>\n<p>ciliegie danneggiate a Villanova (foto 21 maggio)<\/p>\n<p><img loading=\"lazy\" decoding=\"async\" class=\"alignnone  wp-image-1730 img-responsive\" src=\"http:\/\/www.confagricoltura.org\/piacenza\/wp-content\/uploads\/sites\/3\/2019\/05\/Campo-di-pomodori-a-Mottaziana-il-28-maggio-2.jpg\" alt=\"\" width=\"671\" height=\"503\" \/><\/p>\n<p><img loading=\"lazy\" decoding=\"async\" class=\"alignnone  wp-image-1731 img-responsive\" src=\"http:\/\/www.confagricoltura.org\/piacenza\/wp-content\/uploads\/sites\/3\/2019\/05\/Campo-di-pomodori-a-Mottaziana-il-28-maggio.jpg\" alt=\"\" width=\"668\" height=\"891\" \/><\/p>\n<p>campi di pomodoro da industria a Mottaziana (foto 28 maggio)<\/p>\n<p>&nbsp;<\/p>\n<p>&nbsp;<\/p>\n<p>&nbsp;<\/p>\n","protected":false},"excerpt":{"rendered":"<p>Confagricoltura Piacenza: disastro nei campi &nbsp; \u201cLe operazioni di trapianto sono notevolmente rallentate e le piantine da pomodoro da industria gi\u00e0 in campo mostrano segni di estrema sofferenza. La situazione \u00e8 talmente grave che pu\u00f2 compromettere le rese produttive\u201d \u2013 questo il commento di Giovanni Lambertini presidente della Sezione di Prodotto Pomodoro da Industria di<\/p>\n","protected":false},"author":6,"featured_media":0,"comment_status":"open","ping_status":"open","sticky":true,"template":"","format":"standard","meta":{"wp_mapbox_gl_js_media":[],"footnotes":""},"categories":[335],"tags":[211],"class_list":["post-1728","post","type-post","status-publish","format-standard","hentry","category-archivio","tag-danni-atmosferici"],"yoast_head":"<!-- This site is optimized with the Yoast SEO plugin v26.8 - https:\/\/yoast.com\/product\/yoast-seo-wordpress\/ -->\n<title>POMODORO DA INDUSTRIA: RALLENTAMENTI NEI TRAPIANTI E DANNI - Confagricoltura Piacenza<\/title>\n<meta name=\"robots\" content=\"index, follow, max-snippet:-1, max-image-preview:large, max-video-preview:-1\" \/>\n<link rel=\"canonical\" href=\"https:\/\/www.confagricoltura.org\/piacenza\/pomodoro-da-industria-rallentamenti-nei-trapianti-e-danni\/\" \/>\n<meta property=\"og:locale\" content=\"it_IT\" \/>\n<meta property=\"og:type\" content=\"article\" \/>\n<meta property=\"og:title\" content=\"POMODORO DA INDUSTRIA: RALLENTAMENTI NEI TRAPIANTI E DANNI - Confagricoltura Piacenza\" \/>\n<meta property=\"og:description\" content=\"Confagricoltura Piacenza: disastro nei campi &nbsp; \u201cLe operazioni di trapianto sono notevolmente rallentate e le piantine da pomodoro da industria gi\u00e0 in campo mostrano segni di estrema sofferenza. La situazione \u00e8 talmente grave che pu\u00f2 compromettere le rese produttive\u201d \u2013 questo il commento di Giovanni Lambertini presidente della Sezione di Prodotto Pomodoro da Industria di\" \/>\n<meta property=\"og:url\" content=\"https:\/\/www.confagricoltura.org\/piacenza\/pomodoro-da-industria-rallentamenti-nei-trapianti-e-danni\/\" \/>\n<meta property=\"og:site_name\" content=\"Confagricoltura Piacenza\" \/>\n<meta property=\"article:published_time\" content=\"2019-05-30T08:13:28+00:00\" \/>\n<meta property=\"article:modified_time\" content=\"2021-03-11T12:14:11+00:00\" \/>\n<meta property=\"og:image\" content=\"http:\/\/www.confagricoltura.org\/piacenza\/wp-content\/uploads\/sites\/3\/2019\/05\/ciliegie-danni.jpg\" \/>\n<meta name=\"author\" content=\"confagricolturapiacenza\" \/>\n<meta name=\"twitter:card\" content=\"summary_large_image\" \/>\n<meta name=\"twitter:label1\" content=\"Scritto da\" \/>\n\t<meta name=\"twitter:data1\" content=\"confagricolturapiacenza\" \/>\n\t<meta name=\"twitter:label2\" content=\"Tempo di lettura stimato\" \/>\n\t<meta name=\"twitter:data2\" content=\"2 minuti\" \/>\n<script type=\"application\/ld+json\" class=\"yoast-schema-graph\">{\"@context\":\"https:\/\/schema.org\",\"@graph\":[{\"@type\":\"Article\",\"@id\":\"https:\/\/www.confagricoltura.org\/piacenza\/pomodoro-da-industria-rallentamenti-nei-trapianti-e-danni\/#article\",\"isPartOf\":{\"@id\":\"https:\/\/www.confagricoltura.org\/piacenza\/pomodoro-da-industria-rallentamenti-nei-trapianti-e-danni\/\"},\"author\":{\"name\":\"confagricolturapiacenza\",\"@id\":\"https:\/\/www.confagricoltura.org\/piacenza\/#\/schema\/person\/be5da25a3117fea4b3bfec9dba09b5e8\"},\"headline\":\"POMODORO DA INDUSTRIA: RALLENTAMENTI NEI TRAPIANTI E DANNI\",\"datePublished\":\"2019-05-30T08:13:28+00:00\",\"dateModified\":\"2021-03-11T12:14:11+00:00\",\"mainEntityOfPage\":{\"@id\":\"https:\/\/www.confagricoltura.org\/piacenza\/pomodoro-da-industria-rallentamenti-nei-trapianti-e-danni\/\"},\"wordCount\":364,\"commentCount\":0,\"image\":{\"@id\":\"https:\/\/www.confagricoltura.org\/piacenza\/pomodoro-da-industria-rallentamenti-nei-trapianti-e-danni\/#primaryimage\"},\"thumbnailUrl\":\"http:\/\/www.confagricoltura.org\/piacenza\/wp-content\/uploads\/sites\/3\/2019\/05\/ciliegie-danni.jpg\",\"keywords\":[\"DANNI ATMOSFERICI\"],\"articleSection\":[\"Archivio\"],\"inLanguage\":\"it-IT\"},{\"@type\":\"WebPage\",\"@id\":\"https:\/\/www.confagricoltura.org\/piacenza\/pomodoro-da-industria-rallentamenti-nei-trapianti-e-danni\/\",\"url\":\"https:\/\/www.confagricoltura.org\/piacenza\/pomodoro-da-industria-rallentamenti-nei-trapianti-e-danni\/\",\"name\":\"POMODORO DA INDUSTRIA: RALLENTAMENTI NEI TRAPIANTI E DANNI - Confagricoltura Piacenza\",\"isPartOf\":{\"@id\":\"https:\/\/www.confagricoltura.org\/piacenza\/#website\"},\"primaryImageOfPage\":{\"@id\":\"https:\/\/www.confagricoltura.org\/piacenza\/pomodoro-da-industria-rallentamenti-nei-trapianti-e-danni\/#primaryimage\"},\"image\":{\"@id\":\"https:\/\/www.confagricoltura.org\/piacenza\/pomodoro-da-industria-rallentamenti-nei-trapianti-e-danni\/#primaryimage\"},\"thumbnailUrl\":\"http:\/\/www.confagricoltura.org\/piacenza\/wp-content\/uploads\/sites\/3\/2019\/05\/ciliegie-danni.jpg\",\"datePublished\":\"2019-05-30T08:13:28+00:00\",\"dateModified\":\"2021-03-11T12:14:11+00:00\",\"author\":{\"@id\":\"https:\/\/www.confagricoltura.org\/piacenza\/#\/schema\/person\/be5da25a3117fea4b3bfec9dba09b5e8\"},\"breadcrumb\":{\"@id\":\"https:\/\/www.confagricoltura.org\/piacenza\/pomodoro-da-industria-rallentamenti-nei-trapianti-e-danni\/#breadcrumb\"},\"inLanguage\":\"it-IT\",\"potentialAction\":[{\"@type\":\"ReadAction\",\"target\":[\"https:\/\/www.confagricoltura.org\/piacenza\/pomodoro-da-industria-rallentamenti-nei-trapianti-e-danni\/\"]}]},{\"@type\":\"ImageObject\",\"inLanguage\":\"it-IT\",\"@id\":\"https:\/\/www.confagricoltura.org\/piacenza\/pomodoro-da-industria-rallentamenti-nei-trapianti-e-danni\/#primaryimage\",\"url\":\"http:\/\/www.confagricoltura.org\/piacenza\/wp-content\/uploads\/sites\/3\/2019\/05\/ciliegie-danni.jpg\",\"contentUrl\":\"http:\/\/www.confagricoltura.org\/piacenza\/wp-content\/uploads\/sites\/3\/2019\/05\/ciliegie-danni.jpg\"},{\"@type\":\"BreadcrumbList\",\"@id\":\"https:\/\/www.confagricoltura.org\/piacenza\/pomodoro-da-industria-rallentamenti-nei-trapianti-e-danni\/#breadcrumb\",\"itemListElement\":[{\"@type\":\"ListItem\",\"position\":1,\"name\":\"Home\",\"item\":\"https:\/\/www.confagricoltura.org\/piacenza\/\"},{\"@type\":\"ListItem\",\"position\":2,\"name\":\"POMODORO DA INDUSTRIA: RALLENTAMENTI NEI TRAPIANTI E DANNI\"}]},{\"@type\":\"WebSite\",\"@id\":\"https:\/\/www.confagricoltura.org\/piacenza\/#website\",\"url\":\"https:\/\/www.confagricoltura.org\/piacenza\/\",\"name\":\"Confagricoltura Piacenza\",\"description\":\"Dalla parte degli Agricoltori\",\"potentialAction\":[{\"@type\":\"SearchAction\",\"target\":{\"@type\":\"EntryPoint\",\"urlTemplate\":\"https:\/\/www.confagricoltura.org\/piacenza\/?s={search_term_string}\"},\"query-input\":{\"@type\":\"PropertyValueSpecification\",\"valueRequired\":true,\"valueName\":\"search_term_string\"}}],\"inLanguage\":\"it-IT\"},{\"@type\":\"Person\",\"@id\":\"https:\/\/www.confagricoltura.org\/piacenza\/#\/schema\/person\/be5da25a3117fea4b3bfec9dba09b5e8\",\"name\":\"confagricolturapiacenza\",\"image\":{\"@type\":\"ImageObject\",\"inLanguage\":\"it-IT\",\"@id\":\"https:\/\/www.confagricoltura.org\/piacenza\/#\/schema\/person\/image\/\",\"url\":\"https:\/\/secure.gravatar.com\/avatar\/9c5f111e417171581853bd0a3ff892ca?s=96&d=mm&r=g\",\"contentUrl\":\"https:\/\/secure.gravatar.com\/avatar\/9c5f111e417171581853bd0a3ff892ca?s=96&d=mm&r=g\",\"caption\":\"confagricolturapiacenza\"},\"url\":\"https:\/\/www.confagricoltura.org\/piacenza\/author\/confagricolturapiacenza\/\"}]}<\/script>\n<!-- \/ Yoast SEO plugin. -->","yoast_head_json":{"title":"POMODORO DA INDUSTRIA: RALLENTAMENTI NEI TRAPIANTI E DANNI - Confagricoltura Piacenza","robots":{"index":"index","follow":"follow","max-snippet":"max-snippet:-1","max-image-preview":"max-image-preview:large","max-video-preview":"max-video-preview:-1"},"canonical":"https:\/\/www.confagricoltura.org\/piacenza\/pomodoro-da-industria-rallentamenti-nei-trapianti-e-danni\/","og_locale":"it_IT","og_type":"article","og_title":"POMODORO DA INDUSTRIA: RALLENTAMENTI NEI TRAPIANTI E DANNI - Confagricoltura Piacenza","og_description":"Confagricoltura Piacenza: disastro nei campi &nbsp; \u201cLe operazioni di trapianto sono notevolmente rallentate e le piantine da pomodoro da industria gi\u00e0 in campo mostrano segni di estrema sofferenza. La situazione \u00e8 talmente grave che pu\u00f2 compromettere le rese produttive\u201d \u2013 questo il commento di Giovanni Lambertini presidente della Sezione di Prodotto Pomodoro da Industria di","og_url":"https:\/\/www.confagricoltura.org\/piacenza\/pomodoro-da-industria-rallentamenti-nei-trapianti-e-danni\/","og_site_name":"Confagricoltura Piacenza","article_published_time":"2019-05-30T08:13:28+00:00","article_modified_time":"2021-03-11T12:14:11+00:00","og_image":[{"url":"http:\/\/www.confagricoltura.org\/piacenza\/wp-content\/uploads\/sites\/3\/2019\/05\/ciliegie-danni.jpg","type":"","width":"","height":""}],"author":"confagricolturapiacenza","twitter_card":"summary_large_image","twitter_misc":{"Scritto da":"confagricolturapiacenza","Tempo di lettura stimato":"2 minuti"},"schema":{"@context":"https:\/\/schema.org","@graph":[{"@type":"Article","@id":"https:\/\/www.confagricoltura.org\/piacenza\/pomodoro-da-industria-rallentamenti-nei-trapianti-e-danni\/#article","isPartOf":{"@id":"https:\/\/www.confagricoltura.org\/piacenza\/pomodoro-da-industria-rallentamenti-nei-trapianti-e-danni\/"},"author":{"name":"confagricolturapiacenza","@id":"https:\/\/www.confagricoltura.org\/piacenza\/#\/schema\/person\/be5da25a3117fea4b3bfec9dba09b5e8"},"headline":"POMODORO DA INDUSTRIA: RALLENTAMENTI NEI TRAPIANTI E DANNI","datePublished":"2019-05-30T08:13:28+00:00","dateModified":"2021-03-11T12:14:11+00:00","mainEntityOfPage":{"@id":"https:\/\/www.confagricoltura.org\/piacenza\/pomodoro-da-industria-rallentamenti-nei-trapianti-e-danni\/"},"wordCount":364,"commentCount":0,"image":{"@id":"https:\/\/www.confagricoltura.org\/piacenza\/pomodoro-da-industria-rallentamenti-nei-trapianti-e-danni\/#primaryimage"},"thumbnailUrl":"http:\/\/www.confagricoltura.org\/piacenza\/wp-content\/uploads\/sites\/3\/2019\/05\/ciliegie-danni.jpg","keywords":["DANNI ATMOSFERICI"],"articleSection":["Archivio"],"inLanguage":"it-IT"},{"@type":"WebPage","@id":"https:\/\/www.confagricoltura.org\/piacenza\/pomodoro-da-industria-rallentamenti-nei-trapianti-e-danni\/","url":"https:\/\/www.confagricoltura.org\/piacenza\/pomodoro-da-industria-rallentamenti-nei-trapianti-e-danni\/","name":"POMODORO DA INDUSTRIA: RALLENTAMENTI NEI TRAPIANTI E DANNI - Confagricoltura Piacenza","isPartOf":{"@id":"https:\/\/www.confagricoltura.org\/piacenza\/#website"},"primaryImageOfPage":{"@id":"https:\/\/www.confagricoltura.org\/piacenza\/pomodoro-da-industria-rallentamenti-nei-trapianti-e-danni\/#primaryimage"},"image":{"@id":"https:\/\/www.confagricoltura.org\/piacenza\/pomodoro-da-industria-rallentamenti-nei-trapianti-e-danni\/#primaryimage"},"thumbnailUrl":"http:\/\/www.confagricoltura.org\/piacenza\/wp-content\/uploads\/sites\/3\/2019\/05\/ciliegie-danni.jpg","datePublished":"2019-05-30T08:13:28+00:00","dateModified":"2021-03-11T12:14:11+00:00","author":{"@id":"https:\/\/www.confagricoltura.org\/piacenza\/#\/schema\/person\/be5da25a3117fea4b3bfec9dba09b5e8"},"breadcrumb":{"@id":"https:\/\/www.confagricoltura.org\/piacenza\/pomodoro-da-industria-rallentamenti-nei-trapianti-e-danni\/#breadcrumb"},"inLanguage":"it-IT","potentialAction":[{"@type":"ReadAction","target":["https:\/\/www.confagricoltura.org\/piacenza\/pomodoro-da-industria-rallentamenti-nei-trapianti-e-danni\/"]}]},{"@type":"ImageObject","inLanguage":"it-IT","@id":"https:\/\/www.confagricoltura.org\/piacenza\/pomodoro-da-industria-rallentamenti-nei-trapianti-e-danni\/#primaryimage","url":"http:\/\/www.confagricoltura.org\/piacenza\/wp-content\/uploads\/sites\/3\/2019\/05\/ciliegie-danni.jpg","contentUrl":"http:\/\/www.confagricoltura.org\/piacenza\/wp-content\/uploads\/sites\/3\/2019\/05\/ciliegie-danni.jpg"},{"@type":"BreadcrumbList","@id":"https:\/\/www.confagricoltura.org\/piacenza\/pomodoro-da-industria-rallentamenti-nei-trapianti-e-danni\/#breadcrumb","itemListElement":[{"@type":"ListItem","position":1,"name":"Home","item":"https:\/\/www.confagricoltura.org\/piacenza\/"},{"@type":"ListItem","position":2,"name":"POMODORO DA INDUSTRIA: RALLENTAMENTI NEI TRAPIANTI E DANNI"}]},{"@type":"WebSite","@id":"https:\/\/www.confagricoltura.org\/piacenza\/#website","url":"https:\/\/www.confagricoltura.org\/piacenza\/","name":"Confagricoltura Piacenza","description":"Dalla parte degli Agricoltori","potentialAction":[{"@type":"SearchAction","target":{"@type":"EntryPoint","urlTemplate":"https:\/\/www.confagricoltura.org\/piacenza\/?s={search_term_string}"},"query-input":{"@type":"PropertyValueSpecification","valueRequired":true,"valueName":"search_term_string"}}],"inLanguage":"it-IT"},{"@type":"Person","@id":"https:\/\/www.confagricoltura.org\/piacenza\/#\/schema\/person\/be5da25a3117fea4b3bfec9dba09b5e8","name":"confagricolturapiacenza","image":{"@type":"ImageObject","inLanguage":"it-IT","@id":"https:\/\/www.confagricoltura.org\/piacenza\/#\/schema\/person\/image\/","url":"https:\/\/secure.gravatar.com\/avatar\/9c5f111e417171581853bd0a3ff892ca?s=96&d=mm&r=g","contentUrl":"https:\/\/secure.gravatar.com\/avatar\/9c5f111e417171581853bd0a3ff892ca?s=96&d=mm&r=g","caption":"confagricolturapiacenza"},"url":"https:\/\/www.confagricoltura.org\/piacenza\/author\/confagricolturapiacenza\/"}]}},"_links":{"self":[{"href":"https:\/\/www.confagricoltura.org\/piacenza\/wp-json\/wp\/v2\/posts\/1728","targetHints":{"allow":["GET"]}}],"collection":[{"href":"https:\/\/www.confagricoltura.org\/piacenza\/wp-json\/wp\/v2\/posts"}],"about":[{"href":"https:\/\/www.confagricoltura.org\/piacenza\/wp-json\/wp\/v2\/types\/post"}],"author":[{"embeddable":true,"href":"https:\/\/www.confagricoltura.org\/piacenza\/wp-json\/wp\/v2\/users\/6"}],"replies":[{"embeddable":true,"href":"https:\/\/www.confagricoltura.org\/piacenza\/wp-json\/wp\/v2\/comments?post=1728"}],"version-history":[{"count":1,"href":"https:\/\/www.confagricoltura.org\/piacenza\/wp-json\/wp\/v2\/posts\/1728\/revisions"}],"predecessor-version":[{"id":2709,"href":"https:\/\/www.confagricoltura.org\/piacenza\/wp-json\/wp\/v2\/posts\/1728\/revisions\/2709"}],"wp:attachment":[{"href":"https:\/\/www.confagricoltura.org\/piacenza\/wp-json\/wp\/v2\/media?parent=1728"}],"wp:term":[{"taxonomy":"category","embeddable":true,"href":"https:\/\/www.confagricoltura.org\/piacenza\/wp-json\/wp\/v2\/categories?post=1728"},{"taxonomy":"post_tag","embeddable":true,"href":"https:\/\/www.confagricoltura.org\/piacenza\/wp-json\/wp\/v2\/tags?post=1728"}],"curies":[{"name":"wp","href":"https:\/\/api.w.org\/{rel}","templated":true}]}}