{"id":1585,"date":"2018-12-19T13:07:21","date_gmt":"2018-12-19T12:07:21","guid":{"rendered":"http:\/\/www.confagricoltura.org\/piacenza\/?p=1585"},"modified":"2021-03-11T13:14:30","modified_gmt":"2021-03-11T12:14:30","slug":"assemblea-di-confagricoltura-alla-politica-chiediamo-azioni-per-lo-sviluppo","status":"publish","type":"post","link":"https:\/\/www.confagricoltura.org\/piacenza\/assemblea-di-confagricoltura-alla-politica-chiediamo-azioni-per-lo-sviluppo\/","title":{"rendered":"ASSEMBLEA DI CONFAGRICOLTURA: ALLA POLITICA CHIEDIAMO AZIONI PER LO SVILUPPO"},"content":{"rendered":"<h3><em>Vertici di Confagricoltura Piacenza all\u2019assise nazionale<\/em><\/h3>\n<p>&nbsp;<\/p>\n<p>Una due giorni intensa per Confagricoltura che il 18 e il 19 dicembre ha tenuto la sua assemblea Nazionale nella sede di palazzo Della Valle. Dialogo ad ampio raggio con il mondo delle istituzioni che ha visto la partecipazione del vicepremier Matteo Salvini, del Ministro dell\u2019Agricoltura Gian Marco Centinaio, del presidente del Parlamento europeo Antonio Tajani, del Governatore della Regione Lazio Nicola Zingaretti, di Maurizio Gasparri e numerosi altri esponenti di primo piano della politica nazionale.<\/p>\n<p>Presenti anche il presidente di Confagricoltura Piacenza, Filippo Gasparini, con il direttore Marco Casagrande e la componente di Giunta Nazionale, la piacentina Giovanna Parmigiani.<\/p>\n<p>Con un claim che deve divenire un obiettivo, \u201ccoltiviamo l\u2019Italia\u201d, l\u2019assise \u00e8 stata l\u2019occasione per esprimere chiaramente le richieste degli imprenditori agricoli. \u201cL\u2019economia italiana deve tornare a crescere. Per centrare l\u2019obiettivo, \u00e8 indispensabile un piano strategico per il sistema agroalimentare italiano\u201d ha detto il presidente di Confagricoltura Massimiliano Giansanti.\u00a0\u00a0 \u201cNon ci accontentiamo &#8211; ha detto Giansanti &#8211; di avere il primato, sia pure importante, delle indicazioni geografiche e di qualit\u00e0, se il valore delle nostre esportazioni di settore \u00e8 inferiore a quello di Francia, Germania, Spagna e Paesi Bassi; n\u00e9 ci accontentiamo dell\u2019aumento, certo importante, del nostro export, se crescono di pari passo le importazioni di materie prime. Noi abbiamo una visione pi\u00f9 ambiziosa per l\u2019agricoltura italiana. E vogliamo realizzarla. Anche perch\u00e9, a livello europeo, i nostri pi\u00f9 diretti concorrenti non stanno fermi\u201d.\u00a0 Digitalizzazione, intelligenza artificiale, genetica. Sono questi i temi su cui si \u00e8 concentra l\u2019attenzione del presidente di Confagricoltura per progettare una linea d\u2019azione condivisa tra pubblico e privato, consentendo anche alla ricerca di fare al meglio il proprio lavoro. Apprezzato l\u2019endorsment del vicepremier che ha dichiarato: \u201cNo a una riforma della Politica agricola comune che preveda tagli all&#8217;agricoltura italiana mentre in autunno quando si aprir\u00e0 il negoziato sulla nuova Commissione Ue chiederemo un Commissario che si occupi di economia reale. A me personalmente non dispiacerebbe si occupasse di agricoltura\u201d. \u201cNon voteremo &#8211; ha spiegato Salvini &#8211; un bilancio Ue che preveda tagli per 2,6 miliardi all&#8217;agricoltura italiana\u201d. \u201cIo sono contrario al &#8220;capping&#8221; ovvero al mettere un tetto agli aiuti Ue per le aziende pi\u00f9 grandi &#8211; ha aggiunto Salvini -. Perch\u00e9 in generale penso che se &#8220;piccolo \u00e8 bello&#8221; il piccolo che diventa grande \u00e8 ancora meglio. Bisogna accompagnare le imprese nella crescita e non cedere alle tentazioni di livellamento verso il basso\u201d. \u201cSe l\u2019italian sounding ha grande mercato significa che il prodotto italiano piace. Bisogna sostituire il falso con il vero\u201d \u2013 ha detto Tajani, che per quanto riguarda il livello nazionale ha aggiunto: \u201dRiduciamo il cuneo fiscale e consentiamo alle imprese di assumere!\u201d. \u201cServe dare una visione a medio e lungo termine\u201d \u2013 ha detto il Ministro Centinaio nel suo discorso che ha toccato temi delicati tra i quali la necessit\u00e0 di rivedere la legge sul caporalato per renderla pi\u00f9 efficace nelle sue finalit\u00e0 senza le storture a cui oggi si presta. \u201cParlare di agricoltura &#8211; ha aggiunto il timoniere del Mipaaft \u2013 deve tornare di moda\u201d. \u201cTutti propositi pienamente condivisi \u2013 ha sottolineato il presidente di Confagricoltura Piacenza Gasparini che ha espresso il suo punto di vista in un intervento \u2013. Come Confagricoltura Piacenza, condividiamo la linea nazionale con la richiesta di un grande piano per l&#8217;agroalimentare italiano che punti su un adeguamento delle infrastrutture, riduzione della burocrazia, sostegno all\u2019export e allo sviluppo. Ho apprezzato l\u2019intervento del presidente Giansanti, ma soprattutto ne apprezzo l\u2019operato e l\u2019azione che sta compiendo insieme alla Giunta per portare avanti le istanze concrete degli agricoltori; sono felice che Confagricoltura sia sempre pi\u00f9 protagonista della politica nazionale agraria come questa assemblea sta testimoniando. Vogliamo l\u2019agricoltura al centro delle politiche del Paese e dell\u2019Europa \u2013 ha rimarcato Gasparini \u2013 sul territorio servono infrastrutture, non solo grandi opere viabilistiche, ma anche infrastrutture irrigue. Chiediamo politiche di riposizionamento del prezzo per ridare potere contrattuale agli agricoltori riequilibrando i rapporti di filiera, a tal fine sono necessarie azioni sindacali con il sostegno della politica. La nostra agricoltura \u00e8 quella della grande Europa di De Gasperi e Schuman, non quella dei burocrati che cambia i connotati dei processi produttivi ed \u00e8 intrisa di europeismo ambientalista che impone norme sulla condizionalit\u00e0 e sul benessere animale che poco hanno a vedere con basi scientifiche e nulla con l\u2019agricoltura moderna e produttiva, che gestisce sapientemente anche le risorse ambientali, con competenza e tecnologia e che invece noi rappresentiamo. \u201cSovranismo\u201d \u00e8 un termine che va di moda, noi non siamo contro l\u2019Europa, specialmente quella dei grandi padri fondatori, ma rispetto alla nostra produttivit\u00e0, alla nostra capacit\u00e0 di produrre eccellenze rivendichiamo sovranismo\u201d.<\/p>\n<p>&nbsp;<\/p>\n<p><img loading=\"lazy\" decoding=\"async\" class=\"alignnone  wp-image-1586 img-responsive\" src=\"http:\/\/www.confagricoltura.org\/piacenza\/wp-content\/uploads\/sites\/3\/2018\/12\/18-12-Salvini-Giansanti.jpg\" alt=\"\" width=\"753\" height=\"565\" \/><\/p>\n<p>&#8211; Matteo Salvini e Massimiliano Giansanti;<\/p>\n<p>&nbsp;<\/p>\n<p><img loading=\"lazy\" decoding=\"async\" class=\"alignnone  wp-image-1587 img-responsive\" src=\"http:\/\/www.confagricoltura.org\/piacenza\/wp-content\/uploads\/sites\/3\/2018\/12\/18-12-Assemblea.jpg\" alt=\"\" width=\"753\" height=\"565\" \/><\/p>\n<p>&#8211; presenti in Assemblea a Palazzo Della Valle<\/p>\n<p><img loading=\"lazy\" decoding=\"async\" class=\"alignnone  wp-image-1588 img-responsive\" src=\"http:\/\/www.confagricoltura.org\/piacenza\/wp-content\/uploads\/sites\/3\/2018\/12\/19-12-delegazione-PC.jpg\" alt=\"\" width=\"755\" height=\"566\" \/><\/p>\n<p>&#8211; La delegazione piacentina (da sin): Filippo Gasparini, Giovanna Parmigiani, Marco Casagrande<\/p>\n<p>&nbsp;<\/p>\n","protected":false},"excerpt":{"rendered":"<p>Vertici di Confagricoltura Piacenza all\u2019assise nazionale &nbsp; Una due giorni intensa per Confagricoltura che il 18 e il 19 dicembre ha tenuto la sua assemblea Nazionale nella sede di palazzo Della Valle. Dialogo ad ampio raggio con il mondo delle istituzioni che ha visto la partecipazione del vicepremier Matteo Salvini, del Ministro dell\u2019Agricoltura Gian Marco<\/p>\n","protected":false},"author":6,"featured_media":0,"comment_status":"open","ping_status":"open","sticky":true,"template":"","format":"standard","meta":{"wp_mapbox_gl_js_media":[],"footnotes":""},"categories":[335],"tags":[198],"class_list":["post-1585","post","type-post","status-publish","format-standard","hentry","category-archivio","tag-assemblea-confagricoltura"],"yoast_head":"<!-- This site is optimized with the Yoast SEO plugin v26.8 - https:\/\/yoast.com\/product\/yoast-seo-wordpress\/ -->\n<title>ASSEMBLEA DI CONFAGRICOLTURA: ALLA POLITICA CHIEDIAMO AZIONI PER LO SVILUPPO - Confagricoltura Piacenza<\/title>\n<meta name=\"robots\" content=\"index, follow, max-snippet:-1, max-image-preview:large, max-video-preview:-1\" \/>\n<link rel=\"canonical\" href=\"https:\/\/www.confagricoltura.org\/piacenza\/assemblea-di-confagricoltura-alla-politica-chiediamo-azioni-per-lo-sviluppo\/\" \/>\n<meta property=\"og:locale\" content=\"it_IT\" \/>\n<meta property=\"og:type\" content=\"article\" \/>\n<meta property=\"og:title\" content=\"ASSEMBLEA DI CONFAGRICOLTURA: ALLA POLITICA CHIEDIAMO AZIONI PER LO SVILUPPO - Confagricoltura Piacenza\" \/>\n<meta property=\"og:description\" content=\"Vertici di Confagricoltura Piacenza all\u2019assise nazionale &nbsp; Una due giorni intensa per Confagricoltura che il 18 e il 19 dicembre ha tenuto la sua assemblea Nazionale nella sede di palazzo Della Valle. Dialogo ad ampio raggio con il mondo delle istituzioni che ha visto la partecipazione del vicepremier Matteo Salvini, del Ministro dell\u2019Agricoltura Gian Marco\" \/>\n<meta property=\"og:url\" content=\"https:\/\/www.confagricoltura.org\/piacenza\/assemblea-di-confagricoltura-alla-politica-chiediamo-azioni-per-lo-sviluppo\/\" \/>\n<meta property=\"og:site_name\" content=\"Confagricoltura Piacenza\" \/>\n<meta property=\"article:published_time\" content=\"2018-12-19T12:07:21+00:00\" \/>\n<meta property=\"article:modified_time\" content=\"2021-03-11T12:14:30+00:00\" \/>\n<meta property=\"og:image\" content=\"http:\/\/www.confagricoltura.org\/piacenza\/wp-content\/uploads\/sites\/3\/2018\/12\/18-12-Salvini-Giansanti.jpg\" \/>\n<meta name=\"author\" content=\"confagricolturapiacenza\" \/>\n<meta name=\"twitter:card\" content=\"summary_large_image\" \/>\n<meta name=\"twitter:label1\" content=\"Scritto da\" \/>\n\t<meta name=\"twitter:data1\" content=\"confagricolturapiacenza\" \/>\n\t<meta name=\"twitter:label2\" content=\"Tempo di lettura stimato\" \/>\n\t<meta name=\"twitter:data2\" content=\"4 minuti\" \/>\n<script type=\"application\/ld+json\" class=\"yoast-schema-graph\">{\"@context\":\"https:\/\/schema.org\",\"@graph\":[{\"@type\":\"Article\",\"@id\":\"https:\/\/www.confagricoltura.org\/piacenza\/assemblea-di-confagricoltura-alla-politica-chiediamo-azioni-per-lo-sviluppo\/#article\",\"isPartOf\":{\"@id\":\"https:\/\/www.confagricoltura.org\/piacenza\/assemblea-di-confagricoltura-alla-politica-chiediamo-azioni-per-lo-sviluppo\/\"},\"author\":{\"name\":\"confagricolturapiacenza\",\"@id\":\"https:\/\/www.confagricoltura.org\/piacenza\/#\/schema\/person\/be5da25a3117fea4b3bfec9dba09b5e8\"},\"headline\":\"ASSEMBLEA DI CONFAGRICOLTURA: ALLA POLITICA CHIEDIAMO AZIONI PER LO SVILUPPO\",\"datePublished\":\"2018-12-19T12:07:21+00:00\",\"dateModified\":\"2021-03-11T12:14:30+00:00\",\"mainEntityOfPage\":{\"@id\":\"https:\/\/www.confagricoltura.org\/piacenza\/assemblea-di-confagricoltura-alla-politica-chiediamo-azioni-per-lo-sviluppo\/\"},\"wordCount\":813,\"commentCount\":0,\"image\":{\"@id\":\"https:\/\/www.confagricoltura.org\/piacenza\/assemblea-di-confagricoltura-alla-politica-chiediamo-azioni-per-lo-sviluppo\/#primaryimage\"},\"thumbnailUrl\":\"http:\/\/www.confagricoltura.org\/piacenza\/wp-content\/uploads\/sites\/3\/2018\/12\/18-12-Salvini-Giansanti.jpg\",\"keywords\":[\"ASSEMBLEA CONFAGRICOLTURA\"],\"articleSection\":[\"Archivio\"],\"inLanguage\":\"it-IT\"},{\"@type\":\"WebPage\",\"@id\":\"https:\/\/www.confagricoltura.org\/piacenza\/assemblea-di-confagricoltura-alla-politica-chiediamo-azioni-per-lo-sviluppo\/\",\"url\":\"https:\/\/www.confagricoltura.org\/piacenza\/assemblea-di-confagricoltura-alla-politica-chiediamo-azioni-per-lo-sviluppo\/\",\"name\":\"ASSEMBLEA DI CONFAGRICOLTURA: ALLA POLITICA CHIEDIAMO AZIONI PER LO SVILUPPO - Confagricoltura Piacenza\",\"isPartOf\":{\"@id\":\"https:\/\/www.confagricoltura.org\/piacenza\/#website\"},\"primaryImageOfPage\":{\"@id\":\"https:\/\/www.confagricoltura.org\/piacenza\/assemblea-di-confagricoltura-alla-politica-chiediamo-azioni-per-lo-sviluppo\/#primaryimage\"},\"image\":{\"@id\":\"https:\/\/www.confagricoltura.org\/piacenza\/assemblea-di-confagricoltura-alla-politica-chiediamo-azioni-per-lo-sviluppo\/#primaryimage\"},\"thumbnailUrl\":\"http:\/\/www.confagricoltura.org\/piacenza\/wp-content\/uploads\/sites\/3\/2018\/12\/18-12-Salvini-Giansanti.jpg\",\"datePublished\":\"2018-12-19T12:07:21+00:00\",\"dateModified\":\"2021-03-11T12:14:30+00:00\",\"author\":{\"@id\":\"https:\/\/www.confagricoltura.org\/piacenza\/#\/schema\/person\/be5da25a3117fea4b3bfec9dba09b5e8\"},\"breadcrumb\":{\"@id\":\"https:\/\/www.confagricoltura.org\/piacenza\/assemblea-di-confagricoltura-alla-politica-chiediamo-azioni-per-lo-sviluppo\/#breadcrumb\"},\"inLanguage\":\"it-IT\",\"potentialAction\":[{\"@type\":\"ReadAction\",\"target\":[\"https:\/\/www.confagricoltura.org\/piacenza\/assemblea-di-confagricoltura-alla-politica-chiediamo-azioni-per-lo-sviluppo\/\"]}]},{\"@type\":\"ImageObject\",\"inLanguage\":\"it-IT\",\"@id\":\"https:\/\/www.confagricoltura.org\/piacenza\/assemblea-di-confagricoltura-alla-politica-chiediamo-azioni-per-lo-sviluppo\/#primaryimage\",\"url\":\"http:\/\/www.confagricoltura.org\/piacenza\/wp-content\/uploads\/sites\/3\/2018\/12\/18-12-Salvini-Giansanti.jpg\",\"contentUrl\":\"http:\/\/www.confagricoltura.org\/piacenza\/wp-content\/uploads\/sites\/3\/2018\/12\/18-12-Salvini-Giansanti.jpg\"},{\"@type\":\"BreadcrumbList\",\"@id\":\"https:\/\/www.confagricoltura.org\/piacenza\/assemblea-di-confagricoltura-alla-politica-chiediamo-azioni-per-lo-sviluppo\/#breadcrumb\",\"itemListElement\":[{\"@type\":\"ListItem\",\"position\":1,\"name\":\"Home\",\"item\":\"https:\/\/www.confagricoltura.org\/piacenza\/\"},{\"@type\":\"ListItem\",\"position\":2,\"name\":\"ASSEMBLEA DI CONFAGRICOLTURA: ALLA POLITICA CHIEDIAMO AZIONI PER LO SVILUPPO\"}]},{\"@type\":\"WebSite\",\"@id\":\"https:\/\/www.confagricoltura.org\/piacenza\/#website\",\"url\":\"https:\/\/www.confagricoltura.org\/piacenza\/\",\"name\":\"Confagricoltura Piacenza\",\"description\":\"Dalla parte degli Agricoltori\",\"potentialAction\":[{\"@type\":\"SearchAction\",\"target\":{\"@type\":\"EntryPoint\",\"urlTemplate\":\"https:\/\/www.confagricoltura.org\/piacenza\/?s={search_term_string}\"},\"query-input\":{\"@type\":\"PropertyValueSpecification\",\"valueRequired\":true,\"valueName\":\"search_term_string\"}}],\"inLanguage\":\"it-IT\"},{\"@type\":\"Person\",\"@id\":\"https:\/\/www.confagricoltura.org\/piacenza\/#\/schema\/person\/be5da25a3117fea4b3bfec9dba09b5e8\",\"name\":\"confagricolturapiacenza\",\"image\":{\"@type\":\"ImageObject\",\"inLanguage\":\"it-IT\",\"@id\":\"https:\/\/www.confagricoltura.org\/piacenza\/#\/schema\/person\/image\/\",\"url\":\"https:\/\/secure.gravatar.com\/avatar\/9c5f111e417171581853bd0a3ff892ca?s=96&d=mm&r=g\",\"contentUrl\":\"https:\/\/secure.gravatar.com\/avatar\/9c5f111e417171581853bd0a3ff892ca?s=96&d=mm&r=g\",\"caption\":\"confagricolturapiacenza\"},\"url\":\"https:\/\/www.confagricoltura.org\/piacenza\/author\/confagricolturapiacenza\/\"}]}<\/script>\n<!-- \/ Yoast SEO plugin. -->","yoast_head_json":{"title":"ASSEMBLEA DI CONFAGRICOLTURA: ALLA POLITICA CHIEDIAMO AZIONI PER LO SVILUPPO - Confagricoltura Piacenza","robots":{"index":"index","follow":"follow","max-snippet":"max-snippet:-1","max-image-preview":"max-image-preview:large","max-video-preview":"max-video-preview:-1"},"canonical":"https:\/\/www.confagricoltura.org\/piacenza\/assemblea-di-confagricoltura-alla-politica-chiediamo-azioni-per-lo-sviluppo\/","og_locale":"it_IT","og_type":"article","og_title":"ASSEMBLEA DI CONFAGRICOLTURA: ALLA POLITICA CHIEDIAMO AZIONI PER LO SVILUPPO - Confagricoltura Piacenza","og_description":"Vertici di Confagricoltura Piacenza all\u2019assise nazionale &nbsp; Una due giorni intensa per Confagricoltura che il 18 e il 19 dicembre ha tenuto la sua assemblea Nazionale nella sede di palazzo Della Valle. Dialogo ad ampio raggio con il mondo delle istituzioni che ha visto la partecipazione del vicepremier Matteo Salvini, del Ministro dell\u2019Agricoltura Gian Marco","og_url":"https:\/\/www.confagricoltura.org\/piacenza\/assemblea-di-confagricoltura-alla-politica-chiediamo-azioni-per-lo-sviluppo\/","og_site_name":"Confagricoltura Piacenza","article_published_time":"2018-12-19T12:07:21+00:00","article_modified_time":"2021-03-11T12:14:30+00:00","og_image":[{"url":"http:\/\/www.confagricoltura.org\/piacenza\/wp-content\/uploads\/sites\/3\/2018\/12\/18-12-Salvini-Giansanti.jpg","type":"","width":"","height":""}],"author":"confagricolturapiacenza","twitter_card":"summary_large_image","twitter_misc":{"Scritto da":"confagricolturapiacenza","Tempo di lettura stimato":"4 minuti"},"schema":{"@context":"https:\/\/schema.org","@graph":[{"@type":"Article","@id":"https:\/\/www.confagricoltura.org\/piacenza\/assemblea-di-confagricoltura-alla-politica-chiediamo-azioni-per-lo-sviluppo\/#article","isPartOf":{"@id":"https:\/\/www.confagricoltura.org\/piacenza\/assemblea-di-confagricoltura-alla-politica-chiediamo-azioni-per-lo-sviluppo\/"},"author":{"name":"confagricolturapiacenza","@id":"https:\/\/www.confagricoltura.org\/piacenza\/#\/schema\/person\/be5da25a3117fea4b3bfec9dba09b5e8"},"headline":"ASSEMBLEA DI CONFAGRICOLTURA: ALLA POLITICA CHIEDIAMO AZIONI PER LO SVILUPPO","datePublished":"2018-12-19T12:07:21+00:00","dateModified":"2021-03-11T12:14:30+00:00","mainEntityOfPage":{"@id":"https:\/\/www.confagricoltura.org\/piacenza\/assemblea-di-confagricoltura-alla-politica-chiediamo-azioni-per-lo-sviluppo\/"},"wordCount":813,"commentCount":0,"image":{"@id":"https:\/\/www.confagricoltura.org\/piacenza\/assemblea-di-confagricoltura-alla-politica-chiediamo-azioni-per-lo-sviluppo\/#primaryimage"},"thumbnailUrl":"http:\/\/www.confagricoltura.org\/piacenza\/wp-content\/uploads\/sites\/3\/2018\/12\/18-12-Salvini-Giansanti.jpg","keywords":["ASSEMBLEA CONFAGRICOLTURA"],"articleSection":["Archivio"],"inLanguage":"it-IT"},{"@type":"WebPage","@id":"https:\/\/www.confagricoltura.org\/piacenza\/assemblea-di-confagricoltura-alla-politica-chiediamo-azioni-per-lo-sviluppo\/","url":"https:\/\/www.confagricoltura.org\/piacenza\/assemblea-di-confagricoltura-alla-politica-chiediamo-azioni-per-lo-sviluppo\/","name":"ASSEMBLEA DI CONFAGRICOLTURA: ALLA POLITICA CHIEDIAMO AZIONI PER LO SVILUPPO - Confagricoltura Piacenza","isPartOf":{"@id":"https:\/\/www.confagricoltura.org\/piacenza\/#website"},"primaryImageOfPage":{"@id":"https:\/\/www.confagricoltura.org\/piacenza\/assemblea-di-confagricoltura-alla-politica-chiediamo-azioni-per-lo-sviluppo\/#primaryimage"},"image":{"@id":"https:\/\/www.confagricoltura.org\/piacenza\/assemblea-di-confagricoltura-alla-politica-chiediamo-azioni-per-lo-sviluppo\/#primaryimage"},"thumbnailUrl":"http:\/\/www.confagricoltura.org\/piacenza\/wp-content\/uploads\/sites\/3\/2018\/12\/18-12-Salvini-Giansanti.jpg","datePublished":"2018-12-19T12:07:21+00:00","dateModified":"2021-03-11T12:14:30+00:00","author":{"@id":"https:\/\/www.confagricoltura.org\/piacenza\/#\/schema\/person\/be5da25a3117fea4b3bfec9dba09b5e8"},"breadcrumb":{"@id":"https:\/\/www.confagricoltura.org\/piacenza\/assemblea-di-confagricoltura-alla-politica-chiediamo-azioni-per-lo-sviluppo\/#breadcrumb"},"inLanguage":"it-IT","potentialAction":[{"@type":"ReadAction","target":["https:\/\/www.confagricoltura.org\/piacenza\/assemblea-di-confagricoltura-alla-politica-chiediamo-azioni-per-lo-sviluppo\/"]}]},{"@type":"ImageObject","inLanguage":"it-IT","@id":"https:\/\/www.confagricoltura.org\/piacenza\/assemblea-di-confagricoltura-alla-politica-chiediamo-azioni-per-lo-sviluppo\/#primaryimage","url":"http:\/\/www.confagricoltura.org\/piacenza\/wp-content\/uploads\/sites\/3\/2018\/12\/18-12-Salvini-Giansanti.jpg","contentUrl":"http:\/\/www.confagricoltura.org\/piacenza\/wp-content\/uploads\/sites\/3\/2018\/12\/18-12-Salvini-Giansanti.jpg"},{"@type":"BreadcrumbList","@id":"https:\/\/www.confagricoltura.org\/piacenza\/assemblea-di-confagricoltura-alla-politica-chiediamo-azioni-per-lo-sviluppo\/#breadcrumb","itemListElement":[{"@type":"ListItem","position":1,"name":"Home","item":"https:\/\/www.confagricoltura.org\/piacenza\/"},{"@type":"ListItem","position":2,"name":"ASSEMBLEA DI CONFAGRICOLTURA: ALLA POLITICA CHIEDIAMO AZIONI PER LO SVILUPPO"}]},{"@type":"WebSite","@id":"https:\/\/www.confagricoltura.org\/piacenza\/#website","url":"https:\/\/www.confagricoltura.org\/piacenza\/","name":"Confagricoltura Piacenza","description":"Dalla parte degli Agricoltori","potentialAction":[{"@type":"SearchAction","target":{"@type":"EntryPoint","urlTemplate":"https:\/\/www.confagricoltura.org\/piacenza\/?s={search_term_string}"},"query-input":{"@type":"PropertyValueSpecification","valueRequired":true,"valueName":"search_term_string"}}],"inLanguage":"it-IT"},{"@type":"Person","@id":"https:\/\/www.confagricoltura.org\/piacenza\/#\/schema\/person\/be5da25a3117fea4b3bfec9dba09b5e8","name":"confagricolturapiacenza","image":{"@type":"ImageObject","inLanguage":"it-IT","@id":"https:\/\/www.confagricoltura.org\/piacenza\/#\/schema\/person\/image\/","url":"https:\/\/secure.gravatar.com\/avatar\/9c5f111e417171581853bd0a3ff892ca?s=96&d=mm&r=g","contentUrl":"https:\/\/secure.gravatar.com\/avatar\/9c5f111e417171581853bd0a3ff892ca?s=96&d=mm&r=g","caption":"confagricolturapiacenza"},"url":"https:\/\/www.confagricoltura.org\/piacenza\/author\/confagricolturapiacenza\/"}]}},"_links":{"self":[{"href":"https:\/\/www.confagricoltura.org\/piacenza\/wp-json\/wp\/v2\/posts\/1585","targetHints":{"allow":["GET"]}}],"collection":[{"href":"https:\/\/www.confagricoltura.org\/piacenza\/wp-json\/wp\/v2\/posts"}],"about":[{"href":"https:\/\/www.confagricoltura.org\/piacenza\/wp-json\/wp\/v2\/types\/post"}],"author":[{"embeddable":true,"href":"https:\/\/www.confagricoltura.org\/piacenza\/wp-json\/wp\/v2\/users\/6"}],"replies":[{"embeddable":true,"href":"https:\/\/www.confagricoltura.org\/piacenza\/wp-json\/wp\/v2\/comments?post=1585"}],"version-history":[{"count":1,"href":"https:\/\/www.confagricoltura.org\/piacenza\/wp-json\/wp\/v2\/posts\/1585\/revisions"}],"predecessor-version":[{"id":2738,"href":"https:\/\/www.confagricoltura.org\/piacenza\/wp-json\/wp\/v2\/posts\/1585\/revisions\/2738"}],"wp:attachment":[{"href":"https:\/\/www.confagricoltura.org\/piacenza\/wp-json\/wp\/v2\/media?parent=1585"}],"wp:term":[{"taxonomy":"category","embeddable":true,"href":"https:\/\/www.confagricoltura.org\/piacenza\/wp-json\/wp\/v2\/categories?post=1585"},{"taxonomy":"post_tag","embeddable":true,"href":"https:\/\/www.confagricoltura.org\/piacenza\/wp-json\/wp\/v2\/tags?post=1585"}],"curies":[{"name":"wp","href":"https:\/\/api.w.org\/{rel}","templated":true}]}}