{"id":1571,"date":"2018-12-07T11:33:06","date_gmt":"2018-12-07T10:33:06","guid":{"rendered":"http:\/\/www.confagricoltura.org\/piacenza\/?p=1571"},"modified":"2021-03-11T13:14:30","modified_gmt":"2021-03-11T12:14:30","slug":"ok-al-rimorchio-purche-non-sia-trainato-dal-trattore","status":"publish","type":"post","link":"https:\/\/www.confagricoltura.org\/piacenza\/ok-al-rimorchio-purche-non-sia-trainato-dal-trattore\/","title":{"rendered":"OK AL RIMORCHIO PURCHE\u2019 NON SIA TRAINATO DAL TRATTORE?"},"content":{"rendered":"<h4><em>Confagricoltura Piacenza \u00e8 critica sul consumo di suolo a Roncaglia<\/em><\/h4>\n<p>Come Confagricoltura Piacenza siamo favorevoli allo sviluppo del territorio valorizzando tutti i suoi asset fondamentali, non ci piace e ci preoccupa la mancanza di una strategia e di una programmazione che tenga in debito conto i nostri pi\u00f9 importanti comparti produttivi, tra cui il settore primario e che al contempo non tuteli adeguatamente la salute e la qualit\u00e0 della vita delle persone. Per questi motivi siamo molto scettici sulla decisione di destinare, nella zona di Roncaglia, altri 192.000 metri quadrati alla logistica andando a incrementare il traffico della zona senza avere una prospettiva chiara delle ricadute, in termini di valore aggiunto, sull\u2019economia locale e consumando ulteriormente terreno agricolo. Le aziende agricole sono il vero volano della nostra food valley, non delocalizzano e creano indotto e lavoro, ma vengono sempre pi\u00f9 messe al muro da norme discriminatorie. Il\u00a0Piano aria regionale 2020 (PAIR), ad esempio, individua una serie di misure a tutela della qualit\u00e0 dell\u2019aria, valide\u00a0dall\u20191 ottobre al 31 marzo nei centri urbani dei comuni con pi\u00f9 di 30.000 abitanti, tra queste il divieto di spandimento di liquami zootecnici senza tecniche ecosostenibili in caso di superamenti dei limiti di legge del PM10 per pi\u00f9 giorni consecutivi. Sar\u00e0 dunque l\u2019agricoltura a pagare ancora un volta il prezzo di emissioni per cui non \u00e8 responsabile? Sar\u00e0 il settore primario, le cui produzioni sono gi\u00e0 oggi deficitarie rispetto ai fabbisogni del Paese, a dover rinunciare ai terreni, mentre oltretutto si confronta con norme sulla condizionalit\u00e0 che prevedono prati, boschi, fasce tampone e quant\u2019altro? Sorgeranno altri capannoni, cementificando una delle aree pi\u00f9 fertili della nostra penisola accantonando la sbandierata politica contro il consumo di suolo? Nello specifico, si andrebbe inoltre a cementificare una zona critica per la gestione delle acque di scolo e per il sistema irriguo compromettendo un equilibrio gi\u00e0 vacillante. Le infrastrutture sono fondamentali se sono funzionali ad imprese e cittadinanza. Non ci sembra questo il caso e chiediamo pertanto anche che le manifestazioni d\u2019interesse per destinare alla logistica altri 1.300.000 metri quadrati, sempre nelle vicinanze, non vengano accolte. Chiediamo, in generale, che vengano soppesati i vari interventi nella zona e valutati in una logica sistemica.\u00a0 E\u2019 facilmente reperibile sui giornali locali la cronistoria di come peggiora la qualit\u00e0 dell\u2019aria e aumentano i problemi di salute, con queste operazioni si incentiver\u00e0 certamente il traporto su gomma, quando vogliamo invece sottolineare come da tempo si chieda di rendere operativo a Piacenza un polo del ferro valorizzando il nostro snodo ferroviario. Come Confagricoltura, in rappresentanza delle nostre aziende che esportano, chiediamo a livello nazionale una logistica pi\u00f9 efficiente, mentre ancora oggi siamo l\u2019ultimo dei Paesi Europei sul mare per i servizi portuali. Ci confrontiamo quotidianamente con infrastrutture inadeguate, viabilit\u00e0 compresa, che bloccano le nostre aziende. Diventare anche il magazzino di altri, stando passivamente a guardare mentre il nostro sistema produttivo collassa, non \u00e8 la sorte che ci meritiamo.<\/p>\n<p><img loading=\"lazy\" decoding=\"async\" class=\"alignnone  wp-image-816 img-responsive\" src=\"http:\/\/www.confagricoltura.org\/piacenza\/wp-content\/uploads\/sites\/3\/2017\/04\/Filippo-Gasparini.jpg\" alt=\"\" width=\"479\" height=\"639\" \/><\/p>\n<p>Filippo Gasparini, Presidente di Confagricoltura Piacenza<\/p>\n","protected":false},"excerpt":{"rendered":"<p>Confagricoltura Piacenza \u00e8 critica sul consumo di suolo a Roncaglia Come Confagricoltura Piacenza siamo favorevoli allo sviluppo del territorio valorizzando tutti i suoi asset fondamentali, non ci piace e ci preoccupa la mancanza di una strategia e di una programmazione che tenga in debito conto i nostri pi\u00f9 importanti comparti produttivi, tra cui il settore<\/p>\n","protected":false},"author":6,"featured_media":0,"comment_status":"open","ping_status":"open","sticky":false,"template":"","format":"standard","meta":{"wp_mapbox_gl_js_media":[],"footnotes":""},"categories":[335],"tags":[192,193],"class_list":["post-1571","post","type-post","status-publish","format-standard","hentry","category-archivio","tag-logistica","tag-roncaglia"],"yoast_head":"<!-- This site is optimized with the Yoast SEO plugin v26.8 - https:\/\/yoast.com\/product\/yoast-seo-wordpress\/ -->\n<title>OK AL RIMORCHIO PURCHE\u2019 NON SIA TRAINATO DAL TRATTORE? - Confagricoltura Piacenza<\/title>\n<meta name=\"robots\" content=\"index, follow, max-snippet:-1, max-image-preview:large, max-video-preview:-1\" \/>\n<link rel=\"canonical\" href=\"https:\/\/www.confagricoltura.org\/piacenza\/ok-al-rimorchio-purche-non-sia-trainato-dal-trattore\/\" \/>\n<meta property=\"og:locale\" content=\"it_IT\" \/>\n<meta property=\"og:type\" content=\"article\" \/>\n<meta property=\"og:title\" content=\"OK AL RIMORCHIO PURCHE\u2019 NON SIA TRAINATO DAL TRATTORE? - Confagricoltura Piacenza\" \/>\n<meta property=\"og:description\" content=\"Confagricoltura Piacenza \u00e8 critica sul consumo di suolo a Roncaglia Come Confagricoltura Piacenza siamo favorevoli allo sviluppo del territorio valorizzando tutti i suoi asset fondamentali, non ci piace e ci preoccupa la mancanza di una strategia e di una programmazione che tenga in debito conto i nostri pi\u00f9 importanti comparti produttivi, tra cui il settore\" \/>\n<meta property=\"og:url\" content=\"https:\/\/www.confagricoltura.org\/piacenza\/ok-al-rimorchio-purche-non-sia-trainato-dal-trattore\/\" \/>\n<meta property=\"og:site_name\" content=\"Confagricoltura Piacenza\" \/>\n<meta property=\"article:published_time\" content=\"2018-12-07T10:33:06+00:00\" \/>\n<meta property=\"article:modified_time\" content=\"2021-03-11T12:14:30+00:00\" \/>\n<meta property=\"og:image\" content=\"http:\/\/www.confagricoltura.org\/piacenza\/wp-content\/uploads\/sites\/3\/2017\/04\/Filippo-Gasparini.jpg\" \/>\n<meta name=\"author\" content=\"confagricolturapiacenza\" \/>\n<meta name=\"twitter:card\" content=\"summary_large_image\" \/>\n<meta name=\"twitter:label1\" content=\"Scritto da\" \/>\n\t<meta name=\"twitter:data1\" content=\"confagricolturapiacenza\" \/>\n\t<meta name=\"twitter:label2\" content=\"Tempo di lettura stimato\" \/>\n\t<meta name=\"twitter:data2\" content=\"2 minuti\" \/>\n<script type=\"application\/ld+json\" class=\"yoast-schema-graph\">{\"@context\":\"https:\/\/schema.org\",\"@graph\":[{\"@type\":\"Article\",\"@id\":\"https:\/\/www.confagricoltura.org\/piacenza\/ok-al-rimorchio-purche-non-sia-trainato-dal-trattore\/#article\",\"isPartOf\":{\"@id\":\"https:\/\/www.confagricoltura.org\/piacenza\/ok-al-rimorchio-purche-non-sia-trainato-dal-trattore\/\"},\"author\":{\"name\":\"confagricolturapiacenza\",\"@id\":\"https:\/\/www.confagricoltura.org\/piacenza\/#\/schema\/person\/be5da25a3117fea4b3bfec9dba09b5e8\"},\"headline\":\"OK AL RIMORCHIO PURCHE\u2019 NON SIA TRAINATO DAL TRATTORE?\",\"datePublished\":\"2018-12-07T10:33:06+00:00\",\"dateModified\":\"2021-03-11T12:14:30+00:00\",\"mainEntityOfPage\":{\"@id\":\"https:\/\/www.confagricoltura.org\/piacenza\/ok-al-rimorchio-purche-non-sia-trainato-dal-trattore\/\"},\"wordCount\":498,\"commentCount\":0,\"image\":{\"@id\":\"https:\/\/www.confagricoltura.org\/piacenza\/ok-al-rimorchio-purche-non-sia-trainato-dal-trattore\/#primaryimage\"},\"thumbnailUrl\":\"http:\/\/www.confagricoltura.org\/piacenza\/wp-content\/uploads\/sites\/3\/2017\/04\/Filippo-Gasparini.jpg\",\"keywords\":[\"LOGISTICA\",\"RONCAGLIA\"],\"articleSection\":[\"Archivio\"],\"inLanguage\":\"it-IT\"},{\"@type\":\"WebPage\",\"@id\":\"https:\/\/www.confagricoltura.org\/piacenza\/ok-al-rimorchio-purche-non-sia-trainato-dal-trattore\/\",\"url\":\"https:\/\/www.confagricoltura.org\/piacenza\/ok-al-rimorchio-purche-non-sia-trainato-dal-trattore\/\",\"name\":\"OK AL RIMORCHIO PURCHE\u2019 NON SIA TRAINATO DAL TRATTORE? - Confagricoltura Piacenza\",\"isPartOf\":{\"@id\":\"https:\/\/www.confagricoltura.org\/piacenza\/#website\"},\"primaryImageOfPage\":{\"@id\":\"https:\/\/www.confagricoltura.org\/piacenza\/ok-al-rimorchio-purche-non-sia-trainato-dal-trattore\/#primaryimage\"},\"image\":{\"@id\":\"https:\/\/www.confagricoltura.org\/piacenza\/ok-al-rimorchio-purche-non-sia-trainato-dal-trattore\/#primaryimage\"},\"thumbnailUrl\":\"http:\/\/www.confagricoltura.org\/piacenza\/wp-content\/uploads\/sites\/3\/2017\/04\/Filippo-Gasparini.jpg\",\"datePublished\":\"2018-12-07T10:33:06+00:00\",\"dateModified\":\"2021-03-11T12:14:30+00:00\",\"author\":{\"@id\":\"https:\/\/www.confagricoltura.org\/piacenza\/#\/schema\/person\/be5da25a3117fea4b3bfec9dba09b5e8\"},\"breadcrumb\":{\"@id\":\"https:\/\/www.confagricoltura.org\/piacenza\/ok-al-rimorchio-purche-non-sia-trainato-dal-trattore\/#breadcrumb\"},\"inLanguage\":\"it-IT\",\"potentialAction\":[{\"@type\":\"ReadAction\",\"target\":[\"https:\/\/www.confagricoltura.org\/piacenza\/ok-al-rimorchio-purche-non-sia-trainato-dal-trattore\/\"]}]},{\"@type\":\"ImageObject\",\"inLanguage\":\"it-IT\",\"@id\":\"https:\/\/www.confagricoltura.org\/piacenza\/ok-al-rimorchio-purche-non-sia-trainato-dal-trattore\/#primaryimage\",\"url\":\"http:\/\/www.confagricoltura.org\/piacenza\/wp-content\/uploads\/sites\/3\/2017\/04\/Filippo-Gasparini.jpg\",\"contentUrl\":\"http:\/\/www.confagricoltura.org\/piacenza\/wp-content\/uploads\/sites\/3\/2017\/04\/Filippo-Gasparini.jpg\"},{\"@type\":\"BreadcrumbList\",\"@id\":\"https:\/\/www.confagricoltura.org\/piacenza\/ok-al-rimorchio-purche-non-sia-trainato-dal-trattore\/#breadcrumb\",\"itemListElement\":[{\"@type\":\"ListItem\",\"position\":1,\"name\":\"Home\",\"item\":\"https:\/\/www.confagricoltura.org\/piacenza\/\"},{\"@type\":\"ListItem\",\"position\":2,\"name\":\"OK AL RIMORCHIO PURCHE\u2019 NON SIA TRAINATO DAL TRATTORE?\"}]},{\"@type\":\"WebSite\",\"@id\":\"https:\/\/www.confagricoltura.org\/piacenza\/#website\",\"url\":\"https:\/\/www.confagricoltura.org\/piacenza\/\",\"name\":\"Confagricoltura Piacenza\",\"description\":\"Dalla parte degli Agricoltori\",\"potentialAction\":[{\"@type\":\"SearchAction\",\"target\":{\"@type\":\"EntryPoint\",\"urlTemplate\":\"https:\/\/www.confagricoltura.org\/piacenza\/?s={search_term_string}\"},\"query-input\":{\"@type\":\"PropertyValueSpecification\",\"valueRequired\":true,\"valueName\":\"search_term_string\"}}],\"inLanguage\":\"it-IT\"},{\"@type\":\"Person\",\"@id\":\"https:\/\/www.confagricoltura.org\/piacenza\/#\/schema\/person\/be5da25a3117fea4b3bfec9dba09b5e8\",\"name\":\"confagricolturapiacenza\",\"image\":{\"@type\":\"ImageObject\",\"inLanguage\":\"it-IT\",\"@id\":\"https:\/\/www.confagricoltura.org\/piacenza\/#\/schema\/person\/image\/\",\"url\":\"https:\/\/secure.gravatar.com\/avatar\/9c5f111e417171581853bd0a3ff892ca?s=96&d=mm&r=g\",\"contentUrl\":\"https:\/\/secure.gravatar.com\/avatar\/9c5f111e417171581853bd0a3ff892ca?s=96&d=mm&r=g\",\"caption\":\"confagricolturapiacenza\"},\"url\":\"https:\/\/www.confagricoltura.org\/piacenza\/author\/confagricolturapiacenza\/\"}]}<\/script>\n<!-- \/ Yoast SEO plugin. -->","yoast_head_json":{"title":"OK AL RIMORCHIO PURCHE\u2019 NON SIA TRAINATO DAL TRATTORE? - Confagricoltura Piacenza","robots":{"index":"index","follow":"follow","max-snippet":"max-snippet:-1","max-image-preview":"max-image-preview:large","max-video-preview":"max-video-preview:-1"},"canonical":"https:\/\/www.confagricoltura.org\/piacenza\/ok-al-rimorchio-purche-non-sia-trainato-dal-trattore\/","og_locale":"it_IT","og_type":"article","og_title":"OK AL RIMORCHIO PURCHE\u2019 NON SIA TRAINATO DAL TRATTORE? - Confagricoltura Piacenza","og_description":"Confagricoltura Piacenza \u00e8 critica sul consumo di suolo a Roncaglia Come Confagricoltura Piacenza siamo favorevoli allo sviluppo del territorio valorizzando tutti i suoi asset fondamentali, non ci piace e ci preoccupa la mancanza di una strategia e di una programmazione che tenga in debito conto i nostri pi\u00f9 importanti comparti produttivi, tra cui il settore","og_url":"https:\/\/www.confagricoltura.org\/piacenza\/ok-al-rimorchio-purche-non-sia-trainato-dal-trattore\/","og_site_name":"Confagricoltura Piacenza","article_published_time":"2018-12-07T10:33:06+00:00","article_modified_time":"2021-03-11T12:14:30+00:00","og_image":[{"url":"http:\/\/www.confagricoltura.org\/piacenza\/wp-content\/uploads\/sites\/3\/2017\/04\/Filippo-Gasparini.jpg","type":"","width":"","height":""}],"author":"confagricolturapiacenza","twitter_card":"summary_large_image","twitter_misc":{"Scritto da":"confagricolturapiacenza","Tempo di lettura stimato":"2 minuti"},"schema":{"@context":"https:\/\/schema.org","@graph":[{"@type":"Article","@id":"https:\/\/www.confagricoltura.org\/piacenza\/ok-al-rimorchio-purche-non-sia-trainato-dal-trattore\/#article","isPartOf":{"@id":"https:\/\/www.confagricoltura.org\/piacenza\/ok-al-rimorchio-purche-non-sia-trainato-dal-trattore\/"},"author":{"name":"confagricolturapiacenza","@id":"https:\/\/www.confagricoltura.org\/piacenza\/#\/schema\/person\/be5da25a3117fea4b3bfec9dba09b5e8"},"headline":"OK AL RIMORCHIO PURCHE\u2019 NON SIA TRAINATO DAL TRATTORE?","datePublished":"2018-12-07T10:33:06+00:00","dateModified":"2021-03-11T12:14:30+00:00","mainEntityOfPage":{"@id":"https:\/\/www.confagricoltura.org\/piacenza\/ok-al-rimorchio-purche-non-sia-trainato-dal-trattore\/"},"wordCount":498,"commentCount":0,"image":{"@id":"https:\/\/www.confagricoltura.org\/piacenza\/ok-al-rimorchio-purche-non-sia-trainato-dal-trattore\/#primaryimage"},"thumbnailUrl":"http:\/\/www.confagricoltura.org\/piacenza\/wp-content\/uploads\/sites\/3\/2017\/04\/Filippo-Gasparini.jpg","keywords":["LOGISTICA","RONCAGLIA"],"articleSection":["Archivio"],"inLanguage":"it-IT"},{"@type":"WebPage","@id":"https:\/\/www.confagricoltura.org\/piacenza\/ok-al-rimorchio-purche-non-sia-trainato-dal-trattore\/","url":"https:\/\/www.confagricoltura.org\/piacenza\/ok-al-rimorchio-purche-non-sia-trainato-dal-trattore\/","name":"OK AL RIMORCHIO PURCHE\u2019 NON SIA TRAINATO DAL TRATTORE? - Confagricoltura Piacenza","isPartOf":{"@id":"https:\/\/www.confagricoltura.org\/piacenza\/#website"},"primaryImageOfPage":{"@id":"https:\/\/www.confagricoltura.org\/piacenza\/ok-al-rimorchio-purche-non-sia-trainato-dal-trattore\/#primaryimage"},"image":{"@id":"https:\/\/www.confagricoltura.org\/piacenza\/ok-al-rimorchio-purche-non-sia-trainato-dal-trattore\/#primaryimage"},"thumbnailUrl":"http:\/\/www.confagricoltura.org\/piacenza\/wp-content\/uploads\/sites\/3\/2017\/04\/Filippo-Gasparini.jpg","datePublished":"2018-12-07T10:33:06+00:00","dateModified":"2021-03-11T12:14:30+00:00","author":{"@id":"https:\/\/www.confagricoltura.org\/piacenza\/#\/schema\/person\/be5da25a3117fea4b3bfec9dba09b5e8"},"breadcrumb":{"@id":"https:\/\/www.confagricoltura.org\/piacenza\/ok-al-rimorchio-purche-non-sia-trainato-dal-trattore\/#breadcrumb"},"inLanguage":"it-IT","potentialAction":[{"@type":"ReadAction","target":["https:\/\/www.confagricoltura.org\/piacenza\/ok-al-rimorchio-purche-non-sia-trainato-dal-trattore\/"]}]},{"@type":"ImageObject","inLanguage":"it-IT","@id":"https:\/\/www.confagricoltura.org\/piacenza\/ok-al-rimorchio-purche-non-sia-trainato-dal-trattore\/#primaryimage","url":"http:\/\/www.confagricoltura.org\/piacenza\/wp-content\/uploads\/sites\/3\/2017\/04\/Filippo-Gasparini.jpg","contentUrl":"http:\/\/www.confagricoltura.org\/piacenza\/wp-content\/uploads\/sites\/3\/2017\/04\/Filippo-Gasparini.jpg"},{"@type":"BreadcrumbList","@id":"https:\/\/www.confagricoltura.org\/piacenza\/ok-al-rimorchio-purche-non-sia-trainato-dal-trattore\/#breadcrumb","itemListElement":[{"@type":"ListItem","position":1,"name":"Home","item":"https:\/\/www.confagricoltura.org\/piacenza\/"},{"@type":"ListItem","position":2,"name":"OK AL RIMORCHIO PURCHE\u2019 NON SIA TRAINATO DAL TRATTORE?"}]},{"@type":"WebSite","@id":"https:\/\/www.confagricoltura.org\/piacenza\/#website","url":"https:\/\/www.confagricoltura.org\/piacenza\/","name":"Confagricoltura Piacenza","description":"Dalla parte degli Agricoltori","potentialAction":[{"@type":"SearchAction","target":{"@type":"EntryPoint","urlTemplate":"https:\/\/www.confagricoltura.org\/piacenza\/?s={search_term_string}"},"query-input":{"@type":"PropertyValueSpecification","valueRequired":true,"valueName":"search_term_string"}}],"inLanguage":"it-IT"},{"@type":"Person","@id":"https:\/\/www.confagricoltura.org\/piacenza\/#\/schema\/person\/be5da25a3117fea4b3bfec9dba09b5e8","name":"confagricolturapiacenza","image":{"@type":"ImageObject","inLanguage":"it-IT","@id":"https:\/\/www.confagricoltura.org\/piacenza\/#\/schema\/person\/image\/","url":"https:\/\/secure.gravatar.com\/avatar\/9c5f111e417171581853bd0a3ff892ca?s=96&d=mm&r=g","contentUrl":"https:\/\/secure.gravatar.com\/avatar\/9c5f111e417171581853bd0a3ff892ca?s=96&d=mm&r=g","caption":"confagricolturapiacenza"},"url":"https:\/\/www.confagricoltura.org\/piacenza\/author\/confagricolturapiacenza\/"}]}},"_links":{"self":[{"href":"https:\/\/www.confagricoltura.org\/piacenza\/wp-json\/wp\/v2\/posts\/1571","targetHints":{"allow":["GET"]}}],"collection":[{"href":"https:\/\/www.confagricoltura.org\/piacenza\/wp-json\/wp\/v2\/posts"}],"about":[{"href":"https:\/\/www.confagricoltura.org\/piacenza\/wp-json\/wp\/v2\/types\/post"}],"author":[{"embeddable":true,"href":"https:\/\/www.confagricoltura.org\/piacenza\/wp-json\/wp\/v2\/users\/6"}],"replies":[{"embeddable":true,"href":"https:\/\/www.confagricoltura.org\/piacenza\/wp-json\/wp\/v2\/comments?post=1571"}],"version-history":[{"count":1,"href":"https:\/\/www.confagricoltura.org\/piacenza\/wp-json\/wp\/v2\/posts\/1571\/revisions"}],"predecessor-version":[{"id":2742,"href":"https:\/\/www.confagricoltura.org\/piacenza\/wp-json\/wp\/v2\/posts\/1571\/revisions\/2742"}],"wp:attachment":[{"href":"https:\/\/www.confagricoltura.org\/piacenza\/wp-json\/wp\/v2\/media?parent=1571"}],"wp:term":[{"taxonomy":"category","embeddable":true,"href":"https:\/\/www.confagricoltura.org\/piacenza\/wp-json\/wp\/v2\/categories?post=1571"},{"taxonomy":"post_tag","embeddable":true,"href":"https:\/\/www.confagricoltura.org\/piacenza\/wp-json\/wp\/v2\/tags?post=1571"}],"curies":[{"name":"wp","href":"https:\/\/api.w.org\/{rel}","templated":true}]}}