{"id":1480,"date":"2018-10-31T17:50:49","date_gmt":"2018-10-31T16:50:49","guid":{"rendered":"http:\/\/www.confagricoltura.org\/piacenza\/?p=1480"},"modified":"2021-03-11T13:14:31","modified_gmt":"2021-03-11T12:14:31","slug":"impiantare-noccioleti-nel-piacentino-via-alla-fase-realizzativa","status":"publish","type":"post","link":"https:\/\/www.confagricoltura.org\/piacenza\/impiantare-noccioleti-nel-piacentino-via-alla-fase-realizzativa\/","title":{"rendered":"IMPIANTARE NOCCIOLETI NEL PIACENTINO: VIA ALLA FASE REALIZZATIVA"},"content":{"rendered":"<p><strong><i><span style=\"color: #000000;font-family: Calibri;font-size: medium\">Incontro organizzativo il 6 novembre alle ore 17.00 nella Sala &#8220;Giammaria Visconti&#8221; di Confagricoltura Piacenza<\/span><\/i><\/strong><\/p>\n<p><span style=\"color: #000000;font-family: Calibri;font-size: medium\">\u00a0<\/span><\/p>\n<p><span style=\"font-family: Calibri\"><span style=\"font-size: medium\"><span style=\"color: #000000\">Confagricoltura Piacenza e Cia Piacenza stanno lavorando da qualche mese all\u2019avvio di una filiera corilicola piacentina. Diversi agricoltori sono interessati e un nutrito gruppo si \u00e8 anche recato in visita didattica nei noccioleti delle langhe. \u201cOra si tratta di decidere e partire, ciascuno per il proprio appezzamento, ma sin da subito in un\u2019ottica di collaborazione e di filiera. L\u2019aggregazione potrebbe essere uno strumento per affrontare in modo condiviso i necessari investimenti iniziali \u2013 spiega Giovanni Marchesi vicedirettore di Confagricoltura Piacenza e responsabile dei Servizi Tecnici che ha curato i precedenti appuntamenti dedicati al tema &#8211; e in prospettiva per dotarsi delle attrezzature per la meccanizzazione, non ultimo, per individuare gli opportuni canali commerciali, oltre che per avvalersi di pacchetti finanziari dedicati a supporto degli investimenti. Abbiamo deciso, insieme alla Confederazione Italiana Agricoltori, di fissare un ulteriore incontro tecnico-pratico contando sulla disponibilit\u00e0 di un esperto di settore, il professor Sergio Tombesi dell\u2019Universit\u00e0 Cattolica di Piacenza, con il quale abbiamo precedentemente condiviso un\u2019analisi delle scelte varietali, dei sesti d\u2019impianto ed altre nozioni tecniche da considerare quando si progetta un noccioleto. Con questo ulteriore appuntamento \u2013 prosegue Marchesi \u2013 vogliamo compiere un passo avanti e definire la fase operativa: chi parte, con che superfici, quali azioni si possono affrontare insieme\u201d. Visitando i noccioleti in Piemonte il gruppo di Confagricoltura ha potuto vedere esempi virtuosi di consorzi di produttori che hanno sostenuto e condiviso alcune spese per la meccanizzazione della raccolta, ad esempio, che si sono rivelate importanti per la produttivit\u00e0.\u00a0 \u201cNon a caso \u2013 conclude Marchesi \u2013 l\u2019invito all\u2019appuntamento \u00e8 rivolto a tutti gli interessati ed abbiamo coinvolto anche potenziali interessati associati alla Cia, perch\u00e9 la filiera di produttori sar\u00e0 territoriale\u201d. Per tutti coloro che vogliono essere presenti, la riunione \u00e8 fissata per <b>marted\u00ec 6 novembre alle ore 17.00 presso la sala Giammaria Visconti nella sede di Confagricoltura Piacenza<\/b><\/span><\/span><span style=\"color: #000000;font-size: medium\">.<\/span><\/span><\/p>\n<p>&nbsp;<\/p>\n<p><img loading=\"lazy\" decoding=\"async\" class=\"alignnone wp-image-1481 img-responsive\" src=\"http:\/\/www.confagricoltura.org\/piacenza\/wp-content\/uploads\/sites\/3\/2018\/10\/noccioleto.jpg\" alt=\"\" width=\"626\" height=\"380\" \/><\/p>\n<p><span style=\"color: #000000;font-family: Calibri;font-size: medium\">\u00a0<\/span><\/p>\n<p>&nbsp;<\/p>\n","protected":false},"excerpt":{"rendered":"<p>Incontro organizzativo il 6 novembre alle ore 17.00 nella Sala &#8220;Giammaria Visconti&#8221; di Confagricoltura Piacenza \u00a0 Confagricoltura Piacenza e Cia Piacenza stanno lavorando da qualche mese all\u2019avvio di una filiera corilicola piacentina. Diversi agricoltori sono interessati e un nutrito gruppo si \u00e8 anche recato in visita didattica nei noccioleti delle langhe. \u201cOra si tratta di<\/p>\n","protected":false},"author":6,"featured_media":0,"comment_status":"open","ping_status":"open","sticky":false,"template":"","format":"standard","meta":{"wp_mapbox_gl_js_media":[],"footnotes":""},"categories":[335],"tags":[181],"class_list":["post-1480","post","type-post","status-publish","format-standard","hentry","category-archivio","tag-noccioleto"],"yoast_head":"<!-- This site is optimized with the Yoast SEO plugin v26.8 - https:\/\/yoast.com\/product\/yoast-seo-wordpress\/ -->\n<title>IMPIANTARE NOCCIOLETI NEL PIACENTINO: VIA ALLA FASE REALIZZATIVA - Confagricoltura Piacenza<\/title>\n<meta name=\"robots\" content=\"index, follow, max-snippet:-1, max-image-preview:large, max-video-preview:-1\" \/>\n<link rel=\"canonical\" href=\"https:\/\/www.confagricoltura.org\/piacenza\/impiantare-noccioleti-nel-piacentino-via-alla-fase-realizzativa\/\" \/>\n<meta property=\"og:locale\" content=\"it_IT\" \/>\n<meta property=\"og:type\" content=\"article\" \/>\n<meta property=\"og:title\" content=\"IMPIANTARE NOCCIOLETI NEL PIACENTINO: VIA ALLA FASE REALIZZATIVA - Confagricoltura Piacenza\" \/>\n<meta property=\"og:description\" content=\"Incontro organizzativo il 6 novembre alle ore 17.00 nella Sala &#8220;Giammaria Visconti&#8221; di Confagricoltura Piacenza \u00a0 Confagricoltura Piacenza e Cia Piacenza stanno lavorando da qualche mese all\u2019avvio di una filiera corilicola piacentina. Diversi agricoltori sono interessati e un nutrito gruppo si \u00e8 anche recato in visita didattica nei noccioleti delle langhe. \u201cOra si tratta di\" \/>\n<meta property=\"og:url\" content=\"https:\/\/www.confagricoltura.org\/piacenza\/impiantare-noccioleti-nel-piacentino-via-alla-fase-realizzativa\/\" \/>\n<meta property=\"og:site_name\" content=\"Confagricoltura Piacenza\" \/>\n<meta property=\"article:published_time\" content=\"2018-10-31T16:50:49+00:00\" \/>\n<meta property=\"article:modified_time\" content=\"2021-03-11T12:14:31+00:00\" \/>\n<meta property=\"og:image\" content=\"http:\/\/www.confagricoltura.org\/piacenza\/wp-content\/uploads\/sites\/3\/2018\/10\/noccioleto.jpg\" \/>\n<meta name=\"author\" content=\"confagricolturapiacenza\" \/>\n<meta name=\"twitter:card\" content=\"summary_large_image\" \/>\n<meta name=\"twitter:label1\" content=\"Scritto da\" \/>\n\t<meta name=\"twitter:data1\" content=\"confagricolturapiacenza\" \/>\n\t<meta name=\"twitter:label2\" content=\"Tempo di lettura stimato\" \/>\n\t<meta name=\"twitter:data2\" content=\"2 minuti\" \/>\n<script type=\"application\/ld+json\" class=\"yoast-schema-graph\">{\"@context\":\"https:\/\/schema.org\",\"@graph\":[{\"@type\":\"Article\",\"@id\":\"https:\/\/www.confagricoltura.org\/piacenza\/impiantare-noccioleti-nel-piacentino-via-alla-fase-realizzativa\/#article\",\"isPartOf\":{\"@id\":\"https:\/\/www.confagricoltura.org\/piacenza\/impiantare-noccioleti-nel-piacentino-via-alla-fase-realizzativa\/\"},\"author\":{\"name\":\"confagricolturapiacenza\",\"@id\":\"https:\/\/www.confagricoltura.org\/piacenza\/#\/schema\/person\/be5da25a3117fea4b3bfec9dba09b5e8\"},\"headline\":\"IMPIANTARE NOCCIOLETI NEL PIACENTINO: VIA ALLA FASE REALIZZATIVA\",\"datePublished\":\"2018-10-31T16:50:49+00:00\",\"dateModified\":\"2021-03-11T12:14:31+00:00\",\"mainEntityOfPage\":{\"@id\":\"https:\/\/www.confagricoltura.org\/piacenza\/impiantare-noccioleti-nel-piacentino-via-alla-fase-realizzativa\/\"},\"wordCount\":327,\"commentCount\":1,\"image\":{\"@id\":\"https:\/\/www.confagricoltura.org\/piacenza\/impiantare-noccioleti-nel-piacentino-via-alla-fase-realizzativa\/#primaryimage\"},\"thumbnailUrl\":\"http:\/\/www.confagricoltura.org\/piacenza\/wp-content\/uploads\/sites\/3\/2018\/10\/noccioleto.jpg\",\"keywords\":[\"noccioleto\"],\"articleSection\":[\"Archivio\"],\"inLanguage\":\"it-IT\"},{\"@type\":\"WebPage\",\"@id\":\"https:\/\/www.confagricoltura.org\/piacenza\/impiantare-noccioleti-nel-piacentino-via-alla-fase-realizzativa\/\",\"url\":\"https:\/\/www.confagricoltura.org\/piacenza\/impiantare-noccioleti-nel-piacentino-via-alla-fase-realizzativa\/\",\"name\":\"IMPIANTARE NOCCIOLETI NEL PIACENTINO: VIA ALLA FASE REALIZZATIVA - Confagricoltura Piacenza\",\"isPartOf\":{\"@id\":\"https:\/\/www.confagricoltura.org\/piacenza\/#website\"},\"primaryImageOfPage\":{\"@id\":\"https:\/\/www.confagricoltura.org\/piacenza\/impiantare-noccioleti-nel-piacentino-via-alla-fase-realizzativa\/#primaryimage\"},\"image\":{\"@id\":\"https:\/\/www.confagricoltura.org\/piacenza\/impiantare-noccioleti-nel-piacentino-via-alla-fase-realizzativa\/#primaryimage\"},\"thumbnailUrl\":\"http:\/\/www.confagricoltura.org\/piacenza\/wp-content\/uploads\/sites\/3\/2018\/10\/noccioleto.jpg\",\"datePublished\":\"2018-10-31T16:50:49+00:00\",\"dateModified\":\"2021-03-11T12:14:31+00:00\",\"author\":{\"@id\":\"https:\/\/www.confagricoltura.org\/piacenza\/#\/schema\/person\/be5da25a3117fea4b3bfec9dba09b5e8\"},\"breadcrumb\":{\"@id\":\"https:\/\/www.confagricoltura.org\/piacenza\/impiantare-noccioleti-nel-piacentino-via-alla-fase-realizzativa\/#breadcrumb\"},\"inLanguage\":\"it-IT\",\"potentialAction\":[{\"@type\":\"ReadAction\",\"target\":[\"https:\/\/www.confagricoltura.org\/piacenza\/impiantare-noccioleti-nel-piacentino-via-alla-fase-realizzativa\/\"]}]},{\"@type\":\"ImageObject\",\"inLanguage\":\"it-IT\",\"@id\":\"https:\/\/www.confagricoltura.org\/piacenza\/impiantare-noccioleti-nel-piacentino-via-alla-fase-realizzativa\/#primaryimage\",\"url\":\"http:\/\/www.confagricoltura.org\/piacenza\/wp-content\/uploads\/sites\/3\/2018\/10\/noccioleto.jpg\",\"contentUrl\":\"http:\/\/www.confagricoltura.org\/piacenza\/wp-content\/uploads\/sites\/3\/2018\/10\/noccioleto.jpg\"},{\"@type\":\"BreadcrumbList\",\"@id\":\"https:\/\/www.confagricoltura.org\/piacenza\/impiantare-noccioleti-nel-piacentino-via-alla-fase-realizzativa\/#breadcrumb\",\"itemListElement\":[{\"@type\":\"ListItem\",\"position\":1,\"name\":\"Home\",\"item\":\"https:\/\/www.confagricoltura.org\/piacenza\/\"},{\"@type\":\"ListItem\",\"position\":2,\"name\":\"IMPIANTARE NOCCIOLETI NEL PIACENTINO: VIA ALLA FASE REALIZZATIVA\"}]},{\"@type\":\"WebSite\",\"@id\":\"https:\/\/www.confagricoltura.org\/piacenza\/#website\",\"url\":\"https:\/\/www.confagricoltura.org\/piacenza\/\",\"name\":\"Confagricoltura Piacenza\",\"description\":\"Dalla parte degli Agricoltori\",\"potentialAction\":[{\"@type\":\"SearchAction\",\"target\":{\"@type\":\"EntryPoint\",\"urlTemplate\":\"https:\/\/www.confagricoltura.org\/piacenza\/?s={search_term_string}\"},\"query-input\":{\"@type\":\"PropertyValueSpecification\",\"valueRequired\":true,\"valueName\":\"search_term_string\"}}],\"inLanguage\":\"it-IT\"},{\"@type\":\"Person\",\"@id\":\"https:\/\/www.confagricoltura.org\/piacenza\/#\/schema\/person\/be5da25a3117fea4b3bfec9dba09b5e8\",\"name\":\"confagricolturapiacenza\",\"image\":{\"@type\":\"ImageObject\",\"inLanguage\":\"it-IT\",\"@id\":\"https:\/\/www.confagricoltura.org\/piacenza\/#\/schema\/person\/image\/\",\"url\":\"https:\/\/secure.gravatar.com\/avatar\/9c5f111e417171581853bd0a3ff892ca?s=96&d=mm&r=g\",\"contentUrl\":\"https:\/\/secure.gravatar.com\/avatar\/9c5f111e417171581853bd0a3ff892ca?s=96&d=mm&r=g\",\"caption\":\"confagricolturapiacenza\"},\"url\":\"https:\/\/www.confagricoltura.org\/piacenza\/author\/confagricolturapiacenza\/\"}]}<\/script>\n<!-- \/ Yoast SEO plugin. -->","yoast_head_json":{"title":"IMPIANTARE NOCCIOLETI NEL PIACENTINO: VIA ALLA FASE REALIZZATIVA - Confagricoltura Piacenza","robots":{"index":"index","follow":"follow","max-snippet":"max-snippet:-1","max-image-preview":"max-image-preview:large","max-video-preview":"max-video-preview:-1"},"canonical":"https:\/\/www.confagricoltura.org\/piacenza\/impiantare-noccioleti-nel-piacentino-via-alla-fase-realizzativa\/","og_locale":"it_IT","og_type":"article","og_title":"IMPIANTARE NOCCIOLETI NEL PIACENTINO: VIA ALLA FASE REALIZZATIVA - Confagricoltura Piacenza","og_description":"Incontro organizzativo il 6 novembre alle ore 17.00 nella Sala &#8220;Giammaria Visconti&#8221; di Confagricoltura Piacenza \u00a0 Confagricoltura Piacenza e Cia Piacenza stanno lavorando da qualche mese all\u2019avvio di una filiera corilicola piacentina. Diversi agricoltori sono interessati e un nutrito gruppo si \u00e8 anche recato in visita didattica nei noccioleti delle langhe. \u201cOra si tratta di","og_url":"https:\/\/www.confagricoltura.org\/piacenza\/impiantare-noccioleti-nel-piacentino-via-alla-fase-realizzativa\/","og_site_name":"Confagricoltura Piacenza","article_published_time":"2018-10-31T16:50:49+00:00","article_modified_time":"2021-03-11T12:14:31+00:00","og_image":[{"url":"http:\/\/www.confagricoltura.org\/piacenza\/wp-content\/uploads\/sites\/3\/2018\/10\/noccioleto.jpg","type":"","width":"","height":""}],"author":"confagricolturapiacenza","twitter_card":"summary_large_image","twitter_misc":{"Scritto da":"confagricolturapiacenza","Tempo di lettura stimato":"2 minuti"},"schema":{"@context":"https:\/\/schema.org","@graph":[{"@type":"Article","@id":"https:\/\/www.confagricoltura.org\/piacenza\/impiantare-noccioleti-nel-piacentino-via-alla-fase-realizzativa\/#article","isPartOf":{"@id":"https:\/\/www.confagricoltura.org\/piacenza\/impiantare-noccioleti-nel-piacentino-via-alla-fase-realizzativa\/"},"author":{"name":"confagricolturapiacenza","@id":"https:\/\/www.confagricoltura.org\/piacenza\/#\/schema\/person\/be5da25a3117fea4b3bfec9dba09b5e8"},"headline":"IMPIANTARE NOCCIOLETI NEL PIACENTINO: VIA ALLA FASE REALIZZATIVA","datePublished":"2018-10-31T16:50:49+00:00","dateModified":"2021-03-11T12:14:31+00:00","mainEntityOfPage":{"@id":"https:\/\/www.confagricoltura.org\/piacenza\/impiantare-noccioleti-nel-piacentino-via-alla-fase-realizzativa\/"},"wordCount":327,"commentCount":1,"image":{"@id":"https:\/\/www.confagricoltura.org\/piacenza\/impiantare-noccioleti-nel-piacentino-via-alla-fase-realizzativa\/#primaryimage"},"thumbnailUrl":"http:\/\/www.confagricoltura.org\/piacenza\/wp-content\/uploads\/sites\/3\/2018\/10\/noccioleto.jpg","keywords":["noccioleto"],"articleSection":["Archivio"],"inLanguage":"it-IT"},{"@type":"WebPage","@id":"https:\/\/www.confagricoltura.org\/piacenza\/impiantare-noccioleti-nel-piacentino-via-alla-fase-realizzativa\/","url":"https:\/\/www.confagricoltura.org\/piacenza\/impiantare-noccioleti-nel-piacentino-via-alla-fase-realizzativa\/","name":"IMPIANTARE NOCCIOLETI NEL PIACENTINO: VIA ALLA FASE REALIZZATIVA - Confagricoltura Piacenza","isPartOf":{"@id":"https:\/\/www.confagricoltura.org\/piacenza\/#website"},"primaryImageOfPage":{"@id":"https:\/\/www.confagricoltura.org\/piacenza\/impiantare-noccioleti-nel-piacentino-via-alla-fase-realizzativa\/#primaryimage"},"image":{"@id":"https:\/\/www.confagricoltura.org\/piacenza\/impiantare-noccioleti-nel-piacentino-via-alla-fase-realizzativa\/#primaryimage"},"thumbnailUrl":"http:\/\/www.confagricoltura.org\/piacenza\/wp-content\/uploads\/sites\/3\/2018\/10\/noccioleto.jpg","datePublished":"2018-10-31T16:50:49+00:00","dateModified":"2021-03-11T12:14:31+00:00","author":{"@id":"https:\/\/www.confagricoltura.org\/piacenza\/#\/schema\/person\/be5da25a3117fea4b3bfec9dba09b5e8"},"breadcrumb":{"@id":"https:\/\/www.confagricoltura.org\/piacenza\/impiantare-noccioleti-nel-piacentino-via-alla-fase-realizzativa\/#breadcrumb"},"inLanguage":"it-IT","potentialAction":[{"@type":"ReadAction","target":["https:\/\/www.confagricoltura.org\/piacenza\/impiantare-noccioleti-nel-piacentino-via-alla-fase-realizzativa\/"]}]},{"@type":"ImageObject","inLanguage":"it-IT","@id":"https:\/\/www.confagricoltura.org\/piacenza\/impiantare-noccioleti-nel-piacentino-via-alla-fase-realizzativa\/#primaryimage","url":"http:\/\/www.confagricoltura.org\/piacenza\/wp-content\/uploads\/sites\/3\/2018\/10\/noccioleto.jpg","contentUrl":"http:\/\/www.confagricoltura.org\/piacenza\/wp-content\/uploads\/sites\/3\/2018\/10\/noccioleto.jpg"},{"@type":"BreadcrumbList","@id":"https:\/\/www.confagricoltura.org\/piacenza\/impiantare-noccioleti-nel-piacentino-via-alla-fase-realizzativa\/#breadcrumb","itemListElement":[{"@type":"ListItem","position":1,"name":"Home","item":"https:\/\/www.confagricoltura.org\/piacenza\/"},{"@type":"ListItem","position":2,"name":"IMPIANTARE NOCCIOLETI NEL PIACENTINO: VIA ALLA FASE REALIZZATIVA"}]},{"@type":"WebSite","@id":"https:\/\/www.confagricoltura.org\/piacenza\/#website","url":"https:\/\/www.confagricoltura.org\/piacenza\/","name":"Confagricoltura Piacenza","description":"Dalla parte degli Agricoltori","potentialAction":[{"@type":"SearchAction","target":{"@type":"EntryPoint","urlTemplate":"https:\/\/www.confagricoltura.org\/piacenza\/?s={search_term_string}"},"query-input":{"@type":"PropertyValueSpecification","valueRequired":true,"valueName":"search_term_string"}}],"inLanguage":"it-IT"},{"@type":"Person","@id":"https:\/\/www.confagricoltura.org\/piacenza\/#\/schema\/person\/be5da25a3117fea4b3bfec9dba09b5e8","name":"confagricolturapiacenza","image":{"@type":"ImageObject","inLanguage":"it-IT","@id":"https:\/\/www.confagricoltura.org\/piacenza\/#\/schema\/person\/image\/","url":"https:\/\/secure.gravatar.com\/avatar\/9c5f111e417171581853bd0a3ff892ca?s=96&d=mm&r=g","contentUrl":"https:\/\/secure.gravatar.com\/avatar\/9c5f111e417171581853bd0a3ff892ca?s=96&d=mm&r=g","caption":"confagricolturapiacenza"},"url":"https:\/\/www.confagricoltura.org\/piacenza\/author\/confagricolturapiacenza\/"}]}},"_links":{"self":[{"href":"https:\/\/www.confagricoltura.org\/piacenza\/wp-json\/wp\/v2\/posts\/1480","targetHints":{"allow":["GET"]}}],"collection":[{"href":"https:\/\/www.confagricoltura.org\/piacenza\/wp-json\/wp\/v2\/posts"}],"about":[{"href":"https:\/\/www.confagricoltura.org\/piacenza\/wp-json\/wp\/v2\/types\/post"}],"author":[{"embeddable":true,"href":"https:\/\/www.confagricoltura.org\/piacenza\/wp-json\/wp\/v2\/users\/6"}],"replies":[{"embeddable":true,"href":"https:\/\/www.confagricoltura.org\/piacenza\/wp-json\/wp\/v2\/comments?post=1480"}],"version-history":[{"count":1,"href":"https:\/\/www.confagricoltura.org\/piacenza\/wp-json\/wp\/v2\/posts\/1480\/revisions"}],"predecessor-version":[{"id":2755,"href":"https:\/\/www.confagricoltura.org\/piacenza\/wp-json\/wp\/v2\/posts\/1480\/revisions\/2755"}],"wp:attachment":[{"href":"https:\/\/www.confagricoltura.org\/piacenza\/wp-json\/wp\/v2\/media?parent=1480"}],"wp:term":[{"taxonomy":"category","embeddable":true,"href":"https:\/\/www.confagricoltura.org\/piacenza\/wp-json\/wp\/v2\/categories?post=1480"},{"taxonomy":"post_tag","embeddable":true,"href":"https:\/\/www.confagricoltura.org\/piacenza\/wp-json\/wp\/v2\/tags?post=1480"}],"curies":[{"name":"wp","href":"https:\/\/api.w.org\/{rel}","templated":true}]}}