{"id":1435,"date":"2018-10-09T12:26:22","date_gmt":"2018-10-09T10:26:22","guid":{"rendered":"http:\/\/www.confagricoltura.org\/piacenza\/?p=1435"},"modified":"2021-03-11T13:14:31","modified_gmt":"2021-03-11T12:14:31","slug":"la-pac-riconosca-che-non-ce-presidio-del-territorio-senza-attivita-agricola","status":"publish","type":"post","link":"https:\/\/www.confagricoltura.org\/piacenza\/la-pac-riconosca-che-non-ce-presidio-del-territorio-senza-attivita-agricola\/","title":{"rendered":"LA PAC RICONOSCA CHE NON C&#8217;\u00c8 PRESIDIO DEL TERRITORIO SENZA ATTIVITA\u2019 AGRICOLA"},"content":{"rendered":"<h4><em>Gasparini: no alla rinazionalizzazione e basta con le norme che uccidono le imprese agricole <\/em><\/h4>\n<p><em>\u00a0<\/em><\/p>\n<p>Confagricoltura Piacenza plaude alla riuscita a Strasburgo dell\u2019evento, del 3 ottobre, dell\u2019Alleanza delle Regioni Agricole costituitasi per dire no alla rinazionalizzazione della Pac, ai i tagli del budget della politica agricola e per rivendicare il ruolo delle Regioni nella definizione e gestione di misure vicine alle esigenze locali dei territori. Molti parlamentari hanno partecipato all\u2019evento, organizzato insieme agli Onorevoli Paolo De Castro, Michel Dantin e Clara Aguilera, garantendo il supporto alle posizioni espresse dalle 11 Regioni che hanno dato vita all\u2019Alleanza trasversale ai Paesi ed agli orientamenti politici, che si sta gi\u00e0 allargando ad altre. \u201cRingraziamo l\u2019Assessore regionale all\u2019Agricoltura Simona Caselli \u2013 commenta Filippo Gasparini \u2013 perch\u00e9 porta in Europa le esigenze del territorio. La proposta della Commissione prevede una sensibile riduzione delle risorse per l\u2019agricoltura, un taglio a prezzi correnti di circa il 4% sul primo pilastro (premio unico Pac) e di circa il 15% sul secondo pilastro (Psr), che ci vede fermamente contrari, come peraltro abbiamo evidenziato a tutti i livelli. Ci preoccupa poi l\u2019ipotesi di rinazionalizzazione, cos\u00ec come posta, perch\u00e9 porterebbe ad applicazioni difformi nei vari Paesi membri con un impatto per noi particolarmente negativo. Prima di tutto, perch\u00e9 siamo sempre stati rigorosi a interpretare nel modo a noi pi\u00f9 sfavorevole le direttive comunitarie complicandoci con norme applicative particolarmente rigide, in secondo luogo, perch\u00e9, per come \u00e8 impostato lo Stato italiano, le competenze in agricoltura sono demandate alle Regioni e questo nuovo assetto non farebbe che introdurre ulteriori discrepanze nell\u2019interpretazione e nell\u2019applicazione da parte di quest\u2019ultime\u201d. Confagricoltura Piacenza sottoscrive quanto pi\u00f9 volte espresso anche da Confagricoltura Nazionale e ritiene condivisibile che tra le priorit\u00e0 ci siano la semplificazione, meno burocrazia e pi\u00f9 incentivi per affrontare le sfide emergenti.\u00a0 \u201cIn questa fase in cui alla Commissione vengono chieste le modifiche ai testi regolamentari \u2013 sottolinea Gasparini &#8211;\u00a0 torniamo inoltre a ribadire che l\u2019agricoltura non pu\u00f2 pi\u00f9 tollerare misure che strizzano l\u2019occhio all\u2019ambientalismo e non tengono in dovuto conto l\u2019ambiente. Sar\u00f2 pi\u00f9 chiaro: non sono sostenibili costi di misure ambientali e di benessere animale di nulla efficacia e annoverate come obblighi cogenti. Siamo contrari al fatto che si continui ad alzare l\u2019asticella degli obblighi ambientali e di benessere animale, che per le aziende sono costi certi, senza che il mercato e la politica siano disponibili a riconoscerli con un surplus, oltretutto anche in considerazione del fatto che non sussistono evidenze scientifiche dell\u2019impatto negativo apportato dalla nostra agricoltura e dai nostri allevamenti\u00a0 mentre, per contro, ci\u00f2 che produciamo \u00e8 sano e sostenibile, come i necessari controlli attestano, e le nostre eccellenze sono invidiate e apprezzate da tutto il mondo\u201d.\u00a0 Secondo le proposte in fase di discussione gli Stati membri potranno adottare un sostegno volontario per il clima e l\u2019ambiente (regimi ecologici) tramite un pagamento annuale per ettaro agli agricoltori che si impegnano volontariamente a osservare determinate pratiche agricole benefiche per il clima e l\u2019ambiente. Gli Stati membri definiranno le condizioni di accesso ai \u201cregimi ecologici\u201d nei loro piani strategici sulla Pac; in altre parole, saranno gli Stati Membri a definire l\u2019elenco delle pratiche agricole benefiche per il clima e l\u2019ambiente. Gli impegni assunti dai beneficiari dovranno andare al di l\u00e0 delle norme obbligatorie stabilite per la condizionalit\u00e0, nonch\u00e9 altri pertinenti requisiti obbligatori stabiliti dalle autorit\u00e0 nazionali. \u201cNon ci sar\u00e0 pi\u00f9 il greening rivelatosi strumento inefficace, se ci avessero ascoltato avrebbero evitato questa costosa sperimentazione \u2013 ricorda Gasparini \u2013 peccato che diversi adempimenti annoverati nel greening e oggi agganciati a sistemi di primalit\u00e0, rischiano di divenire cogenti. Sussiste poi il rischio che ciascun Paese determini quali pratiche rientrano nelle misure agroambientali. Le cronache recenti riportano come esempio di sostenibilit\u00e0 ambientale un allevamento costruito sul mare in Olanda, altamente intensivo e autosufficiente. Una concezione che tutto sommato pu\u00f2 anche trovarci d\u2019accordo, ma che stride con l\u2019approccio tipicamente nord Europeo a favore dei pascoli e dell\u2019agricoltura estensiva fino a ieri indicata quale esempio dalle lobby ambientaliste. Insomma \u2013 conclude Gasparini \u2013 la sensazione \u00e8 che con questo approccio si aumenti l\u2019aleatoriet\u00e0 delle decisioni a tutto discapito dell\u2019agricoltura moderna, tecnologica e produttiva, oltretutto agevolando distorsioni di mercato tra i Paesi membri. Per contro, non vogliamo una Pac europea pennellata di ambientalismo vecchio stile che ci ponga fuori competizione rispetto alle altre agricolture evolute del pianeta. Venendo a noi, in un Paese in cui mancano le risorse per manutenere le infrastrutture bisogna tornare ai fondamentali per poter guardare al futuro. La perdita di competitivit\u00e0 \u2013 rimarca Gasparini \u2013 di questi onerosi obblighi, mina la sostenibilit\u00e0, termine che presuppone la sostenibilit\u00e0 economica, delle aziende agricole. Se le aziende agricole chiudono l\u2019ambiente viene lasciato a se stesso e viene meno il presidio del territorio, senza considerare i danni economici per tutta la filiera agroalimentare che vengono cos\u00ec provocati minando le fondamenta di un sistema agricolo che, oltretutto, \u00e8 sano e virtuoso\u201d.<\/p>\n<p><img loading=\"lazy\" decoding=\"async\" class=\"alignnone wp-image-816 img-responsive\" src=\"http:\/\/www.confagricoltura.org\/piacenza\/wp-content\/uploads\/sites\/3\/2017\/04\/Filippo-Gasparini.jpg\" alt=\"\" width=\"574\" height=\"766\" \/><\/p>\n<p>Filippo Gasparini \u2013 presidente di Confagricoltura Piacenza<\/p>\n<p>&nbsp;<\/p>\n","protected":false},"excerpt":{"rendered":"<p>Gasparini: no alla rinazionalizzazione e basta con le norme che uccidono le imprese agricole \u00a0 Confagricoltura Piacenza plaude alla riuscita a Strasburgo dell\u2019evento, del 3 ottobre, dell\u2019Alleanza delle Regioni Agricole costituitasi per dire no alla rinazionalizzazione della Pac, ai i tagli del budget della politica agricola e per rivendicare il ruolo delle Regioni nella definizione<\/p>\n","protected":false},"author":6,"featured_media":0,"comment_status":"open","ping_status":"open","sticky":false,"template":"","format":"standard","meta":{"wp_mapbox_gl_js_media":[],"footnotes":""},"categories":[335],"tags":[86],"class_list":["post-1435","post","type-post","status-publish","format-standard","hentry","category-archivio","tag-gasparini-filippo"],"yoast_head":"<!-- This site is optimized with the Yoast SEO plugin v26.8 - https:\/\/yoast.com\/product\/yoast-seo-wordpress\/ -->\n<title>LA PAC RICONOSCA CHE NON C&#039;\u00c8 PRESIDIO DEL TERRITORIO SENZA ATTIVITA\u2019 AGRICOLA - Confagricoltura Piacenza<\/title>\n<meta name=\"robots\" content=\"index, follow, max-snippet:-1, max-image-preview:large, max-video-preview:-1\" \/>\n<link rel=\"canonical\" href=\"https:\/\/www.confagricoltura.org\/piacenza\/la-pac-riconosca-che-non-ce-presidio-del-territorio-senza-attivita-agricola\/\" \/>\n<meta property=\"og:locale\" content=\"it_IT\" \/>\n<meta property=\"og:type\" content=\"article\" \/>\n<meta property=\"og:title\" content=\"LA PAC RICONOSCA CHE NON C&#039;\u00c8 PRESIDIO DEL TERRITORIO SENZA ATTIVITA\u2019 AGRICOLA - Confagricoltura Piacenza\" \/>\n<meta property=\"og:description\" content=\"Gasparini: no alla rinazionalizzazione e basta con le norme che uccidono le imprese agricole \u00a0 Confagricoltura Piacenza plaude alla riuscita a Strasburgo dell\u2019evento, del 3 ottobre, dell\u2019Alleanza delle Regioni Agricole costituitasi per dire no alla rinazionalizzazione della Pac, ai i tagli del budget della politica agricola e per rivendicare il ruolo delle Regioni nella definizione\" \/>\n<meta property=\"og:url\" content=\"https:\/\/www.confagricoltura.org\/piacenza\/la-pac-riconosca-che-non-ce-presidio-del-territorio-senza-attivita-agricola\/\" \/>\n<meta property=\"og:site_name\" content=\"Confagricoltura Piacenza\" \/>\n<meta property=\"article:published_time\" content=\"2018-10-09T10:26:22+00:00\" \/>\n<meta property=\"article:modified_time\" content=\"2021-03-11T12:14:31+00:00\" \/>\n<meta property=\"og:image\" content=\"http:\/\/www.confagricoltura.org\/piacenza\/wp-content\/uploads\/sites\/3\/2017\/04\/Filippo-Gasparini.jpg\" \/>\n<meta name=\"author\" content=\"confagricolturapiacenza\" \/>\n<meta name=\"twitter:card\" content=\"summary_large_image\" \/>\n<meta name=\"twitter:label1\" content=\"Scritto da\" \/>\n\t<meta name=\"twitter:data1\" content=\"confagricolturapiacenza\" \/>\n\t<meta name=\"twitter:label2\" content=\"Tempo di lettura stimato\" \/>\n\t<meta name=\"twitter:data2\" content=\"4 minuti\" \/>\n<script type=\"application\/ld+json\" class=\"yoast-schema-graph\">{\"@context\":\"https:\/\/schema.org\",\"@graph\":[{\"@type\":\"Article\",\"@id\":\"https:\/\/www.confagricoltura.org\/piacenza\/la-pac-riconosca-che-non-ce-presidio-del-territorio-senza-attivita-agricola\/#article\",\"isPartOf\":{\"@id\":\"https:\/\/www.confagricoltura.org\/piacenza\/la-pac-riconosca-che-non-ce-presidio-del-territorio-senza-attivita-agricola\/\"},\"author\":{\"name\":\"confagricolturapiacenza\",\"@id\":\"https:\/\/www.confagricoltura.org\/piacenza\/#\/schema\/person\/be5da25a3117fea4b3bfec9dba09b5e8\"},\"headline\":\"LA PAC RICONOSCA CHE NON C&#8217;\u00c8 PRESIDIO DEL TERRITORIO SENZA ATTIVITA\u2019 AGRICOLA\",\"datePublished\":\"2018-10-09T10:26:22+00:00\",\"dateModified\":\"2021-03-11T12:14:31+00:00\",\"mainEntityOfPage\":{\"@id\":\"https:\/\/www.confagricoltura.org\/piacenza\/la-pac-riconosca-che-non-ce-presidio-del-territorio-senza-attivita-agricola\/\"},\"wordCount\":837,\"commentCount\":0,\"image\":{\"@id\":\"https:\/\/www.confagricoltura.org\/piacenza\/la-pac-riconosca-che-non-ce-presidio-del-territorio-senza-attivita-agricola\/#primaryimage\"},\"thumbnailUrl\":\"http:\/\/www.confagricoltura.org\/piacenza\/wp-content\/uploads\/sites\/3\/2017\/04\/Filippo-Gasparini.jpg\",\"keywords\":[\"gasparini filippo\"],\"articleSection\":[\"Archivio\"],\"inLanguage\":\"it-IT\"},{\"@type\":\"WebPage\",\"@id\":\"https:\/\/www.confagricoltura.org\/piacenza\/la-pac-riconosca-che-non-ce-presidio-del-territorio-senza-attivita-agricola\/\",\"url\":\"https:\/\/www.confagricoltura.org\/piacenza\/la-pac-riconosca-che-non-ce-presidio-del-territorio-senza-attivita-agricola\/\",\"name\":\"LA PAC RICONOSCA CHE NON C'\u00c8 PRESIDIO DEL TERRITORIO SENZA ATTIVITA\u2019 AGRICOLA - Confagricoltura Piacenza\",\"isPartOf\":{\"@id\":\"https:\/\/www.confagricoltura.org\/piacenza\/#website\"},\"primaryImageOfPage\":{\"@id\":\"https:\/\/www.confagricoltura.org\/piacenza\/la-pac-riconosca-che-non-ce-presidio-del-territorio-senza-attivita-agricola\/#primaryimage\"},\"image\":{\"@id\":\"https:\/\/www.confagricoltura.org\/piacenza\/la-pac-riconosca-che-non-ce-presidio-del-territorio-senza-attivita-agricola\/#primaryimage\"},\"thumbnailUrl\":\"http:\/\/www.confagricoltura.org\/piacenza\/wp-content\/uploads\/sites\/3\/2017\/04\/Filippo-Gasparini.jpg\",\"datePublished\":\"2018-10-09T10:26:22+00:00\",\"dateModified\":\"2021-03-11T12:14:31+00:00\",\"author\":{\"@id\":\"https:\/\/www.confagricoltura.org\/piacenza\/#\/schema\/person\/be5da25a3117fea4b3bfec9dba09b5e8\"},\"breadcrumb\":{\"@id\":\"https:\/\/www.confagricoltura.org\/piacenza\/la-pac-riconosca-che-non-ce-presidio-del-territorio-senza-attivita-agricola\/#breadcrumb\"},\"inLanguage\":\"it-IT\",\"potentialAction\":[{\"@type\":\"ReadAction\",\"target\":[\"https:\/\/www.confagricoltura.org\/piacenza\/la-pac-riconosca-che-non-ce-presidio-del-territorio-senza-attivita-agricola\/\"]}]},{\"@type\":\"ImageObject\",\"inLanguage\":\"it-IT\",\"@id\":\"https:\/\/www.confagricoltura.org\/piacenza\/la-pac-riconosca-che-non-ce-presidio-del-territorio-senza-attivita-agricola\/#primaryimage\",\"url\":\"http:\/\/www.confagricoltura.org\/piacenza\/wp-content\/uploads\/sites\/3\/2017\/04\/Filippo-Gasparini.jpg\",\"contentUrl\":\"http:\/\/www.confagricoltura.org\/piacenza\/wp-content\/uploads\/sites\/3\/2017\/04\/Filippo-Gasparini.jpg\"},{\"@type\":\"BreadcrumbList\",\"@id\":\"https:\/\/www.confagricoltura.org\/piacenza\/la-pac-riconosca-che-non-ce-presidio-del-territorio-senza-attivita-agricola\/#breadcrumb\",\"itemListElement\":[{\"@type\":\"ListItem\",\"position\":1,\"name\":\"Home\",\"item\":\"https:\/\/www.confagricoltura.org\/piacenza\/\"},{\"@type\":\"ListItem\",\"position\":2,\"name\":\"LA PAC RICONOSCA CHE NON C&#8217;\u00c8 PRESIDIO DEL TERRITORIO SENZA ATTIVITA\u2019 AGRICOLA\"}]},{\"@type\":\"WebSite\",\"@id\":\"https:\/\/www.confagricoltura.org\/piacenza\/#website\",\"url\":\"https:\/\/www.confagricoltura.org\/piacenza\/\",\"name\":\"Confagricoltura Piacenza\",\"description\":\"Dalla parte degli Agricoltori\",\"potentialAction\":[{\"@type\":\"SearchAction\",\"target\":{\"@type\":\"EntryPoint\",\"urlTemplate\":\"https:\/\/www.confagricoltura.org\/piacenza\/?s={search_term_string}\"},\"query-input\":{\"@type\":\"PropertyValueSpecification\",\"valueRequired\":true,\"valueName\":\"search_term_string\"}}],\"inLanguage\":\"it-IT\"},{\"@type\":\"Person\",\"@id\":\"https:\/\/www.confagricoltura.org\/piacenza\/#\/schema\/person\/be5da25a3117fea4b3bfec9dba09b5e8\",\"name\":\"confagricolturapiacenza\",\"image\":{\"@type\":\"ImageObject\",\"inLanguage\":\"it-IT\",\"@id\":\"https:\/\/www.confagricoltura.org\/piacenza\/#\/schema\/person\/image\/\",\"url\":\"https:\/\/secure.gravatar.com\/avatar\/9c5f111e417171581853bd0a3ff892ca?s=96&d=mm&r=g\",\"contentUrl\":\"https:\/\/secure.gravatar.com\/avatar\/9c5f111e417171581853bd0a3ff892ca?s=96&d=mm&r=g\",\"caption\":\"confagricolturapiacenza\"},\"url\":\"https:\/\/www.confagricoltura.org\/piacenza\/author\/confagricolturapiacenza\/\"}]}<\/script>\n<!-- \/ Yoast SEO plugin. -->","yoast_head_json":{"title":"LA PAC RICONOSCA CHE NON C'\u00c8 PRESIDIO DEL TERRITORIO SENZA ATTIVITA\u2019 AGRICOLA - Confagricoltura Piacenza","robots":{"index":"index","follow":"follow","max-snippet":"max-snippet:-1","max-image-preview":"max-image-preview:large","max-video-preview":"max-video-preview:-1"},"canonical":"https:\/\/www.confagricoltura.org\/piacenza\/la-pac-riconosca-che-non-ce-presidio-del-territorio-senza-attivita-agricola\/","og_locale":"it_IT","og_type":"article","og_title":"LA PAC RICONOSCA CHE NON C'\u00c8 PRESIDIO DEL TERRITORIO SENZA ATTIVITA\u2019 AGRICOLA - Confagricoltura Piacenza","og_description":"Gasparini: no alla rinazionalizzazione e basta con le norme che uccidono le imprese agricole \u00a0 Confagricoltura Piacenza plaude alla riuscita a Strasburgo dell\u2019evento, del 3 ottobre, dell\u2019Alleanza delle Regioni Agricole costituitasi per dire no alla rinazionalizzazione della Pac, ai i tagli del budget della politica agricola e per rivendicare il ruolo delle Regioni nella definizione","og_url":"https:\/\/www.confagricoltura.org\/piacenza\/la-pac-riconosca-che-non-ce-presidio-del-territorio-senza-attivita-agricola\/","og_site_name":"Confagricoltura Piacenza","article_published_time":"2018-10-09T10:26:22+00:00","article_modified_time":"2021-03-11T12:14:31+00:00","og_image":[{"url":"http:\/\/www.confagricoltura.org\/piacenza\/wp-content\/uploads\/sites\/3\/2017\/04\/Filippo-Gasparini.jpg","type":"","width":"","height":""}],"author":"confagricolturapiacenza","twitter_card":"summary_large_image","twitter_misc":{"Scritto da":"confagricolturapiacenza","Tempo di lettura stimato":"4 minuti"},"schema":{"@context":"https:\/\/schema.org","@graph":[{"@type":"Article","@id":"https:\/\/www.confagricoltura.org\/piacenza\/la-pac-riconosca-che-non-ce-presidio-del-territorio-senza-attivita-agricola\/#article","isPartOf":{"@id":"https:\/\/www.confagricoltura.org\/piacenza\/la-pac-riconosca-che-non-ce-presidio-del-territorio-senza-attivita-agricola\/"},"author":{"name":"confagricolturapiacenza","@id":"https:\/\/www.confagricoltura.org\/piacenza\/#\/schema\/person\/be5da25a3117fea4b3bfec9dba09b5e8"},"headline":"LA PAC RICONOSCA CHE NON C&#8217;\u00c8 PRESIDIO DEL TERRITORIO SENZA ATTIVITA\u2019 AGRICOLA","datePublished":"2018-10-09T10:26:22+00:00","dateModified":"2021-03-11T12:14:31+00:00","mainEntityOfPage":{"@id":"https:\/\/www.confagricoltura.org\/piacenza\/la-pac-riconosca-che-non-ce-presidio-del-territorio-senza-attivita-agricola\/"},"wordCount":837,"commentCount":0,"image":{"@id":"https:\/\/www.confagricoltura.org\/piacenza\/la-pac-riconosca-che-non-ce-presidio-del-territorio-senza-attivita-agricola\/#primaryimage"},"thumbnailUrl":"http:\/\/www.confagricoltura.org\/piacenza\/wp-content\/uploads\/sites\/3\/2017\/04\/Filippo-Gasparini.jpg","keywords":["gasparini filippo"],"articleSection":["Archivio"],"inLanguage":"it-IT"},{"@type":"WebPage","@id":"https:\/\/www.confagricoltura.org\/piacenza\/la-pac-riconosca-che-non-ce-presidio-del-territorio-senza-attivita-agricola\/","url":"https:\/\/www.confagricoltura.org\/piacenza\/la-pac-riconosca-che-non-ce-presidio-del-territorio-senza-attivita-agricola\/","name":"LA PAC RICONOSCA CHE NON C'\u00c8 PRESIDIO DEL TERRITORIO SENZA ATTIVITA\u2019 AGRICOLA - Confagricoltura Piacenza","isPartOf":{"@id":"https:\/\/www.confagricoltura.org\/piacenza\/#website"},"primaryImageOfPage":{"@id":"https:\/\/www.confagricoltura.org\/piacenza\/la-pac-riconosca-che-non-ce-presidio-del-territorio-senza-attivita-agricola\/#primaryimage"},"image":{"@id":"https:\/\/www.confagricoltura.org\/piacenza\/la-pac-riconosca-che-non-ce-presidio-del-territorio-senza-attivita-agricola\/#primaryimage"},"thumbnailUrl":"http:\/\/www.confagricoltura.org\/piacenza\/wp-content\/uploads\/sites\/3\/2017\/04\/Filippo-Gasparini.jpg","datePublished":"2018-10-09T10:26:22+00:00","dateModified":"2021-03-11T12:14:31+00:00","author":{"@id":"https:\/\/www.confagricoltura.org\/piacenza\/#\/schema\/person\/be5da25a3117fea4b3bfec9dba09b5e8"},"breadcrumb":{"@id":"https:\/\/www.confagricoltura.org\/piacenza\/la-pac-riconosca-che-non-ce-presidio-del-territorio-senza-attivita-agricola\/#breadcrumb"},"inLanguage":"it-IT","potentialAction":[{"@type":"ReadAction","target":["https:\/\/www.confagricoltura.org\/piacenza\/la-pac-riconosca-che-non-ce-presidio-del-territorio-senza-attivita-agricola\/"]}]},{"@type":"ImageObject","inLanguage":"it-IT","@id":"https:\/\/www.confagricoltura.org\/piacenza\/la-pac-riconosca-che-non-ce-presidio-del-territorio-senza-attivita-agricola\/#primaryimage","url":"http:\/\/www.confagricoltura.org\/piacenza\/wp-content\/uploads\/sites\/3\/2017\/04\/Filippo-Gasparini.jpg","contentUrl":"http:\/\/www.confagricoltura.org\/piacenza\/wp-content\/uploads\/sites\/3\/2017\/04\/Filippo-Gasparini.jpg"},{"@type":"BreadcrumbList","@id":"https:\/\/www.confagricoltura.org\/piacenza\/la-pac-riconosca-che-non-ce-presidio-del-territorio-senza-attivita-agricola\/#breadcrumb","itemListElement":[{"@type":"ListItem","position":1,"name":"Home","item":"https:\/\/www.confagricoltura.org\/piacenza\/"},{"@type":"ListItem","position":2,"name":"LA PAC RICONOSCA CHE NON C&#8217;\u00c8 PRESIDIO DEL TERRITORIO SENZA ATTIVITA\u2019 AGRICOLA"}]},{"@type":"WebSite","@id":"https:\/\/www.confagricoltura.org\/piacenza\/#website","url":"https:\/\/www.confagricoltura.org\/piacenza\/","name":"Confagricoltura Piacenza","description":"Dalla parte degli Agricoltori","potentialAction":[{"@type":"SearchAction","target":{"@type":"EntryPoint","urlTemplate":"https:\/\/www.confagricoltura.org\/piacenza\/?s={search_term_string}"},"query-input":{"@type":"PropertyValueSpecification","valueRequired":true,"valueName":"search_term_string"}}],"inLanguage":"it-IT"},{"@type":"Person","@id":"https:\/\/www.confagricoltura.org\/piacenza\/#\/schema\/person\/be5da25a3117fea4b3bfec9dba09b5e8","name":"confagricolturapiacenza","image":{"@type":"ImageObject","inLanguage":"it-IT","@id":"https:\/\/www.confagricoltura.org\/piacenza\/#\/schema\/person\/image\/","url":"https:\/\/secure.gravatar.com\/avatar\/9c5f111e417171581853bd0a3ff892ca?s=96&d=mm&r=g","contentUrl":"https:\/\/secure.gravatar.com\/avatar\/9c5f111e417171581853bd0a3ff892ca?s=96&d=mm&r=g","caption":"confagricolturapiacenza"},"url":"https:\/\/www.confagricoltura.org\/piacenza\/author\/confagricolturapiacenza\/"}]}},"_links":{"self":[{"href":"https:\/\/www.confagricoltura.org\/piacenza\/wp-json\/wp\/v2\/posts\/1435","targetHints":{"allow":["GET"]}}],"collection":[{"href":"https:\/\/www.confagricoltura.org\/piacenza\/wp-json\/wp\/v2\/posts"}],"about":[{"href":"https:\/\/www.confagricoltura.org\/piacenza\/wp-json\/wp\/v2\/types\/post"}],"author":[{"embeddable":true,"href":"https:\/\/www.confagricoltura.org\/piacenza\/wp-json\/wp\/v2\/users\/6"}],"replies":[{"embeddable":true,"href":"https:\/\/www.confagricoltura.org\/piacenza\/wp-json\/wp\/v2\/comments?post=1435"}],"version-history":[{"count":1,"href":"https:\/\/www.confagricoltura.org\/piacenza\/wp-json\/wp\/v2\/posts\/1435\/revisions"}],"predecessor-version":[{"id":2759,"href":"https:\/\/www.confagricoltura.org\/piacenza\/wp-json\/wp\/v2\/posts\/1435\/revisions\/2759"}],"wp:attachment":[{"href":"https:\/\/www.confagricoltura.org\/piacenza\/wp-json\/wp\/v2\/media?parent=1435"}],"wp:term":[{"taxonomy":"category","embeddable":true,"href":"https:\/\/www.confagricoltura.org\/piacenza\/wp-json\/wp\/v2\/categories?post=1435"},{"taxonomy":"post_tag","embeddable":true,"href":"https:\/\/www.confagricoltura.org\/piacenza\/wp-json\/wp\/v2\/tags?post=1435"}],"curies":[{"name":"wp","href":"https:\/\/api.w.org\/{rel}","templated":true}]}}