{"id":1425,"date":"2018-10-01T10:58:58","date_gmt":"2018-10-01T08:58:58","guid":{"rendered":"http:\/\/www.confagricoltura.org\/piacenza\/?p=1425"},"modified":"2021-03-11T13:14:31","modified_gmt":"2021-03-11T12:14:31","slug":"gianpietro-bisagni-nominato-in-giunta-agriturist-nazionale","status":"publish","type":"post","link":"https:\/\/www.confagricoltura.org\/piacenza\/gianpietro-bisagni-nominato-in-giunta-agriturist-nazionale\/","title":{"rendered":"GIANPIETRO BISAGNI NOMINATO IN GIUNTA AGRITURIST NAZIONALE"},"content":{"rendered":"<h4><em>Bisagni: grazie per la fiducia proseguir\u00f2 nel mio impegno puntando sul gioco di squadra<\/em><\/h4>\n<p>&nbsp;<\/p>\n<p>Soddisfazione in Confagricoltura Piacenza per la nomina di Gianpietro Bisagni, gi\u00e0 presidente di Agriturist Piacenza e Agriturist Emilia-Romagna, a componente di Giunta nazionale di Agriturist, l\u2019associazione che raggruppa gli agriturismi di Confagricoltura, la prima ad essere nata in Italia con lo scopo di promuovere il turismo rurale. La dirigenza di Agriturist ha deciso di cooptarlo quale membro di Giunta nel corso di un vertice di qualche giorno fa affidandogli il compito di collaborare, anche a livello nazionale, al consolidamento della rete tra operatori per la quale tanto si \u00e8 speso e con successo, a livello provinciale e regionale. \u201cA Gianpietro Bisagni \u2013 commentano Filippo Gasparini e Marco Casagrande, presidente e direttore di Confagricoltura Piacenza \u2013 vanno le nostre congratulazioni e i nostri complimenti. Da parte nostra sottolineiamo il valore aggiunto che con il suo impegno ha portato per la promozione delle aziende agrituristiche spendendosi attivamente in molteplici iniziative. L\u2019augurio \u00e8 di poter proseguire con lo stesso entusiasmo verso obiettivi sempre pi\u00f9 ambiziosi, facendo crescere le aziende e l\u2019associazione. Il prossimo appuntamento peraltro \u2013 sottolineano \u2013 \u00e8 imminente e lo vedr\u00e0 in prima linea con altre aziende di Agriturist Piacenza e di Confagricoltura Piacenza per partecipare a Piace.Eat in programma a Piacenza Expo l\u2019ultimo weekend di ottobre (27-28-29 ottobre)\u201d. Gianpietro Bisagni, che conduce l\u2019azienda agrituristica Battibue a Baselica Duce di Fiorenzuola d\u2019Arda, commenta: \u201cSe devo individuare un elemento propulsore, direi che \u00e8 \u201cla scoperta\u201d. Il filo conduttore delle tante recensioni positive che gli agriturismi ottengono sui portali \u00e8 un passaparola globale che ci sta facendo crescere e conoscere di anno in anno. Gli italiani privilegiano sempre pi\u00f9 l\u2019ospitalit\u00e0 familiare, la buona cucina, i prodotti tipici, il benessere, il relax e le attivit\u00e0 all\u2019interno dell\u2019azienda. Gli stranieri, invece, cercano, oltre al buon cibo, gli agri campeggi e le attivit\u00e0 di scoperta ed escursioni in bici, a cavallo e percorsi di trekking. Nella nostra realt\u00e0, una carta vincente \u00e8 certamente quella del buon cibo, in particolare nella nostra provincia abbiamo diversi prodotti di eccellenza (vini, salumi e formaggi) e soprattutto una grandissima tradizione culinaria che diviene l\u2019elemento di richiamo. Abbiamo lavorato per promuoverne la conoscenza attraverso la collaborazione con il circuito SlowFood e attivando una sinergia, che va sempre pi\u00f9 consolidandosi, con Eataly. Metteremo in mostra le nostre eccellenze anche in occasione di Piace.Eat. Il 2019 sar\u00e0 poi l\u2019anno della decima edizione del Ciclo A cena Con la scienza. La mia sfida personale, e non di poco conto, sar\u00e0 ora quella di riuscire a trasferire queste esperienze e relazioni sul panorama nazionale arricchendole, sviluppandole, differenziandole. Per portare sempre pi\u00f9 gente alla coperta delle nostre aziende \u00e8 indispensabile creare occasioni e per riuscirci contro sulla componente fondamentale: gli altri operatori e gli altri soci di Agriturist che \u2013 conclude \u2013 non posso che ringraziare per l\u2019occasione che mi offrono e per la fiducia risposta\u201d.<\/p>\n<p><img loading=\"lazy\" decoding=\"async\" class=\"alignnone size-full wp-image-1426 img-responsive\" src=\"http:\/\/www.confagricoltura.org\/piacenza\/wp-content\/uploads\/sites\/3\/2018\/10\/Gp-Bisagni.jpg\" alt=\"\" width=\"729\" height=\"1127\" \/><\/p>\n<p>Giampietro Bisagni<\/p>\n","protected":false},"excerpt":{"rendered":"<p>Bisagni: grazie per la fiducia proseguir\u00f2 nel mio impegno puntando sul gioco di squadra &nbsp; Soddisfazione in Confagricoltura Piacenza per la nomina di Gianpietro Bisagni, gi\u00e0 presidente di Agriturist Piacenza e Agriturist Emilia-Romagna, a componente di Giunta nazionale di Agriturist, l\u2019associazione che raggruppa gli agriturismi di Confagricoltura, la prima ad essere nata in Italia con<\/p>\n","protected":false},"author":6,"featured_media":0,"comment_status":"open","ping_status":"open","sticky":true,"template":"","format":"standard","meta":{"wp_mapbox_gl_js_media":[],"footnotes":""},"categories":[335],"tags":[176,177],"class_list":["post-1425","post","type-post","status-publish","format-standard","hentry","category-archivio","tag-agriturist-nazionale","tag-bisagni-giampietro"],"yoast_head":"<!-- This site is optimized with the Yoast SEO plugin v26.8 - https:\/\/yoast.com\/product\/yoast-seo-wordpress\/ -->\n<title>GIANPIETRO BISAGNI NOMINATO IN GIUNTA AGRITURIST NAZIONALE - Confagricoltura Piacenza<\/title>\n<meta name=\"robots\" content=\"index, follow, max-snippet:-1, max-image-preview:large, max-video-preview:-1\" \/>\n<link rel=\"canonical\" href=\"https:\/\/www.confagricoltura.org\/piacenza\/gianpietro-bisagni-nominato-in-giunta-agriturist-nazionale\/\" \/>\n<meta property=\"og:locale\" content=\"it_IT\" \/>\n<meta property=\"og:type\" content=\"article\" \/>\n<meta property=\"og:title\" content=\"GIANPIETRO BISAGNI NOMINATO IN GIUNTA AGRITURIST NAZIONALE - Confagricoltura Piacenza\" \/>\n<meta property=\"og:description\" content=\"Bisagni: grazie per la fiducia proseguir\u00f2 nel mio impegno puntando sul gioco di squadra &nbsp; Soddisfazione in Confagricoltura Piacenza per la nomina di Gianpietro Bisagni, gi\u00e0 presidente di Agriturist Piacenza e Agriturist Emilia-Romagna, a componente di Giunta nazionale di Agriturist, l\u2019associazione che raggruppa gli agriturismi di Confagricoltura, la prima ad essere nata in Italia con\" \/>\n<meta property=\"og:url\" content=\"https:\/\/www.confagricoltura.org\/piacenza\/gianpietro-bisagni-nominato-in-giunta-agriturist-nazionale\/\" \/>\n<meta property=\"og:site_name\" content=\"Confagricoltura Piacenza\" \/>\n<meta property=\"article:published_time\" content=\"2018-10-01T08:58:58+00:00\" \/>\n<meta property=\"article:modified_time\" content=\"2021-03-11T12:14:31+00:00\" \/>\n<meta property=\"og:image\" content=\"http:\/\/www.confagricoltura.org\/piacenza\/wp-content\/uploads\/sites\/3\/2018\/10\/Gp-Bisagni.jpg\" \/>\n<meta name=\"author\" content=\"confagricolturapiacenza\" \/>\n<meta name=\"twitter:card\" content=\"summary_large_image\" \/>\n<meta name=\"twitter:label1\" content=\"Scritto da\" \/>\n\t<meta name=\"twitter:data1\" content=\"confagricolturapiacenza\" \/>\n\t<meta name=\"twitter:label2\" content=\"Tempo di lettura stimato\" \/>\n\t<meta name=\"twitter:data2\" content=\"2 minuti\" \/>\n<script type=\"application\/ld+json\" class=\"yoast-schema-graph\">{\"@context\":\"https:\/\/schema.org\",\"@graph\":[{\"@type\":\"Article\",\"@id\":\"https:\/\/www.confagricoltura.org\/piacenza\/gianpietro-bisagni-nominato-in-giunta-agriturist-nazionale\/#article\",\"isPartOf\":{\"@id\":\"https:\/\/www.confagricoltura.org\/piacenza\/gianpietro-bisagni-nominato-in-giunta-agriturist-nazionale\/\"},\"author\":{\"name\":\"confagricolturapiacenza\",\"@id\":\"https:\/\/www.confagricoltura.org\/piacenza\/#\/schema\/person\/be5da25a3117fea4b3bfec9dba09b5e8\"},\"headline\":\"GIANPIETRO BISAGNI NOMINATO IN GIUNTA AGRITURIST NAZIONALE\",\"datePublished\":\"2018-10-01T08:58:58+00:00\",\"dateModified\":\"2021-03-11T12:14:31+00:00\",\"mainEntityOfPage\":{\"@id\":\"https:\/\/www.confagricoltura.org\/piacenza\/gianpietro-bisagni-nominato-in-giunta-agriturist-nazionale\/\"},\"wordCount\":495,\"commentCount\":0,\"image\":{\"@id\":\"https:\/\/www.confagricoltura.org\/piacenza\/gianpietro-bisagni-nominato-in-giunta-agriturist-nazionale\/#primaryimage\"},\"thumbnailUrl\":\"http:\/\/www.confagricoltura.org\/piacenza\/wp-content\/uploads\/sites\/3\/2018\/10\/Gp-Bisagni.jpg\",\"keywords\":[\"agriturist nazionale\",\"bisagni giampietro\"],\"articleSection\":[\"Archivio\"],\"inLanguage\":\"it-IT\"},{\"@type\":\"WebPage\",\"@id\":\"https:\/\/www.confagricoltura.org\/piacenza\/gianpietro-bisagni-nominato-in-giunta-agriturist-nazionale\/\",\"url\":\"https:\/\/www.confagricoltura.org\/piacenza\/gianpietro-bisagni-nominato-in-giunta-agriturist-nazionale\/\",\"name\":\"GIANPIETRO BISAGNI NOMINATO IN GIUNTA AGRITURIST NAZIONALE - Confagricoltura Piacenza\",\"isPartOf\":{\"@id\":\"https:\/\/www.confagricoltura.org\/piacenza\/#website\"},\"primaryImageOfPage\":{\"@id\":\"https:\/\/www.confagricoltura.org\/piacenza\/gianpietro-bisagni-nominato-in-giunta-agriturist-nazionale\/#primaryimage\"},\"image\":{\"@id\":\"https:\/\/www.confagricoltura.org\/piacenza\/gianpietro-bisagni-nominato-in-giunta-agriturist-nazionale\/#primaryimage\"},\"thumbnailUrl\":\"http:\/\/www.confagricoltura.org\/piacenza\/wp-content\/uploads\/sites\/3\/2018\/10\/Gp-Bisagni.jpg\",\"datePublished\":\"2018-10-01T08:58:58+00:00\",\"dateModified\":\"2021-03-11T12:14:31+00:00\",\"author\":{\"@id\":\"https:\/\/www.confagricoltura.org\/piacenza\/#\/schema\/person\/be5da25a3117fea4b3bfec9dba09b5e8\"},\"breadcrumb\":{\"@id\":\"https:\/\/www.confagricoltura.org\/piacenza\/gianpietro-bisagni-nominato-in-giunta-agriturist-nazionale\/#breadcrumb\"},\"inLanguage\":\"it-IT\",\"potentialAction\":[{\"@type\":\"ReadAction\",\"target\":[\"https:\/\/www.confagricoltura.org\/piacenza\/gianpietro-bisagni-nominato-in-giunta-agriturist-nazionale\/\"]}]},{\"@type\":\"ImageObject\",\"inLanguage\":\"it-IT\",\"@id\":\"https:\/\/www.confagricoltura.org\/piacenza\/gianpietro-bisagni-nominato-in-giunta-agriturist-nazionale\/#primaryimage\",\"url\":\"http:\/\/www.confagricoltura.org\/piacenza\/wp-content\/uploads\/sites\/3\/2018\/10\/Gp-Bisagni.jpg\",\"contentUrl\":\"http:\/\/www.confagricoltura.org\/piacenza\/wp-content\/uploads\/sites\/3\/2018\/10\/Gp-Bisagni.jpg\"},{\"@type\":\"BreadcrumbList\",\"@id\":\"https:\/\/www.confagricoltura.org\/piacenza\/gianpietro-bisagni-nominato-in-giunta-agriturist-nazionale\/#breadcrumb\",\"itemListElement\":[{\"@type\":\"ListItem\",\"position\":1,\"name\":\"Home\",\"item\":\"https:\/\/www.confagricoltura.org\/piacenza\/\"},{\"@type\":\"ListItem\",\"position\":2,\"name\":\"GIANPIETRO BISAGNI NOMINATO IN GIUNTA AGRITURIST NAZIONALE\"}]},{\"@type\":\"WebSite\",\"@id\":\"https:\/\/www.confagricoltura.org\/piacenza\/#website\",\"url\":\"https:\/\/www.confagricoltura.org\/piacenza\/\",\"name\":\"Confagricoltura Piacenza\",\"description\":\"Dalla parte degli Agricoltori\",\"potentialAction\":[{\"@type\":\"SearchAction\",\"target\":{\"@type\":\"EntryPoint\",\"urlTemplate\":\"https:\/\/www.confagricoltura.org\/piacenza\/?s={search_term_string}\"},\"query-input\":{\"@type\":\"PropertyValueSpecification\",\"valueRequired\":true,\"valueName\":\"search_term_string\"}}],\"inLanguage\":\"it-IT\"},{\"@type\":\"Person\",\"@id\":\"https:\/\/www.confagricoltura.org\/piacenza\/#\/schema\/person\/be5da25a3117fea4b3bfec9dba09b5e8\",\"name\":\"confagricolturapiacenza\",\"image\":{\"@type\":\"ImageObject\",\"inLanguage\":\"it-IT\",\"@id\":\"https:\/\/www.confagricoltura.org\/piacenza\/#\/schema\/person\/image\/\",\"url\":\"https:\/\/secure.gravatar.com\/avatar\/9c5f111e417171581853bd0a3ff892ca?s=96&d=mm&r=g\",\"contentUrl\":\"https:\/\/secure.gravatar.com\/avatar\/9c5f111e417171581853bd0a3ff892ca?s=96&d=mm&r=g\",\"caption\":\"confagricolturapiacenza\"},\"url\":\"https:\/\/www.confagricoltura.org\/piacenza\/author\/confagricolturapiacenza\/\"}]}<\/script>\n<!-- \/ Yoast SEO plugin. -->","yoast_head_json":{"title":"GIANPIETRO BISAGNI NOMINATO IN GIUNTA AGRITURIST NAZIONALE - Confagricoltura Piacenza","robots":{"index":"index","follow":"follow","max-snippet":"max-snippet:-1","max-image-preview":"max-image-preview:large","max-video-preview":"max-video-preview:-1"},"canonical":"https:\/\/www.confagricoltura.org\/piacenza\/gianpietro-bisagni-nominato-in-giunta-agriturist-nazionale\/","og_locale":"it_IT","og_type":"article","og_title":"GIANPIETRO BISAGNI NOMINATO IN GIUNTA AGRITURIST NAZIONALE - Confagricoltura Piacenza","og_description":"Bisagni: grazie per la fiducia proseguir\u00f2 nel mio impegno puntando sul gioco di squadra &nbsp; Soddisfazione in Confagricoltura Piacenza per la nomina di Gianpietro Bisagni, gi\u00e0 presidente di Agriturist Piacenza e Agriturist Emilia-Romagna, a componente di Giunta nazionale di Agriturist, l\u2019associazione che raggruppa gli agriturismi di Confagricoltura, la prima ad essere nata in Italia con","og_url":"https:\/\/www.confagricoltura.org\/piacenza\/gianpietro-bisagni-nominato-in-giunta-agriturist-nazionale\/","og_site_name":"Confagricoltura Piacenza","article_published_time":"2018-10-01T08:58:58+00:00","article_modified_time":"2021-03-11T12:14:31+00:00","og_image":[{"url":"http:\/\/www.confagricoltura.org\/piacenza\/wp-content\/uploads\/sites\/3\/2018\/10\/Gp-Bisagni.jpg","type":"","width":"","height":""}],"author":"confagricolturapiacenza","twitter_card":"summary_large_image","twitter_misc":{"Scritto da":"confagricolturapiacenza","Tempo di lettura stimato":"2 minuti"},"schema":{"@context":"https:\/\/schema.org","@graph":[{"@type":"Article","@id":"https:\/\/www.confagricoltura.org\/piacenza\/gianpietro-bisagni-nominato-in-giunta-agriturist-nazionale\/#article","isPartOf":{"@id":"https:\/\/www.confagricoltura.org\/piacenza\/gianpietro-bisagni-nominato-in-giunta-agriturist-nazionale\/"},"author":{"name":"confagricolturapiacenza","@id":"https:\/\/www.confagricoltura.org\/piacenza\/#\/schema\/person\/be5da25a3117fea4b3bfec9dba09b5e8"},"headline":"GIANPIETRO BISAGNI NOMINATO IN GIUNTA AGRITURIST NAZIONALE","datePublished":"2018-10-01T08:58:58+00:00","dateModified":"2021-03-11T12:14:31+00:00","mainEntityOfPage":{"@id":"https:\/\/www.confagricoltura.org\/piacenza\/gianpietro-bisagni-nominato-in-giunta-agriturist-nazionale\/"},"wordCount":495,"commentCount":0,"image":{"@id":"https:\/\/www.confagricoltura.org\/piacenza\/gianpietro-bisagni-nominato-in-giunta-agriturist-nazionale\/#primaryimage"},"thumbnailUrl":"http:\/\/www.confagricoltura.org\/piacenza\/wp-content\/uploads\/sites\/3\/2018\/10\/Gp-Bisagni.jpg","keywords":["agriturist nazionale","bisagni giampietro"],"articleSection":["Archivio"],"inLanguage":"it-IT"},{"@type":"WebPage","@id":"https:\/\/www.confagricoltura.org\/piacenza\/gianpietro-bisagni-nominato-in-giunta-agriturist-nazionale\/","url":"https:\/\/www.confagricoltura.org\/piacenza\/gianpietro-bisagni-nominato-in-giunta-agriturist-nazionale\/","name":"GIANPIETRO BISAGNI NOMINATO IN GIUNTA AGRITURIST NAZIONALE - Confagricoltura Piacenza","isPartOf":{"@id":"https:\/\/www.confagricoltura.org\/piacenza\/#website"},"primaryImageOfPage":{"@id":"https:\/\/www.confagricoltura.org\/piacenza\/gianpietro-bisagni-nominato-in-giunta-agriturist-nazionale\/#primaryimage"},"image":{"@id":"https:\/\/www.confagricoltura.org\/piacenza\/gianpietro-bisagni-nominato-in-giunta-agriturist-nazionale\/#primaryimage"},"thumbnailUrl":"http:\/\/www.confagricoltura.org\/piacenza\/wp-content\/uploads\/sites\/3\/2018\/10\/Gp-Bisagni.jpg","datePublished":"2018-10-01T08:58:58+00:00","dateModified":"2021-03-11T12:14:31+00:00","author":{"@id":"https:\/\/www.confagricoltura.org\/piacenza\/#\/schema\/person\/be5da25a3117fea4b3bfec9dba09b5e8"},"breadcrumb":{"@id":"https:\/\/www.confagricoltura.org\/piacenza\/gianpietro-bisagni-nominato-in-giunta-agriturist-nazionale\/#breadcrumb"},"inLanguage":"it-IT","potentialAction":[{"@type":"ReadAction","target":["https:\/\/www.confagricoltura.org\/piacenza\/gianpietro-bisagni-nominato-in-giunta-agriturist-nazionale\/"]}]},{"@type":"ImageObject","inLanguage":"it-IT","@id":"https:\/\/www.confagricoltura.org\/piacenza\/gianpietro-bisagni-nominato-in-giunta-agriturist-nazionale\/#primaryimage","url":"http:\/\/www.confagricoltura.org\/piacenza\/wp-content\/uploads\/sites\/3\/2018\/10\/Gp-Bisagni.jpg","contentUrl":"http:\/\/www.confagricoltura.org\/piacenza\/wp-content\/uploads\/sites\/3\/2018\/10\/Gp-Bisagni.jpg"},{"@type":"BreadcrumbList","@id":"https:\/\/www.confagricoltura.org\/piacenza\/gianpietro-bisagni-nominato-in-giunta-agriturist-nazionale\/#breadcrumb","itemListElement":[{"@type":"ListItem","position":1,"name":"Home","item":"https:\/\/www.confagricoltura.org\/piacenza\/"},{"@type":"ListItem","position":2,"name":"GIANPIETRO BISAGNI NOMINATO IN GIUNTA AGRITURIST NAZIONALE"}]},{"@type":"WebSite","@id":"https:\/\/www.confagricoltura.org\/piacenza\/#website","url":"https:\/\/www.confagricoltura.org\/piacenza\/","name":"Confagricoltura Piacenza","description":"Dalla parte degli Agricoltori","potentialAction":[{"@type":"SearchAction","target":{"@type":"EntryPoint","urlTemplate":"https:\/\/www.confagricoltura.org\/piacenza\/?s={search_term_string}"},"query-input":{"@type":"PropertyValueSpecification","valueRequired":true,"valueName":"search_term_string"}}],"inLanguage":"it-IT"},{"@type":"Person","@id":"https:\/\/www.confagricoltura.org\/piacenza\/#\/schema\/person\/be5da25a3117fea4b3bfec9dba09b5e8","name":"confagricolturapiacenza","image":{"@type":"ImageObject","inLanguage":"it-IT","@id":"https:\/\/www.confagricoltura.org\/piacenza\/#\/schema\/person\/image\/","url":"https:\/\/secure.gravatar.com\/avatar\/9c5f111e417171581853bd0a3ff892ca?s=96&d=mm&r=g","contentUrl":"https:\/\/secure.gravatar.com\/avatar\/9c5f111e417171581853bd0a3ff892ca?s=96&d=mm&r=g","caption":"confagricolturapiacenza"},"url":"https:\/\/www.confagricoltura.org\/piacenza\/author\/confagricolturapiacenza\/"}]}},"_links":{"self":[{"href":"https:\/\/www.confagricoltura.org\/piacenza\/wp-json\/wp\/v2\/posts\/1425","targetHints":{"allow":["GET"]}}],"collection":[{"href":"https:\/\/www.confagricoltura.org\/piacenza\/wp-json\/wp\/v2\/posts"}],"about":[{"href":"https:\/\/www.confagricoltura.org\/piacenza\/wp-json\/wp\/v2\/types\/post"}],"author":[{"embeddable":true,"href":"https:\/\/www.confagricoltura.org\/piacenza\/wp-json\/wp\/v2\/users\/6"}],"replies":[{"embeddable":true,"href":"https:\/\/www.confagricoltura.org\/piacenza\/wp-json\/wp\/v2\/comments?post=1425"}],"version-history":[{"count":1,"href":"https:\/\/www.confagricoltura.org\/piacenza\/wp-json\/wp\/v2\/posts\/1425\/revisions"}],"predecessor-version":[{"id":2762,"href":"https:\/\/www.confagricoltura.org\/piacenza\/wp-json\/wp\/v2\/posts\/1425\/revisions\/2762"}],"wp:attachment":[{"href":"https:\/\/www.confagricoltura.org\/piacenza\/wp-json\/wp\/v2\/media?parent=1425"}],"wp:term":[{"taxonomy":"category","embeddable":true,"href":"https:\/\/www.confagricoltura.org\/piacenza\/wp-json\/wp\/v2\/categories?post=1425"},{"taxonomy":"post_tag","embeddable":true,"href":"https:\/\/www.confagricoltura.org\/piacenza\/wp-json\/wp\/v2\/tags?post=1425"}],"curies":[{"name":"wp","href":"https:\/\/api.w.org\/{rel}","templated":true}]}}