{"id":1353,"date":"2018-08-02T13:28:30","date_gmt":"2018-08-02T11:28:30","guid":{"rendered":"http:\/\/www.confagricoltura.org\/piacenza\/?p=1353"},"modified":"2021-03-11T13:14:31","modified_gmt":"2021-03-11T12:14:31","slug":"nuova-pac-sara-con-o-senza-titoli","status":"publish","type":"post","link":"https:\/\/www.confagricoltura.org\/piacenza\/nuova-pac-sara-con-o-senza-titoli\/","title":{"rendered":"NUOVA PAC: SARA\u2019 CON O SENZA TITOLI?"},"content":{"rendered":"<h4><em>Marchesi (Confagricoltura Piacenza): recuperiamo la consapevolezza dell\u2019importanza di produrre cibo<\/em><\/h4>\n<p>&nbsp;<\/p>\n<p>Mentre le trattative sulla nuova Pac 2021-2027 si concentrano sulla dotazione finanziaria, per scongiurare il prefigurato taglio dei fondi, \u00e8 bene non tralasciare anche altri importanti aspetti che sono in corso di definizione. La pensa cos\u00ec Giovanni Marchesi, responsabile del Servizio Tecnico di Confagricoltura Piacenza e vicedirettore dell\u2019Associazione che spiega: \u201cOltre al tema dei fondi \u00e8 molto importante capire la nuova Pac come sar\u00e0 strutturata. La domanda, in particolare, che viene da porsi \u00e8: sar\u00e0 una Pac con o senza titoli? Questa \u00e8 una scelta che ciascun Stato membro sar\u00e0 chiamato a compiere. Gi\u00e0 nell\u2019ultima Pac le varie nazioni hanno avuto la possibilit\u00e0 di scegliere tra modalit\u00e0 diverse di assegnazione dei titoli e l\u2019Italia aveva scelto il cosiddetto metodo irlandese, salvaguardando la storicit\u00e0 dei premi percepiti dalle imprese anche se progressivamente livellati. Oggi la scelta \u00e8 ancora pi\u00f9 radicale: potrebbe presentarsi un superamento del regime dei titoli attraverso un pagamento uniforme per ettaro (in Italia gli ettari sono meno di 13 milioni), oppure, si potrebbe optare per l\u2019attribuzione dei nuovi titoli partendo dal valore di quelli storici\u201d. Entrando nel merito, Marchesi che \u00e8 anche agronomo, spiega come si stanno definendo i premi che andranno a completare il valore base dei titoli: \u201cCi sar\u00e0 un premio di base, un premio per i giovani, uno per l\u2019ambiente (che potrebbe essere facoltativo per chi si impegna ad attivare pratiche benefiche oltre alle norme obbligatorie della condizionalit\u00e0). Per inciso, un\u2019altra novit\u00e0 \u00e8 legata al fatto che non ci sar\u00e0 pi\u00f9 il greening, ma sar\u00e0 ricompreso nella condizionalit\u00e0 divenendo di fatto obbligatorio e il suo valore sar\u00e0 ricompreso nei titoli di base. Ci sar\u00e0 poi il sostegno accoppiato, che \u00e8 gi\u00e0 oggi in vigore, e che viene riconosciuto ad esempio ai bovini da carne, ai vitelli delle vacche da latte e al pomodoro. Alla base di questi ultimi premi ci sono ragioni economiche importanti legate alla trasformazione del prodotto e alla vocazione del territorio\u201d.\u00a0 Marchesi conclude con una riflessione: \u201dServe consapevolezza. Produrre cibo a mio parere \u00e8 sempre pi\u00f9 strategico a fronte di quello che sta succedendo nel mondo (imposizione dei dazi, guerre commerciali e finanziarie a cui seguono talvolta anche conflitti armati, il contesto europeo che mostra tutte le sue fragilit\u00e0). C\u2019\u00e8 anche un altro fenomeno che viene poco menzionato rispetto dalla vastit\u00e0 del problema che nasconde: il land grabbing, ossia l\u2019acquisizione di terre da parte delle grandi multinazionali in Africa un processo che oggi vale circa 15 milioni di ettari: una superficie superiore all\u2019intero territorio italiano ed evidenzia l\u2019importanza di assicurare la produzione di derrate alimentari per assicurarsi cibo. Vuol dire che \u00e8 fondamentale mantenere anche in Italia l\u2019attivit\u00e0 agricola per garantire la produzione di alimenti\u201d.<\/p>\n<p><img loading=\"lazy\" decoding=\"async\" class=\"alignnone  wp-image-741 img-responsive\" src=\"http:\/\/www.confagricoltura.org\/piacenza\/wp-content\/uploads\/sites\/3\/2017\/02\/G_Marchesi.jpg\" alt=\"\" width=\"523\" height=\"1027\" \/><\/p>\n<p>Giovanni Marchesi &#8211; responsabile del Servizio Tecnico di Confagricoltura Piacenza<\/p>\n<p>e vicedirettore dell\u2019Associazione.<\/p>\n","protected":false},"excerpt":{"rendered":"<p>Marchesi (Confagricoltura Piacenza): recuperiamo la consapevolezza dell\u2019importanza di produrre cibo &nbsp; Mentre le trattative sulla nuova Pac 2021-2027 si concentrano sulla dotazione finanziaria, per scongiurare il prefigurato taglio dei fondi, \u00e8 bene non tralasciare anche altri importanti aspetti che sono in corso di definizione. La pensa cos\u00ec Giovanni Marchesi, responsabile del Servizio Tecnico di Confagricoltura<\/p>\n","protected":false},"author":6,"featured_media":0,"comment_status":"open","ping_status":"open","sticky":false,"template":"","format":"standard","meta":{"wp_mapbox_gl_js_media":[],"footnotes":""},"categories":[335],"tags":[162],"class_list":["post-1353","post","type-post","status-publish","format-standard","hentry","category-archivio","tag-nuova-pac"],"yoast_head":"<!-- This site is optimized with the Yoast SEO plugin v26.8 - https:\/\/yoast.com\/product\/yoast-seo-wordpress\/ -->\n<title>NUOVA PAC: SARA\u2019 CON O SENZA TITOLI? - Confagricoltura Piacenza<\/title>\n<meta name=\"robots\" content=\"index, follow, max-snippet:-1, max-image-preview:large, max-video-preview:-1\" \/>\n<link rel=\"canonical\" href=\"https:\/\/www.confagricoltura.org\/piacenza\/nuova-pac-sara-con-o-senza-titoli\/\" \/>\n<meta property=\"og:locale\" content=\"it_IT\" \/>\n<meta property=\"og:type\" content=\"article\" \/>\n<meta property=\"og:title\" content=\"NUOVA PAC: SARA\u2019 CON O SENZA TITOLI? - Confagricoltura Piacenza\" \/>\n<meta property=\"og:description\" content=\"Marchesi (Confagricoltura Piacenza): recuperiamo la consapevolezza dell\u2019importanza di produrre cibo &nbsp; Mentre le trattative sulla nuova Pac 2021-2027 si concentrano sulla dotazione finanziaria, per scongiurare il prefigurato taglio dei fondi, \u00e8 bene non tralasciare anche altri importanti aspetti che sono in corso di definizione. La pensa cos\u00ec Giovanni Marchesi, responsabile del Servizio Tecnico di Confagricoltura\" \/>\n<meta property=\"og:url\" content=\"https:\/\/www.confagricoltura.org\/piacenza\/nuova-pac-sara-con-o-senza-titoli\/\" \/>\n<meta property=\"og:site_name\" content=\"Confagricoltura Piacenza\" \/>\n<meta property=\"article:published_time\" content=\"2018-08-02T11:28:30+00:00\" \/>\n<meta property=\"article:modified_time\" content=\"2021-03-11T12:14:31+00:00\" \/>\n<meta property=\"og:image\" content=\"http:\/\/www.confagricoltura.org\/piacenza\/wp-content\/uploads\/sites\/3\/2017\/02\/G_Marchesi.jpg\" \/>\n<meta name=\"author\" content=\"confagricolturapiacenza\" \/>\n<meta name=\"twitter:card\" content=\"summary_large_image\" \/>\n<meta name=\"twitter:label1\" content=\"Scritto da\" \/>\n\t<meta name=\"twitter:data1\" content=\"confagricolturapiacenza\" \/>\n\t<meta name=\"twitter:label2\" content=\"Tempo di lettura stimato\" \/>\n\t<meta name=\"twitter:data2\" content=\"2 minuti\" \/>\n<script type=\"application\/ld+json\" class=\"yoast-schema-graph\">{\"@context\":\"https:\/\/schema.org\",\"@graph\":[{\"@type\":\"Article\",\"@id\":\"https:\/\/www.confagricoltura.org\/piacenza\/nuova-pac-sara-con-o-senza-titoli\/#article\",\"isPartOf\":{\"@id\":\"https:\/\/www.confagricoltura.org\/piacenza\/nuova-pac-sara-con-o-senza-titoli\/\"},\"author\":{\"name\":\"confagricolturapiacenza\",\"@id\":\"https:\/\/www.confagricoltura.org\/piacenza\/#\/schema\/person\/be5da25a3117fea4b3bfec9dba09b5e8\"},\"headline\":\"NUOVA PAC: SARA\u2019 CON O SENZA TITOLI?\",\"datePublished\":\"2018-08-02T11:28:30+00:00\",\"dateModified\":\"2021-03-11T12:14:31+00:00\",\"mainEntityOfPage\":{\"@id\":\"https:\/\/www.confagricoltura.org\/piacenza\/nuova-pac-sara-con-o-senza-titoli\/\"},\"wordCount\":474,\"commentCount\":0,\"image\":{\"@id\":\"https:\/\/www.confagricoltura.org\/piacenza\/nuova-pac-sara-con-o-senza-titoli\/#primaryimage\"},\"thumbnailUrl\":\"http:\/\/www.confagricoltura.org\/piacenza\/wp-content\/uploads\/sites\/3\/2017\/02\/G_Marchesi.jpg\",\"keywords\":[\"nuova pac\"],\"articleSection\":[\"Archivio\"],\"inLanguage\":\"it-IT\"},{\"@type\":\"WebPage\",\"@id\":\"https:\/\/www.confagricoltura.org\/piacenza\/nuova-pac-sara-con-o-senza-titoli\/\",\"url\":\"https:\/\/www.confagricoltura.org\/piacenza\/nuova-pac-sara-con-o-senza-titoli\/\",\"name\":\"NUOVA PAC: SARA\u2019 CON O SENZA TITOLI? - Confagricoltura Piacenza\",\"isPartOf\":{\"@id\":\"https:\/\/www.confagricoltura.org\/piacenza\/#website\"},\"primaryImageOfPage\":{\"@id\":\"https:\/\/www.confagricoltura.org\/piacenza\/nuova-pac-sara-con-o-senza-titoli\/#primaryimage\"},\"image\":{\"@id\":\"https:\/\/www.confagricoltura.org\/piacenza\/nuova-pac-sara-con-o-senza-titoli\/#primaryimage\"},\"thumbnailUrl\":\"http:\/\/www.confagricoltura.org\/piacenza\/wp-content\/uploads\/sites\/3\/2017\/02\/G_Marchesi.jpg\",\"datePublished\":\"2018-08-02T11:28:30+00:00\",\"dateModified\":\"2021-03-11T12:14:31+00:00\",\"author\":{\"@id\":\"https:\/\/www.confagricoltura.org\/piacenza\/#\/schema\/person\/be5da25a3117fea4b3bfec9dba09b5e8\"},\"breadcrumb\":{\"@id\":\"https:\/\/www.confagricoltura.org\/piacenza\/nuova-pac-sara-con-o-senza-titoli\/#breadcrumb\"},\"inLanguage\":\"it-IT\",\"potentialAction\":[{\"@type\":\"ReadAction\",\"target\":[\"https:\/\/www.confagricoltura.org\/piacenza\/nuova-pac-sara-con-o-senza-titoli\/\"]}]},{\"@type\":\"ImageObject\",\"inLanguage\":\"it-IT\",\"@id\":\"https:\/\/www.confagricoltura.org\/piacenza\/nuova-pac-sara-con-o-senza-titoli\/#primaryimage\",\"url\":\"http:\/\/www.confagricoltura.org\/piacenza\/wp-content\/uploads\/sites\/3\/2017\/02\/G_Marchesi.jpg\",\"contentUrl\":\"http:\/\/www.confagricoltura.org\/piacenza\/wp-content\/uploads\/sites\/3\/2017\/02\/G_Marchesi.jpg\"},{\"@type\":\"BreadcrumbList\",\"@id\":\"https:\/\/www.confagricoltura.org\/piacenza\/nuova-pac-sara-con-o-senza-titoli\/#breadcrumb\",\"itemListElement\":[{\"@type\":\"ListItem\",\"position\":1,\"name\":\"Home\",\"item\":\"https:\/\/www.confagricoltura.org\/piacenza\/\"},{\"@type\":\"ListItem\",\"position\":2,\"name\":\"NUOVA PAC: SARA\u2019 CON O SENZA TITOLI?\"}]},{\"@type\":\"WebSite\",\"@id\":\"https:\/\/www.confagricoltura.org\/piacenza\/#website\",\"url\":\"https:\/\/www.confagricoltura.org\/piacenza\/\",\"name\":\"Confagricoltura Piacenza\",\"description\":\"Dalla parte degli Agricoltori\",\"potentialAction\":[{\"@type\":\"SearchAction\",\"target\":{\"@type\":\"EntryPoint\",\"urlTemplate\":\"https:\/\/www.confagricoltura.org\/piacenza\/?s={search_term_string}\"},\"query-input\":{\"@type\":\"PropertyValueSpecification\",\"valueRequired\":true,\"valueName\":\"search_term_string\"}}],\"inLanguage\":\"it-IT\"},{\"@type\":\"Person\",\"@id\":\"https:\/\/www.confagricoltura.org\/piacenza\/#\/schema\/person\/be5da25a3117fea4b3bfec9dba09b5e8\",\"name\":\"confagricolturapiacenza\",\"image\":{\"@type\":\"ImageObject\",\"inLanguage\":\"it-IT\",\"@id\":\"https:\/\/www.confagricoltura.org\/piacenza\/#\/schema\/person\/image\/\",\"url\":\"https:\/\/secure.gravatar.com\/avatar\/9c5f111e417171581853bd0a3ff892ca?s=96&d=mm&r=g\",\"contentUrl\":\"https:\/\/secure.gravatar.com\/avatar\/9c5f111e417171581853bd0a3ff892ca?s=96&d=mm&r=g\",\"caption\":\"confagricolturapiacenza\"},\"url\":\"https:\/\/www.confagricoltura.org\/piacenza\/author\/confagricolturapiacenza\/\"}]}<\/script>\n<!-- \/ Yoast SEO plugin. -->","yoast_head_json":{"title":"NUOVA PAC: SARA\u2019 CON O SENZA TITOLI? - Confagricoltura Piacenza","robots":{"index":"index","follow":"follow","max-snippet":"max-snippet:-1","max-image-preview":"max-image-preview:large","max-video-preview":"max-video-preview:-1"},"canonical":"https:\/\/www.confagricoltura.org\/piacenza\/nuova-pac-sara-con-o-senza-titoli\/","og_locale":"it_IT","og_type":"article","og_title":"NUOVA PAC: SARA\u2019 CON O SENZA TITOLI? - Confagricoltura Piacenza","og_description":"Marchesi (Confagricoltura Piacenza): recuperiamo la consapevolezza dell\u2019importanza di produrre cibo &nbsp; Mentre le trattative sulla nuova Pac 2021-2027 si concentrano sulla dotazione finanziaria, per scongiurare il prefigurato taglio dei fondi, \u00e8 bene non tralasciare anche altri importanti aspetti che sono in corso di definizione. La pensa cos\u00ec Giovanni Marchesi, responsabile del Servizio Tecnico di Confagricoltura","og_url":"https:\/\/www.confagricoltura.org\/piacenza\/nuova-pac-sara-con-o-senza-titoli\/","og_site_name":"Confagricoltura Piacenza","article_published_time":"2018-08-02T11:28:30+00:00","article_modified_time":"2021-03-11T12:14:31+00:00","og_image":[{"url":"http:\/\/www.confagricoltura.org\/piacenza\/wp-content\/uploads\/sites\/3\/2017\/02\/G_Marchesi.jpg","type":"","width":"","height":""}],"author":"confagricolturapiacenza","twitter_card":"summary_large_image","twitter_misc":{"Scritto da":"confagricolturapiacenza","Tempo di lettura stimato":"2 minuti"},"schema":{"@context":"https:\/\/schema.org","@graph":[{"@type":"Article","@id":"https:\/\/www.confagricoltura.org\/piacenza\/nuova-pac-sara-con-o-senza-titoli\/#article","isPartOf":{"@id":"https:\/\/www.confagricoltura.org\/piacenza\/nuova-pac-sara-con-o-senza-titoli\/"},"author":{"name":"confagricolturapiacenza","@id":"https:\/\/www.confagricoltura.org\/piacenza\/#\/schema\/person\/be5da25a3117fea4b3bfec9dba09b5e8"},"headline":"NUOVA PAC: SARA\u2019 CON O SENZA TITOLI?","datePublished":"2018-08-02T11:28:30+00:00","dateModified":"2021-03-11T12:14:31+00:00","mainEntityOfPage":{"@id":"https:\/\/www.confagricoltura.org\/piacenza\/nuova-pac-sara-con-o-senza-titoli\/"},"wordCount":474,"commentCount":0,"image":{"@id":"https:\/\/www.confagricoltura.org\/piacenza\/nuova-pac-sara-con-o-senza-titoli\/#primaryimage"},"thumbnailUrl":"http:\/\/www.confagricoltura.org\/piacenza\/wp-content\/uploads\/sites\/3\/2017\/02\/G_Marchesi.jpg","keywords":["nuova pac"],"articleSection":["Archivio"],"inLanguage":"it-IT"},{"@type":"WebPage","@id":"https:\/\/www.confagricoltura.org\/piacenza\/nuova-pac-sara-con-o-senza-titoli\/","url":"https:\/\/www.confagricoltura.org\/piacenza\/nuova-pac-sara-con-o-senza-titoli\/","name":"NUOVA PAC: SARA\u2019 CON O SENZA TITOLI? - Confagricoltura Piacenza","isPartOf":{"@id":"https:\/\/www.confagricoltura.org\/piacenza\/#website"},"primaryImageOfPage":{"@id":"https:\/\/www.confagricoltura.org\/piacenza\/nuova-pac-sara-con-o-senza-titoli\/#primaryimage"},"image":{"@id":"https:\/\/www.confagricoltura.org\/piacenza\/nuova-pac-sara-con-o-senza-titoli\/#primaryimage"},"thumbnailUrl":"http:\/\/www.confagricoltura.org\/piacenza\/wp-content\/uploads\/sites\/3\/2017\/02\/G_Marchesi.jpg","datePublished":"2018-08-02T11:28:30+00:00","dateModified":"2021-03-11T12:14:31+00:00","author":{"@id":"https:\/\/www.confagricoltura.org\/piacenza\/#\/schema\/person\/be5da25a3117fea4b3bfec9dba09b5e8"},"breadcrumb":{"@id":"https:\/\/www.confagricoltura.org\/piacenza\/nuova-pac-sara-con-o-senza-titoli\/#breadcrumb"},"inLanguage":"it-IT","potentialAction":[{"@type":"ReadAction","target":["https:\/\/www.confagricoltura.org\/piacenza\/nuova-pac-sara-con-o-senza-titoli\/"]}]},{"@type":"ImageObject","inLanguage":"it-IT","@id":"https:\/\/www.confagricoltura.org\/piacenza\/nuova-pac-sara-con-o-senza-titoli\/#primaryimage","url":"http:\/\/www.confagricoltura.org\/piacenza\/wp-content\/uploads\/sites\/3\/2017\/02\/G_Marchesi.jpg","contentUrl":"http:\/\/www.confagricoltura.org\/piacenza\/wp-content\/uploads\/sites\/3\/2017\/02\/G_Marchesi.jpg"},{"@type":"BreadcrumbList","@id":"https:\/\/www.confagricoltura.org\/piacenza\/nuova-pac-sara-con-o-senza-titoli\/#breadcrumb","itemListElement":[{"@type":"ListItem","position":1,"name":"Home","item":"https:\/\/www.confagricoltura.org\/piacenza\/"},{"@type":"ListItem","position":2,"name":"NUOVA PAC: SARA\u2019 CON O SENZA TITOLI?"}]},{"@type":"WebSite","@id":"https:\/\/www.confagricoltura.org\/piacenza\/#website","url":"https:\/\/www.confagricoltura.org\/piacenza\/","name":"Confagricoltura Piacenza","description":"Dalla parte degli Agricoltori","potentialAction":[{"@type":"SearchAction","target":{"@type":"EntryPoint","urlTemplate":"https:\/\/www.confagricoltura.org\/piacenza\/?s={search_term_string}"},"query-input":{"@type":"PropertyValueSpecification","valueRequired":true,"valueName":"search_term_string"}}],"inLanguage":"it-IT"},{"@type":"Person","@id":"https:\/\/www.confagricoltura.org\/piacenza\/#\/schema\/person\/be5da25a3117fea4b3bfec9dba09b5e8","name":"confagricolturapiacenza","image":{"@type":"ImageObject","inLanguage":"it-IT","@id":"https:\/\/www.confagricoltura.org\/piacenza\/#\/schema\/person\/image\/","url":"https:\/\/secure.gravatar.com\/avatar\/9c5f111e417171581853bd0a3ff892ca?s=96&d=mm&r=g","contentUrl":"https:\/\/secure.gravatar.com\/avatar\/9c5f111e417171581853bd0a3ff892ca?s=96&d=mm&r=g","caption":"confagricolturapiacenza"},"url":"https:\/\/www.confagricoltura.org\/piacenza\/author\/confagricolturapiacenza\/"}]}},"_links":{"self":[{"href":"https:\/\/www.confagricoltura.org\/piacenza\/wp-json\/wp\/v2\/posts\/1353","targetHints":{"allow":["GET"]}}],"collection":[{"href":"https:\/\/www.confagricoltura.org\/piacenza\/wp-json\/wp\/v2\/posts"}],"about":[{"href":"https:\/\/www.confagricoltura.org\/piacenza\/wp-json\/wp\/v2\/types\/post"}],"author":[{"embeddable":true,"href":"https:\/\/www.confagricoltura.org\/piacenza\/wp-json\/wp\/v2\/users\/6"}],"replies":[{"embeddable":true,"href":"https:\/\/www.confagricoltura.org\/piacenza\/wp-json\/wp\/v2\/comments?post=1353"}],"version-history":[{"count":1,"href":"https:\/\/www.confagricoltura.org\/piacenza\/wp-json\/wp\/v2\/posts\/1353\/revisions"}],"predecessor-version":[{"id":2777,"href":"https:\/\/www.confagricoltura.org\/piacenza\/wp-json\/wp\/v2\/posts\/1353\/revisions\/2777"}],"wp:attachment":[{"href":"https:\/\/www.confagricoltura.org\/piacenza\/wp-json\/wp\/v2\/media?parent=1353"}],"wp:term":[{"taxonomy":"category","embeddable":true,"href":"https:\/\/www.confagricoltura.org\/piacenza\/wp-json\/wp\/v2\/categories?post=1353"},{"taxonomy":"post_tag","embeddable":true,"href":"https:\/\/www.confagricoltura.org\/piacenza\/wp-json\/wp\/v2\/tags?post=1353"}],"curies":[{"name":"wp","href":"https:\/\/api.w.org\/{rel}","templated":true}]}}