{"id":1317,"date":"2018-07-02T08:56:09","date_gmt":"2018-07-02T06:56:09","guid":{"rendered":"http:\/\/www.confagricoltura.org\/piacenza\/?p=1317"},"modified":"2021-03-11T13:14:31","modified_gmt":"2021-03-11T12:14:31","slug":"orario-estivo-confagricoltura-piacenza","status":"publish","type":"post","link":"https:\/\/www.confagricoltura.org\/piacenza\/orario-estivo-confagricoltura-piacenza\/","title":{"rendered":"ORARIO ESTIVO CONFAGRICOLTURA PIACENZA &#8211; CHIUSURA E SERVIZIO PAGHE"},"content":{"rendered":"<p>Da luned\u00ec 2 luglio p.v. a venerd\u00ec 21 settembre p.v. i nostri uffici osserveranno il seguente orario:<\/p>\n<ul>\n<li><strong>dal luned\u00ec al venerd\u00ec dalle ore 8,00 alle ore 14,00 .<\/strong><\/li>\n<\/ul>\n<p>Si comunica, inoltre, che gli uffici di\u00a0<strong>Confagricoltura Piacenza\u00a0<\/strong>rimarranno chiusi dal <strong>13 al 17 agosto\u00a0<\/strong>e riapriranno regolarmente\u00a0<strong>luned\u00ec 20 agosto<\/strong>.<\/p>\n<p>In tale periodo sar\u00e0 attiva una persona dell\u2019ufficio paghe per il servizio di reperibilit\u00e0 alle aziende assuntrici di manodopera seguendo le\u00a0indicazioni e la modulistica per le suddette urgenze.<\/p>\n<p>__________________________________________________________<\/p>\n<p><strong>INDICAZIONI E MODULISTICA : <\/strong><\/p>\n<p>Con la presente, si informano le aziende associate assuntrici di manodopera, che per il\u00a0 periodo di chiusura degli Uffici dell&#8217;UNIONE AGRICOLTORI previsto nella settimana di ferragosto( 13-17 agosto 2018) verr\u00e0 garantito\u00a0 il servizio\u00a0 di assunzioni \/cessazioni telematiche di operai ed impiegati agricoli e\u00a0 il servizio di denunce infortuni OTI ed \u00a0OTD\u00a0 con le seguenti modalit\u00e0:<\/p>\n<p>Per i <strong>giorni \u00a013,14,16,17,<\/strong> le aziende interessate ad eventuali assunzioni dovranno contattare\u00a0 telefonicamente\u00a0,\u00a0 al n <strong>3896416065<\/strong>, dalle ore 9 alle ore 12,\u00a0 un nostro operatore per fornire i dati necessari all&#8217;adempimento delle pratiche telematiche prima citate.<\/p>\n<p>Si raccomanda di \u00a0effettuare \u00a0la richiesta <u>un giorno lavorativo<\/u> prima dell&#8217;assunzione stessa cos\u00ec come previsto dalla legge 27 dicembre 2007 \u00a0n 296 (finanziaria 2007)<\/p>\n<p><strong>Il giorno 15 il servizio non verr\u00e0 effettuato .<\/strong><\/p>\n<p>Si ricorda inoltre\u00a0che per la chiusura per ferie degli uffici degli intermediari abilitati alla trasmissione telematica delle assunzioni, \u00e8 possibile\u00a0per il datore di lavoro inviare nei tempi previsti dalla legge, una <strong>comunicazione sintetica d&#8217;urgenza <\/strong>\u00a0ad un fax server nazionale con n.\u00a0<strong>848800131,\u00a0<\/strong>fermo restando l&#8217;obbligo ad effettuare la comunicazione completa telematica \u00a0che verr\u00e0 eseguita dall&#8217;Ufficio Zona di competenza alla riapertura dopo il periodo di ferie.<\/p>\n<p>La comunicazione d&#8217;urgenza va\u2019 effettuata utilizzando un facsimile cartaceo del modello <em>&#8220;Unificato Urg&#8221;<\/em>\u00a0da scaricare al link\u00a0\u00a0<a style=\"background-color: #ffffff;color: #23527c\" href=\"http:\/\/www.confagricoltura.org\/piacenza\/wp-content\/uploads\/sites\/3\/2018\/07\/UNIURG_AGGIORNATO.v6.pdf\">UNIURG_AGGIORNATO.v6<\/a><\/p>\n<p>La stessa \u00a0modalit\u00e0\u2019 di comunicazione (telefonata al servizio reperibilit\u00e0) sar\u00e0 utilizzata anche per eventuali infortuni sul lavoro che si dovessero verificare durante la settimana di chiusura e di cui va fatta <u>denuncia telematica<\/u> all \u2019I.n.a.i.l.,\u00a0 entro le 24 ore dalla venuta a conoscenza da parte del \u00a0datore di lavoro.<\/p>\n<p>&nbsp;<\/p>\n<p>&nbsp;<\/p>\n","protected":false},"excerpt":{"rendered":"<p>Da luned\u00ec 2 luglio p.v. a venerd\u00ec 21 settembre p.v. i nostri uffici osserveranno il seguente orario: dal luned\u00ec al venerd\u00ec dalle ore 8,00 alle ore 14,00 . Si comunica, inoltre, che gli uffici di\u00a0Confagricoltura Piacenza\u00a0rimarranno chiusi dal 13 al 17 agosto\u00a0e riapriranno regolarmente\u00a0luned\u00ec 20 agosto. In tale periodo sar\u00e0 attiva una persona dell\u2019ufficio paghe<\/p>\n","protected":false},"author":6,"featured_media":0,"comment_status":"open","ping_status":"open","sticky":false,"template":"","format":"standard","meta":{"wp_mapbox_gl_js_media":[],"footnotes":""},"categories":[335],"tags":[158],"class_list":["post-1317","post","type-post","status-publish","format-standard","hentry","category-archivio","tag-orario-estivo"],"yoast_head":"<!-- This site is optimized with the Yoast SEO plugin v26.8 - https:\/\/yoast.com\/product\/yoast-seo-wordpress\/ -->\n<title>ORARIO ESTIVO CONFAGRICOLTURA PIACENZA - CHIUSURA E SERVIZIO PAGHE - Confagricoltura Piacenza<\/title>\n<meta name=\"robots\" content=\"index, follow, max-snippet:-1, max-image-preview:large, max-video-preview:-1\" \/>\n<link rel=\"canonical\" href=\"https:\/\/www.confagricoltura.org\/piacenza\/orario-estivo-confagricoltura-piacenza\/\" \/>\n<meta property=\"og:locale\" content=\"it_IT\" \/>\n<meta property=\"og:type\" content=\"article\" \/>\n<meta property=\"og:title\" content=\"ORARIO ESTIVO CONFAGRICOLTURA PIACENZA - CHIUSURA E SERVIZIO PAGHE - Confagricoltura Piacenza\" \/>\n<meta property=\"og:description\" content=\"Da luned\u00ec 2 luglio p.v. a venerd\u00ec 21 settembre p.v. i nostri uffici osserveranno il seguente orario: dal luned\u00ec al venerd\u00ec dalle ore 8,00 alle ore 14,00 . Si comunica, inoltre, che gli uffici di\u00a0Confagricoltura Piacenza\u00a0rimarranno chiusi dal 13 al 17 agosto\u00a0e riapriranno regolarmente\u00a0luned\u00ec 20 agosto. In tale periodo sar\u00e0 attiva una persona dell\u2019ufficio paghe\" \/>\n<meta property=\"og:url\" content=\"https:\/\/www.confagricoltura.org\/piacenza\/orario-estivo-confagricoltura-piacenza\/\" \/>\n<meta property=\"og:site_name\" content=\"Confagricoltura Piacenza\" \/>\n<meta property=\"article:published_time\" content=\"2018-07-02T06:56:09+00:00\" \/>\n<meta property=\"article:modified_time\" content=\"2021-03-11T12:14:31+00:00\" \/>\n<meta name=\"author\" content=\"confagricolturapiacenza\" \/>\n<meta name=\"twitter:card\" content=\"summary_large_image\" \/>\n<meta name=\"twitter:label1\" content=\"Scritto da\" \/>\n\t<meta name=\"twitter:data1\" content=\"confagricolturapiacenza\" \/>\n\t<meta name=\"twitter:label2\" content=\"Tempo di lettura stimato\" \/>\n\t<meta name=\"twitter:data2\" content=\"2 minuti\" \/>\n<script type=\"application\/ld+json\" class=\"yoast-schema-graph\">{\"@context\":\"https:\/\/schema.org\",\"@graph\":[{\"@type\":\"Article\",\"@id\":\"https:\/\/www.confagricoltura.org\/piacenza\/orario-estivo-confagricoltura-piacenza\/#article\",\"isPartOf\":{\"@id\":\"https:\/\/www.confagricoltura.org\/piacenza\/orario-estivo-confagricoltura-piacenza\/\"},\"author\":{\"name\":\"confagricolturapiacenza\",\"@id\":\"https:\/\/www.confagricoltura.org\/piacenza\/#\/schema\/person\/be5da25a3117fea4b3bfec9dba09b5e8\"},\"headline\":\"ORARIO ESTIVO CONFAGRICOLTURA PIACENZA &#8211; CHIUSURA E SERVIZIO PAGHE\",\"datePublished\":\"2018-07-02T06:56:09+00:00\",\"dateModified\":\"2021-03-11T12:14:31+00:00\",\"mainEntityOfPage\":{\"@id\":\"https:\/\/www.confagricoltura.org\/piacenza\/orario-estivo-confagricoltura-piacenza\/\"},\"wordCount\":345,\"commentCount\":0,\"keywords\":[\"ORARIO ESTIVO\"],\"articleSection\":[\"Archivio\"],\"inLanguage\":\"it-IT\"},{\"@type\":\"WebPage\",\"@id\":\"https:\/\/www.confagricoltura.org\/piacenza\/orario-estivo-confagricoltura-piacenza\/\",\"url\":\"https:\/\/www.confagricoltura.org\/piacenza\/orario-estivo-confagricoltura-piacenza\/\",\"name\":\"ORARIO ESTIVO CONFAGRICOLTURA PIACENZA - CHIUSURA E SERVIZIO PAGHE - Confagricoltura Piacenza\",\"isPartOf\":{\"@id\":\"https:\/\/www.confagricoltura.org\/piacenza\/#website\"},\"datePublished\":\"2018-07-02T06:56:09+00:00\",\"dateModified\":\"2021-03-11T12:14:31+00:00\",\"author\":{\"@id\":\"https:\/\/www.confagricoltura.org\/piacenza\/#\/schema\/person\/be5da25a3117fea4b3bfec9dba09b5e8\"},\"breadcrumb\":{\"@id\":\"https:\/\/www.confagricoltura.org\/piacenza\/orario-estivo-confagricoltura-piacenza\/#breadcrumb\"},\"inLanguage\":\"it-IT\",\"potentialAction\":[{\"@type\":\"ReadAction\",\"target\":[\"https:\/\/www.confagricoltura.org\/piacenza\/orario-estivo-confagricoltura-piacenza\/\"]}]},{\"@type\":\"BreadcrumbList\",\"@id\":\"https:\/\/www.confagricoltura.org\/piacenza\/orario-estivo-confagricoltura-piacenza\/#breadcrumb\",\"itemListElement\":[{\"@type\":\"ListItem\",\"position\":1,\"name\":\"Home\",\"item\":\"https:\/\/www.confagricoltura.org\/piacenza\/\"},{\"@type\":\"ListItem\",\"position\":2,\"name\":\"ORARIO ESTIVO CONFAGRICOLTURA PIACENZA &#8211; CHIUSURA E SERVIZIO PAGHE\"}]},{\"@type\":\"WebSite\",\"@id\":\"https:\/\/www.confagricoltura.org\/piacenza\/#website\",\"url\":\"https:\/\/www.confagricoltura.org\/piacenza\/\",\"name\":\"Confagricoltura Piacenza\",\"description\":\"Dalla parte degli Agricoltori\",\"potentialAction\":[{\"@type\":\"SearchAction\",\"target\":{\"@type\":\"EntryPoint\",\"urlTemplate\":\"https:\/\/www.confagricoltura.org\/piacenza\/?s={search_term_string}\"},\"query-input\":{\"@type\":\"PropertyValueSpecification\",\"valueRequired\":true,\"valueName\":\"search_term_string\"}}],\"inLanguage\":\"it-IT\"},{\"@type\":\"Person\",\"@id\":\"https:\/\/www.confagricoltura.org\/piacenza\/#\/schema\/person\/be5da25a3117fea4b3bfec9dba09b5e8\",\"name\":\"confagricolturapiacenza\",\"image\":{\"@type\":\"ImageObject\",\"inLanguage\":\"it-IT\",\"@id\":\"https:\/\/www.confagricoltura.org\/piacenza\/#\/schema\/person\/image\/\",\"url\":\"https:\/\/secure.gravatar.com\/avatar\/9c5f111e417171581853bd0a3ff892ca?s=96&d=mm&r=g\",\"contentUrl\":\"https:\/\/secure.gravatar.com\/avatar\/9c5f111e417171581853bd0a3ff892ca?s=96&d=mm&r=g\",\"caption\":\"confagricolturapiacenza\"},\"url\":\"https:\/\/www.confagricoltura.org\/piacenza\/author\/confagricolturapiacenza\/\"}]}<\/script>\n<!-- \/ Yoast SEO plugin. -->","yoast_head_json":{"title":"ORARIO ESTIVO CONFAGRICOLTURA PIACENZA - CHIUSURA E SERVIZIO PAGHE - Confagricoltura Piacenza","robots":{"index":"index","follow":"follow","max-snippet":"max-snippet:-1","max-image-preview":"max-image-preview:large","max-video-preview":"max-video-preview:-1"},"canonical":"https:\/\/www.confagricoltura.org\/piacenza\/orario-estivo-confagricoltura-piacenza\/","og_locale":"it_IT","og_type":"article","og_title":"ORARIO ESTIVO CONFAGRICOLTURA PIACENZA - CHIUSURA E SERVIZIO PAGHE - Confagricoltura Piacenza","og_description":"Da luned\u00ec 2 luglio p.v. a venerd\u00ec 21 settembre p.v. i nostri uffici osserveranno il seguente orario: dal luned\u00ec al venerd\u00ec dalle ore 8,00 alle ore 14,00 . Si comunica, inoltre, che gli uffici di\u00a0Confagricoltura Piacenza\u00a0rimarranno chiusi dal 13 al 17 agosto\u00a0e riapriranno regolarmente\u00a0luned\u00ec 20 agosto. In tale periodo sar\u00e0 attiva una persona dell\u2019ufficio paghe","og_url":"https:\/\/www.confagricoltura.org\/piacenza\/orario-estivo-confagricoltura-piacenza\/","og_site_name":"Confagricoltura Piacenza","article_published_time":"2018-07-02T06:56:09+00:00","article_modified_time":"2021-03-11T12:14:31+00:00","author":"confagricolturapiacenza","twitter_card":"summary_large_image","twitter_misc":{"Scritto da":"confagricolturapiacenza","Tempo di lettura stimato":"2 minuti"},"schema":{"@context":"https:\/\/schema.org","@graph":[{"@type":"Article","@id":"https:\/\/www.confagricoltura.org\/piacenza\/orario-estivo-confagricoltura-piacenza\/#article","isPartOf":{"@id":"https:\/\/www.confagricoltura.org\/piacenza\/orario-estivo-confagricoltura-piacenza\/"},"author":{"name":"confagricolturapiacenza","@id":"https:\/\/www.confagricoltura.org\/piacenza\/#\/schema\/person\/be5da25a3117fea4b3bfec9dba09b5e8"},"headline":"ORARIO ESTIVO CONFAGRICOLTURA PIACENZA &#8211; CHIUSURA E SERVIZIO PAGHE","datePublished":"2018-07-02T06:56:09+00:00","dateModified":"2021-03-11T12:14:31+00:00","mainEntityOfPage":{"@id":"https:\/\/www.confagricoltura.org\/piacenza\/orario-estivo-confagricoltura-piacenza\/"},"wordCount":345,"commentCount":0,"keywords":["ORARIO ESTIVO"],"articleSection":["Archivio"],"inLanguage":"it-IT"},{"@type":"WebPage","@id":"https:\/\/www.confagricoltura.org\/piacenza\/orario-estivo-confagricoltura-piacenza\/","url":"https:\/\/www.confagricoltura.org\/piacenza\/orario-estivo-confagricoltura-piacenza\/","name":"ORARIO ESTIVO CONFAGRICOLTURA PIACENZA - CHIUSURA E SERVIZIO PAGHE - Confagricoltura Piacenza","isPartOf":{"@id":"https:\/\/www.confagricoltura.org\/piacenza\/#website"},"datePublished":"2018-07-02T06:56:09+00:00","dateModified":"2021-03-11T12:14:31+00:00","author":{"@id":"https:\/\/www.confagricoltura.org\/piacenza\/#\/schema\/person\/be5da25a3117fea4b3bfec9dba09b5e8"},"breadcrumb":{"@id":"https:\/\/www.confagricoltura.org\/piacenza\/orario-estivo-confagricoltura-piacenza\/#breadcrumb"},"inLanguage":"it-IT","potentialAction":[{"@type":"ReadAction","target":["https:\/\/www.confagricoltura.org\/piacenza\/orario-estivo-confagricoltura-piacenza\/"]}]},{"@type":"BreadcrumbList","@id":"https:\/\/www.confagricoltura.org\/piacenza\/orario-estivo-confagricoltura-piacenza\/#breadcrumb","itemListElement":[{"@type":"ListItem","position":1,"name":"Home","item":"https:\/\/www.confagricoltura.org\/piacenza\/"},{"@type":"ListItem","position":2,"name":"ORARIO ESTIVO CONFAGRICOLTURA PIACENZA &#8211; CHIUSURA E SERVIZIO PAGHE"}]},{"@type":"WebSite","@id":"https:\/\/www.confagricoltura.org\/piacenza\/#website","url":"https:\/\/www.confagricoltura.org\/piacenza\/","name":"Confagricoltura Piacenza","description":"Dalla parte degli Agricoltori","potentialAction":[{"@type":"SearchAction","target":{"@type":"EntryPoint","urlTemplate":"https:\/\/www.confagricoltura.org\/piacenza\/?s={search_term_string}"},"query-input":{"@type":"PropertyValueSpecification","valueRequired":true,"valueName":"search_term_string"}}],"inLanguage":"it-IT"},{"@type":"Person","@id":"https:\/\/www.confagricoltura.org\/piacenza\/#\/schema\/person\/be5da25a3117fea4b3bfec9dba09b5e8","name":"confagricolturapiacenza","image":{"@type":"ImageObject","inLanguage":"it-IT","@id":"https:\/\/www.confagricoltura.org\/piacenza\/#\/schema\/person\/image\/","url":"https:\/\/secure.gravatar.com\/avatar\/9c5f111e417171581853bd0a3ff892ca?s=96&d=mm&r=g","contentUrl":"https:\/\/secure.gravatar.com\/avatar\/9c5f111e417171581853bd0a3ff892ca?s=96&d=mm&r=g","caption":"confagricolturapiacenza"},"url":"https:\/\/www.confagricoltura.org\/piacenza\/author\/confagricolturapiacenza\/"}]}},"_links":{"self":[{"href":"https:\/\/www.confagricoltura.org\/piacenza\/wp-json\/wp\/v2\/posts\/1317","targetHints":{"allow":["GET"]}}],"collection":[{"href":"https:\/\/www.confagricoltura.org\/piacenza\/wp-json\/wp\/v2\/posts"}],"about":[{"href":"https:\/\/www.confagricoltura.org\/piacenza\/wp-json\/wp\/v2\/types\/post"}],"author":[{"embeddable":true,"href":"https:\/\/www.confagricoltura.org\/piacenza\/wp-json\/wp\/v2\/users\/6"}],"replies":[{"embeddable":true,"href":"https:\/\/www.confagricoltura.org\/piacenza\/wp-json\/wp\/v2\/comments?post=1317"}],"version-history":[{"count":1,"href":"https:\/\/www.confagricoltura.org\/piacenza\/wp-json\/wp\/v2\/posts\/1317\/revisions"}],"predecessor-version":[{"id":2784,"href":"https:\/\/www.confagricoltura.org\/piacenza\/wp-json\/wp\/v2\/posts\/1317\/revisions\/2784"}],"wp:attachment":[{"href":"https:\/\/www.confagricoltura.org\/piacenza\/wp-json\/wp\/v2\/media?parent=1317"}],"wp:term":[{"taxonomy":"category","embeddable":true,"href":"https:\/\/www.confagricoltura.org\/piacenza\/wp-json\/wp\/v2\/categories?post=1317"},{"taxonomy":"post_tag","embeddable":true,"href":"https:\/\/www.confagricoltura.org\/piacenza\/wp-json\/wp\/v2\/tags?post=1317"}],"curies":[{"name":"wp","href":"https:\/\/api.w.org\/{rel}","templated":true}]}}