{"id":1284,"date":"2018-05-28T12:45:56","date_gmt":"2018-05-28T10:45:56","guid":{"rendered":"http:\/\/www.confagricoltura.org\/piacenza\/?p=1284"},"modified":"2021-03-11T13:14:31","modified_gmt":"2021-03-11T12:14:31","slug":"pomodoro-da-industria-preoccupazione-nelle-campagne","status":"publish","type":"post","link":"https:\/\/www.confagricoltura.org\/piacenza\/pomodoro-da-industria-preoccupazione-nelle-campagne\/","title":{"rendered":"POMODORO DA INDUSTRIA: PREOCCUPAZIONE NELLE CAMPAGNE"},"content":{"rendered":"<h4>Confagricoltura Piacenza chiede un tavolo di concertazione con le Op<\/h4>\n<p>&nbsp;<\/p>\n<p>Il verificarsi sempre pi\u00f9 frequente di fenomeni meteorologici intensi sta mettendo a dura prova le campagne con bombe d&#8217;acqua che allagano le colture.\u00a0 I danni rilevati nei giorni scorsi non risparmiano nessuno: dalle grandinate sui vigneti gli allettamenti dei cereali. Se, dunque, da un certo punto di vista sono scongiurati i gravi danni che la siccit\u00e0 ha procurato lo scorso anno, ora ci si deve confrontare con problemi opposti. Confagricoltura Piacenza non manca di evidenziare come siano necessarie, anche in questo caso, opere di regimazione e infrastrutture (come la traversa sul Trebbia e la diga in Val Nure) che l\u2019associazione richiede da tempo e senza le quali popolazione e agricoltura sono sempre pi\u00f9 esposte all\u2019aleatoriet\u00e0 dei fenomeni estremi senza poter gestire, come sarebbe necessario, la risorsa idrica. Auspicando che la bella stagione prenda definitivamente l\u2019avvio, il maltempo ha intanto stravolto la programmazione agraria. A preoccupare particolarmente \u00e8 il comparto del pomodoro da industria impegnato nella fase dei trapianti. \u201cLe segnalazioni che abbiamo ricevuto \u2013 sottolinea Marco Casagrande, direttore di Confagricoltura Piacenza \u2013 fanno emergere due ordini di problemi: i potenziali danni alle colture gi\u00e0 in campo e i ritardi nei trapianti dovuti all\u2019impossibilit\u00e0 di accedere agli appezzamenti. La nostra provincia \u2013 prosegue Casagrande \u2013 \u00e8 seconda in Italia per le superfici a pomodoro con i suoi circa 10.000 ettari di cui circa la met\u00e0 sono di aziende nostre associate. Si tratta di una coltura ad alto valore aggiunto che richiede grandi investimenti ed ha elevati costi produttivi, \u00e8 pertanto importante che vengano messe in campo tutte le azioni necessarie a livello di filiera affinch\u00e9 la campagna non venga compromessa. Ancor pi\u00f9 \u2013 prosegue Casagrande \u2013 in considerazione del fatto che il prezzo di riferimento fissato per questa campagna, coprendo a mala pena i costi produttivi, non lascia margini di manovra per eventuali diseconomie o mancati ritiri di prodotto\u201d.\u00a0 Il ritardo nei trapianti, gi\u00e0 accumulato, e le incertezze che tuttora permangono fanno presupporre una stagione allungata, con il rischio di terminare la raccolta ad ottobre. \u201cCi\u00f2 genera preoccupazione \u2013 sottolinea Casagrande \u2013 in particolare per le aziende molto dimensionate che hanno ancora tante superfici nude programmate a pomodoro. A fronte di questa situazione diviene importante avere garanzie di disponibilit\u00e0 a prorogare il periodo di trasformazione. Per questo \u2013 prosegue Casagrande \u2013 riteniamo necessario che venga al pi\u00f9 presto avviato un tavolo di confronto tra le rappresentanze della filiera e le sindacali, per affrontare la situazione veramente critica che si \u00e8 venuta a creare, insieme alle OP, soggetti deputati a concordare le azioni necessarie e una strategia comune con la controparte industriale per fornire le risposte e le giuste garanzie agli agricoltori. E\u2019 infatti scopo delle Op \u2013 conclude il direttore di Confagricoltura Piacenza \u2013 monitorare costantemente la situazione e coordinare le fasi produttive cos\u00ec da evitare che gli agricoltori abbiano perdite economiche\u201d.<\/p>\n<p>&nbsp;<\/p>\n<p><img loading=\"lazy\" decoding=\"async\" class=\"alignnone size-full wp-image-1285 img-responsive\" src=\"http:\/\/www.confagricoltura.org\/piacenza\/wp-content\/uploads\/sites\/3\/2018\/05\/23-maggio-campo-pomodori-allagato.jpg\" alt=\"\" width=\"960\" height=\"720\" \/><\/p>\n","protected":false},"excerpt":{"rendered":"<p>Confagricoltura Piacenza chiede un tavolo di concertazione con le Op &nbsp; Il verificarsi sempre pi\u00f9 frequente di fenomeni meteorologici intensi sta mettendo a dura prova le campagne con bombe d&#8217;acqua che allagano le colture.\u00a0 I danni rilevati nei giorni scorsi non risparmiano nessuno: dalle grandinate sui vigneti gli allettamenti dei cereali. Se, dunque, da un<\/p>\n","protected":false},"author":6,"featured_media":0,"comment_status":"open","ping_status":"open","sticky":false,"template":"","format":"standard","meta":{"wp_mapbox_gl_js_media":[],"footnotes":""},"categories":[335],"tags":[155],"class_list":["post-1284","post","type-post","status-publish","format-standard","hentry","category-archivio","tag-pomodoro-allagato"],"yoast_head":"<!-- This site is optimized with the Yoast SEO plugin v26.8 - https:\/\/yoast.com\/product\/yoast-seo-wordpress\/ -->\n<title>POMODORO DA INDUSTRIA: PREOCCUPAZIONE NELLE CAMPAGNE - Confagricoltura Piacenza<\/title>\n<meta name=\"robots\" content=\"index, follow, max-snippet:-1, max-image-preview:large, max-video-preview:-1\" \/>\n<link rel=\"canonical\" href=\"https:\/\/www.confagricoltura.org\/piacenza\/pomodoro-da-industria-preoccupazione-nelle-campagne\/\" \/>\n<meta property=\"og:locale\" content=\"it_IT\" \/>\n<meta property=\"og:type\" content=\"article\" \/>\n<meta property=\"og:title\" content=\"POMODORO DA INDUSTRIA: PREOCCUPAZIONE NELLE CAMPAGNE - Confagricoltura Piacenza\" \/>\n<meta property=\"og:description\" content=\"Confagricoltura Piacenza chiede un tavolo di concertazione con le Op &nbsp; Il verificarsi sempre pi\u00f9 frequente di fenomeni meteorologici intensi sta mettendo a dura prova le campagne con bombe d&#8217;acqua che allagano le colture.\u00a0 I danni rilevati nei giorni scorsi non risparmiano nessuno: dalle grandinate sui vigneti gli allettamenti dei cereali. Se, dunque, da un\" \/>\n<meta property=\"og:url\" content=\"https:\/\/www.confagricoltura.org\/piacenza\/pomodoro-da-industria-preoccupazione-nelle-campagne\/\" \/>\n<meta property=\"og:site_name\" content=\"Confagricoltura Piacenza\" \/>\n<meta property=\"article:published_time\" content=\"2018-05-28T10:45:56+00:00\" \/>\n<meta property=\"article:modified_time\" content=\"2021-03-11T12:14:31+00:00\" \/>\n<meta property=\"og:image\" content=\"http:\/\/www.confagricoltura.org\/piacenza\/wp-content\/uploads\/sites\/3\/2018\/05\/23-maggio-campo-pomodori-allagato.jpg\" \/>\n<meta name=\"author\" content=\"confagricolturapiacenza\" \/>\n<meta name=\"twitter:card\" content=\"summary_large_image\" \/>\n<meta name=\"twitter:label1\" content=\"Scritto da\" \/>\n\t<meta name=\"twitter:data1\" content=\"confagricolturapiacenza\" \/>\n\t<meta name=\"twitter:label2\" content=\"Tempo di lettura stimato\" \/>\n\t<meta name=\"twitter:data2\" content=\"2 minuti\" \/>\n<script type=\"application\/ld+json\" class=\"yoast-schema-graph\">{\"@context\":\"https:\/\/schema.org\",\"@graph\":[{\"@type\":\"Article\",\"@id\":\"https:\/\/www.confagricoltura.org\/piacenza\/pomodoro-da-industria-preoccupazione-nelle-campagne\/#article\",\"isPartOf\":{\"@id\":\"https:\/\/www.confagricoltura.org\/piacenza\/pomodoro-da-industria-preoccupazione-nelle-campagne\/\"},\"author\":{\"name\":\"confagricolturapiacenza\",\"@id\":\"https:\/\/www.confagricoltura.org\/piacenza\/#\/schema\/person\/be5da25a3117fea4b3bfec9dba09b5e8\"},\"headline\":\"POMODORO DA INDUSTRIA: PREOCCUPAZIONE NELLE CAMPAGNE\",\"datePublished\":\"2018-05-28T10:45:56+00:00\",\"dateModified\":\"2021-03-11T12:14:31+00:00\",\"mainEntityOfPage\":{\"@id\":\"https:\/\/www.confagricoltura.org\/piacenza\/pomodoro-da-industria-preoccupazione-nelle-campagne\/\"},\"wordCount\":477,\"commentCount\":0,\"image\":{\"@id\":\"https:\/\/www.confagricoltura.org\/piacenza\/pomodoro-da-industria-preoccupazione-nelle-campagne\/#primaryimage\"},\"thumbnailUrl\":\"http:\/\/www.confagricoltura.org\/piacenza\/wp-content\/uploads\/sites\/3\/2018\/05\/23-maggio-campo-pomodori-allagato.jpg\",\"keywords\":[\"POMODORO ALLAGATO\"],\"articleSection\":[\"Archivio\"],\"inLanguage\":\"it-IT\"},{\"@type\":\"WebPage\",\"@id\":\"https:\/\/www.confagricoltura.org\/piacenza\/pomodoro-da-industria-preoccupazione-nelle-campagne\/\",\"url\":\"https:\/\/www.confagricoltura.org\/piacenza\/pomodoro-da-industria-preoccupazione-nelle-campagne\/\",\"name\":\"POMODORO DA INDUSTRIA: PREOCCUPAZIONE NELLE CAMPAGNE - Confagricoltura Piacenza\",\"isPartOf\":{\"@id\":\"https:\/\/www.confagricoltura.org\/piacenza\/#website\"},\"primaryImageOfPage\":{\"@id\":\"https:\/\/www.confagricoltura.org\/piacenza\/pomodoro-da-industria-preoccupazione-nelle-campagne\/#primaryimage\"},\"image\":{\"@id\":\"https:\/\/www.confagricoltura.org\/piacenza\/pomodoro-da-industria-preoccupazione-nelle-campagne\/#primaryimage\"},\"thumbnailUrl\":\"http:\/\/www.confagricoltura.org\/piacenza\/wp-content\/uploads\/sites\/3\/2018\/05\/23-maggio-campo-pomodori-allagato.jpg\",\"datePublished\":\"2018-05-28T10:45:56+00:00\",\"dateModified\":\"2021-03-11T12:14:31+00:00\",\"author\":{\"@id\":\"https:\/\/www.confagricoltura.org\/piacenza\/#\/schema\/person\/be5da25a3117fea4b3bfec9dba09b5e8\"},\"breadcrumb\":{\"@id\":\"https:\/\/www.confagricoltura.org\/piacenza\/pomodoro-da-industria-preoccupazione-nelle-campagne\/#breadcrumb\"},\"inLanguage\":\"it-IT\",\"potentialAction\":[{\"@type\":\"ReadAction\",\"target\":[\"https:\/\/www.confagricoltura.org\/piacenza\/pomodoro-da-industria-preoccupazione-nelle-campagne\/\"]}]},{\"@type\":\"ImageObject\",\"inLanguage\":\"it-IT\",\"@id\":\"https:\/\/www.confagricoltura.org\/piacenza\/pomodoro-da-industria-preoccupazione-nelle-campagne\/#primaryimage\",\"url\":\"http:\/\/www.confagricoltura.org\/piacenza\/wp-content\/uploads\/sites\/3\/2018\/05\/23-maggio-campo-pomodori-allagato.jpg\",\"contentUrl\":\"http:\/\/www.confagricoltura.org\/piacenza\/wp-content\/uploads\/sites\/3\/2018\/05\/23-maggio-campo-pomodori-allagato.jpg\"},{\"@type\":\"BreadcrumbList\",\"@id\":\"https:\/\/www.confagricoltura.org\/piacenza\/pomodoro-da-industria-preoccupazione-nelle-campagne\/#breadcrumb\",\"itemListElement\":[{\"@type\":\"ListItem\",\"position\":1,\"name\":\"Home\",\"item\":\"https:\/\/www.confagricoltura.org\/piacenza\/\"},{\"@type\":\"ListItem\",\"position\":2,\"name\":\"POMODORO DA INDUSTRIA: PREOCCUPAZIONE NELLE CAMPAGNE\"}]},{\"@type\":\"WebSite\",\"@id\":\"https:\/\/www.confagricoltura.org\/piacenza\/#website\",\"url\":\"https:\/\/www.confagricoltura.org\/piacenza\/\",\"name\":\"Confagricoltura Piacenza\",\"description\":\"Dalla parte degli Agricoltori\",\"potentialAction\":[{\"@type\":\"SearchAction\",\"target\":{\"@type\":\"EntryPoint\",\"urlTemplate\":\"https:\/\/www.confagricoltura.org\/piacenza\/?s={search_term_string}\"},\"query-input\":{\"@type\":\"PropertyValueSpecification\",\"valueRequired\":true,\"valueName\":\"search_term_string\"}}],\"inLanguage\":\"it-IT\"},{\"@type\":\"Person\",\"@id\":\"https:\/\/www.confagricoltura.org\/piacenza\/#\/schema\/person\/be5da25a3117fea4b3bfec9dba09b5e8\",\"name\":\"confagricolturapiacenza\",\"image\":{\"@type\":\"ImageObject\",\"inLanguage\":\"it-IT\",\"@id\":\"https:\/\/www.confagricoltura.org\/piacenza\/#\/schema\/person\/image\/\",\"url\":\"https:\/\/secure.gravatar.com\/avatar\/9c5f111e417171581853bd0a3ff892ca?s=96&d=mm&r=g\",\"contentUrl\":\"https:\/\/secure.gravatar.com\/avatar\/9c5f111e417171581853bd0a3ff892ca?s=96&d=mm&r=g\",\"caption\":\"confagricolturapiacenza\"},\"url\":\"https:\/\/www.confagricoltura.org\/piacenza\/author\/confagricolturapiacenza\/\"}]}<\/script>\n<!-- \/ Yoast SEO plugin. -->","yoast_head_json":{"title":"POMODORO DA INDUSTRIA: PREOCCUPAZIONE NELLE CAMPAGNE - Confagricoltura Piacenza","robots":{"index":"index","follow":"follow","max-snippet":"max-snippet:-1","max-image-preview":"max-image-preview:large","max-video-preview":"max-video-preview:-1"},"canonical":"https:\/\/www.confagricoltura.org\/piacenza\/pomodoro-da-industria-preoccupazione-nelle-campagne\/","og_locale":"it_IT","og_type":"article","og_title":"POMODORO DA INDUSTRIA: PREOCCUPAZIONE NELLE CAMPAGNE - Confagricoltura Piacenza","og_description":"Confagricoltura Piacenza chiede un tavolo di concertazione con le Op &nbsp; Il verificarsi sempre pi\u00f9 frequente di fenomeni meteorologici intensi sta mettendo a dura prova le campagne con bombe d&#8217;acqua che allagano le colture.\u00a0 I danni rilevati nei giorni scorsi non risparmiano nessuno: dalle grandinate sui vigneti gli allettamenti dei cereali. Se, dunque, da un","og_url":"https:\/\/www.confagricoltura.org\/piacenza\/pomodoro-da-industria-preoccupazione-nelle-campagne\/","og_site_name":"Confagricoltura Piacenza","article_published_time":"2018-05-28T10:45:56+00:00","article_modified_time":"2021-03-11T12:14:31+00:00","og_image":[{"url":"http:\/\/www.confagricoltura.org\/piacenza\/wp-content\/uploads\/sites\/3\/2018\/05\/23-maggio-campo-pomodori-allagato.jpg","type":"","width":"","height":""}],"author":"confagricolturapiacenza","twitter_card":"summary_large_image","twitter_misc":{"Scritto da":"confagricolturapiacenza","Tempo di lettura stimato":"2 minuti"},"schema":{"@context":"https:\/\/schema.org","@graph":[{"@type":"Article","@id":"https:\/\/www.confagricoltura.org\/piacenza\/pomodoro-da-industria-preoccupazione-nelle-campagne\/#article","isPartOf":{"@id":"https:\/\/www.confagricoltura.org\/piacenza\/pomodoro-da-industria-preoccupazione-nelle-campagne\/"},"author":{"name":"confagricolturapiacenza","@id":"https:\/\/www.confagricoltura.org\/piacenza\/#\/schema\/person\/be5da25a3117fea4b3bfec9dba09b5e8"},"headline":"POMODORO DA INDUSTRIA: PREOCCUPAZIONE NELLE CAMPAGNE","datePublished":"2018-05-28T10:45:56+00:00","dateModified":"2021-03-11T12:14:31+00:00","mainEntityOfPage":{"@id":"https:\/\/www.confagricoltura.org\/piacenza\/pomodoro-da-industria-preoccupazione-nelle-campagne\/"},"wordCount":477,"commentCount":0,"image":{"@id":"https:\/\/www.confagricoltura.org\/piacenza\/pomodoro-da-industria-preoccupazione-nelle-campagne\/#primaryimage"},"thumbnailUrl":"http:\/\/www.confagricoltura.org\/piacenza\/wp-content\/uploads\/sites\/3\/2018\/05\/23-maggio-campo-pomodori-allagato.jpg","keywords":["POMODORO ALLAGATO"],"articleSection":["Archivio"],"inLanguage":"it-IT"},{"@type":"WebPage","@id":"https:\/\/www.confagricoltura.org\/piacenza\/pomodoro-da-industria-preoccupazione-nelle-campagne\/","url":"https:\/\/www.confagricoltura.org\/piacenza\/pomodoro-da-industria-preoccupazione-nelle-campagne\/","name":"POMODORO DA INDUSTRIA: PREOCCUPAZIONE NELLE CAMPAGNE - Confagricoltura Piacenza","isPartOf":{"@id":"https:\/\/www.confagricoltura.org\/piacenza\/#website"},"primaryImageOfPage":{"@id":"https:\/\/www.confagricoltura.org\/piacenza\/pomodoro-da-industria-preoccupazione-nelle-campagne\/#primaryimage"},"image":{"@id":"https:\/\/www.confagricoltura.org\/piacenza\/pomodoro-da-industria-preoccupazione-nelle-campagne\/#primaryimage"},"thumbnailUrl":"http:\/\/www.confagricoltura.org\/piacenza\/wp-content\/uploads\/sites\/3\/2018\/05\/23-maggio-campo-pomodori-allagato.jpg","datePublished":"2018-05-28T10:45:56+00:00","dateModified":"2021-03-11T12:14:31+00:00","author":{"@id":"https:\/\/www.confagricoltura.org\/piacenza\/#\/schema\/person\/be5da25a3117fea4b3bfec9dba09b5e8"},"breadcrumb":{"@id":"https:\/\/www.confagricoltura.org\/piacenza\/pomodoro-da-industria-preoccupazione-nelle-campagne\/#breadcrumb"},"inLanguage":"it-IT","potentialAction":[{"@type":"ReadAction","target":["https:\/\/www.confagricoltura.org\/piacenza\/pomodoro-da-industria-preoccupazione-nelle-campagne\/"]}]},{"@type":"ImageObject","inLanguage":"it-IT","@id":"https:\/\/www.confagricoltura.org\/piacenza\/pomodoro-da-industria-preoccupazione-nelle-campagne\/#primaryimage","url":"http:\/\/www.confagricoltura.org\/piacenza\/wp-content\/uploads\/sites\/3\/2018\/05\/23-maggio-campo-pomodori-allagato.jpg","contentUrl":"http:\/\/www.confagricoltura.org\/piacenza\/wp-content\/uploads\/sites\/3\/2018\/05\/23-maggio-campo-pomodori-allagato.jpg"},{"@type":"BreadcrumbList","@id":"https:\/\/www.confagricoltura.org\/piacenza\/pomodoro-da-industria-preoccupazione-nelle-campagne\/#breadcrumb","itemListElement":[{"@type":"ListItem","position":1,"name":"Home","item":"https:\/\/www.confagricoltura.org\/piacenza\/"},{"@type":"ListItem","position":2,"name":"POMODORO DA INDUSTRIA: PREOCCUPAZIONE NELLE CAMPAGNE"}]},{"@type":"WebSite","@id":"https:\/\/www.confagricoltura.org\/piacenza\/#website","url":"https:\/\/www.confagricoltura.org\/piacenza\/","name":"Confagricoltura Piacenza","description":"Dalla parte degli Agricoltori","potentialAction":[{"@type":"SearchAction","target":{"@type":"EntryPoint","urlTemplate":"https:\/\/www.confagricoltura.org\/piacenza\/?s={search_term_string}"},"query-input":{"@type":"PropertyValueSpecification","valueRequired":true,"valueName":"search_term_string"}}],"inLanguage":"it-IT"},{"@type":"Person","@id":"https:\/\/www.confagricoltura.org\/piacenza\/#\/schema\/person\/be5da25a3117fea4b3bfec9dba09b5e8","name":"confagricolturapiacenza","image":{"@type":"ImageObject","inLanguage":"it-IT","@id":"https:\/\/www.confagricoltura.org\/piacenza\/#\/schema\/person\/image\/","url":"https:\/\/secure.gravatar.com\/avatar\/9c5f111e417171581853bd0a3ff892ca?s=96&d=mm&r=g","contentUrl":"https:\/\/secure.gravatar.com\/avatar\/9c5f111e417171581853bd0a3ff892ca?s=96&d=mm&r=g","caption":"confagricolturapiacenza"},"url":"https:\/\/www.confagricoltura.org\/piacenza\/author\/confagricolturapiacenza\/"}]}},"_links":{"self":[{"href":"https:\/\/www.confagricoltura.org\/piacenza\/wp-json\/wp\/v2\/posts\/1284","targetHints":{"allow":["GET"]}}],"collection":[{"href":"https:\/\/www.confagricoltura.org\/piacenza\/wp-json\/wp\/v2\/posts"}],"about":[{"href":"https:\/\/www.confagricoltura.org\/piacenza\/wp-json\/wp\/v2\/types\/post"}],"author":[{"embeddable":true,"href":"https:\/\/www.confagricoltura.org\/piacenza\/wp-json\/wp\/v2\/users\/6"}],"replies":[{"embeddable":true,"href":"https:\/\/www.confagricoltura.org\/piacenza\/wp-json\/wp\/v2\/comments?post=1284"}],"version-history":[{"count":1,"href":"https:\/\/www.confagricoltura.org\/piacenza\/wp-json\/wp\/v2\/posts\/1284\/revisions"}],"predecessor-version":[{"id":2789,"href":"https:\/\/www.confagricoltura.org\/piacenza\/wp-json\/wp\/v2\/posts\/1284\/revisions\/2789"}],"wp:attachment":[{"href":"https:\/\/www.confagricoltura.org\/piacenza\/wp-json\/wp\/v2\/media?parent=1284"}],"wp:term":[{"taxonomy":"category","embeddable":true,"href":"https:\/\/www.confagricoltura.org\/piacenza\/wp-json\/wp\/v2\/categories?post=1284"},{"taxonomy":"post_tag","embeddable":true,"href":"https:\/\/www.confagricoltura.org\/piacenza\/wp-json\/wp\/v2\/tags?post=1284"}],"curies":[{"name":"wp","href":"https:\/\/api.w.org\/{rel}","templated":true}]}}