{"id":1212,"date":"2016-01-22T17:22:04","date_gmt":"2016-01-22T16:22:04","guid":{"rendered":"http:\/\/www.confagricoltura.org\/piacenza\/?p=258"},"modified":"2021-03-11T13:20:32","modified_gmt":"2021-03-11T12:20:32","slug":"confagricoltura-al-via-gli-incontri-sul-territorio","status":"publish","type":"post","link":"https:\/\/www.confagricoltura.org\/piacenza\/confagricoltura-al-via-gli-incontri-sul-territorio\/","title":{"rendered":"CONFAGRICOLTURA: AL VIA GLI INCONTRI SUL TERRITORIO"},"content":{"rendered":"<p><em><strong>Chiesa: parleremo di Psr, legge di stabilit\u00e0, ma anche di nuovi modelli comunicativi dell\u2019Associazione<\/strong><\/em><\/p>\n<p>&nbsp;<\/p>\n<p><strong>Mercoled\u00ec 27 gennaio alle ore 10 presso la sala riunioni di Confagricoltura Piacenza, in Via Colombo 35<\/strong>, si terr\u00e0 il primo degli incontri sul territorio che Confagricoltura ha in programma per dialogare con la base associativa e illustrare le novit\u00e0 in campo di tecnico, fiscale e organizzativo. \u201cMentre l\u2019Associazione si sta trasformando per diventare sempre pi\u00f9 snella, flessibile: un hub di servizi per l\u2019imprenditore agricolo, non abbandoniamo l\u2019antica tradizione dell\u2019incontro a tu per tu \u2013 spiega Enrico Chiesa, presidente di Confagricoltura Piacenza -. Questo rester\u00e0 sempre un\u2019occasione di dialogo e di confronto tra di noi\u201d.\u00a0 I temi che si affronteremo saranno di estrema attualit\u00e0: le prossime scadenze del Psr, cosa effettivamente \u00e8 possibile attuare per cogliere le opportunit\u00e0 che il Piano offre tra le diverse misure e priorit\u00e0. Si parler\u00e0 della Legge di Stabilit\u00e0, approvata a fine anno. \u201cContiene numerose disposizioni d\u2019interesse per il settore agricolo \u2013 sottolinea Chiesa &#8211; e anche qualche novit\u00e0 positiva. Pare che per la prima volta dopo tanti anni siano state varate misure che qualcosa aggiungono, invece di togliere, alle nostre imprese, anche se l\u2019effettivo impatto andr\u00e0 valutato\u201d. A illustrare i dettagli tecnici saranno il responsabile del Servizio Tecnico \u2013 Giovanni Marchesi e la responsabile del Servizio Fiscale \u2013 Michela Filippi. Nella legge di Stabilit\u00e0 l\u2019Irap per l\u2019attivit\u00e0 agricola \u00e8 stata abolita completamente, cos\u00ec come l\u2019Imu, sia pur limitatamente ai terreni agricoli posseduti e condotti da IAP\/CD. Sono inoltre previste agevolazioni con l\u2019aumento di alcune percentuali di compensazione Iva, in particolare per il settore zootecnico. Sono poi previsti sgravi contributivi per le assunzioni a tempo indeterminato, viene potenziato il fondo dell\u2019Ice per sostenere l\u2019Export del made in Italy. \u201cI temi di stretta attualit\u00e0 sono diversi \u2013 prosegue Chiesa \u2013 ma desidero inoltre condividere anche la linea che Confagricoltura ha tracciato in occasione dell\u2019ultimo Convegno Quadri a Roma, sebbene richieda non poco sforzo, da parte di tutti. Vogliamo cogliere a pieno le potenzialit\u00e0 che la tecnologia offre all\u2019agricoltura moderna: dalle applicazioni ai programmi dedicati, alla rete di comunicazione interna, sempre pi\u00f9 differenziata e veloce. Anche a livello locale abbiamo introdotto qualche novit\u00e0 e stiamo lavorando a nuovi progetti che ci consentono di fare di pi\u00f9, meglio e con minori costi. Invito gli agricoltori interessati a partecipare numerosi\u201d.<\/p>\n<p>Gli appuntamenti, tutti fissati alle ore 10.00, proseguiranno a: Castel San Giovanni &#8211; gioved\u00ec 28 gennaio presso il Centro Culturale; Monticelli d\u2019Ongina \u2013 venerd\u00ec 29 gennaio presso la sala Coop; Ponte dell\u2019Olio \u2013 marted\u00ec 02 febbraio presso la sala parrocchiale; Fiorenzuola d\u2019Arda \u2013 gioved\u00ec 04 febbraio presso la Sala Convegni S. Giovanni; Cortemaggiore \u2013 venerd\u00ec 05 febbraio presso la Sala della Banca di Piacenza; Agazzano \u2013 gioved\u00ec 11 febbraio presso la sala comunale; Lugagnano Val d\u2019Arda \u2013 venerd\u00ec 12 febbraio presso la sala comunale.<\/p>\n<p><img loading=\"lazy\" decoding=\"async\" class=\"alignnone size-full wp-image-227 img-responsive\" src=\"http:\/\/www.confagricoltura.org\/piacenza\/wp-content\/uploads\/sites\/3\/2016\/03\/Enrico-Chiesa.jpg\" alt=\"Enrico Chiesa\" width=\"480\" height=\"640\" \/><\/p>\n<p><strong>Enrico Chiesa<\/strong> &#8211; presidente Confagricoltura Piacenza<\/p>\n","protected":false},"excerpt":{"rendered":"<p>Chiesa: parleremo di Psr, legge di stabilit\u00e0, ma anche di nuovi modelli comunicativi dell\u2019Associazione &nbsp; Mercoled\u00ec 27 gennaio alle ore 10 presso la sala riunioni di Confagricoltura Piacenza, in Via Colombo 35, si terr\u00e0 il primo degli incontri sul territorio che Confagricoltura ha in programma per dialogare con la base associativa e illustrare le novit\u00e0<\/p>\n","protected":false},"author":6,"featured_media":0,"comment_status":"open","ping_status":"open","sticky":false,"template":"","format":"standard","meta":{"wp_mapbox_gl_js_media":[],"footnotes":""},"categories":[335],"tags":[],"class_list":["post-1212","post","type-post","status-publish","format-standard","hentry","category-archivio"],"yoast_head":"<!-- This site is optimized with the Yoast SEO plugin v26.8 - https:\/\/yoast.com\/product\/yoast-seo-wordpress\/ -->\n<title>CONFAGRICOLTURA: AL VIA GLI INCONTRI SUL TERRITORIO - Confagricoltura Piacenza<\/title>\n<meta name=\"robots\" content=\"index, follow, max-snippet:-1, max-image-preview:large, max-video-preview:-1\" \/>\n<link rel=\"canonical\" href=\"https:\/\/www.confagricoltura.org\/piacenza\/confagricoltura-al-via-gli-incontri-sul-territorio\/\" \/>\n<meta property=\"og:locale\" content=\"it_IT\" \/>\n<meta property=\"og:type\" content=\"article\" \/>\n<meta property=\"og:title\" content=\"CONFAGRICOLTURA: AL VIA GLI INCONTRI SUL TERRITORIO - Confagricoltura Piacenza\" \/>\n<meta property=\"og:description\" content=\"Chiesa: parleremo di Psr, legge di stabilit\u00e0, ma anche di nuovi modelli comunicativi dell\u2019Associazione &nbsp; Mercoled\u00ec 27 gennaio alle ore 10 presso la sala riunioni di Confagricoltura Piacenza, in Via Colombo 35, si terr\u00e0 il primo degli incontri sul territorio che Confagricoltura ha in programma per dialogare con la base associativa e illustrare le novit\u00e0\" \/>\n<meta property=\"og:url\" content=\"https:\/\/www.confagricoltura.org\/piacenza\/confagricoltura-al-via-gli-incontri-sul-territorio\/\" \/>\n<meta property=\"og:site_name\" content=\"Confagricoltura Piacenza\" \/>\n<meta property=\"article:published_time\" content=\"2016-01-22T16:22:04+00:00\" \/>\n<meta property=\"article:modified_time\" content=\"2021-03-11T12:20:32+00:00\" \/>\n<meta property=\"og:image\" content=\"http:\/\/www.confagricoltura.org\/piacenza\/wp-content\/uploads\/sites\/3\/2016\/03\/Enrico-Chiesa.jpg\" \/>\n<meta name=\"author\" content=\"confagricolturapiacenza\" \/>\n<meta name=\"twitter:card\" content=\"summary_large_image\" \/>\n<meta name=\"twitter:label1\" content=\"Scritto da\" \/>\n\t<meta name=\"twitter:data1\" content=\"confagricolturapiacenza\" \/>\n\t<meta name=\"twitter:label2\" content=\"Tempo di lettura stimato\" \/>\n\t<meta name=\"twitter:data2\" content=\"2 minuti\" \/>\n<script type=\"application\/ld+json\" class=\"yoast-schema-graph\">{\"@context\":\"https:\/\/schema.org\",\"@graph\":[{\"@type\":\"Article\",\"@id\":\"https:\/\/www.confagricoltura.org\/piacenza\/confagricoltura-al-via-gli-incontri-sul-territorio\/#article\",\"isPartOf\":{\"@id\":\"https:\/\/www.confagricoltura.org\/piacenza\/confagricoltura-al-via-gli-incontri-sul-territorio\/\"},\"author\":{\"name\":\"confagricolturapiacenza\",\"@id\":\"https:\/\/www.confagricoltura.org\/piacenza\/#\/schema\/person\/be5da25a3117fea4b3bfec9dba09b5e8\"},\"headline\":\"CONFAGRICOLTURA: AL VIA GLI INCONTRI SUL TERRITORIO\",\"datePublished\":\"2016-01-22T16:22:04+00:00\",\"dateModified\":\"2021-03-11T12:20:32+00:00\",\"mainEntityOfPage\":{\"@id\":\"https:\/\/www.confagricoltura.org\/piacenza\/confagricoltura-al-via-gli-incontri-sul-territorio\/\"},\"wordCount\":479,\"commentCount\":0,\"image\":{\"@id\":\"https:\/\/www.confagricoltura.org\/piacenza\/confagricoltura-al-via-gli-incontri-sul-territorio\/#primaryimage\"},\"thumbnailUrl\":\"http:\/\/www.confagricoltura.org\/piacenza\/wp-content\/uploads\/sites\/3\/2016\/03\/Enrico-Chiesa.jpg\",\"articleSection\":[\"Archivio\"],\"inLanguage\":\"it-IT\"},{\"@type\":\"WebPage\",\"@id\":\"https:\/\/www.confagricoltura.org\/piacenza\/confagricoltura-al-via-gli-incontri-sul-territorio\/\",\"url\":\"https:\/\/www.confagricoltura.org\/piacenza\/confagricoltura-al-via-gli-incontri-sul-territorio\/\",\"name\":\"CONFAGRICOLTURA: AL VIA GLI INCONTRI SUL TERRITORIO - Confagricoltura Piacenza\",\"isPartOf\":{\"@id\":\"https:\/\/www.confagricoltura.org\/piacenza\/#website\"},\"primaryImageOfPage\":{\"@id\":\"https:\/\/www.confagricoltura.org\/piacenza\/confagricoltura-al-via-gli-incontri-sul-territorio\/#primaryimage\"},\"image\":{\"@id\":\"https:\/\/www.confagricoltura.org\/piacenza\/confagricoltura-al-via-gli-incontri-sul-territorio\/#primaryimage\"},\"thumbnailUrl\":\"http:\/\/www.confagricoltura.org\/piacenza\/wp-content\/uploads\/sites\/3\/2016\/03\/Enrico-Chiesa.jpg\",\"datePublished\":\"2016-01-22T16:22:04+00:00\",\"dateModified\":\"2021-03-11T12:20:32+00:00\",\"author\":{\"@id\":\"https:\/\/www.confagricoltura.org\/piacenza\/#\/schema\/person\/be5da25a3117fea4b3bfec9dba09b5e8\"},\"breadcrumb\":{\"@id\":\"https:\/\/www.confagricoltura.org\/piacenza\/confagricoltura-al-via-gli-incontri-sul-territorio\/#breadcrumb\"},\"inLanguage\":\"it-IT\",\"potentialAction\":[{\"@type\":\"ReadAction\",\"target\":[\"https:\/\/www.confagricoltura.org\/piacenza\/confagricoltura-al-via-gli-incontri-sul-territorio\/\"]}]},{\"@type\":\"ImageObject\",\"inLanguage\":\"it-IT\",\"@id\":\"https:\/\/www.confagricoltura.org\/piacenza\/confagricoltura-al-via-gli-incontri-sul-territorio\/#primaryimage\",\"url\":\"http:\/\/www.confagricoltura.org\/piacenza\/wp-content\/uploads\/sites\/3\/2016\/03\/Enrico-Chiesa.jpg\",\"contentUrl\":\"http:\/\/www.confagricoltura.org\/piacenza\/wp-content\/uploads\/sites\/3\/2016\/03\/Enrico-Chiesa.jpg\"},{\"@type\":\"BreadcrumbList\",\"@id\":\"https:\/\/www.confagricoltura.org\/piacenza\/confagricoltura-al-via-gli-incontri-sul-territorio\/#breadcrumb\",\"itemListElement\":[{\"@type\":\"ListItem\",\"position\":1,\"name\":\"Home\",\"item\":\"https:\/\/www.confagricoltura.org\/piacenza\/\"},{\"@type\":\"ListItem\",\"position\":2,\"name\":\"CONFAGRICOLTURA: AL VIA GLI INCONTRI SUL TERRITORIO\"}]},{\"@type\":\"WebSite\",\"@id\":\"https:\/\/www.confagricoltura.org\/piacenza\/#website\",\"url\":\"https:\/\/www.confagricoltura.org\/piacenza\/\",\"name\":\"Confagricoltura Piacenza\",\"description\":\"Dalla parte degli Agricoltori\",\"potentialAction\":[{\"@type\":\"SearchAction\",\"target\":{\"@type\":\"EntryPoint\",\"urlTemplate\":\"https:\/\/www.confagricoltura.org\/piacenza\/?s={search_term_string}\"},\"query-input\":{\"@type\":\"PropertyValueSpecification\",\"valueRequired\":true,\"valueName\":\"search_term_string\"}}],\"inLanguage\":\"it-IT\"},{\"@type\":\"Person\",\"@id\":\"https:\/\/www.confagricoltura.org\/piacenza\/#\/schema\/person\/be5da25a3117fea4b3bfec9dba09b5e8\",\"name\":\"confagricolturapiacenza\",\"image\":{\"@type\":\"ImageObject\",\"inLanguage\":\"it-IT\",\"@id\":\"https:\/\/www.confagricoltura.org\/piacenza\/#\/schema\/person\/image\/\",\"url\":\"https:\/\/secure.gravatar.com\/avatar\/9c5f111e417171581853bd0a3ff892ca?s=96&d=mm&r=g\",\"contentUrl\":\"https:\/\/secure.gravatar.com\/avatar\/9c5f111e417171581853bd0a3ff892ca?s=96&d=mm&r=g\",\"caption\":\"confagricolturapiacenza\"},\"url\":\"https:\/\/www.confagricoltura.org\/piacenza\/author\/confagricolturapiacenza\/\"}]}<\/script>\n<!-- \/ Yoast SEO plugin. -->","yoast_head_json":{"title":"CONFAGRICOLTURA: AL VIA GLI INCONTRI SUL TERRITORIO - Confagricoltura Piacenza","robots":{"index":"index","follow":"follow","max-snippet":"max-snippet:-1","max-image-preview":"max-image-preview:large","max-video-preview":"max-video-preview:-1"},"canonical":"https:\/\/www.confagricoltura.org\/piacenza\/confagricoltura-al-via-gli-incontri-sul-territorio\/","og_locale":"it_IT","og_type":"article","og_title":"CONFAGRICOLTURA: AL VIA GLI INCONTRI SUL TERRITORIO - Confagricoltura Piacenza","og_description":"Chiesa: parleremo di Psr, legge di stabilit\u00e0, ma anche di nuovi modelli comunicativi dell\u2019Associazione &nbsp; Mercoled\u00ec 27 gennaio alle ore 10 presso la sala riunioni di Confagricoltura Piacenza, in Via Colombo 35, si terr\u00e0 il primo degli incontri sul territorio che Confagricoltura ha in programma per dialogare con la base associativa e illustrare le novit\u00e0","og_url":"https:\/\/www.confagricoltura.org\/piacenza\/confagricoltura-al-via-gli-incontri-sul-territorio\/","og_site_name":"Confagricoltura Piacenza","article_published_time":"2016-01-22T16:22:04+00:00","article_modified_time":"2021-03-11T12:20:32+00:00","og_image":[{"url":"http:\/\/www.confagricoltura.org\/piacenza\/wp-content\/uploads\/sites\/3\/2016\/03\/Enrico-Chiesa.jpg","type":"","width":"","height":""}],"author":"confagricolturapiacenza","twitter_card":"summary_large_image","twitter_misc":{"Scritto da":"confagricolturapiacenza","Tempo di lettura stimato":"2 minuti"},"schema":{"@context":"https:\/\/schema.org","@graph":[{"@type":"Article","@id":"https:\/\/www.confagricoltura.org\/piacenza\/confagricoltura-al-via-gli-incontri-sul-territorio\/#article","isPartOf":{"@id":"https:\/\/www.confagricoltura.org\/piacenza\/confagricoltura-al-via-gli-incontri-sul-territorio\/"},"author":{"name":"confagricolturapiacenza","@id":"https:\/\/www.confagricoltura.org\/piacenza\/#\/schema\/person\/be5da25a3117fea4b3bfec9dba09b5e8"},"headline":"CONFAGRICOLTURA: AL VIA GLI INCONTRI SUL TERRITORIO","datePublished":"2016-01-22T16:22:04+00:00","dateModified":"2021-03-11T12:20:32+00:00","mainEntityOfPage":{"@id":"https:\/\/www.confagricoltura.org\/piacenza\/confagricoltura-al-via-gli-incontri-sul-territorio\/"},"wordCount":479,"commentCount":0,"image":{"@id":"https:\/\/www.confagricoltura.org\/piacenza\/confagricoltura-al-via-gli-incontri-sul-territorio\/#primaryimage"},"thumbnailUrl":"http:\/\/www.confagricoltura.org\/piacenza\/wp-content\/uploads\/sites\/3\/2016\/03\/Enrico-Chiesa.jpg","articleSection":["Archivio"],"inLanguage":"it-IT"},{"@type":"WebPage","@id":"https:\/\/www.confagricoltura.org\/piacenza\/confagricoltura-al-via-gli-incontri-sul-territorio\/","url":"https:\/\/www.confagricoltura.org\/piacenza\/confagricoltura-al-via-gli-incontri-sul-territorio\/","name":"CONFAGRICOLTURA: AL VIA GLI INCONTRI SUL TERRITORIO - Confagricoltura Piacenza","isPartOf":{"@id":"https:\/\/www.confagricoltura.org\/piacenza\/#website"},"primaryImageOfPage":{"@id":"https:\/\/www.confagricoltura.org\/piacenza\/confagricoltura-al-via-gli-incontri-sul-territorio\/#primaryimage"},"image":{"@id":"https:\/\/www.confagricoltura.org\/piacenza\/confagricoltura-al-via-gli-incontri-sul-territorio\/#primaryimage"},"thumbnailUrl":"http:\/\/www.confagricoltura.org\/piacenza\/wp-content\/uploads\/sites\/3\/2016\/03\/Enrico-Chiesa.jpg","datePublished":"2016-01-22T16:22:04+00:00","dateModified":"2021-03-11T12:20:32+00:00","author":{"@id":"https:\/\/www.confagricoltura.org\/piacenza\/#\/schema\/person\/be5da25a3117fea4b3bfec9dba09b5e8"},"breadcrumb":{"@id":"https:\/\/www.confagricoltura.org\/piacenza\/confagricoltura-al-via-gli-incontri-sul-territorio\/#breadcrumb"},"inLanguage":"it-IT","potentialAction":[{"@type":"ReadAction","target":["https:\/\/www.confagricoltura.org\/piacenza\/confagricoltura-al-via-gli-incontri-sul-territorio\/"]}]},{"@type":"ImageObject","inLanguage":"it-IT","@id":"https:\/\/www.confagricoltura.org\/piacenza\/confagricoltura-al-via-gli-incontri-sul-territorio\/#primaryimage","url":"http:\/\/www.confagricoltura.org\/piacenza\/wp-content\/uploads\/sites\/3\/2016\/03\/Enrico-Chiesa.jpg","contentUrl":"http:\/\/www.confagricoltura.org\/piacenza\/wp-content\/uploads\/sites\/3\/2016\/03\/Enrico-Chiesa.jpg"},{"@type":"BreadcrumbList","@id":"https:\/\/www.confagricoltura.org\/piacenza\/confagricoltura-al-via-gli-incontri-sul-territorio\/#breadcrumb","itemListElement":[{"@type":"ListItem","position":1,"name":"Home","item":"https:\/\/www.confagricoltura.org\/piacenza\/"},{"@type":"ListItem","position":2,"name":"CONFAGRICOLTURA: AL VIA GLI INCONTRI SUL TERRITORIO"}]},{"@type":"WebSite","@id":"https:\/\/www.confagricoltura.org\/piacenza\/#website","url":"https:\/\/www.confagricoltura.org\/piacenza\/","name":"Confagricoltura Piacenza","description":"Dalla parte degli Agricoltori","potentialAction":[{"@type":"SearchAction","target":{"@type":"EntryPoint","urlTemplate":"https:\/\/www.confagricoltura.org\/piacenza\/?s={search_term_string}"},"query-input":{"@type":"PropertyValueSpecification","valueRequired":true,"valueName":"search_term_string"}}],"inLanguage":"it-IT"},{"@type":"Person","@id":"https:\/\/www.confagricoltura.org\/piacenza\/#\/schema\/person\/be5da25a3117fea4b3bfec9dba09b5e8","name":"confagricolturapiacenza","image":{"@type":"ImageObject","inLanguage":"it-IT","@id":"https:\/\/www.confagricoltura.org\/piacenza\/#\/schema\/person\/image\/","url":"https:\/\/secure.gravatar.com\/avatar\/9c5f111e417171581853bd0a3ff892ca?s=96&d=mm&r=g","contentUrl":"https:\/\/secure.gravatar.com\/avatar\/9c5f111e417171581853bd0a3ff892ca?s=96&d=mm&r=g","caption":"confagricolturapiacenza"},"url":"https:\/\/www.confagricoltura.org\/piacenza\/author\/confagricolturapiacenza\/"}]}},"_links":{"self":[{"href":"https:\/\/www.confagricoltura.org\/piacenza\/wp-json\/wp\/v2\/posts\/1212","targetHints":{"allow":["GET"]}}],"collection":[{"href":"https:\/\/www.confagricoltura.org\/piacenza\/wp-json\/wp\/v2\/posts"}],"about":[{"href":"https:\/\/www.confagricoltura.org\/piacenza\/wp-json\/wp\/v2\/types\/post"}],"author":[{"embeddable":true,"href":"https:\/\/www.confagricoltura.org\/piacenza\/wp-json\/wp\/v2\/users\/6"}],"replies":[{"embeddable":true,"href":"https:\/\/www.confagricoltura.org\/piacenza\/wp-json\/wp\/v2\/comments?post=1212"}],"version-history":[{"count":1,"href":"https:\/\/www.confagricoltura.org\/piacenza\/wp-json\/wp\/v2\/posts\/1212\/revisions"}],"predecessor-version":[{"id":3033,"href":"https:\/\/www.confagricoltura.org\/piacenza\/wp-json\/wp\/v2\/posts\/1212\/revisions\/3033"}],"wp:attachment":[{"href":"https:\/\/www.confagricoltura.org\/piacenza\/wp-json\/wp\/v2\/media?parent=1212"}],"wp:term":[{"taxonomy":"category","embeddable":true,"href":"https:\/\/www.confagricoltura.org\/piacenza\/wp-json\/wp\/v2\/categories?post=1212"},{"taxonomy":"post_tag","embeddable":true,"href":"https:\/\/www.confagricoltura.org\/piacenza\/wp-json\/wp\/v2\/tags?post=1212"}],"curies":[{"name":"wp","href":"https:\/\/api.w.org\/{rel}","templated":true}]}}