{"id":3509,"date":"2025-11-07T17:43:38","date_gmt":"2025-11-07T16:43:38","guid":{"rendered":"https:\/\/www.confagricoltura.org\/parma\/?p=3509"},"modified":"2025-11-17T17:50:13","modified_gmt":"2025-11-17T16:50:13","slug":"assemblea-anpa-parma-2025-creiamo-un-ponte-tra-le-generazioni","status":"publish","type":"post","link":"https:\/\/www.confagricoltura.org\/parma\/assemblea-anpa-parma-2025-creiamo-un-ponte-tra-le-generazioni\/","title":{"rendered":"Assemblea Anpa Parma 2025: creiamo un ponte tra le generazioni"},"content":{"rendered":"<p>Creare un ponte fra le generazioni per permettere continuit\u00e0 aziendale e crescita. \u00c8 stato questo il focus centrale dell\u2019<strong>Assemblea 2025<\/strong> di <strong>Anpa &#8211; Associazione Nazionale Pensionati Agricoltori<\/strong>, ospitata negli storici spazi del Relais 12 Monaci di Fontevivo. Numerosi i soci che hanno preso parte alla giornata, aperta come di consueto dall\u2019inno dei Pensionati. Fra i suoi versi emblematico quello che recita \u201cil futuro \u00e8 famiglia\u201d, cos\u00ec come \u00e8 stato ribadito pi\u00f9 volte nel corso dell\u2019incontro: un futuro che per\u00f2 va pianificato e programmato al meglio.<\/p>\n<p>Fra i tanti partecipanti all\u2019appuntamento c\u2019erano anche il presidente di <strong>Confagricoltura Parma<\/strong>, <strong>Roberto Gelfi,<\/strong> il direttore <strong>Eugenio Zedda, <\/strong>il vice presidente <strong>Luca Araldi<\/strong> e una rappresentanza di <strong>Anga,<\/strong> fra cui i soci<strong> Alessandro Pizzarotti<\/strong>, <strong>Giancarlo Molinari<\/strong> e <strong>Michele Mozzi.<\/strong><\/p>\n<p>Presente anche la Sindaca di Fontevivo <strong>Mariavittoria Rusca <\/strong>e il consigliere comunale con delega all\u2019Agricoltura, <strong>Davide Cesena.<\/strong><\/p>\n<p><img loading=\"lazy\" decoding=\"async\" class=\"size-medium wp-image-3510 aligncenter\" src=\"https:\/\/www.confagricoltura.org\/parma\/wp-content\/uploads\/sites\/10\/2025\/11\/foto1-anpa-assemblea-gruppo-2025-980x735.jpg\" alt=\"\" width=\"980\" height=\"735\" srcset=\"https:\/\/www.confagricoltura.org\/parma\/wp-content\/uploads\/sites\/10\/2025\/11\/foto1-anpa-assemblea-gruppo-2025-980x735.jpg 980w, https:\/\/www.confagricoltura.org\/parma\/wp-content\/uploads\/sites\/10\/2025\/11\/foto1-anpa-assemblea-gruppo-2025-768x576.jpg 768w, https:\/\/www.confagricoltura.org\/parma\/wp-content\/uploads\/sites\/10\/2025\/11\/foto1-anpa-assemblea-gruppo-2025-1536x1152.jpg 1536w, https:\/\/www.confagricoltura.org\/parma\/wp-content\/uploads\/sites\/10\/2025\/11\/foto1-anpa-assemblea-gruppo-2025-2048x1536.jpg 2048w, https:\/\/www.confagricoltura.org\/parma\/wp-content\/uploads\/sites\/10\/2025\/11\/foto1-anpa-assemblea-gruppo-2025-100x75.jpg 100w\" sizes=\"auto, (max-width: 980px) 100vw, 980px\" \/><\/p>\n<p>\u00abSono molto felice di partecipare a questa assemblea \u2013 ha esordito <strong>Stefano Spisani, <\/strong>Presidente ANPA Emilia Romagna \u2013. Il rapporto fra il mio Consiglio e quello provinciale di Parma \u00e8 un legame che dura da tanto tempo, il suo presidente \u00e8 anche consigliere nazionale dell\u2019Anpa. Mi piace ricordare un grande personaggio, Libero Ferrari, che nel 1945 ha firmato l\u2019atto costitutivo dell\u2019Unione Agricoltori di Parma e ha reso importante la figura del pensionato nel mondo di Confagricoltura. Essere qui vuol dire vivere la storia dei pensionati in agricoltura\u00bb.<\/p>\n<p>Una storia che guarda al futuro dell\u2019imprenditoria agricola, per il quale per\u00f2 occorrono pianificazione e programmazione, soprattutto in tema di <strong>passaggio generazionale<\/strong>: \u00abI giovani sono il nostro futuro \u2013 ha sottolineato il presidente ANPA Parma, <strong>Vittorio Brianti<\/strong> \u2013, cos\u00ec come il sole quando tramonta la sera \u00e8 tranquillo perch\u00e9 sa che domani trover\u00e0 il nuovo giorno, allo stesso modo dobbiamo fare noi, tendendo la mano alle future generazioni\u00bb.<\/p>\n<p>\u00abOggi si \u00e8 parlato di un tema importantissimo, quello del passaggio generazione, perch\u00e9 quello che sta a cuore a tutti noi \u00e8 la continuit\u00e0 delle nostre imprese, che per\u00f2 non \u00e8 scontata, ma deve essere perseguita e pianificata e nel fare questo Confagricoltura \u00e8 al fianco dei propri associati\u00bb ha puntualizzato il presidente <strong>Gelfi.<\/strong><\/p>\n<p>Ad entrare pi\u00f9 nello specifico dell\u2019argomento, spiegando strumenti e normative in materie successorie, fiscali e agrarie \u00e8 stato l\u2019<strong>Avv. Luca Maria Tamba<\/strong>, che ha posto l\u2019attenzione sull\u2019importanza di un\u2019adeguata pianificazione patrimoniale, partendo dalla stesura di un testamento, strumento altamente consigliato per decidere in modo diretto sul futuro dell\u2019azienda. Si \u00e8 poi concentrato sulle forme societarie consigliate per le aziende agricole e sulle diverse situazioni che possono crearsi quando solo uno o alcuni dei figli lavorano in azienda.<\/p>\n<p>\u00abIl patto generazionale \u00e8 un tema del quale occorre continuare a parlare \u2013 ha concluso l\u2019<strong>On. Angelo Santori<\/strong>, Segretario Nazionale Anpa \u2013 e per il quale \u00e8 necessario individuare nelle diverse Unioni delle figure tecniche capaci di dare direttive opportune ai pensionati che hanno la necessit\u00e0 di trasferire la propria azienda a figli o nipoti, evitando cos\u00ec problematiche inaspettate\u00bb.<\/p>\n<p><img loading=\"lazy\" decoding=\"async\" class=\"size-medium wp-image-3511 aligncenter\" src=\"https:\/\/www.confagricoltura.org\/parma\/wp-content\/uploads\/sites\/10\/2025\/11\/20251107_103513-980x735.jpg\" alt=\"\" width=\"980\" height=\"735\" srcset=\"https:\/\/www.confagricoltura.org\/parma\/wp-content\/uploads\/sites\/10\/2025\/11\/20251107_103513-980x735.jpg 980w, https:\/\/www.confagricoltura.org\/parma\/wp-content\/uploads\/sites\/10\/2025\/11\/20251107_103513-768x576.jpg 768w, https:\/\/www.confagricoltura.org\/parma\/wp-content\/uploads\/sites\/10\/2025\/11\/20251107_103513-1536x1152.jpg 1536w, https:\/\/www.confagricoltura.org\/parma\/wp-content\/uploads\/sites\/10\/2025\/11\/20251107_103513-2048x1536.jpg 2048w, https:\/\/www.confagricoltura.org\/parma\/wp-content\/uploads\/sites\/10\/2025\/11\/20251107_103513-100x75.jpg 100w\" sizes=\"auto, (max-width: 980px) 100vw, 980px\" \/><\/p>\n","protected":false},"excerpt":{"rendered":"<p>Creare un ponte fra le generazioni per permettere continuit\u00e0 aziendale e crescita. \u00c8 stato questo il focus centrale dell\u2019Assemblea 2025 di Anpa &#8211; Associazione Nazionale Pensionati Agricoltori, ospitata negli storici spazi del Relais 12 Monaci di Fontevivo. <\/p>\n","protected":false},"author":5,"featured_media":3510,"comment_status":"closed","ping_status":"closed","sticky":false,"template":"","format":"standard","meta":{"wp_mapbox_gl_js_media":[],"footnotes":""},"categories":[21,4],"tags":[31,117,37,38,118,116],"class_list":["post-3509","post","type-post","status-publish","format-standard","has-post-thumbnail","hentry","category-eventi","category-news","tag-agricoltura","tag-anpa","tag-confagricoltura","tag-parma","tag-passaggio-generazionale","tag-pensionati-agricoltori"],"yoast_head":"<!-- This site is optimized with the Yoast SEO plugin v26.8 - https:\/\/yoast.com\/product\/yoast-seo-wordpress\/ -->\n<title>Assemblea Anpa Parma 2025: creiamo un ponte tra le generazioni - Confagricoltura Parma<\/title>\n<meta name=\"description\" content=\"Creare un ponte fra le generazioni per permettere continuit\u00e0 aziendale e crescita. \u00c8 stato questo il focus centrale dell\u2019Assemblea 2025 di Anpa - Associazione Nazionale Pensionati Agricoltori, ospitata negli storici spazi del Relais 12 Monaci di Fontevivo. Numerosi i soci che hanno preso parte alla giornata, aperta come di consueto dall\u2019inno dei Pensionati. Fra i suoi versi emblematico quello che recita \u201cil futuro \u00e8 famiglia\u201d, cos\u00ec come \u00e8 stato ribadito pi\u00f9 volte nel corso dell\u2019incontro: un futuro che per\u00f2 va pianificato e programmato al meglio.\" \/>\n<meta name=\"robots\" content=\"index, follow, max-snippet:-1, max-image-preview:large, max-video-preview:-1\" \/>\n<link rel=\"canonical\" href=\"https:\/\/www.confagricoltura.org\/parma\/assemblea-anpa-parma-2025-creiamo-un-ponte-tra-le-generazioni\/\" \/>\n<meta property=\"og:locale\" content=\"it_IT\" \/>\n<meta property=\"og:type\" content=\"article\" \/>\n<meta property=\"og:title\" content=\"Assemblea Anpa Parma 2025: creiamo un ponte tra le generazioni - Confagricoltura Parma\" \/>\n<meta property=\"og:description\" content=\"Creare un ponte fra le generazioni per permettere continuit\u00e0 aziendale e crescita. \u00c8 stato questo il focus centrale dell\u2019Assemblea 2025 di Anpa - Associazione Nazionale Pensionati Agricoltori, ospitata negli storici spazi del Relais 12 Monaci di Fontevivo. Numerosi i soci che hanno preso parte alla giornata, aperta come di consueto dall\u2019inno dei Pensionati. Fra i suoi versi emblematico quello che recita \u201cil futuro \u00e8 famiglia\u201d, cos\u00ec come \u00e8 stato ribadito pi\u00f9 volte nel corso dell\u2019incontro: un futuro che per\u00f2 va pianificato e programmato al meglio.\" \/>\n<meta property=\"og:url\" content=\"https:\/\/www.confagricoltura.org\/parma\/assemblea-anpa-parma-2025-creiamo-un-ponte-tra-le-generazioni\/\" \/>\n<meta property=\"og:site_name\" content=\"Confagricoltura Parma\" \/>\n<meta property=\"article:published_time\" content=\"2025-11-07T16:43:38+00:00\" \/>\n<meta property=\"article:modified_time\" content=\"2025-11-17T16:50:13+00:00\" \/>\n<meta property=\"og:image\" content=\"https:\/\/www.confagricoltura.org\/parma\/wp-content\/uploads\/sites\/10\/2025\/11\/foto1-anpa-assemblea-gruppo-2025-scaled.jpg\" \/>\n\t<meta property=\"og:image:width\" content=\"2560\" \/>\n\t<meta property=\"og:image:height\" content=\"1920\" \/>\n\t<meta property=\"og:image:type\" content=\"image\/jpeg\" \/>\n<meta name=\"author\" content=\"confagricolturaparma\" \/>\n<meta name=\"twitter:card\" content=\"summary_large_image\" \/>\n<meta name=\"twitter:label1\" content=\"Scritto da\" \/>\n\t<meta name=\"twitter:data1\" content=\"confagricolturaparma\" \/>\n\t<meta name=\"twitter:label2\" content=\"Tempo di lettura stimato\" \/>\n\t<meta name=\"twitter:data2\" content=\"4 minuti\" \/>\n<script type=\"application\/ld+json\" class=\"yoast-schema-graph\">{\"@context\":\"https:\/\/schema.org\",\"@graph\":[{\"@type\":\"Article\",\"@id\":\"https:\/\/www.confagricoltura.org\/parma\/assemblea-anpa-parma-2025-creiamo-un-ponte-tra-le-generazioni\/#article\",\"isPartOf\":{\"@id\":\"https:\/\/www.confagricoltura.org\/parma\/assemblea-anpa-parma-2025-creiamo-un-ponte-tra-le-generazioni\/\"},\"author\":{\"name\":\"confagricolturaparma\",\"@id\":\"https:\/\/www.confagricoltura.org\/parma\/#\/schema\/person\/3cd4548d78b676877beb0651a1b885a7\"},\"headline\":\"Assemblea Anpa Parma 2025: creiamo un ponte tra le generazioni\",\"datePublished\":\"2025-11-07T16:43:38+00:00\",\"dateModified\":\"2025-11-17T16:50:13+00:00\",\"mainEntityOfPage\":{\"@id\":\"https:\/\/www.confagricoltura.org\/parma\/assemblea-anpa-parma-2025-creiamo-un-ponte-tra-le-generazioni\/\"},\"wordCount\":489,\"image\":{\"@id\":\"https:\/\/www.confagricoltura.org\/parma\/assemblea-anpa-parma-2025-creiamo-un-ponte-tra-le-generazioni\/#primaryimage\"},\"thumbnailUrl\":\"https:\/\/www.confagricoltura.org\/parma\/wp-content\/uploads\/sites\/10\/2025\/11\/foto1-anpa-assemblea-gruppo-2025-scaled.jpg\",\"keywords\":[\"agricoltura\",\"Anpa\",\"Confagricoltura\",\"Parma\",\"passaggio generazionale\",\"Pensionati agricoltori\"],\"articleSection\":[\"Eventi\",\"News\"],\"inLanguage\":\"it-IT\"},{\"@type\":\"WebPage\",\"@id\":\"https:\/\/www.confagricoltura.org\/parma\/assemblea-anpa-parma-2025-creiamo-un-ponte-tra-le-generazioni\/\",\"url\":\"https:\/\/www.confagricoltura.org\/parma\/assemblea-anpa-parma-2025-creiamo-un-ponte-tra-le-generazioni\/\",\"name\":\"Assemblea Anpa Parma 2025: creiamo un ponte tra le generazioni - Confagricoltura Parma\",\"isPartOf\":{\"@id\":\"https:\/\/www.confagricoltura.org\/parma\/#website\"},\"primaryImageOfPage\":{\"@id\":\"https:\/\/www.confagricoltura.org\/parma\/assemblea-anpa-parma-2025-creiamo-un-ponte-tra-le-generazioni\/#primaryimage\"},\"image\":{\"@id\":\"https:\/\/www.confagricoltura.org\/parma\/assemblea-anpa-parma-2025-creiamo-un-ponte-tra-le-generazioni\/#primaryimage\"},\"thumbnailUrl\":\"https:\/\/www.confagricoltura.org\/parma\/wp-content\/uploads\/sites\/10\/2025\/11\/foto1-anpa-assemblea-gruppo-2025-scaled.jpg\",\"datePublished\":\"2025-11-07T16:43:38+00:00\",\"dateModified\":\"2025-11-17T16:50:13+00:00\",\"author\":{\"@id\":\"https:\/\/www.confagricoltura.org\/parma\/#\/schema\/person\/3cd4548d78b676877beb0651a1b885a7\"},\"description\":\"Creare un ponte fra le generazioni per permettere continuit\u00e0 aziendale e crescita. \u00c8 stato questo il focus centrale dell\u2019Assemblea 2025 di Anpa - Associazione Nazionale Pensionati Agricoltori, ospitata negli storici spazi del Relais 12 Monaci di Fontevivo. Numerosi i soci che hanno preso parte alla giornata, aperta come di consueto dall\u2019inno dei Pensionati. Fra i suoi versi emblematico quello che recita \u201cil futuro \u00e8 famiglia\u201d, cos\u00ec come \u00e8 stato ribadito pi\u00f9 volte nel corso dell\u2019incontro: un futuro che per\u00f2 va pianificato e programmato al meglio.\",\"breadcrumb\":{\"@id\":\"https:\/\/www.confagricoltura.org\/parma\/assemblea-anpa-parma-2025-creiamo-un-ponte-tra-le-generazioni\/#breadcrumb\"},\"inLanguage\":\"it-IT\",\"potentialAction\":[{\"@type\":\"ReadAction\",\"target\":[\"https:\/\/www.confagricoltura.org\/parma\/assemblea-anpa-parma-2025-creiamo-un-ponte-tra-le-generazioni\/\"]}]},{\"@type\":\"ImageObject\",\"inLanguage\":\"it-IT\",\"@id\":\"https:\/\/www.confagricoltura.org\/parma\/assemblea-anpa-parma-2025-creiamo-un-ponte-tra-le-generazioni\/#primaryimage\",\"url\":\"https:\/\/www.confagricoltura.org\/parma\/wp-content\/uploads\/sites\/10\/2025\/11\/foto1-anpa-assemblea-gruppo-2025-scaled.jpg\",\"contentUrl\":\"https:\/\/www.confagricoltura.org\/parma\/wp-content\/uploads\/sites\/10\/2025\/11\/foto1-anpa-assemblea-gruppo-2025-scaled.jpg\",\"width\":2560,\"height\":1920},{\"@type\":\"BreadcrumbList\",\"@id\":\"https:\/\/www.confagricoltura.org\/parma\/assemblea-anpa-parma-2025-creiamo-un-ponte-tra-le-generazioni\/#breadcrumb\",\"itemListElement\":[{\"@type\":\"ListItem\",\"position\":1,\"name\":\"Home\",\"item\":\"https:\/\/www.confagricoltura.org\/parma\/\"},{\"@type\":\"ListItem\",\"position\":2,\"name\":\"Assemblea Anpa Parma 2025: creiamo un ponte tra le generazioni\"}]},{\"@type\":\"WebSite\",\"@id\":\"https:\/\/www.confagricoltura.org\/parma\/#website\",\"url\":\"https:\/\/www.confagricoltura.org\/parma\/\",\"name\":\"Confagricoltura Parma\",\"description\":\"Dalla parte degli Agricoltori\",\"potentialAction\":[{\"@type\":\"SearchAction\",\"target\":{\"@type\":\"EntryPoint\",\"urlTemplate\":\"https:\/\/www.confagricoltura.org\/parma\/?s={search_term_string}\"},\"query-input\":{\"@type\":\"PropertyValueSpecification\",\"valueRequired\":true,\"valueName\":\"search_term_string\"}}],\"inLanguage\":\"it-IT\"},{\"@type\":\"Person\",\"@id\":\"https:\/\/www.confagricoltura.org\/parma\/#\/schema\/person\/3cd4548d78b676877beb0651a1b885a7\",\"name\":\"confagricolturaparma\",\"image\":{\"@type\":\"ImageObject\",\"inLanguage\":\"it-IT\",\"@id\":\"https:\/\/www.confagricoltura.org\/parma\/#\/schema\/person\/image\/\",\"url\":\"https:\/\/secure.gravatar.com\/avatar\/b5b08888682650e8feabb958d1a675c2?s=96&d=mm&r=g\",\"contentUrl\":\"https:\/\/secure.gravatar.com\/avatar\/b5b08888682650e8feabb958d1a675c2?s=96&d=mm&r=g\",\"caption\":\"confagricolturaparma\"},\"url\":\"https:\/\/www.confagricoltura.org\/parma\/author\/confagricolturaparma\/\"}]}<\/script>\n<!-- \/ Yoast SEO plugin. -->","yoast_head_json":{"title":"Assemblea Anpa Parma 2025: creiamo un ponte tra le generazioni - Confagricoltura Parma","description":"Creare un ponte fra le generazioni per permettere continuit\u00e0 aziendale e crescita. \u00c8 stato questo il focus centrale dell\u2019Assemblea 2025 di Anpa - Associazione Nazionale Pensionati Agricoltori, ospitata negli storici spazi del Relais 12 Monaci di Fontevivo. Numerosi i soci che hanno preso parte alla giornata, aperta come di consueto dall\u2019inno dei Pensionati. Fra i suoi versi emblematico quello che recita \u201cil futuro \u00e8 famiglia\u201d, cos\u00ec come \u00e8 stato ribadito pi\u00f9 volte nel corso dell\u2019incontro: un futuro che per\u00f2 va pianificato e programmato al meglio.","robots":{"index":"index","follow":"follow","max-snippet":"max-snippet:-1","max-image-preview":"max-image-preview:large","max-video-preview":"max-video-preview:-1"},"canonical":"https:\/\/www.confagricoltura.org\/parma\/assemblea-anpa-parma-2025-creiamo-un-ponte-tra-le-generazioni\/","og_locale":"it_IT","og_type":"article","og_title":"Assemblea Anpa Parma 2025: creiamo un ponte tra le generazioni - Confagricoltura Parma","og_description":"Creare un ponte fra le generazioni per permettere continuit\u00e0 aziendale e crescita. \u00c8 stato questo il focus centrale dell\u2019Assemblea 2025 di Anpa - Associazione Nazionale Pensionati Agricoltori, ospitata negli storici spazi del Relais 12 Monaci di Fontevivo. Numerosi i soci che hanno preso parte alla giornata, aperta come di consueto dall\u2019inno dei Pensionati. Fra i suoi versi emblematico quello che recita \u201cil futuro \u00e8 famiglia\u201d, cos\u00ec come \u00e8 stato ribadito pi\u00f9 volte nel corso dell\u2019incontro: un futuro che per\u00f2 va pianificato e programmato al meglio.","og_url":"https:\/\/www.confagricoltura.org\/parma\/assemblea-anpa-parma-2025-creiamo-un-ponte-tra-le-generazioni\/","og_site_name":"Confagricoltura Parma","article_published_time":"2025-11-07T16:43:38+00:00","article_modified_time":"2025-11-17T16:50:13+00:00","og_image":[{"width":2560,"height":1920,"url":"https:\/\/www.confagricoltura.org\/parma\/wp-content\/uploads\/sites\/10\/2025\/11\/foto1-anpa-assemblea-gruppo-2025-scaled.jpg","type":"image\/jpeg"}],"author":"confagricolturaparma","twitter_card":"summary_large_image","twitter_misc":{"Scritto da":"confagricolturaparma","Tempo di lettura stimato":"4 minuti"},"schema":{"@context":"https:\/\/schema.org","@graph":[{"@type":"Article","@id":"https:\/\/www.confagricoltura.org\/parma\/assemblea-anpa-parma-2025-creiamo-un-ponte-tra-le-generazioni\/#article","isPartOf":{"@id":"https:\/\/www.confagricoltura.org\/parma\/assemblea-anpa-parma-2025-creiamo-un-ponte-tra-le-generazioni\/"},"author":{"name":"confagricolturaparma","@id":"https:\/\/www.confagricoltura.org\/parma\/#\/schema\/person\/3cd4548d78b676877beb0651a1b885a7"},"headline":"Assemblea Anpa Parma 2025: creiamo un ponte tra le generazioni","datePublished":"2025-11-07T16:43:38+00:00","dateModified":"2025-11-17T16:50:13+00:00","mainEntityOfPage":{"@id":"https:\/\/www.confagricoltura.org\/parma\/assemblea-anpa-parma-2025-creiamo-un-ponte-tra-le-generazioni\/"},"wordCount":489,"image":{"@id":"https:\/\/www.confagricoltura.org\/parma\/assemblea-anpa-parma-2025-creiamo-un-ponte-tra-le-generazioni\/#primaryimage"},"thumbnailUrl":"https:\/\/www.confagricoltura.org\/parma\/wp-content\/uploads\/sites\/10\/2025\/11\/foto1-anpa-assemblea-gruppo-2025-scaled.jpg","keywords":["agricoltura","Anpa","Confagricoltura","Parma","passaggio generazionale","Pensionati agricoltori"],"articleSection":["Eventi","News"],"inLanguage":"it-IT"},{"@type":"WebPage","@id":"https:\/\/www.confagricoltura.org\/parma\/assemblea-anpa-parma-2025-creiamo-un-ponte-tra-le-generazioni\/","url":"https:\/\/www.confagricoltura.org\/parma\/assemblea-anpa-parma-2025-creiamo-un-ponte-tra-le-generazioni\/","name":"Assemblea Anpa Parma 2025: creiamo un ponte tra le generazioni - Confagricoltura Parma","isPartOf":{"@id":"https:\/\/www.confagricoltura.org\/parma\/#website"},"primaryImageOfPage":{"@id":"https:\/\/www.confagricoltura.org\/parma\/assemblea-anpa-parma-2025-creiamo-un-ponte-tra-le-generazioni\/#primaryimage"},"image":{"@id":"https:\/\/www.confagricoltura.org\/parma\/assemblea-anpa-parma-2025-creiamo-un-ponte-tra-le-generazioni\/#primaryimage"},"thumbnailUrl":"https:\/\/www.confagricoltura.org\/parma\/wp-content\/uploads\/sites\/10\/2025\/11\/foto1-anpa-assemblea-gruppo-2025-scaled.jpg","datePublished":"2025-11-07T16:43:38+00:00","dateModified":"2025-11-17T16:50:13+00:00","author":{"@id":"https:\/\/www.confagricoltura.org\/parma\/#\/schema\/person\/3cd4548d78b676877beb0651a1b885a7"},"description":"Creare un ponte fra le generazioni per permettere continuit\u00e0 aziendale e crescita. \u00c8 stato questo il focus centrale dell\u2019Assemblea 2025 di Anpa - Associazione Nazionale Pensionati Agricoltori, ospitata negli storici spazi del Relais 12 Monaci di Fontevivo. Numerosi i soci che hanno preso parte alla giornata, aperta come di consueto dall\u2019inno dei Pensionati. Fra i suoi versi emblematico quello che recita \u201cil futuro \u00e8 famiglia\u201d, cos\u00ec come \u00e8 stato ribadito pi\u00f9 volte nel corso dell\u2019incontro: un futuro che per\u00f2 va pianificato e programmato al meglio.","breadcrumb":{"@id":"https:\/\/www.confagricoltura.org\/parma\/assemblea-anpa-parma-2025-creiamo-un-ponte-tra-le-generazioni\/#breadcrumb"},"inLanguage":"it-IT","potentialAction":[{"@type":"ReadAction","target":["https:\/\/www.confagricoltura.org\/parma\/assemblea-anpa-parma-2025-creiamo-un-ponte-tra-le-generazioni\/"]}]},{"@type":"ImageObject","inLanguage":"it-IT","@id":"https:\/\/www.confagricoltura.org\/parma\/assemblea-anpa-parma-2025-creiamo-un-ponte-tra-le-generazioni\/#primaryimage","url":"https:\/\/www.confagricoltura.org\/parma\/wp-content\/uploads\/sites\/10\/2025\/11\/foto1-anpa-assemblea-gruppo-2025-scaled.jpg","contentUrl":"https:\/\/www.confagricoltura.org\/parma\/wp-content\/uploads\/sites\/10\/2025\/11\/foto1-anpa-assemblea-gruppo-2025-scaled.jpg","width":2560,"height":1920},{"@type":"BreadcrumbList","@id":"https:\/\/www.confagricoltura.org\/parma\/assemblea-anpa-parma-2025-creiamo-un-ponte-tra-le-generazioni\/#breadcrumb","itemListElement":[{"@type":"ListItem","position":1,"name":"Home","item":"https:\/\/www.confagricoltura.org\/parma\/"},{"@type":"ListItem","position":2,"name":"Assemblea Anpa Parma 2025: creiamo un ponte tra le generazioni"}]},{"@type":"WebSite","@id":"https:\/\/www.confagricoltura.org\/parma\/#website","url":"https:\/\/www.confagricoltura.org\/parma\/","name":"Confagricoltura Parma","description":"Dalla parte degli Agricoltori","potentialAction":[{"@type":"SearchAction","target":{"@type":"EntryPoint","urlTemplate":"https:\/\/www.confagricoltura.org\/parma\/?s={search_term_string}"},"query-input":{"@type":"PropertyValueSpecification","valueRequired":true,"valueName":"search_term_string"}}],"inLanguage":"it-IT"},{"@type":"Person","@id":"https:\/\/www.confagricoltura.org\/parma\/#\/schema\/person\/3cd4548d78b676877beb0651a1b885a7","name":"confagricolturaparma","image":{"@type":"ImageObject","inLanguage":"it-IT","@id":"https:\/\/www.confagricoltura.org\/parma\/#\/schema\/person\/image\/","url":"https:\/\/secure.gravatar.com\/avatar\/b5b08888682650e8feabb958d1a675c2?s=96&d=mm&r=g","contentUrl":"https:\/\/secure.gravatar.com\/avatar\/b5b08888682650e8feabb958d1a675c2?s=96&d=mm&r=g","caption":"confagricolturaparma"},"url":"https:\/\/www.confagricoltura.org\/parma\/author\/confagricolturaparma\/"}]}},"_links":{"self":[{"href":"https:\/\/www.confagricoltura.org\/parma\/wp-json\/wp\/v2\/posts\/3509","targetHints":{"allow":["GET"]}}],"collection":[{"href":"https:\/\/www.confagricoltura.org\/parma\/wp-json\/wp\/v2\/posts"}],"about":[{"href":"https:\/\/www.confagricoltura.org\/parma\/wp-json\/wp\/v2\/types\/post"}],"author":[{"embeddable":true,"href":"https:\/\/www.confagricoltura.org\/parma\/wp-json\/wp\/v2\/users\/5"}],"replies":[{"embeddable":true,"href":"https:\/\/www.confagricoltura.org\/parma\/wp-json\/wp\/v2\/comments?post=3509"}],"version-history":[{"count":2,"href":"https:\/\/www.confagricoltura.org\/parma\/wp-json\/wp\/v2\/posts\/3509\/revisions"}],"predecessor-version":[{"id":3513,"href":"https:\/\/www.confagricoltura.org\/parma\/wp-json\/wp\/v2\/posts\/3509\/revisions\/3513"}],"wp:featuredmedia":[{"embeddable":true,"href":"https:\/\/www.confagricoltura.org\/parma\/wp-json\/wp\/v2\/media\/3510"}],"wp:attachment":[{"href":"https:\/\/www.confagricoltura.org\/parma\/wp-json\/wp\/v2\/media?parent=3509"}],"wp:term":[{"taxonomy":"category","embeddable":true,"href":"https:\/\/www.confagricoltura.org\/parma\/wp-json\/wp\/v2\/categories?post=3509"},{"taxonomy":"post_tag","embeddable":true,"href":"https:\/\/www.confagricoltura.org\/parma\/wp-json\/wp\/v2\/tags?post=3509"}],"curies":[{"name":"wp","href":"https:\/\/api.w.org\/{rel}","templated":true}]}}