{"id":3491,"date":"2025-10-08T16:58:57","date_gmt":"2025-10-08T14:58:57","guid":{"rendered":"https:\/\/www.confagricoltura.org\/parma\/?p=3491"},"modified":"2025-10-14T17:12:09","modified_gmt":"2025-10-14T15:12:09","slug":"firmato-il-nuovo-accordo-per-la-filiera-del-pioppo","status":"publish","type":"post","link":"https:\/\/www.confagricoltura.org\/parma\/firmato-il-nuovo-accordo-per-la-filiera-del-pioppo\/","title":{"rendered":"Firmato il nuovo accordo per la filiera del pioppo"},"content":{"rendered":"<p>Un nuovo accordo a sostegno della <strong>filiera del pioppo<\/strong> \u00e8 stato firmato nei giorni scorsi fra <strong>Confagricoltura, Api (Associazione pioppicoltori italiani)<\/strong> e le regioni <strong>Emilia-Romagna, Piemonte, Lombardia, Veneto e Friuli-Venezia Giulia.<\/strong><\/p>\n<p>Quello del pioppo \u00e8 un settore molto importante per l\u2019<strong>Emilia Romagna<\/strong>, basta pensare che la nostra, con i suoi circa 4.700 ettari, \u00e8 la terza regione italiana per estensione coltivata con questa pianta, impegnando gli addetti del settore agricolo per oltre 30mila giornate annue. A livello nazionale, l\u2019Emilia Romagna \u00e8 inoltre la seconda regione per volume di produzione di pioppo lavorato, destinato prevalentemente a uso industriale (pannelli, mobili, imballaggi). Numeri elevati che rendono bene l\u2019idea dell\u2019impatto economico del settore, soprattutto se si considera che a firmare l\u2019accordo sono state le cinque Regioni sui cui terreni si trova la maggior parte dei <strong>60mila ettari nazionali coltivati a pioppo.<\/strong><\/p>\n<p>Senza dimenticare che la filiera legno-arredo, con le sue 81mila imprese, impiega l\u20198% dei dipendenti del settore manifatturiero, per un fatturato di 35 miliardi di euro, di cui 13,5 derivanti dalla sola esportazione di prodotti per l\u2019arredamento. \u201cRecepiamo con soddisfazione la firma della nuova intesa \u2013 ha commentato <strong>Romeo Azzali<\/strong>, presidente della sezione Emilia Romagna dell\u2019Api (Associazione pioppicoltori italiani) \u2013, da cui per\u00f2 occorre partire per definire con chiarezza i vari aspetti che riguardano il settore. Quello di cui hanno bisogno le aziende agricole \u00e8 infatti la certezza delle regole con investimenti di lun- go periodo, solo cos\u00ec si potr\u00e0 dare continuit\u00e0 alla pioppicoltura&#8221;.<\/p>\n<p>&#8220;Ci tengo a ringraziare in modo particolare l\u2019<strong>assessore regionale all\u2019Agricoltura Alessio Mammi<\/strong> per aver firmato l\u2019accordo e avere sempre sostenuto la pioppicoltura gi\u00e0 nel suo pre- cedente mandato \u2013 precisa Azzali \u2013. Proprio per questo abbiamo invitato l\u2019assessore a Parma, per un incontro dedicato a questo tema, da organizzare a inizio anno. La Val Padana \u00e8 la zona pi\u00f9 vocata d\u2019Italia per la pioppicoltura e per sostenerla occorre, innanzitutto, una <strong>progettualit\u00e0 condivisa<\/strong> fra tutti gli enti coinvolti, lavorando insieme verso obiettivi comuni. Ad esempio occorre chiarire con precisione il nodo dei rinnovi delle concessioni di terreno demaniali in diverse aree golenali. Con la Regione Emilia Romagna si \u00e8 operato proprio in questa direzione, ma adesso c\u2019\u00e8 bisogno di capire se si continuer\u00e0 in questo modo anche quando terminer\u00e0 il periodo di sospensione dovuto agli interventi del Pnrr\u201d.<\/p>\n<p>Fra gli <strong>obiettivi<\/strong> indicati nella nuova intesa troviamo: incentivare la nascita di filiere dedicate, aumentare la materia prima nazionale destinata all\u2019industria interna del legno, della carta e dell\u2019energia rinnovabile, promuovere le pra- tiche colturali sostenibili, intercettare sostegni economici dai fondi Ue, a partire da quelli per lo sviluppo rurale, e regolamentare l\u2019attivit\u00e0 pioppicola all\u2019interno delle aree della Rete Natura 2000 e di altre aree protette, nel rispet- to di quanto previsto dal Regolamento sul ripristino della natura.<\/p>\n<p>\u201cQuesto accordo \u00e8 un punto importante che segue il percorso partito oltre dieci anni fa, finalizzato al rafforzamento della filiera del pioppo e all\u2019aumento della materia prima nazionale destinata all\u2019industria interna del legno, della carta e dell\u2019energia rinnovabile\u201d spiega il presidente nazionale dell\u2019Associazione pioppicoltori e della sezione economica di pioppicoltura e arboricoltura di Confagricoltura Mantova, <strong>Fabio Boccalari<\/strong>, tra i firmatari dell\u2019accordo. \u201cIl passo avanti fatto, ora, con l\u2019intesa siglata tra le 5 regioni \u00e8 significativo perch\u00e9 coinvolge direttamente, per la prima volta, i due sistemi di certificazione degli standard forestali Pefc e Fsc \u2013 prosegue Boccalari \u2013. Con la partecipazione del Cluster Italia foreste legno, che si propone come strumento attivo per concre- tizzare gli obiettivi dell\u2019accordo\u201d.<\/p>\n<p>Il tema della <strong>sostenibilit\u00e0<\/strong> torna anche nelle parole di Azzali: \u201cIl nostro \u00e8 un settore che \u00e8 esempio di sostenibilit\u00e0, con la piantumazione dei pioppi contribuiamo a ridurre la Co2 nell\u2019atmosfera e questo fa aprire tutto il discorso riguardante i crediti di carbonio. Un altro aspetto da valutare \u00e8 anche quello della dispo- nibilit\u00e0 di cloni sempre pi\u00f9 resistenti ai cambiamenti climatici, che permetterebbero di ottimizzare anche l\u2019uso della risorsa idrica\u201d.<\/p>\n","protected":false},"excerpt":{"rendered":"<p>Un nuovo accordo a sostegno della filiera del pioppo e\u0300 stato firmato nei giorni scorsi fra Confagricoltura, Api (Associazione pioppicoltori italiani) e le regioni Emilia-Romagna, Piemonte, Lombardia, Veneto e Friuli-Venezia Giulia. Quello del pioppo e\u0300 un settore molto importante per l\u2019Emilia Romagna, basta pensare che la nostra, con i suoi circa 4.700 ettari, e\u0300 la terza regione italiana per estensione coltivata con questa pianta, impegnando gli addetti del settore agricolo per oltre 30mila giornate annue. <\/p>\n","protected":false},"author":5,"featured_media":3494,"comment_status":"closed","ping_status":"closed","sticky":false,"template":"","format":"standard","meta":{"wp_mapbox_gl_js_media":[],"footnotes":""},"categories":[21,4],"tags":[31,37,47,38,112,111,104],"class_list":["post-3491","post","type-post","status-publish","format-standard","has-post-thumbnail","hentry","category-eventi","category-news","tag-agricoltura","tag-confagricoltura","tag-emilia-romagna","tag-parma","tag-pioppicultura","tag-pippo","tag-sostenibilita"],"yoast_head":"<!-- This site is optimized with the Yoast SEO plugin v26.8 - https:\/\/yoast.com\/product\/yoast-seo-wordpress\/ -->\n<title>Firmato il nuovo accordo per la filiera del pioppo - Confagricoltura Parma<\/title>\n<meta name=\"description\" content=\"Un nuovo accordo a sostegno della filiera del pioppo e\u0300 stato firmato nei giorni scorsi fra Confagricoltura, Api (Associazione pioppicoltori italiani) e le regioni Emilia-Romagna, Piemonte, Lombardia, Veneto e Friuli-Venezia Giulia.Quello del pioppo e\u0300 un settore molto importante per l\u2019Emilia Romagna, basta pensare che la nostra, con i suoi circa 4.700 ettari, e\u0300 la terza regione italiana per estensione coltivata con questa pianta, impegnando gli addetti del settore agricolo per oltre 30mila giornate annue.\" \/>\n<meta name=\"robots\" content=\"index, follow, max-snippet:-1, max-image-preview:large, max-video-preview:-1\" \/>\n<link rel=\"canonical\" href=\"https:\/\/www.confagricoltura.org\/parma\/firmato-il-nuovo-accordo-per-la-filiera-del-pioppo\/\" \/>\n<meta property=\"og:locale\" content=\"it_IT\" \/>\n<meta property=\"og:type\" content=\"article\" \/>\n<meta property=\"og:title\" content=\"Firmato il nuovo accordo per la filiera del pioppo - Confagricoltura Parma\" \/>\n<meta property=\"og:description\" content=\"Un nuovo accordo a sostegno della filiera del pioppo e\u0300 stato firmato nei giorni scorsi fra Confagricoltura, Api (Associazione pioppicoltori italiani) e le regioni Emilia-Romagna, Piemonte, Lombardia, Veneto e Friuli-Venezia Giulia.Quello del pioppo e\u0300 un settore molto importante per l\u2019Emilia Romagna, basta pensare che la nostra, con i suoi circa 4.700 ettari, e\u0300 la terza regione italiana per estensione coltivata con questa pianta, impegnando gli addetti del settore agricolo per oltre 30mila giornate annue.\" \/>\n<meta property=\"og:url\" content=\"https:\/\/www.confagricoltura.org\/parma\/firmato-il-nuovo-accordo-per-la-filiera-del-pioppo\/\" \/>\n<meta property=\"og:site_name\" content=\"Confagricoltura Parma\" \/>\n<meta property=\"article:published_time\" content=\"2025-10-08T14:58:57+00:00\" \/>\n<meta property=\"article:modified_time\" content=\"2025-10-14T15:12:09+00:00\" \/>\n<meta property=\"og:image\" content=\"https:\/\/www.confagricoltura.org\/parma\/wp-content\/uploads\/sites\/10\/2025\/10\/pioppo-firma-protocollo-assessori-regionali-mammi-ott2025.jpeg\" \/>\n\t<meta property=\"og:image:width\" content=\"960\" \/>\n\t<meta property=\"og:image:height\" content=\"720\" \/>\n\t<meta property=\"og:image:type\" content=\"image\/jpeg\" \/>\n<meta name=\"author\" content=\"confagricolturaparma\" \/>\n<meta name=\"twitter:card\" content=\"summary_large_image\" \/>\n<meta name=\"twitter:label1\" content=\"Scritto da\" \/>\n\t<meta name=\"twitter:data1\" content=\"confagricolturaparma\" \/>\n\t<meta name=\"twitter:label2\" content=\"Tempo di lettura stimato\" \/>\n\t<meta name=\"twitter:data2\" content=\"4 minuti\" \/>\n<script type=\"application\/ld+json\" class=\"yoast-schema-graph\">{\"@context\":\"https:\/\/schema.org\",\"@graph\":[{\"@type\":\"Article\",\"@id\":\"https:\/\/www.confagricoltura.org\/parma\/firmato-il-nuovo-accordo-per-la-filiera-del-pioppo\/#article\",\"isPartOf\":{\"@id\":\"https:\/\/www.confagricoltura.org\/parma\/firmato-il-nuovo-accordo-per-la-filiera-del-pioppo\/\"},\"author\":{\"name\":\"confagricolturaparma\",\"@id\":\"https:\/\/www.confagricoltura.org\/parma\/#\/schema\/person\/3cd4548d78b676877beb0651a1b885a7\"},\"headline\":\"Firmato il nuovo accordo per la filiera del pioppo\",\"datePublished\":\"2025-10-08T14:58:57+00:00\",\"dateModified\":\"2025-10-14T15:12:09+00:00\",\"mainEntityOfPage\":{\"@id\":\"https:\/\/www.confagricoltura.org\/parma\/firmato-il-nuovo-accordo-per-la-filiera-del-pioppo\/\"},\"wordCount\":655,\"image\":{\"@id\":\"https:\/\/www.confagricoltura.org\/parma\/firmato-il-nuovo-accordo-per-la-filiera-del-pioppo\/#primaryimage\"},\"thumbnailUrl\":\"https:\/\/www.confagricoltura.org\/parma\/wp-content\/uploads\/sites\/10\/2025\/10\/pioppo-firma-protocollo-assessori-regionali-mammi-ott2025.jpeg\",\"keywords\":[\"agricoltura\",\"Confagricoltura\",\"Emilia Romagna\",\"Parma\",\"pioppicultura\",\"pippo\",\"sostenibilit\u00e0\"],\"articleSection\":[\"Eventi\",\"News\"],\"inLanguage\":\"it-IT\"},{\"@type\":\"WebPage\",\"@id\":\"https:\/\/www.confagricoltura.org\/parma\/firmato-il-nuovo-accordo-per-la-filiera-del-pioppo\/\",\"url\":\"https:\/\/www.confagricoltura.org\/parma\/firmato-il-nuovo-accordo-per-la-filiera-del-pioppo\/\",\"name\":\"Firmato il nuovo accordo per la filiera del pioppo - Confagricoltura Parma\",\"isPartOf\":{\"@id\":\"https:\/\/www.confagricoltura.org\/parma\/#website\"},\"primaryImageOfPage\":{\"@id\":\"https:\/\/www.confagricoltura.org\/parma\/firmato-il-nuovo-accordo-per-la-filiera-del-pioppo\/#primaryimage\"},\"image\":{\"@id\":\"https:\/\/www.confagricoltura.org\/parma\/firmato-il-nuovo-accordo-per-la-filiera-del-pioppo\/#primaryimage\"},\"thumbnailUrl\":\"https:\/\/www.confagricoltura.org\/parma\/wp-content\/uploads\/sites\/10\/2025\/10\/pioppo-firma-protocollo-assessori-regionali-mammi-ott2025.jpeg\",\"datePublished\":\"2025-10-08T14:58:57+00:00\",\"dateModified\":\"2025-10-14T15:12:09+00:00\",\"author\":{\"@id\":\"https:\/\/www.confagricoltura.org\/parma\/#\/schema\/person\/3cd4548d78b676877beb0651a1b885a7\"},\"description\":\"Un nuovo accordo a sostegno della filiera del pioppo e\u0300 stato firmato nei giorni scorsi fra Confagricoltura, Api (Associazione pioppicoltori italiani) e le regioni Emilia-Romagna, Piemonte, Lombardia, Veneto e Friuli-Venezia Giulia.Quello del pioppo e\u0300 un settore molto importante per l\u2019Emilia Romagna, basta pensare che la nostra, con i suoi circa 4.700 ettari, e\u0300 la terza regione italiana per estensione coltivata con questa pianta, impegnando gli addetti del settore agricolo per oltre 30mila giornate annue.\",\"breadcrumb\":{\"@id\":\"https:\/\/www.confagricoltura.org\/parma\/firmato-il-nuovo-accordo-per-la-filiera-del-pioppo\/#breadcrumb\"},\"inLanguage\":\"it-IT\",\"potentialAction\":[{\"@type\":\"ReadAction\",\"target\":[\"https:\/\/www.confagricoltura.org\/parma\/firmato-il-nuovo-accordo-per-la-filiera-del-pioppo\/\"]}]},{\"@type\":\"ImageObject\",\"inLanguage\":\"it-IT\",\"@id\":\"https:\/\/www.confagricoltura.org\/parma\/firmato-il-nuovo-accordo-per-la-filiera-del-pioppo\/#primaryimage\",\"url\":\"https:\/\/www.confagricoltura.org\/parma\/wp-content\/uploads\/sites\/10\/2025\/10\/pioppo-firma-protocollo-assessori-regionali-mammi-ott2025.jpeg\",\"contentUrl\":\"https:\/\/www.confagricoltura.org\/parma\/wp-content\/uploads\/sites\/10\/2025\/10\/pioppo-firma-protocollo-assessori-regionali-mammi-ott2025.jpeg\",\"width\":960,\"height\":720},{\"@type\":\"BreadcrumbList\",\"@id\":\"https:\/\/www.confagricoltura.org\/parma\/firmato-il-nuovo-accordo-per-la-filiera-del-pioppo\/#breadcrumb\",\"itemListElement\":[{\"@type\":\"ListItem\",\"position\":1,\"name\":\"Home\",\"item\":\"https:\/\/www.confagricoltura.org\/parma\/\"},{\"@type\":\"ListItem\",\"position\":2,\"name\":\"Firmato il nuovo accordo per la filiera del pioppo\"}]},{\"@type\":\"WebSite\",\"@id\":\"https:\/\/www.confagricoltura.org\/parma\/#website\",\"url\":\"https:\/\/www.confagricoltura.org\/parma\/\",\"name\":\"Confagricoltura Parma\",\"description\":\"Dalla parte degli Agricoltori\",\"potentialAction\":[{\"@type\":\"SearchAction\",\"target\":{\"@type\":\"EntryPoint\",\"urlTemplate\":\"https:\/\/www.confagricoltura.org\/parma\/?s={search_term_string}\"},\"query-input\":{\"@type\":\"PropertyValueSpecification\",\"valueRequired\":true,\"valueName\":\"search_term_string\"}}],\"inLanguage\":\"it-IT\"},{\"@type\":\"Person\",\"@id\":\"https:\/\/www.confagricoltura.org\/parma\/#\/schema\/person\/3cd4548d78b676877beb0651a1b885a7\",\"name\":\"confagricolturaparma\",\"image\":{\"@type\":\"ImageObject\",\"inLanguage\":\"it-IT\",\"@id\":\"https:\/\/www.confagricoltura.org\/parma\/#\/schema\/person\/image\/\",\"url\":\"https:\/\/secure.gravatar.com\/avatar\/b5b08888682650e8feabb958d1a675c2?s=96&d=mm&r=g\",\"contentUrl\":\"https:\/\/secure.gravatar.com\/avatar\/b5b08888682650e8feabb958d1a675c2?s=96&d=mm&r=g\",\"caption\":\"confagricolturaparma\"},\"url\":\"https:\/\/www.confagricoltura.org\/parma\/author\/confagricolturaparma\/\"}]}<\/script>\n<!-- \/ Yoast SEO plugin. -->","yoast_head_json":{"title":"Firmato il nuovo accordo per la filiera del pioppo - Confagricoltura Parma","description":"Un nuovo accordo a sostegno della filiera del pioppo e\u0300 stato firmato nei giorni scorsi fra Confagricoltura, Api (Associazione pioppicoltori italiani) e le regioni Emilia-Romagna, Piemonte, Lombardia, Veneto e Friuli-Venezia Giulia.Quello del pioppo e\u0300 un settore molto importante per l\u2019Emilia Romagna, basta pensare che la nostra, con i suoi circa 4.700 ettari, e\u0300 la terza regione italiana per estensione coltivata con questa pianta, impegnando gli addetti del settore agricolo per oltre 30mila giornate annue.","robots":{"index":"index","follow":"follow","max-snippet":"max-snippet:-1","max-image-preview":"max-image-preview:large","max-video-preview":"max-video-preview:-1"},"canonical":"https:\/\/www.confagricoltura.org\/parma\/firmato-il-nuovo-accordo-per-la-filiera-del-pioppo\/","og_locale":"it_IT","og_type":"article","og_title":"Firmato il nuovo accordo per la filiera del pioppo - Confagricoltura Parma","og_description":"Un nuovo accordo a sostegno della filiera del pioppo e\u0300 stato firmato nei giorni scorsi fra Confagricoltura, Api (Associazione pioppicoltori italiani) e le regioni Emilia-Romagna, Piemonte, Lombardia, Veneto e Friuli-Venezia Giulia.Quello del pioppo e\u0300 un settore molto importante per l\u2019Emilia Romagna, basta pensare che la nostra, con i suoi circa 4.700 ettari, e\u0300 la terza regione italiana per estensione coltivata con questa pianta, impegnando gli addetti del settore agricolo per oltre 30mila giornate annue.","og_url":"https:\/\/www.confagricoltura.org\/parma\/firmato-il-nuovo-accordo-per-la-filiera-del-pioppo\/","og_site_name":"Confagricoltura Parma","article_published_time":"2025-10-08T14:58:57+00:00","article_modified_time":"2025-10-14T15:12:09+00:00","og_image":[{"width":960,"height":720,"url":"https:\/\/www.confagricoltura.org\/parma\/wp-content\/uploads\/sites\/10\/2025\/10\/pioppo-firma-protocollo-assessori-regionali-mammi-ott2025.jpeg","type":"image\/jpeg"}],"author":"confagricolturaparma","twitter_card":"summary_large_image","twitter_misc":{"Scritto da":"confagricolturaparma","Tempo di lettura stimato":"4 minuti"},"schema":{"@context":"https:\/\/schema.org","@graph":[{"@type":"Article","@id":"https:\/\/www.confagricoltura.org\/parma\/firmato-il-nuovo-accordo-per-la-filiera-del-pioppo\/#article","isPartOf":{"@id":"https:\/\/www.confagricoltura.org\/parma\/firmato-il-nuovo-accordo-per-la-filiera-del-pioppo\/"},"author":{"name":"confagricolturaparma","@id":"https:\/\/www.confagricoltura.org\/parma\/#\/schema\/person\/3cd4548d78b676877beb0651a1b885a7"},"headline":"Firmato il nuovo accordo per la filiera del pioppo","datePublished":"2025-10-08T14:58:57+00:00","dateModified":"2025-10-14T15:12:09+00:00","mainEntityOfPage":{"@id":"https:\/\/www.confagricoltura.org\/parma\/firmato-il-nuovo-accordo-per-la-filiera-del-pioppo\/"},"wordCount":655,"image":{"@id":"https:\/\/www.confagricoltura.org\/parma\/firmato-il-nuovo-accordo-per-la-filiera-del-pioppo\/#primaryimage"},"thumbnailUrl":"https:\/\/www.confagricoltura.org\/parma\/wp-content\/uploads\/sites\/10\/2025\/10\/pioppo-firma-protocollo-assessori-regionali-mammi-ott2025.jpeg","keywords":["agricoltura","Confagricoltura","Emilia Romagna","Parma","pioppicultura","pippo","sostenibilit\u00e0"],"articleSection":["Eventi","News"],"inLanguage":"it-IT"},{"@type":"WebPage","@id":"https:\/\/www.confagricoltura.org\/parma\/firmato-il-nuovo-accordo-per-la-filiera-del-pioppo\/","url":"https:\/\/www.confagricoltura.org\/parma\/firmato-il-nuovo-accordo-per-la-filiera-del-pioppo\/","name":"Firmato il nuovo accordo per la filiera del pioppo - Confagricoltura Parma","isPartOf":{"@id":"https:\/\/www.confagricoltura.org\/parma\/#website"},"primaryImageOfPage":{"@id":"https:\/\/www.confagricoltura.org\/parma\/firmato-il-nuovo-accordo-per-la-filiera-del-pioppo\/#primaryimage"},"image":{"@id":"https:\/\/www.confagricoltura.org\/parma\/firmato-il-nuovo-accordo-per-la-filiera-del-pioppo\/#primaryimage"},"thumbnailUrl":"https:\/\/www.confagricoltura.org\/parma\/wp-content\/uploads\/sites\/10\/2025\/10\/pioppo-firma-protocollo-assessori-regionali-mammi-ott2025.jpeg","datePublished":"2025-10-08T14:58:57+00:00","dateModified":"2025-10-14T15:12:09+00:00","author":{"@id":"https:\/\/www.confagricoltura.org\/parma\/#\/schema\/person\/3cd4548d78b676877beb0651a1b885a7"},"description":"Un nuovo accordo a sostegno della filiera del pioppo e\u0300 stato firmato nei giorni scorsi fra Confagricoltura, Api (Associazione pioppicoltori italiani) e le regioni Emilia-Romagna, Piemonte, Lombardia, Veneto e Friuli-Venezia Giulia.Quello del pioppo e\u0300 un settore molto importante per l\u2019Emilia Romagna, basta pensare che la nostra, con i suoi circa 4.700 ettari, e\u0300 la terza regione italiana per estensione coltivata con questa pianta, impegnando gli addetti del settore agricolo per oltre 30mila giornate annue.","breadcrumb":{"@id":"https:\/\/www.confagricoltura.org\/parma\/firmato-il-nuovo-accordo-per-la-filiera-del-pioppo\/#breadcrumb"},"inLanguage":"it-IT","potentialAction":[{"@type":"ReadAction","target":["https:\/\/www.confagricoltura.org\/parma\/firmato-il-nuovo-accordo-per-la-filiera-del-pioppo\/"]}]},{"@type":"ImageObject","inLanguage":"it-IT","@id":"https:\/\/www.confagricoltura.org\/parma\/firmato-il-nuovo-accordo-per-la-filiera-del-pioppo\/#primaryimage","url":"https:\/\/www.confagricoltura.org\/parma\/wp-content\/uploads\/sites\/10\/2025\/10\/pioppo-firma-protocollo-assessori-regionali-mammi-ott2025.jpeg","contentUrl":"https:\/\/www.confagricoltura.org\/parma\/wp-content\/uploads\/sites\/10\/2025\/10\/pioppo-firma-protocollo-assessori-regionali-mammi-ott2025.jpeg","width":960,"height":720},{"@type":"BreadcrumbList","@id":"https:\/\/www.confagricoltura.org\/parma\/firmato-il-nuovo-accordo-per-la-filiera-del-pioppo\/#breadcrumb","itemListElement":[{"@type":"ListItem","position":1,"name":"Home","item":"https:\/\/www.confagricoltura.org\/parma\/"},{"@type":"ListItem","position":2,"name":"Firmato il nuovo accordo per la filiera del pioppo"}]},{"@type":"WebSite","@id":"https:\/\/www.confagricoltura.org\/parma\/#website","url":"https:\/\/www.confagricoltura.org\/parma\/","name":"Confagricoltura Parma","description":"Dalla parte degli Agricoltori","potentialAction":[{"@type":"SearchAction","target":{"@type":"EntryPoint","urlTemplate":"https:\/\/www.confagricoltura.org\/parma\/?s={search_term_string}"},"query-input":{"@type":"PropertyValueSpecification","valueRequired":true,"valueName":"search_term_string"}}],"inLanguage":"it-IT"},{"@type":"Person","@id":"https:\/\/www.confagricoltura.org\/parma\/#\/schema\/person\/3cd4548d78b676877beb0651a1b885a7","name":"confagricolturaparma","image":{"@type":"ImageObject","inLanguage":"it-IT","@id":"https:\/\/www.confagricoltura.org\/parma\/#\/schema\/person\/image\/","url":"https:\/\/secure.gravatar.com\/avatar\/b5b08888682650e8feabb958d1a675c2?s=96&d=mm&r=g","contentUrl":"https:\/\/secure.gravatar.com\/avatar\/b5b08888682650e8feabb958d1a675c2?s=96&d=mm&r=g","caption":"confagricolturaparma"},"url":"https:\/\/www.confagricoltura.org\/parma\/author\/confagricolturaparma\/"}]}},"_links":{"self":[{"href":"https:\/\/www.confagricoltura.org\/parma\/wp-json\/wp\/v2\/posts\/3491","targetHints":{"allow":["GET"]}}],"collection":[{"href":"https:\/\/www.confagricoltura.org\/parma\/wp-json\/wp\/v2\/posts"}],"about":[{"href":"https:\/\/www.confagricoltura.org\/parma\/wp-json\/wp\/v2\/types\/post"}],"author":[{"embeddable":true,"href":"https:\/\/www.confagricoltura.org\/parma\/wp-json\/wp\/v2\/users\/5"}],"replies":[{"embeddable":true,"href":"https:\/\/www.confagricoltura.org\/parma\/wp-json\/wp\/v2\/comments?post=3491"}],"version-history":[{"count":3,"href":"https:\/\/www.confagricoltura.org\/parma\/wp-json\/wp\/v2\/posts\/3491\/revisions"}],"predecessor-version":[{"id":3497,"href":"https:\/\/www.confagricoltura.org\/parma\/wp-json\/wp\/v2\/posts\/3491\/revisions\/3497"}],"wp:featuredmedia":[{"embeddable":true,"href":"https:\/\/www.confagricoltura.org\/parma\/wp-json\/wp\/v2\/media\/3494"}],"wp:attachment":[{"href":"https:\/\/www.confagricoltura.org\/parma\/wp-json\/wp\/v2\/media?parent=3491"}],"wp:term":[{"taxonomy":"category","embeddable":true,"href":"https:\/\/www.confagricoltura.org\/parma\/wp-json\/wp\/v2\/categories?post=3491"},{"taxonomy":"post_tag","embeddable":true,"href":"https:\/\/www.confagricoltura.org\/parma\/wp-json\/wp\/v2\/tags?post=3491"}],"curies":[{"name":"wp","href":"https:\/\/api.w.org\/{rel}","templated":true}]}}