{"id":3488,"date":"2025-10-12T16:40:33","date_gmt":"2025-10-12T14:40:33","guid":{"rendered":"https:\/\/www.confagricoltura.org\/parma\/?p=3488"},"modified":"2025-10-14T16:52:58","modified_gmt":"2025-10-14T14:52:58","slug":"lagricoltura-di-domani-dalla-ricerca-al-campo-esperti-e-istituzioni-a-confronto-a-parma","status":"publish","type":"post","link":"https:\/\/www.confagricoltura.org\/parma\/lagricoltura-di-domani-dalla-ricerca-al-campo-esperti-e-istituzioni-a-confronto-a-parma\/","title":{"rendered":"L&#8217;Agricoltura di domani: dalla ricerca al campo. Esperti e istituzioni a confronto a Parma"},"content":{"rendered":"<p>Aprirsi alla <strong>sperimentazione scientifica<\/strong>, senza pregiudizi. Fare ricerca, valutare i risultati e poi decidere se applicare le conoscenze all\u2019ambito agricolo per migliorare le produzioni, partendo dalle <strong>Tea (Tecniche di evoluzione assistita)<\/strong> che permettono di accelerare processi che avvengono naturalmente, ma in quel caso con tempi pi\u00f9 lunghi.<\/p>\n<p>Sono stati questi alcuni dei temi al centro del convegno <strong>\u201cL\u2019agricoltura di domani: dalla ricerca al campo\u201d<\/strong> promosso al Palazzo del Governatore da <strong>Confagricoltura Parma<\/strong> \u2013 con il patrocinio di Comune di Parma, Provincia di Parma e Ordine dei dottori agronomi e dei dottori forestali della Provincia di Parma \u2013 nell\u2019ambito del <strong>\u201cFood&amp;Science Festival Coltiviamo Conoscenza Lab Parma\u201d<\/strong> in collaborazione con <strong>Frame-Divagazioni scientifiche <\/strong>e moderazione a cura di <strong>Alberto Agliotti<\/strong>.<\/p>\n<p>Cambiamento climatico (stress idrico ed aumento della ventosit\u00e0), incremento demografico, nuove esigenze dei mercati (cresce l\u2019interesse per il riso rispetto alla pasta) ed instabilit\u00e0 politica. Questi i fattori oggetto di analisi che rendono imprescindibile una valutazione di quelli che possono essere i<strong> benefici<\/strong> derivanti dalla scienza.<\/p>\n<p>\u201cIl tema della ricerca \u2013 ha evidenziato <strong>Roberto Gelfi<\/strong>, presidente di Confagricoltura Parma &#8211; non si pu\u00f2 ridurre ad una guerra di religione, ad una netta contrapposizione tra favorevoli e contrari. Deve, invece, essere terreno di confronto e di sperimentazione, tenendo conto di tanti fattori, a partire dalla constatazione indiscutibile che l\u2019agricoltura \u00e8 un settore economico a tutti gli effetti e che risponde alle regole economiche come ogni altro settore produttivo, avendo come obbiettivo prioritario quello di fornire sicurezza alimentare, in termini non solo di qualit\u00e0 e salubrit\u00e0, ma anche di quantit\u00e0, da rendere pienamente e regolarmente disponibile sui mercati. Bene dunque il dibattito scientifico sulla ricerca e l&#8217;innovazione che possono aiutare l&#8217;agricoltura a raggiungere i propri obbiettivi, ma l\u2019agricoltura non deve essere lasciata da sola a difendere le opportunit\u00e0 offerte dal progresso tecnico-scientifico, che in ultima analisi avvantaggia anche fornitori e clienti del settore primario, sino ad arrivare al consumatore finale. Il settore primario ha bisogno di regole semplici, chiare. Non soltanto di divieti. Siamo un settore vitale per il pianeta: le crisi politiche ed il Covid lo hanno dimostrato. Significativo, inoltre, il tema della velocit\u00e0 d\u2019azione che fenomeni rilevanti ed impetuosi come il cambiamento climatico richiedono oggi al progresso genetico: bisogna fare in fretta ed \u00e8 per questo che mai come ora \u00e8 necessario aprirsi alla conoscenza e alla ricerca scientifica\u201d.<\/p>\n<p><img loading=\"lazy\" decoding=\"async\" class=\"size-medium wp-image-3489 aligncenter\" src=\"https:\/\/www.confagricoltura.org\/parma\/wp-content\/uploads\/sites\/10\/2025\/10\/20251011_100941-980x735.jpg\" alt=\"\" width=\"980\" height=\"735\" srcset=\"https:\/\/www.confagricoltura.org\/parma\/wp-content\/uploads\/sites\/10\/2025\/10\/20251011_100941-980x735.jpg 980w, https:\/\/www.confagricoltura.org\/parma\/wp-content\/uploads\/sites\/10\/2025\/10\/20251011_100941-768x576.jpg 768w, https:\/\/www.confagricoltura.org\/parma\/wp-content\/uploads\/sites\/10\/2025\/10\/20251011_100941-1536x1152.jpg 1536w, https:\/\/www.confagricoltura.org\/parma\/wp-content\/uploads\/sites\/10\/2025\/10\/20251011_100941-2048x1536.jpg 2048w, https:\/\/www.confagricoltura.org\/parma\/wp-content\/uploads\/sites\/10\/2025\/10\/20251011_100941-100x75.jpg 100w\" sizes=\"auto, (max-width: 980px) 100vw, 980px\" \/><\/p>\n<p><strong>Ad aprire il convegno i saluti istituzionali.<\/strong><\/p>\n<p>\u201c\u00c8 giusto discutere, laicamente, di questi temi \u2013 il messaggio di <strong>Gianluca Borghi<\/strong>, assessore alla Sostenibilit\u00e0 ambientale, energetica e mobilit\u00e0 del Comune di Parma -. Il Comune \u00e8 disponibile al dialogo. Non neghiamo la scienza e siamo convinti che vi possa essere un\u2019innovazione tecnologica che non debba per forza di cose spaventare\u201d. Sulla stessa linea il consigliere provinciale delegato alle Attivit\u00e0 produttive <strong>Fabio Bonatti<\/strong>: \u201cI temi del convegno ci chiedono di guardare avanti. L\u2019agricoltura \u00e8 anche profonda innovazione. La Provincia pu\u00f2 essere il luogo, neutro, in cui ospitare il confronto\u201d.<\/p>\n<p><strong>Numerosi i contributi tecnico-scientifici.<\/strong><\/p>\n<p>\u201cIl miglioramento genetico \u2013 spiega la biologa e giornalista scientifica <strong>Anna Meldolesi<\/strong>, autrice di un focus sul Crispr Revolution (la tecnica pi\u00f9 evoluta delle Tea) &#8211; serve per tenere l\u2019agricoltura, locale ed italiana, al passo con le sfide che derivano dal cambiamento climatico e dalle esigenze dei consumatori. Per farlo \u00e8 necessario ricorrere a tecnologie affidabili, rapide, precise come le Tea che consentono di ottenere risultati simili a quelli che si avrebbero naturalmente, ma con un pizzico di velocit\u00e0 in pi\u00f9\u201d.<\/p>\n<p>In questo percorso un ruolo centrale pu\u00f2 averlo la ricerca italiana \u201cche ha fatto passi da gigante nello studio della genomica \u2013 sottolinea <strong>Stefania Masci<\/strong>, presidente della Siga (Societ\u00e0 italiana di genetica agraria) \u2013 consentendo di raggiungere importanti risultati (pomodoro, grano, vite) per affrontare le sfide della sicurezza alimentare, della qualit\u00e0 nutrizionale e della sostenibilit\u00e0 ambientale\u201d.<\/p>\n<p><strong>Alessandro Nicolia<\/strong>, ricercatore del Crea (Centro di ricerca orticoltura e florovivaismo) ha promosso un approfondimento sul tema \u201cNgt-1: quando il pomodoro si difende sa solo\u201d illustrando la sperimentazione ospitata alla Stuard di Parma (concluso il primo di tre anni di sperimentazione), mentre <strong>Stefano Boncompagni<\/strong>, responsabile del settore fitosanitario e della difesa delle produzioni della Regione Emilia-Romagna, ha approfondito il tema delle normative in evoluzione, sentenziando: \u201cSe vogliamo affrontare le sfide che ci aspettano \u00e8 difficile rinunciare all\u2019innovazione. Serve un approccio pragmatico tenendo conto dei rischi diretti ed indiretti\u201d.<\/p>\n<p>Quindi spazio alla tavola rotonda dal titolo \u201cDal seme al prodotto, la filiera si confronta\u201d.<\/p>\n<p>\u201cIl miglioramento genetico ci pu\u00f2 aiutare &#8211; spiega <strong>Alessandro Piva<\/strong>, direttore dell\u2019Aop Cio e vicepresidente dell\u2019Oi Pomodoro da industria del Nord Italia &#8211; con l\u2019introduzione di nuove variet\u00e0 pi\u00f9 performarti e resistenti. Il problema \u00e8 che le variet\u00e0 arrivano da due grandi multinazionali ed il settore si deve adeguare\u201d.<\/p>\n<p>Per <strong>Silvia Giuliani<\/strong>, responsabile della sezione Costitutori di Assosementi \u201c\u00e8 importante avere le Tea, anche per le piccole aziende. Serve una normativa europea chiara che ci permetta di tenere il passo del resto del mondo\u201d.<\/p>\n<p><strong>Roberto Ranieri<\/strong>, presidente dell\u2019Azienda agraria sperimentale Stuard e fondatore di Open fields, ha parlato della sperimentazione sul pomodoro da industria a Parma: \u201cun impegno notevole che ha richiesto un confronto con associazioni ed organizzazioni che guardano con sospetto alla ricerca scientifica\u201d.<\/p>\n<p><strong>Antonio Casana<\/strong>, consigliere Anicav, \u00e8 fiducioso: \u201cSono ottimista perch\u00e9 credo che l\u2019innovazione possa portare vantaggi a tutti. Comprendo il principio di precauzione, ma credo che l\u2019Europa non voglia perdere questo treno\u201d.<\/p>\n<p>Per la senatrice <strong>Silvia Fregolent<\/strong>, vicepresidente della Commissione Agricoltura del Senato, non si pu\u00f2 prescindere da un punto fermo: \u201cLa ricerca deve essere a gestione pubblica. Dobbiamo attrezzarci per avere gli strumenti necessari per competere con altri paesi. La scienza si mette a disposizione dell\u2019agricoltura e l\u2019agricoltura, anche grazie ad organizzazioni lungimiranti come Confagricoltura, punta sulla conoscenza per andare oltre ai pregiudizi. Dobbiamo strutturare un sistema che ci permetta di capire cosa stiamo mangiando\u201d.<\/p>\n","protected":false},"excerpt":{"rendered":"<p>Aprirsi alla sperimentazione scientifica, senza pregiudizi. Fare ricerca, valutare i risultati e poi decidere se applicare le conoscenze all\u2019ambito agricolo per migliorare le produzioni, partendo dalle Tea (Tecniche di evoluzione assistita) che permettono di accelerare processi che avvengono naturalmente, ma in quel caso con tempi pi\u00f9 lunghi. Sono stati questi alcuni dei temi al centro del convegno \u201cL\u2019agricoltura di domani: dalla ricerca al campo\u201d promosso al Palazzo del Governatore da Confagricoltura Parma <\/p>\n","protected":false},"author":5,"featured_media":3489,"comment_status":"closed","ping_status":"closed","sticky":false,"template":"","format":"standard","meta":{"wp_mapbox_gl_js_media":[],"footnotes":""},"categories":[21,4],"tags":[31,37,106,109,107,108,38,43,104,110],"class_list":["post-3488","post","type-post","status-publish","format-standard","has-post-thumbnail","hentry","category-eventi","category-news","tag-agricoltura","tag-confagricoltura","tag-food-science","tag-genetica-agraria","tag-innovazione-scientifica","tag-ngt-1","tag-parma","tag-pomodoro","tag-sostenibilita","tag-tea"],"yoast_head":"<!-- This site is optimized with the Yoast SEO plugin v26.8 - https:\/\/yoast.com\/product\/yoast-seo-wordpress\/ -->\n<title>L&#039;Agricoltura di domani: dalla ricerca al campo. Esperti e istituzioni a confronto a Parma - Confagricoltura Parma<\/title>\n<meta name=\"description\" content=\"Aprirsi alla sperimentazione scientifica, senza pregiudizi. Fare ricerca, valutare i risultati e poi decidere se applicare le conoscenze all\u2019ambito agricolo per migliorare le produzioni, partendo dalle Tea (Tecniche di evoluzione assistita) che permettono di accelerare processi che avvengono naturalmente, ma in quel caso con tempi pi\u00f9 lunghi.Sono stati questi alcuni dei temi al centro del convegno \u201cL\u2019agricoltura di domani: dalla ricerca al campo\u201d promosso al Palazzo del Governatore da Confagricoltura Parma \u2013 con il patrocinio di Comune di Parma, Provincia di Parma e Ordine dei dottori agronomi e dei dottori forestali della Provincia di Parma \u2013 nell\u2019ambito del \u201cFood&amp;Science Festival Coltiviamo Conoscenza Lab Parma\u201d in collaborazione con Frame-Divagazioni scientifiche e moderazione a cura di Alberto Agliotti.\" \/>\n<meta name=\"robots\" content=\"index, follow, max-snippet:-1, max-image-preview:large, max-video-preview:-1\" \/>\n<link rel=\"canonical\" href=\"https:\/\/www.confagricoltura.org\/parma\/lagricoltura-di-domani-dalla-ricerca-al-campo-esperti-e-istituzioni-a-confronto-a-parma\/\" \/>\n<meta property=\"og:locale\" content=\"it_IT\" \/>\n<meta property=\"og:type\" content=\"article\" \/>\n<meta property=\"og:title\" content=\"L&#039;Agricoltura di domani: dalla ricerca al campo. Esperti e istituzioni a confronto a Parma - Confagricoltura Parma\" \/>\n<meta property=\"og:description\" content=\"Aprirsi alla sperimentazione scientifica, senza pregiudizi. Fare ricerca, valutare i risultati e poi decidere se applicare le conoscenze all\u2019ambito agricolo per migliorare le produzioni, partendo dalle Tea (Tecniche di evoluzione assistita) che permettono di accelerare processi che avvengono naturalmente, ma in quel caso con tempi pi\u00f9 lunghi.Sono stati questi alcuni dei temi al centro del convegno \u201cL\u2019agricoltura di domani: dalla ricerca al campo\u201d promosso al Palazzo del Governatore da Confagricoltura Parma \u2013 con il patrocinio di Comune di Parma, Provincia di Parma e Ordine dei dottori agronomi e dei dottori forestali della Provincia di Parma \u2013 nell\u2019ambito del \u201cFood&amp;Science Festival Coltiviamo Conoscenza Lab Parma\u201d in collaborazione con Frame-Divagazioni scientifiche e moderazione a cura di Alberto Agliotti.\" \/>\n<meta property=\"og:url\" content=\"https:\/\/www.confagricoltura.org\/parma\/lagricoltura-di-domani-dalla-ricerca-al-campo-esperti-e-istituzioni-a-confronto-a-parma\/\" \/>\n<meta property=\"og:site_name\" content=\"Confagricoltura Parma\" \/>\n<meta property=\"article:published_time\" content=\"2025-10-12T14:40:33+00:00\" \/>\n<meta property=\"article:modified_time\" content=\"2025-10-14T14:52:58+00:00\" \/>\n<meta property=\"og:image\" content=\"https:\/\/www.confagricoltura.org\/parma\/wp-content\/uploads\/sites\/10\/2025\/10\/20251011_100941-scaled.jpg\" \/>\n\t<meta property=\"og:image:width\" content=\"2560\" \/>\n\t<meta property=\"og:image:height\" content=\"1920\" \/>\n\t<meta property=\"og:image:type\" content=\"image\/jpeg\" \/>\n<meta name=\"author\" content=\"confagricolturaparma\" \/>\n<meta name=\"twitter:card\" content=\"summary_large_image\" \/>\n<meta name=\"twitter:label1\" content=\"Scritto da\" \/>\n\t<meta name=\"twitter:data1\" content=\"confagricolturaparma\" \/>\n\t<meta name=\"twitter:label2\" content=\"Tempo di lettura stimato\" \/>\n\t<meta name=\"twitter:data2\" content=\"6 minuti\" \/>\n<script type=\"application\/ld+json\" class=\"yoast-schema-graph\">{\"@context\":\"https:\/\/schema.org\",\"@graph\":[{\"@type\":\"Article\",\"@id\":\"https:\/\/www.confagricoltura.org\/parma\/lagricoltura-di-domani-dalla-ricerca-al-campo-esperti-e-istituzioni-a-confronto-a-parma\/#article\",\"isPartOf\":{\"@id\":\"https:\/\/www.confagricoltura.org\/parma\/lagricoltura-di-domani-dalla-ricerca-al-campo-esperti-e-istituzioni-a-confronto-a-parma\/\"},\"author\":{\"name\":\"confagricolturaparma\",\"@id\":\"https:\/\/www.confagricoltura.org\/parma\/#\/schema\/person\/3cd4548d78b676877beb0651a1b885a7\"},\"headline\":\"L&#8217;Agricoltura di domani: dalla ricerca al campo. Esperti e istituzioni a confronto a Parma\",\"datePublished\":\"2025-10-12T14:40:33+00:00\",\"dateModified\":\"2025-10-14T14:52:58+00:00\",\"mainEntityOfPage\":{\"@id\":\"https:\/\/www.confagricoltura.org\/parma\/lagricoltura-di-domani-dalla-ricerca-al-campo-esperti-e-istituzioni-a-confronto-a-parma\/\"},\"wordCount\":977,\"image\":{\"@id\":\"https:\/\/www.confagricoltura.org\/parma\/lagricoltura-di-domani-dalla-ricerca-al-campo-esperti-e-istituzioni-a-confronto-a-parma\/#primaryimage\"},\"thumbnailUrl\":\"https:\/\/www.confagricoltura.org\/parma\/wp-content\/uploads\/sites\/10\/2025\/10\/20251011_100941-scaled.jpg\",\"keywords\":[\"agricoltura\",\"Confagricoltura\",\"Food &amp; Science\",\"genetica agraria\",\"innovazione scientifica\",\"NGT-1\",\"Parma\",\"Pomodoro\",\"sostenibilit\u00e0\",\"TEA\"],\"articleSection\":[\"Eventi\",\"News\"],\"inLanguage\":\"it-IT\"},{\"@type\":\"WebPage\",\"@id\":\"https:\/\/www.confagricoltura.org\/parma\/lagricoltura-di-domani-dalla-ricerca-al-campo-esperti-e-istituzioni-a-confronto-a-parma\/\",\"url\":\"https:\/\/www.confagricoltura.org\/parma\/lagricoltura-di-domani-dalla-ricerca-al-campo-esperti-e-istituzioni-a-confronto-a-parma\/\",\"name\":\"L'Agricoltura di domani: dalla ricerca al campo. Esperti e istituzioni a confronto a Parma - Confagricoltura Parma\",\"isPartOf\":{\"@id\":\"https:\/\/www.confagricoltura.org\/parma\/#website\"},\"primaryImageOfPage\":{\"@id\":\"https:\/\/www.confagricoltura.org\/parma\/lagricoltura-di-domani-dalla-ricerca-al-campo-esperti-e-istituzioni-a-confronto-a-parma\/#primaryimage\"},\"image\":{\"@id\":\"https:\/\/www.confagricoltura.org\/parma\/lagricoltura-di-domani-dalla-ricerca-al-campo-esperti-e-istituzioni-a-confronto-a-parma\/#primaryimage\"},\"thumbnailUrl\":\"https:\/\/www.confagricoltura.org\/parma\/wp-content\/uploads\/sites\/10\/2025\/10\/20251011_100941-scaled.jpg\",\"datePublished\":\"2025-10-12T14:40:33+00:00\",\"dateModified\":\"2025-10-14T14:52:58+00:00\",\"author\":{\"@id\":\"https:\/\/www.confagricoltura.org\/parma\/#\/schema\/person\/3cd4548d78b676877beb0651a1b885a7\"},\"description\":\"Aprirsi alla sperimentazione scientifica, senza pregiudizi. Fare ricerca, valutare i risultati e poi decidere se applicare le conoscenze all\u2019ambito agricolo per migliorare le produzioni, partendo dalle Tea (Tecniche di evoluzione assistita) che permettono di accelerare processi che avvengono naturalmente, ma in quel caso con tempi pi\u00f9 lunghi.Sono stati questi alcuni dei temi al centro del convegno \u201cL\u2019agricoltura di domani: dalla ricerca al campo\u201d promosso al Palazzo del Governatore da Confagricoltura Parma \u2013 con il patrocinio di Comune di Parma, Provincia di Parma e Ordine dei dottori agronomi e dei dottori forestali della Provincia di Parma \u2013 nell\u2019ambito del \u201cFood&Science Festival Coltiviamo Conoscenza Lab Parma\u201d in collaborazione con Frame-Divagazioni scientifiche e moderazione a cura di Alberto Agliotti.\",\"breadcrumb\":{\"@id\":\"https:\/\/www.confagricoltura.org\/parma\/lagricoltura-di-domani-dalla-ricerca-al-campo-esperti-e-istituzioni-a-confronto-a-parma\/#breadcrumb\"},\"inLanguage\":\"it-IT\",\"potentialAction\":[{\"@type\":\"ReadAction\",\"target\":[\"https:\/\/www.confagricoltura.org\/parma\/lagricoltura-di-domani-dalla-ricerca-al-campo-esperti-e-istituzioni-a-confronto-a-parma\/\"]}]},{\"@type\":\"ImageObject\",\"inLanguage\":\"it-IT\",\"@id\":\"https:\/\/www.confagricoltura.org\/parma\/lagricoltura-di-domani-dalla-ricerca-al-campo-esperti-e-istituzioni-a-confronto-a-parma\/#primaryimage\",\"url\":\"https:\/\/www.confagricoltura.org\/parma\/wp-content\/uploads\/sites\/10\/2025\/10\/20251011_100941-scaled.jpg\",\"contentUrl\":\"https:\/\/www.confagricoltura.org\/parma\/wp-content\/uploads\/sites\/10\/2025\/10\/20251011_100941-scaled.jpg\",\"width\":2560,\"height\":1920},{\"@type\":\"BreadcrumbList\",\"@id\":\"https:\/\/www.confagricoltura.org\/parma\/lagricoltura-di-domani-dalla-ricerca-al-campo-esperti-e-istituzioni-a-confronto-a-parma\/#breadcrumb\",\"itemListElement\":[{\"@type\":\"ListItem\",\"position\":1,\"name\":\"Home\",\"item\":\"https:\/\/www.confagricoltura.org\/parma\/\"},{\"@type\":\"ListItem\",\"position\":2,\"name\":\"L&#8217;Agricoltura di domani: dalla ricerca al campo. Esperti e istituzioni a confronto a Parma\"}]},{\"@type\":\"WebSite\",\"@id\":\"https:\/\/www.confagricoltura.org\/parma\/#website\",\"url\":\"https:\/\/www.confagricoltura.org\/parma\/\",\"name\":\"Confagricoltura Parma\",\"description\":\"Dalla parte degli Agricoltori\",\"potentialAction\":[{\"@type\":\"SearchAction\",\"target\":{\"@type\":\"EntryPoint\",\"urlTemplate\":\"https:\/\/www.confagricoltura.org\/parma\/?s={search_term_string}\"},\"query-input\":{\"@type\":\"PropertyValueSpecification\",\"valueRequired\":true,\"valueName\":\"search_term_string\"}}],\"inLanguage\":\"it-IT\"},{\"@type\":\"Person\",\"@id\":\"https:\/\/www.confagricoltura.org\/parma\/#\/schema\/person\/3cd4548d78b676877beb0651a1b885a7\",\"name\":\"confagricolturaparma\",\"image\":{\"@type\":\"ImageObject\",\"inLanguage\":\"it-IT\",\"@id\":\"https:\/\/www.confagricoltura.org\/parma\/#\/schema\/person\/image\/\",\"url\":\"https:\/\/secure.gravatar.com\/avatar\/b5b08888682650e8feabb958d1a675c2?s=96&d=mm&r=g\",\"contentUrl\":\"https:\/\/secure.gravatar.com\/avatar\/b5b08888682650e8feabb958d1a675c2?s=96&d=mm&r=g\",\"caption\":\"confagricolturaparma\"},\"url\":\"https:\/\/www.confagricoltura.org\/parma\/author\/confagricolturaparma\/\"}]}<\/script>\n<!-- \/ Yoast SEO plugin. -->","yoast_head_json":{"title":"L'Agricoltura di domani: dalla ricerca al campo. Esperti e istituzioni a confronto a Parma - Confagricoltura Parma","description":"Aprirsi alla sperimentazione scientifica, senza pregiudizi. Fare ricerca, valutare i risultati e poi decidere se applicare le conoscenze all\u2019ambito agricolo per migliorare le produzioni, partendo dalle Tea (Tecniche di evoluzione assistita) che permettono di accelerare processi che avvengono naturalmente, ma in quel caso con tempi pi\u00f9 lunghi.Sono stati questi alcuni dei temi al centro del convegno \u201cL\u2019agricoltura di domani: dalla ricerca al campo\u201d promosso al Palazzo del Governatore da Confagricoltura Parma \u2013 con il patrocinio di Comune di Parma, Provincia di Parma e Ordine dei dottori agronomi e dei dottori forestali della Provincia di Parma \u2013 nell\u2019ambito del \u201cFood&Science Festival Coltiviamo Conoscenza Lab Parma\u201d in collaborazione con Frame-Divagazioni scientifiche e moderazione a cura di Alberto Agliotti.","robots":{"index":"index","follow":"follow","max-snippet":"max-snippet:-1","max-image-preview":"max-image-preview:large","max-video-preview":"max-video-preview:-1"},"canonical":"https:\/\/www.confagricoltura.org\/parma\/lagricoltura-di-domani-dalla-ricerca-al-campo-esperti-e-istituzioni-a-confronto-a-parma\/","og_locale":"it_IT","og_type":"article","og_title":"L'Agricoltura di domani: dalla ricerca al campo. Esperti e istituzioni a confronto a Parma - Confagricoltura Parma","og_description":"Aprirsi alla sperimentazione scientifica, senza pregiudizi. Fare ricerca, valutare i risultati e poi decidere se applicare le conoscenze all\u2019ambito agricolo per migliorare le produzioni, partendo dalle Tea (Tecniche di evoluzione assistita) che permettono di accelerare processi che avvengono naturalmente, ma in quel caso con tempi pi\u00f9 lunghi.Sono stati questi alcuni dei temi al centro del convegno \u201cL\u2019agricoltura di domani: dalla ricerca al campo\u201d promosso al Palazzo del Governatore da Confagricoltura Parma \u2013 con il patrocinio di Comune di Parma, Provincia di Parma e Ordine dei dottori agronomi e dei dottori forestali della Provincia di Parma \u2013 nell\u2019ambito del \u201cFood&Science Festival Coltiviamo Conoscenza Lab Parma\u201d in collaborazione con Frame-Divagazioni scientifiche e moderazione a cura di Alberto Agliotti.","og_url":"https:\/\/www.confagricoltura.org\/parma\/lagricoltura-di-domani-dalla-ricerca-al-campo-esperti-e-istituzioni-a-confronto-a-parma\/","og_site_name":"Confagricoltura Parma","article_published_time":"2025-10-12T14:40:33+00:00","article_modified_time":"2025-10-14T14:52:58+00:00","og_image":[{"width":2560,"height":1920,"url":"https:\/\/www.confagricoltura.org\/parma\/wp-content\/uploads\/sites\/10\/2025\/10\/20251011_100941-scaled.jpg","type":"image\/jpeg"}],"author":"confagricolturaparma","twitter_card":"summary_large_image","twitter_misc":{"Scritto da":"confagricolturaparma","Tempo di lettura stimato":"6 minuti"},"schema":{"@context":"https:\/\/schema.org","@graph":[{"@type":"Article","@id":"https:\/\/www.confagricoltura.org\/parma\/lagricoltura-di-domani-dalla-ricerca-al-campo-esperti-e-istituzioni-a-confronto-a-parma\/#article","isPartOf":{"@id":"https:\/\/www.confagricoltura.org\/parma\/lagricoltura-di-domani-dalla-ricerca-al-campo-esperti-e-istituzioni-a-confronto-a-parma\/"},"author":{"name":"confagricolturaparma","@id":"https:\/\/www.confagricoltura.org\/parma\/#\/schema\/person\/3cd4548d78b676877beb0651a1b885a7"},"headline":"L&#8217;Agricoltura di domani: dalla ricerca al campo. Esperti e istituzioni a confronto a Parma","datePublished":"2025-10-12T14:40:33+00:00","dateModified":"2025-10-14T14:52:58+00:00","mainEntityOfPage":{"@id":"https:\/\/www.confagricoltura.org\/parma\/lagricoltura-di-domani-dalla-ricerca-al-campo-esperti-e-istituzioni-a-confronto-a-parma\/"},"wordCount":977,"image":{"@id":"https:\/\/www.confagricoltura.org\/parma\/lagricoltura-di-domani-dalla-ricerca-al-campo-esperti-e-istituzioni-a-confronto-a-parma\/#primaryimage"},"thumbnailUrl":"https:\/\/www.confagricoltura.org\/parma\/wp-content\/uploads\/sites\/10\/2025\/10\/20251011_100941-scaled.jpg","keywords":["agricoltura","Confagricoltura","Food &amp; Science","genetica agraria","innovazione scientifica","NGT-1","Parma","Pomodoro","sostenibilit\u00e0","TEA"],"articleSection":["Eventi","News"],"inLanguage":"it-IT"},{"@type":"WebPage","@id":"https:\/\/www.confagricoltura.org\/parma\/lagricoltura-di-domani-dalla-ricerca-al-campo-esperti-e-istituzioni-a-confronto-a-parma\/","url":"https:\/\/www.confagricoltura.org\/parma\/lagricoltura-di-domani-dalla-ricerca-al-campo-esperti-e-istituzioni-a-confronto-a-parma\/","name":"L'Agricoltura di domani: dalla ricerca al campo. Esperti e istituzioni a confronto a Parma - Confagricoltura Parma","isPartOf":{"@id":"https:\/\/www.confagricoltura.org\/parma\/#website"},"primaryImageOfPage":{"@id":"https:\/\/www.confagricoltura.org\/parma\/lagricoltura-di-domani-dalla-ricerca-al-campo-esperti-e-istituzioni-a-confronto-a-parma\/#primaryimage"},"image":{"@id":"https:\/\/www.confagricoltura.org\/parma\/lagricoltura-di-domani-dalla-ricerca-al-campo-esperti-e-istituzioni-a-confronto-a-parma\/#primaryimage"},"thumbnailUrl":"https:\/\/www.confagricoltura.org\/parma\/wp-content\/uploads\/sites\/10\/2025\/10\/20251011_100941-scaled.jpg","datePublished":"2025-10-12T14:40:33+00:00","dateModified":"2025-10-14T14:52:58+00:00","author":{"@id":"https:\/\/www.confagricoltura.org\/parma\/#\/schema\/person\/3cd4548d78b676877beb0651a1b885a7"},"description":"Aprirsi alla sperimentazione scientifica, senza pregiudizi. Fare ricerca, valutare i risultati e poi decidere se applicare le conoscenze all\u2019ambito agricolo per migliorare le produzioni, partendo dalle Tea (Tecniche di evoluzione assistita) che permettono di accelerare processi che avvengono naturalmente, ma in quel caso con tempi pi\u00f9 lunghi.Sono stati questi alcuni dei temi al centro del convegno \u201cL\u2019agricoltura di domani: dalla ricerca al campo\u201d promosso al Palazzo del Governatore da Confagricoltura Parma \u2013 con il patrocinio di Comune di Parma, Provincia di Parma e Ordine dei dottori agronomi e dei dottori forestali della Provincia di Parma \u2013 nell\u2019ambito del \u201cFood&Science Festival Coltiviamo Conoscenza Lab Parma\u201d in collaborazione con Frame-Divagazioni scientifiche e moderazione a cura di Alberto Agliotti.","breadcrumb":{"@id":"https:\/\/www.confagricoltura.org\/parma\/lagricoltura-di-domani-dalla-ricerca-al-campo-esperti-e-istituzioni-a-confronto-a-parma\/#breadcrumb"},"inLanguage":"it-IT","potentialAction":[{"@type":"ReadAction","target":["https:\/\/www.confagricoltura.org\/parma\/lagricoltura-di-domani-dalla-ricerca-al-campo-esperti-e-istituzioni-a-confronto-a-parma\/"]}]},{"@type":"ImageObject","inLanguage":"it-IT","@id":"https:\/\/www.confagricoltura.org\/parma\/lagricoltura-di-domani-dalla-ricerca-al-campo-esperti-e-istituzioni-a-confronto-a-parma\/#primaryimage","url":"https:\/\/www.confagricoltura.org\/parma\/wp-content\/uploads\/sites\/10\/2025\/10\/20251011_100941-scaled.jpg","contentUrl":"https:\/\/www.confagricoltura.org\/parma\/wp-content\/uploads\/sites\/10\/2025\/10\/20251011_100941-scaled.jpg","width":2560,"height":1920},{"@type":"BreadcrumbList","@id":"https:\/\/www.confagricoltura.org\/parma\/lagricoltura-di-domani-dalla-ricerca-al-campo-esperti-e-istituzioni-a-confronto-a-parma\/#breadcrumb","itemListElement":[{"@type":"ListItem","position":1,"name":"Home","item":"https:\/\/www.confagricoltura.org\/parma\/"},{"@type":"ListItem","position":2,"name":"L&#8217;Agricoltura di domani: dalla ricerca al campo. Esperti e istituzioni a confronto a Parma"}]},{"@type":"WebSite","@id":"https:\/\/www.confagricoltura.org\/parma\/#website","url":"https:\/\/www.confagricoltura.org\/parma\/","name":"Confagricoltura Parma","description":"Dalla parte degli Agricoltori","potentialAction":[{"@type":"SearchAction","target":{"@type":"EntryPoint","urlTemplate":"https:\/\/www.confagricoltura.org\/parma\/?s={search_term_string}"},"query-input":{"@type":"PropertyValueSpecification","valueRequired":true,"valueName":"search_term_string"}}],"inLanguage":"it-IT"},{"@type":"Person","@id":"https:\/\/www.confagricoltura.org\/parma\/#\/schema\/person\/3cd4548d78b676877beb0651a1b885a7","name":"confagricolturaparma","image":{"@type":"ImageObject","inLanguage":"it-IT","@id":"https:\/\/www.confagricoltura.org\/parma\/#\/schema\/person\/image\/","url":"https:\/\/secure.gravatar.com\/avatar\/b5b08888682650e8feabb958d1a675c2?s=96&d=mm&r=g","contentUrl":"https:\/\/secure.gravatar.com\/avatar\/b5b08888682650e8feabb958d1a675c2?s=96&d=mm&r=g","caption":"confagricolturaparma"},"url":"https:\/\/www.confagricoltura.org\/parma\/author\/confagricolturaparma\/"}]}},"_links":{"self":[{"href":"https:\/\/www.confagricoltura.org\/parma\/wp-json\/wp\/v2\/posts\/3488","targetHints":{"allow":["GET"]}}],"collection":[{"href":"https:\/\/www.confagricoltura.org\/parma\/wp-json\/wp\/v2\/posts"}],"about":[{"href":"https:\/\/www.confagricoltura.org\/parma\/wp-json\/wp\/v2\/types\/post"}],"author":[{"embeddable":true,"href":"https:\/\/www.confagricoltura.org\/parma\/wp-json\/wp\/v2\/users\/5"}],"replies":[{"embeddable":true,"href":"https:\/\/www.confagricoltura.org\/parma\/wp-json\/wp\/v2\/comments?post=3488"}],"version-history":[{"count":1,"href":"https:\/\/www.confagricoltura.org\/parma\/wp-json\/wp\/v2\/posts\/3488\/revisions"}],"predecessor-version":[{"id":3490,"href":"https:\/\/www.confagricoltura.org\/parma\/wp-json\/wp\/v2\/posts\/3488\/revisions\/3490"}],"wp:featuredmedia":[{"embeddable":true,"href":"https:\/\/www.confagricoltura.org\/parma\/wp-json\/wp\/v2\/media\/3489"}],"wp:attachment":[{"href":"https:\/\/www.confagricoltura.org\/parma\/wp-json\/wp\/v2\/media?parent=3488"}],"wp:term":[{"taxonomy":"category","embeddable":true,"href":"https:\/\/www.confagricoltura.org\/parma\/wp-json\/wp\/v2\/categories?post=3488"},{"taxonomy":"post_tag","embeddable":true,"href":"https:\/\/www.confagricoltura.org\/parma\/wp-json\/wp\/v2\/tags?post=3488"}],"curies":[{"name":"wp","href":"https:\/\/api.w.org\/{rel}","templated":true}]}}