{"id":3255,"date":"2024-08-08T14:39:42","date_gmt":"2024-08-08T12:39:42","guid":{"rendered":"https:\/\/www.confagricoltura.org\/parma\/?p=3255"},"modified":"2024-09-11T14:45:17","modified_gmt":"2024-09-11T12:45:17","slug":"nuovo-ponte-sul-po-confagricoltura-teme-tempi-lunghi","status":"publish","type":"post","link":"https:\/\/www.confagricoltura.org\/parma\/nuovo-ponte-sul-po-confagricoltura-teme-tempi-lunghi\/","title":{"rendered":"Nuovo ponte sul Po, Confagricoltura teme tempi lunghi"},"content":{"rendered":"<p>&nbsp;<\/p>\n<figure id=\"attachment_3257\" aria-describedby=\"caption-attachment-3257\" style=\"width: 980px\" class=\"wp-caption alignnone\"><img loading=\"lazy\" decoding=\"async\" class=\"size-medium wp-image-3257\" src=\"https:\/\/www.confagricoltura.org\/parma\/wp-content\/uploads\/sites\/10\/2024\/09\/005-PAGINA-5-001-PONTE-SUL-PO-Intervento-di-Confagricoltura-Parma-1-980x656.jpg\" alt=\"\" width=\"980\" height=\"656\" srcset=\"https:\/\/www.confagricoltura.org\/parma\/wp-content\/uploads\/sites\/10\/2024\/09\/005-PAGINA-5-001-PONTE-SUL-PO-Intervento-di-Confagricoltura-Parma-1-980x656.jpg 980w, https:\/\/www.confagricoltura.org\/parma\/wp-content\/uploads\/sites\/10\/2024\/09\/005-PAGINA-5-001-PONTE-SUL-PO-Intervento-di-Confagricoltura-Parma-1-768x514.jpg 768w, https:\/\/www.confagricoltura.org\/parma\/wp-content\/uploads\/sites\/10\/2024\/09\/005-PAGINA-5-001-PONTE-SUL-PO-Intervento-di-Confagricoltura-Parma-1-1536x1028.jpg 1536w, https:\/\/www.confagricoltura.org\/parma\/wp-content\/uploads\/sites\/10\/2024\/09\/005-PAGINA-5-001-PONTE-SUL-PO-Intervento-di-Confagricoltura-Parma-1-2048x1371.jpg 2048w, https:\/\/www.confagricoltura.org\/parma\/wp-content\/uploads\/sites\/10\/2024\/09\/005-PAGINA-5-001-PONTE-SUL-PO-Intervento-di-Confagricoltura-Parma-1-100x67.jpg 100w\" sizes=\"auto, (max-width: 980px) 100vw, 980px\" \/><figcaption id=\"caption-attachment-3257\" class=\"wp-caption-text\">Ponte sul Po tra Colorno e Casalmaggiore<\/figcaption><\/figure>\n<p>&nbsp;<\/p>\n<p style=\"font-weight: 400\">\u201cSiamo preoccupati per i tempi lunghi relativi alla progettazione del <strong>nuovo ponte sul Po<\/strong> tra Colorno e Casalmaggiore. Temiamo che le tante aziende agricole con vendita diretta che si trovano su quell\u2019asse viario possano subire, nuovamente, gravi contraccolpi economici\u201d.<\/p>\n<p style=\"font-weight: 400\"><strong>Confagricoltura Parma<\/strong> interviene sul tema del ponte sul Po tra Colorno e Casalmaggiore.<\/p>\n<p style=\"font-weight: 400\">Come noto all\u2019attuale ponte, ristrutturato e riaperto nel giugno del 2019, \u00e8 stata attribuita una \u201cvita utile\u201d di dieci anni. Ci\u00f2 significa che, entro il 2029, sarebbe necessario avere gi\u00e0 il nuovo ponte costruito perch\u00e9 l\u2019attuale dovrebbe essere dismesso. Ma al momento ci sono rallentamenti rispetto alla progettazione del nuovo ponte.<\/p>\n<p style=\"font-weight: 400\">\u201cLa scadenza per presentare il progetto del nuovo ponte \u2013 spiega Confagricoltura Parma \u2013 era stata prevista, in un primo momento, entro fine giugno-inizio luglio. Ora si slitta all\u2019autunno come emerso durante un recente incontro tenutosi in Provincia a Parma. Questo quadro sta suscitando molta preoccupazione tra i nostri associati che hanno aziende agricole nella zona a ridosso del ponte sul Po e che, attuando la vendita diretta dei loro prodotti, possono contare sul notevole flusso di traffico che caratterizza l\u2019Asolana, una delle principali arterie di collegamento tra il Parmense e la Lombardia e, in particolare, strada sulla quale si concentra il passaggio del turismo, anche gastronomico, che si sviluppa tra Parma, Colorno, Sabbioneta e Mantova. I sistemi agroindustriali emiliano e lombardo, inoltre, sono fortemente integrati e caratterizzati da un intenso scambio commerciale che potrebbe subire gravi contraccolpi da un eventuale nuova chiusura del ponte.<\/p>\n<p style=\"font-weight: 400\">Non possiamo, quindi, assolutamente arrivare impreparati all\u2019appuntamento del 2029. Non avere il ponte nuovo potrebbe significare dover interrompere i collegamenti tra le due sponde del Po, mettendo in ginocchio l\u2019attivit\u00e0 delle aziende agricole, e non solo, che gi\u00e0 vissero momenti difficili tra il 7 settembre 2017, giorno in cui avvenne la chiusura del ponte, e il 3 giugno 2019, giorno in cui avvenne la riapertura. Da qui il nostro auspicio affinch\u00e9 tutti gli enti preposti si impegnino per il rispetto delle scadenze in modo che la progettazione del nuovo ponte avvenga in tempi congrui\u201d.<\/p>\n<p style=\"font-weight: 400\">\n<p style=\"font-weight: 400\">\n<p style=\"font-weight: 400\">\n","protected":false},"excerpt":{"rendered":"<p>Per l&#8217;infrastruttura di Colorno-Casalmaggiore che collega Emilia-Romagna e Lombardia. <\/p>\n","protected":false},"author":5,"featured_media":3257,"comment_status":"closed","ping_status":"closed","sticky":false,"template":"","format":"standard","meta":{"wp_mapbox_gl_js_media":[],"footnotes":""},"categories":[4],"tags":[],"class_list":["post-3255","post","type-post","status-publish","format-standard","has-post-thumbnail","hentry","category-news"],"yoast_head":"<!-- This site is optimized with the Yoast SEO plugin v26.8 - https:\/\/yoast.com\/product\/yoast-seo-wordpress\/ -->\n<title>Nuovo ponte sul Po, Confagricoltura teme tempi lunghi - Confagricoltura Parma<\/title>\n<meta name=\"robots\" content=\"index, follow, max-snippet:-1, max-image-preview:large, max-video-preview:-1\" \/>\n<link rel=\"canonical\" href=\"https:\/\/www.confagricoltura.org\/parma\/nuovo-ponte-sul-po-confagricoltura-teme-tempi-lunghi\/\" \/>\n<meta property=\"og:locale\" content=\"it_IT\" \/>\n<meta property=\"og:type\" content=\"article\" \/>\n<meta property=\"og:title\" content=\"Nuovo ponte sul Po, Confagricoltura teme tempi lunghi - Confagricoltura Parma\" \/>\n<meta property=\"og:description\" content=\"Per l&#039;infrastruttura di Colorno-Casalmaggiore che collega Emilia-Romagna e Lombardia.\" \/>\n<meta property=\"og:url\" content=\"https:\/\/www.confagricoltura.org\/parma\/nuovo-ponte-sul-po-confagricoltura-teme-tempi-lunghi\/\" \/>\n<meta property=\"og:site_name\" content=\"Confagricoltura Parma\" \/>\n<meta property=\"article:published_time\" content=\"2024-08-08T12:39:42+00:00\" \/>\n<meta property=\"article:modified_time\" content=\"2024-09-11T12:45:17+00:00\" \/>\n<meta property=\"og:image\" content=\"https:\/\/www.confagricoltura.org\/parma\/wp-content\/uploads\/sites\/10\/2024\/09\/005-PAGINA-5-001-PONTE-SUL-PO-Intervento-di-Confagricoltura-Parma-1-scaled.jpg\" \/>\n\t<meta property=\"og:image:width\" content=\"2560\" \/>\n\t<meta property=\"og:image:height\" content=\"1714\" \/>\n\t<meta property=\"og:image:type\" content=\"image\/jpeg\" \/>\n<meta name=\"author\" content=\"confagricolturaparma\" \/>\n<meta name=\"twitter:card\" content=\"summary_large_image\" \/>\n<meta name=\"twitter:label1\" content=\"Scritto da\" \/>\n\t<meta name=\"twitter:data1\" content=\"confagricolturaparma\" \/>\n\t<meta name=\"twitter:label2\" content=\"Tempo di lettura stimato\" \/>\n\t<meta name=\"twitter:data2\" content=\"3 minuti\" \/>\n<script type=\"application\/ld+json\" class=\"yoast-schema-graph\">{\"@context\":\"https:\/\/schema.org\",\"@graph\":[{\"@type\":\"Article\",\"@id\":\"https:\/\/www.confagricoltura.org\/parma\/nuovo-ponte-sul-po-confagricoltura-teme-tempi-lunghi\/#article\",\"isPartOf\":{\"@id\":\"https:\/\/www.confagricoltura.org\/parma\/nuovo-ponte-sul-po-confagricoltura-teme-tempi-lunghi\/\"},\"author\":{\"name\":\"confagricolturaparma\",\"@id\":\"https:\/\/www.confagricoltura.org\/parma\/#\/schema\/person\/3cd4548d78b676877beb0651a1b885a7\"},\"headline\":\"Nuovo ponte sul Po, Confagricoltura teme tempi lunghi\",\"datePublished\":\"2024-08-08T12:39:42+00:00\",\"dateModified\":\"2024-09-11T12:45:17+00:00\",\"mainEntityOfPage\":{\"@id\":\"https:\/\/www.confagricoltura.org\/parma\/nuovo-ponte-sul-po-confagricoltura-teme-tempi-lunghi\/\"},\"wordCount\":363,\"image\":{\"@id\":\"https:\/\/www.confagricoltura.org\/parma\/nuovo-ponte-sul-po-confagricoltura-teme-tempi-lunghi\/#primaryimage\"},\"thumbnailUrl\":\"https:\/\/www.confagricoltura.org\/parma\/wp-content\/uploads\/sites\/10\/2024\/09\/005-PAGINA-5-001-PONTE-SUL-PO-Intervento-di-Confagricoltura-Parma-1-scaled.jpg\",\"articleSection\":[\"News\"],\"inLanguage\":\"it-IT\"},{\"@type\":\"WebPage\",\"@id\":\"https:\/\/www.confagricoltura.org\/parma\/nuovo-ponte-sul-po-confagricoltura-teme-tempi-lunghi\/\",\"url\":\"https:\/\/www.confagricoltura.org\/parma\/nuovo-ponte-sul-po-confagricoltura-teme-tempi-lunghi\/\",\"name\":\"Nuovo ponte sul Po, Confagricoltura teme tempi lunghi - Confagricoltura Parma\",\"isPartOf\":{\"@id\":\"https:\/\/www.confagricoltura.org\/parma\/#website\"},\"primaryImageOfPage\":{\"@id\":\"https:\/\/www.confagricoltura.org\/parma\/nuovo-ponte-sul-po-confagricoltura-teme-tempi-lunghi\/#primaryimage\"},\"image\":{\"@id\":\"https:\/\/www.confagricoltura.org\/parma\/nuovo-ponte-sul-po-confagricoltura-teme-tempi-lunghi\/#primaryimage\"},\"thumbnailUrl\":\"https:\/\/www.confagricoltura.org\/parma\/wp-content\/uploads\/sites\/10\/2024\/09\/005-PAGINA-5-001-PONTE-SUL-PO-Intervento-di-Confagricoltura-Parma-1-scaled.jpg\",\"datePublished\":\"2024-08-08T12:39:42+00:00\",\"dateModified\":\"2024-09-11T12:45:17+00:00\",\"author\":{\"@id\":\"https:\/\/www.confagricoltura.org\/parma\/#\/schema\/person\/3cd4548d78b676877beb0651a1b885a7\"},\"breadcrumb\":{\"@id\":\"https:\/\/www.confagricoltura.org\/parma\/nuovo-ponte-sul-po-confagricoltura-teme-tempi-lunghi\/#breadcrumb\"},\"inLanguage\":\"it-IT\",\"potentialAction\":[{\"@type\":\"ReadAction\",\"target\":[\"https:\/\/www.confagricoltura.org\/parma\/nuovo-ponte-sul-po-confagricoltura-teme-tempi-lunghi\/\"]}]},{\"@type\":\"ImageObject\",\"inLanguage\":\"it-IT\",\"@id\":\"https:\/\/www.confagricoltura.org\/parma\/nuovo-ponte-sul-po-confagricoltura-teme-tempi-lunghi\/#primaryimage\",\"url\":\"https:\/\/www.confagricoltura.org\/parma\/wp-content\/uploads\/sites\/10\/2024\/09\/005-PAGINA-5-001-PONTE-SUL-PO-Intervento-di-Confagricoltura-Parma-1-scaled.jpg\",\"contentUrl\":\"https:\/\/www.confagricoltura.org\/parma\/wp-content\/uploads\/sites\/10\/2024\/09\/005-PAGINA-5-001-PONTE-SUL-PO-Intervento-di-Confagricoltura-Parma-1-scaled.jpg\",\"width\":2560,\"height\":1714,\"caption\":\"Ponte sul Po tra Colorno e Casalmaggiore\"},{\"@type\":\"BreadcrumbList\",\"@id\":\"https:\/\/www.confagricoltura.org\/parma\/nuovo-ponte-sul-po-confagricoltura-teme-tempi-lunghi\/#breadcrumb\",\"itemListElement\":[{\"@type\":\"ListItem\",\"position\":1,\"name\":\"Home\",\"item\":\"https:\/\/www.confagricoltura.org\/parma\/\"},{\"@type\":\"ListItem\",\"position\":2,\"name\":\"Nuovo ponte sul Po, Confagricoltura teme tempi lunghi\"}]},{\"@type\":\"WebSite\",\"@id\":\"https:\/\/www.confagricoltura.org\/parma\/#website\",\"url\":\"https:\/\/www.confagricoltura.org\/parma\/\",\"name\":\"Confagricoltura Parma\",\"description\":\"Dalla parte degli Agricoltori\",\"potentialAction\":[{\"@type\":\"SearchAction\",\"target\":{\"@type\":\"EntryPoint\",\"urlTemplate\":\"https:\/\/www.confagricoltura.org\/parma\/?s={search_term_string}\"},\"query-input\":{\"@type\":\"PropertyValueSpecification\",\"valueRequired\":true,\"valueName\":\"search_term_string\"}}],\"inLanguage\":\"it-IT\"},{\"@type\":\"Person\",\"@id\":\"https:\/\/www.confagricoltura.org\/parma\/#\/schema\/person\/3cd4548d78b676877beb0651a1b885a7\",\"name\":\"confagricolturaparma\",\"image\":{\"@type\":\"ImageObject\",\"inLanguage\":\"it-IT\",\"@id\":\"https:\/\/www.confagricoltura.org\/parma\/#\/schema\/person\/image\/\",\"url\":\"https:\/\/secure.gravatar.com\/avatar\/b5b08888682650e8feabb958d1a675c2?s=96&d=mm&r=g\",\"contentUrl\":\"https:\/\/secure.gravatar.com\/avatar\/b5b08888682650e8feabb958d1a675c2?s=96&d=mm&r=g\",\"caption\":\"confagricolturaparma\"},\"url\":\"https:\/\/www.confagricoltura.org\/parma\/author\/confagricolturaparma\/\"}]}<\/script>\n<!-- \/ Yoast SEO plugin. -->","yoast_head_json":{"title":"Nuovo ponte sul Po, Confagricoltura teme tempi lunghi - Confagricoltura Parma","robots":{"index":"index","follow":"follow","max-snippet":"max-snippet:-1","max-image-preview":"max-image-preview:large","max-video-preview":"max-video-preview:-1"},"canonical":"https:\/\/www.confagricoltura.org\/parma\/nuovo-ponte-sul-po-confagricoltura-teme-tempi-lunghi\/","og_locale":"it_IT","og_type":"article","og_title":"Nuovo ponte sul Po, Confagricoltura teme tempi lunghi - Confagricoltura Parma","og_description":"Per l'infrastruttura di Colorno-Casalmaggiore che collega Emilia-Romagna e Lombardia.","og_url":"https:\/\/www.confagricoltura.org\/parma\/nuovo-ponte-sul-po-confagricoltura-teme-tempi-lunghi\/","og_site_name":"Confagricoltura Parma","article_published_time":"2024-08-08T12:39:42+00:00","article_modified_time":"2024-09-11T12:45:17+00:00","og_image":[{"width":2560,"height":1714,"url":"https:\/\/www.confagricoltura.org\/parma\/wp-content\/uploads\/sites\/10\/2024\/09\/005-PAGINA-5-001-PONTE-SUL-PO-Intervento-di-Confagricoltura-Parma-1-scaled.jpg","type":"image\/jpeg"}],"author":"confagricolturaparma","twitter_card":"summary_large_image","twitter_misc":{"Scritto da":"confagricolturaparma","Tempo di lettura stimato":"3 minuti"},"schema":{"@context":"https:\/\/schema.org","@graph":[{"@type":"Article","@id":"https:\/\/www.confagricoltura.org\/parma\/nuovo-ponte-sul-po-confagricoltura-teme-tempi-lunghi\/#article","isPartOf":{"@id":"https:\/\/www.confagricoltura.org\/parma\/nuovo-ponte-sul-po-confagricoltura-teme-tempi-lunghi\/"},"author":{"name":"confagricolturaparma","@id":"https:\/\/www.confagricoltura.org\/parma\/#\/schema\/person\/3cd4548d78b676877beb0651a1b885a7"},"headline":"Nuovo ponte sul Po, Confagricoltura teme tempi lunghi","datePublished":"2024-08-08T12:39:42+00:00","dateModified":"2024-09-11T12:45:17+00:00","mainEntityOfPage":{"@id":"https:\/\/www.confagricoltura.org\/parma\/nuovo-ponte-sul-po-confagricoltura-teme-tempi-lunghi\/"},"wordCount":363,"image":{"@id":"https:\/\/www.confagricoltura.org\/parma\/nuovo-ponte-sul-po-confagricoltura-teme-tempi-lunghi\/#primaryimage"},"thumbnailUrl":"https:\/\/www.confagricoltura.org\/parma\/wp-content\/uploads\/sites\/10\/2024\/09\/005-PAGINA-5-001-PONTE-SUL-PO-Intervento-di-Confagricoltura-Parma-1-scaled.jpg","articleSection":["News"],"inLanguage":"it-IT"},{"@type":"WebPage","@id":"https:\/\/www.confagricoltura.org\/parma\/nuovo-ponte-sul-po-confagricoltura-teme-tempi-lunghi\/","url":"https:\/\/www.confagricoltura.org\/parma\/nuovo-ponte-sul-po-confagricoltura-teme-tempi-lunghi\/","name":"Nuovo ponte sul Po, Confagricoltura teme tempi lunghi - Confagricoltura Parma","isPartOf":{"@id":"https:\/\/www.confagricoltura.org\/parma\/#website"},"primaryImageOfPage":{"@id":"https:\/\/www.confagricoltura.org\/parma\/nuovo-ponte-sul-po-confagricoltura-teme-tempi-lunghi\/#primaryimage"},"image":{"@id":"https:\/\/www.confagricoltura.org\/parma\/nuovo-ponte-sul-po-confagricoltura-teme-tempi-lunghi\/#primaryimage"},"thumbnailUrl":"https:\/\/www.confagricoltura.org\/parma\/wp-content\/uploads\/sites\/10\/2024\/09\/005-PAGINA-5-001-PONTE-SUL-PO-Intervento-di-Confagricoltura-Parma-1-scaled.jpg","datePublished":"2024-08-08T12:39:42+00:00","dateModified":"2024-09-11T12:45:17+00:00","author":{"@id":"https:\/\/www.confagricoltura.org\/parma\/#\/schema\/person\/3cd4548d78b676877beb0651a1b885a7"},"breadcrumb":{"@id":"https:\/\/www.confagricoltura.org\/parma\/nuovo-ponte-sul-po-confagricoltura-teme-tempi-lunghi\/#breadcrumb"},"inLanguage":"it-IT","potentialAction":[{"@type":"ReadAction","target":["https:\/\/www.confagricoltura.org\/parma\/nuovo-ponte-sul-po-confagricoltura-teme-tempi-lunghi\/"]}]},{"@type":"ImageObject","inLanguage":"it-IT","@id":"https:\/\/www.confagricoltura.org\/parma\/nuovo-ponte-sul-po-confagricoltura-teme-tempi-lunghi\/#primaryimage","url":"https:\/\/www.confagricoltura.org\/parma\/wp-content\/uploads\/sites\/10\/2024\/09\/005-PAGINA-5-001-PONTE-SUL-PO-Intervento-di-Confagricoltura-Parma-1-scaled.jpg","contentUrl":"https:\/\/www.confagricoltura.org\/parma\/wp-content\/uploads\/sites\/10\/2024\/09\/005-PAGINA-5-001-PONTE-SUL-PO-Intervento-di-Confagricoltura-Parma-1-scaled.jpg","width":2560,"height":1714,"caption":"Ponte sul Po tra Colorno e Casalmaggiore"},{"@type":"BreadcrumbList","@id":"https:\/\/www.confagricoltura.org\/parma\/nuovo-ponte-sul-po-confagricoltura-teme-tempi-lunghi\/#breadcrumb","itemListElement":[{"@type":"ListItem","position":1,"name":"Home","item":"https:\/\/www.confagricoltura.org\/parma\/"},{"@type":"ListItem","position":2,"name":"Nuovo ponte sul Po, Confagricoltura teme tempi lunghi"}]},{"@type":"WebSite","@id":"https:\/\/www.confagricoltura.org\/parma\/#website","url":"https:\/\/www.confagricoltura.org\/parma\/","name":"Confagricoltura Parma","description":"Dalla parte degli Agricoltori","potentialAction":[{"@type":"SearchAction","target":{"@type":"EntryPoint","urlTemplate":"https:\/\/www.confagricoltura.org\/parma\/?s={search_term_string}"},"query-input":{"@type":"PropertyValueSpecification","valueRequired":true,"valueName":"search_term_string"}}],"inLanguage":"it-IT"},{"@type":"Person","@id":"https:\/\/www.confagricoltura.org\/parma\/#\/schema\/person\/3cd4548d78b676877beb0651a1b885a7","name":"confagricolturaparma","image":{"@type":"ImageObject","inLanguage":"it-IT","@id":"https:\/\/www.confagricoltura.org\/parma\/#\/schema\/person\/image\/","url":"https:\/\/secure.gravatar.com\/avatar\/b5b08888682650e8feabb958d1a675c2?s=96&d=mm&r=g","contentUrl":"https:\/\/secure.gravatar.com\/avatar\/b5b08888682650e8feabb958d1a675c2?s=96&d=mm&r=g","caption":"confagricolturaparma"},"url":"https:\/\/www.confagricoltura.org\/parma\/author\/confagricolturaparma\/"}]}},"_links":{"self":[{"href":"https:\/\/www.confagricoltura.org\/parma\/wp-json\/wp\/v2\/posts\/3255","targetHints":{"allow":["GET"]}}],"collection":[{"href":"https:\/\/www.confagricoltura.org\/parma\/wp-json\/wp\/v2\/posts"}],"about":[{"href":"https:\/\/www.confagricoltura.org\/parma\/wp-json\/wp\/v2\/types\/post"}],"author":[{"embeddable":true,"href":"https:\/\/www.confagricoltura.org\/parma\/wp-json\/wp\/v2\/users\/5"}],"replies":[{"embeddable":true,"href":"https:\/\/www.confagricoltura.org\/parma\/wp-json\/wp\/v2\/comments?post=3255"}],"version-history":[{"count":1,"href":"https:\/\/www.confagricoltura.org\/parma\/wp-json\/wp\/v2\/posts\/3255\/revisions"}],"predecessor-version":[{"id":3258,"href":"https:\/\/www.confagricoltura.org\/parma\/wp-json\/wp\/v2\/posts\/3255\/revisions\/3258"}],"wp:featuredmedia":[{"embeddable":true,"href":"https:\/\/www.confagricoltura.org\/parma\/wp-json\/wp\/v2\/media\/3257"}],"wp:attachment":[{"href":"https:\/\/www.confagricoltura.org\/parma\/wp-json\/wp\/v2\/media?parent=3255"}],"wp:term":[{"taxonomy":"category","embeddable":true,"href":"https:\/\/www.confagricoltura.org\/parma\/wp-json\/wp\/v2\/categories?post=3255"},{"taxonomy":"post_tag","embeddable":true,"href":"https:\/\/www.confagricoltura.org\/parma\/wp-json\/wp\/v2\/tags?post=3255"}],"curies":[{"name":"wp","href":"https:\/\/api.w.org\/{rel}","templated":true}]}}