{"id":3217,"date":"2024-08-02T16:29:56","date_gmt":"2024-08-02T14:29:56","guid":{"rendered":"https:\/\/www.confagricoltura.org\/parma\/?p=3217"},"modified":"2024-08-06T16:35:14","modified_gmt":"2024-08-06T14:35:14","slug":"addio-al-marchese-gian-domenico-serra","status":"publish","type":"post","link":"https:\/\/www.confagricoltura.org\/parma\/addio-al-marchese-gian-domenico-serra\/","title":{"rendered":"Addio al Marchese Gian Domenico Serra"},"content":{"rendered":"<p>&nbsp;<\/p>\n<p style=\"font-weight: 400\"><img loading=\"lazy\" decoding=\"async\" class=\"alignnone size-medium wp-image-3218\" src=\"https:\/\/www.confagricoltura.org\/parma\/wp-content\/uploads\/sites\/10\/2024\/08\/001-PAGINA-1-002-LUTTO-Ricordo-del-marchese-Gian-Domenico-Serra-980x656.jpg\" alt=\"\" width=\"980\" height=\"656\" srcset=\"https:\/\/www.confagricoltura.org\/parma\/wp-content\/uploads\/sites\/10\/2024\/08\/001-PAGINA-1-002-LUTTO-Ricordo-del-marchese-Gian-Domenico-Serra-980x656.jpg 980w, https:\/\/www.confagricoltura.org\/parma\/wp-content\/uploads\/sites\/10\/2024\/08\/001-PAGINA-1-002-LUTTO-Ricordo-del-marchese-Gian-Domenico-Serra-768x514.jpg 768w, https:\/\/www.confagricoltura.org\/parma\/wp-content\/uploads\/sites\/10\/2024\/08\/001-PAGINA-1-002-LUTTO-Ricordo-del-marchese-Gian-Domenico-Serra-100x67.jpg 100w, https:\/\/www.confagricoltura.org\/parma\/wp-content\/uploads\/sites\/10\/2024\/08\/001-PAGINA-1-002-LUTTO-Ricordo-del-marchese-Gian-Domenico-Serra.jpg 1535w\" sizes=\"auto, (max-width: 980px) 100vw, 980px\" \/><\/p>\n<p style=\"font-weight: 400\">Dopo una lunga vita dedicata all\u2019agricoltura \u00e8 mancato, all\u2019et\u00e0 di 89 anni, il marchese <strong>Gian Domenico Serra<\/strong>che fu presidente nazionale di <strong>Confagricoltura<\/strong> dal 1977 al 1983 e presidente provinciale della nostra organizzazione agricola dal 1965 al 1977.<\/p>\n<p style=\"font-weight: 400\">Fino agli ultimi giorni di vita \u00e8 stato presente nell\u2019attivit\u00e0 dell\u2019azienda di famiglia <strong>\u201cValserena\u201d<\/strong> a <strong>Gainago di Torrile<\/strong>, azienda costituita nel <strong>1879 <\/strong>e che in un secolo e mezzo ha visto avvicendarsi ben sei generazioni all\u2019insegna della produzione del <strong>Parmigiano Reggiano \u201cdi sola Bruna\u201d<\/strong> nel solco della tradizione, della qualit\u00e0 e dell\u2019amore per un prodotto senza tempo che, nel 2005, ha visto la nascita, insieme ad altri allevatori di brune, del <strong>\u201cConsorzio Disolabruna\u201d<\/strong> al fine di valorizzare i prodotti ottenuti dal latte di questa particolare razza che, nella sua trasformazione, regala un sapore e una qualit\u00e0 unici.<\/p>\n<p style=\"font-weight: 400\">Gian Domenico Serra non \u00e8 stato solo uomo d\u2019azienda \u2013 negli ultimi tempi affidata alla conduzione dei figli Giovanni, Antonietta e Niccol\u00f2 \u2013, ma anche una figura di primo piano e un punto di riferimento per il mondo agricolo a livello nazionale.<\/p>\n<p>&nbsp;<\/p>\n<p style=\"font-weight: 400;text-align: center\"><strong>Il legame con Confagricoltura<\/strong><\/p>\n<p style=\"font-weight: 400\"><strong>\u00a0<\/strong>\u201cConfagricoltura \u00e8 la Casa naturale di tutto il mondo agricolo\u201d. Furono queste le parole che <strong>Giandomenico Serra<\/strong> pronunci\u00f2 nell\u2019aprile del 2017 in occasione dell\u2019inaugurazione della nuova sede, a San Pancrazio, di <strong>Confagricoltura Parma<\/strong>.<\/p>\n<p style=\"font-weight: 400\">Partecip\u00f2 in quel giorno di grande festa per gli agricoltori del Parmense, prendendo posto nella nuova aula delle assemblee e alla fine prese la parola \u2013 dopo gli interventi, tra gli altri, dell\u2019allora presidente di Confagricoltura Parma <strong>Mario Marini<\/strong>, del presidente nazionale <strong>Massimiliano Giansanti<\/strong> e dell\u2019attuale presidente di Confagricoltura Parma <strong>Roberto Gelfi<\/strong> \u2013 per ribadire il suo messaggio di unitariet\u00e0 per il mondo agricolo.<\/p>\n<p style=\"font-weight: 400\">Serra \u2013 come ricostruito in un\u2019intervista a \u201cMondo Agricolo\u201d del 2020 in occasione dei cento anni di Confagricoltura \u2013 fu alla guida nazionale dell\u2019organizzazione agricola in un periodo di profondi mutamenti politici e di trasformazioni repentine del tessuto produttivo.<\/p>\n<p>\u00a0<img loading=\"lazy\" decoding=\"async\" class=\"alignnone size-medium wp-image-3222\" src=\"https:\/\/www.confagricoltura.org\/parma\/wp-content\/uploads\/sites\/10\/2024\/08\/001-PAGINA-1-003-LUTTO-Ricordo-del-marchese-Gian-Domenico-Serra-980x649.jpg\" alt=\"\" width=\"980\" height=\"649\" srcset=\"https:\/\/www.confagricoltura.org\/parma\/wp-content\/uploads\/sites\/10\/2024\/08\/001-PAGINA-1-003-LUTTO-Ricordo-del-marchese-Gian-Domenico-Serra-980x649.jpg 980w, https:\/\/www.confagricoltura.org\/parma\/wp-content\/uploads\/sites\/10\/2024\/08\/001-PAGINA-1-003-LUTTO-Ricordo-del-marchese-Gian-Domenico-Serra-768x509.jpg 768w, https:\/\/www.confagricoltura.org\/parma\/wp-content\/uploads\/sites\/10\/2024\/08\/001-PAGINA-1-003-LUTTO-Ricordo-del-marchese-Gian-Domenico-Serra-100x66.jpg 100w, https:\/\/www.confagricoltura.org\/parma\/wp-content\/uploads\/sites\/10\/2024\/08\/001-PAGINA-1-003-LUTTO-Ricordo-del-marchese-Gian-Domenico-Serra.jpg 1027w\" sizes=\"auto, (max-width: 980px) 100vw, 980px\" \/><\/p>\n<p style=\"font-weight: 400\">\u201cFavorimmo \u2013 disse nell\u2019intervista a Gabriella Bechi \u2013 l\u2019affermazione di un nuovo modello di agricoltura con il passaggio dalla mezzadria ad altre forme di conduzione che aveva profondamente modificato il peso dei fattori di produzione, favorendo la crescita del ruolo dell\u2019imprenditore e, di conseguenza, della manifattura\u201d.<\/p>\n<p style=\"font-weight: 400\">Anni in cui fare impresa agricola richiedeva investimenti importanti in un periodo nel quale la meccanizzazione non era ancora avanzata come lo \u00e8 oggi e in una fase storica in cui era iniziata una forte competizione con i paesi extra Ue.<\/p>\n<p style=\"font-weight: 400\">\u201cBisognava recuperare valore aggiunto agricolo, ridurre il pi\u00f9 possibile lo spazio tra produttore e consumatore, puntare sulla tipicizzazione dei prodotti\u201d.<\/p>\n<p style=\"font-weight: 400\">Serra riconobbe il grande ruolo che ebbe, in quegli anni, la Comunit\u00e0 europea: \u201cL\u2019agricoltura non avrebbe potuto essere quella che \u00e8 oggi, senza l\u2019Europa. In quegli anni fu determinante il lavoro svolto dal ministro Giovanni Marcora con la costruzione di un mercato comune europeo in cui l\u2019agricoltura avesse un peso significativo. A questo costruzione Confagricoltura partecip\u00f2 con convinzione\u201d.<\/p>\n<p style=\"font-weight: 400\">\u201cPerdiamo un uomo ed un imprenditore esemplare che ha lavorato in favore del settore primario con competenza, dedizione e onest\u00e0 \u2013 il ricordo di <strong>Roberto Gelfi<\/strong>, presidente di Confagricoltura Parma -. In occasione di una recente visita nella sua azienda, ho avuto il piacere di dialogare con un vero signore della nostra agricoltura. Una persona lungimirante e di grandi valori grazie ai quali ha fatto crescere, insieme alla famiglia, l\u2019azienda agricola Valserena a Gainago\u201d. Ed il direttore <strong>Eugenio Zedda<\/strong> aggiunge: \u201cTutto il settore agricolo perde un punto di riferimento. Un imprenditore ed un sindacalista illuminato che ha fatto crescere l\u2019azienda di famiglia e la nostra organizzazione agricola\u201d.<\/p>\n<p>&nbsp;<\/p>\n<p style=\"font-weight: 400;text-align: center\"><strong>Il ricordo del presidente Giansanti<\/strong><\/p>\n<p style=\"font-weight: 400\">\u201cGiandomenico Serra \u2013 scrive Massimiliano Giansanti, presidente nazionale di Confagricoltura &#8211; \u00e8 stato un uomo che ha lasciato un&#8217;impronta indelebile nella storia della Confagricoltura. Ha guidato la nostra associazione in un periodo economico, sociale e politico estremamente complesso, tra il 1977 e il 1983. Anni in cui l\u2019Italia viveva una crisi economica profonda, che faceva da sfondo ai primi segni di crisi di consenso della Democrazia Cristina, che \u2013 in quel periodo storico \u2013 rischiava il clamoroso soprasso da parte del Partito Comunista. Per non parlare del contesto socio-politico: quelli furono gli anni del terrorismo \u2013 rosso e nero &#8211; che culminarono con il rapimento e l\u2019omicidio di Aldo Moro e degli uomini della sua scorta.<\/p>\n<p style=\"font-weight: 400\">Furono anni molto difficili, che diedero vita anche al famoso compromesso storico tra Dc e Pci, durante i quali per\u00f2 il presidente Serra fu sempre in grado di guidare Confagricoltura con una linea lucida e lungimirante.<\/p>\n<p style=\"font-weight: 400\">Serra diede una svolta anche al modo di \u2018fare sindacato\u2019. Tra le cose che ricordiamo di lui, infatti, c\u2019\u00e8 sicuramente il concetto di sindacalismo d\u2019attacco: ovvero \u2018l\u2019assunzione da parte della Confagricoltura di un ruolo di stimolo, di denuncia e di proposizione non possibile per altri; funzione possibile per la confederazione in quanto \u00e8 forza politica, s\u00ec, ma libera da condizionamenti partitici\u2019. Per l\u2019epoca fu un concetto innovativo che sintetizzava la sua visione di un&#8217;organizzazione non solo difensiva, ma proattiva, capace di avanzare richieste e proposte concrete per il progresso dell&#8217;agricoltura italiana.<\/p>\n<p style=\"font-weight: 400\">La presidenza di Serra, inoltre, si \u00e8 caratterizzata per il famoso documento dei 10 punti. In un contesto politico complesso e in mutamento, il presidente ebbe la lucidit\u00e0 di capire che fosse arrivato il momento pi\u00f9 adatto per intervenire nel dibattito politico per concorrere a determinare le scelte di programma del futuro decennio. Non solo a livello agricolo, ma anche a livello politico, nazionale ed internazionale.<\/p>\n<p style=\"font-weight: 400\">E sotto questo punto di vista sono diventati una pietra miliare della nostra storia e della storia delle associazioni di categoria i \u2018Dieci punti della Confagricoltura per il Governo\u2019, resi noti nel corso dell\u2019estate del 1979. Questo documento rappresent\u00f2 un faro per l&#8217;azione della nostra associazione, influenzando profondamente le politiche agricole del tempo. Inoltre, toccava vari aspetti delle politiche nazionali, spesso con idee innovative. Quel \u2018decalogo\u2019 \u2013 che partiva dalla crisi energetica di quel tempo fino ad arrivare ai problemi legati all\u2019inflazione \u2013 mantiene ancora oggi un\u2019attualit\u00e0 anche dal punto di vista delle soluzioni proposte. Anche in questo caso, Serra confermava la sua capacit\u00e0 di visione, dimostrando sempre una straordinaria lucidit\u00e0 nel tracciare la linea da seguire.<\/p>\n<p style=\"font-weight: 400\">Serra fu capace di interpretare e anticipare i cambiamenti del suo tempo. Lo fece anche capendo l\u2019importanza crescente dell\u2019Europa nel contesto agricolo ed economico. E non fu certamente un caso, infatti, il successo politico che riusc\u00ec a cogliere, insieme al suo predecessore Alfredo Diana, con l\u2019elezione di quest\u2019ultimo al Parlamento Europeo nel 1979 e successivamente alla Camera dei Deputati.<\/p>\n<p style=\"font-weight: 400\">Il suo fu un modo di esercitare la leadership che ha saputo coniugare, con modernit\u00e0, le esigenze del mondo agricolo con una visione politica spesso innovativa\u201d.<\/p>\n<p>&nbsp;<\/p>\n<p style=\"font-weight: 400;text-align: center\"><strong>Il presidente Roberto Gelfi, il direttore Eugenio Zedda, i dipendenti ed i collaboratori di Confagricoltura Parma esprimono le pi\u00f9 sentite condoglianze a tutta la famiglia Serra. <\/strong><\/p>\n<p>&nbsp;<\/p>\n<p style=\"font-weight: 400\">\n","protected":false},"excerpt":{"rendered":"<p>Presidente nazionale di Confagricoltura dal 1977 al 1983 e presidente provinciale dal 1965 al 1977<\/p>\n","protected":false},"author":5,"featured_media":3218,"comment_status":"closed","ping_status":"closed","sticky":false,"template":"","format":"standard","meta":{"wp_mapbox_gl_js_media":[],"footnotes":""},"categories":[4],"tags":[],"class_list":["post-3217","post","type-post","status-publish","format-standard","has-post-thumbnail","hentry","category-news"],"yoast_head":"<!-- This site is optimized with the Yoast SEO plugin v26.8 - https:\/\/yoast.com\/product\/yoast-seo-wordpress\/ -->\n<title>Addio al Marchese Gian Domenico Serra - Confagricoltura Parma<\/title>\n<meta name=\"robots\" content=\"index, follow, max-snippet:-1, max-image-preview:large, max-video-preview:-1\" \/>\n<link rel=\"canonical\" href=\"https:\/\/www.confagricoltura.org\/parma\/addio-al-marchese-gian-domenico-serra\/\" \/>\n<meta property=\"og:locale\" content=\"it_IT\" \/>\n<meta property=\"og:type\" content=\"article\" \/>\n<meta property=\"og:title\" content=\"Addio al Marchese Gian Domenico Serra - Confagricoltura Parma\" \/>\n<meta property=\"og:description\" content=\"Presidente nazionale di Confagricoltura dal 1977 al 1983 e presidente provinciale dal 1965 al 1977\" \/>\n<meta property=\"og:url\" content=\"https:\/\/www.confagricoltura.org\/parma\/addio-al-marchese-gian-domenico-serra\/\" \/>\n<meta property=\"og:site_name\" content=\"Confagricoltura Parma\" \/>\n<meta property=\"article:published_time\" content=\"2024-08-02T14:29:56+00:00\" \/>\n<meta property=\"article:modified_time\" content=\"2024-08-06T14:35:14+00:00\" \/>\n<meta property=\"og:image\" content=\"https:\/\/www.confagricoltura.org\/parma\/wp-content\/uploads\/sites\/10\/2024\/08\/001-PAGINA-1-002-LUTTO-Ricordo-del-marchese-Gian-Domenico-Serra.jpg\" \/>\n\t<meta property=\"og:image:width\" content=\"1535\" \/>\n\t<meta property=\"og:image:height\" content=\"1028\" \/>\n\t<meta property=\"og:image:type\" content=\"image\/jpeg\" \/>\n<meta name=\"author\" content=\"confagricolturaparma\" \/>\n<meta name=\"twitter:card\" content=\"summary_large_image\" \/>\n<meta name=\"twitter:label1\" content=\"Scritto da\" \/>\n\t<meta name=\"twitter:data1\" content=\"confagricolturaparma\" \/>\n\t<meta name=\"twitter:label2\" content=\"Tempo di lettura stimato\" \/>\n\t<meta name=\"twitter:data2\" content=\"7 minuti\" \/>\n<script type=\"application\/ld+json\" class=\"yoast-schema-graph\">{\"@context\":\"https:\/\/schema.org\",\"@graph\":[{\"@type\":\"Article\",\"@id\":\"https:\/\/www.confagricoltura.org\/parma\/addio-al-marchese-gian-domenico-serra\/#article\",\"isPartOf\":{\"@id\":\"https:\/\/www.confagricoltura.org\/parma\/addio-al-marchese-gian-domenico-serra\/\"},\"author\":{\"name\":\"confagricolturaparma\",\"@id\":\"https:\/\/www.confagricoltura.org\/parma\/#\/schema\/person\/3cd4548d78b676877beb0651a1b885a7\"},\"headline\":\"Addio al Marchese Gian Domenico Serra\",\"datePublished\":\"2024-08-02T14:29:56+00:00\",\"dateModified\":\"2024-08-06T14:35:14+00:00\",\"mainEntityOfPage\":{\"@id\":\"https:\/\/www.confagricoltura.org\/parma\/addio-al-marchese-gian-domenico-serra\/\"},\"wordCount\":1140,\"image\":{\"@id\":\"https:\/\/www.confagricoltura.org\/parma\/addio-al-marchese-gian-domenico-serra\/#primaryimage\"},\"thumbnailUrl\":\"https:\/\/www.confagricoltura.org\/parma\/wp-content\/uploads\/sites\/10\/2024\/08\/001-PAGINA-1-002-LUTTO-Ricordo-del-marchese-Gian-Domenico-Serra.jpg\",\"articleSection\":[\"News\"],\"inLanguage\":\"it-IT\"},{\"@type\":\"WebPage\",\"@id\":\"https:\/\/www.confagricoltura.org\/parma\/addio-al-marchese-gian-domenico-serra\/\",\"url\":\"https:\/\/www.confagricoltura.org\/parma\/addio-al-marchese-gian-domenico-serra\/\",\"name\":\"Addio al Marchese Gian Domenico Serra - Confagricoltura Parma\",\"isPartOf\":{\"@id\":\"https:\/\/www.confagricoltura.org\/parma\/#website\"},\"primaryImageOfPage\":{\"@id\":\"https:\/\/www.confagricoltura.org\/parma\/addio-al-marchese-gian-domenico-serra\/#primaryimage\"},\"image\":{\"@id\":\"https:\/\/www.confagricoltura.org\/parma\/addio-al-marchese-gian-domenico-serra\/#primaryimage\"},\"thumbnailUrl\":\"https:\/\/www.confagricoltura.org\/parma\/wp-content\/uploads\/sites\/10\/2024\/08\/001-PAGINA-1-002-LUTTO-Ricordo-del-marchese-Gian-Domenico-Serra.jpg\",\"datePublished\":\"2024-08-02T14:29:56+00:00\",\"dateModified\":\"2024-08-06T14:35:14+00:00\",\"author\":{\"@id\":\"https:\/\/www.confagricoltura.org\/parma\/#\/schema\/person\/3cd4548d78b676877beb0651a1b885a7\"},\"breadcrumb\":{\"@id\":\"https:\/\/www.confagricoltura.org\/parma\/addio-al-marchese-gian-domenico-serra\/#breadcrumb\"},\"inLanguage\":\"it-IT\",\"potentialAction\":[{\"@type\":\"ReadAction\",\"target\":[\"https:\/\/www.confagricoltura.org\/parma\/addio-al-marchese-gian-domenico-serra\/\"]}]},{\"@type\":\"ImageObject\",\"inLanguage\":\"it-IT\",\"@id\":\"https:\/\/www.confagricoltura.org\/parma\/addio-al-marchese-gian-domenico-serra\/#primaryimage\",\"url\":\"https:\/\/www.confagricoltura.org\/parma\/wp-content\/uploads\/sites\/10\/2024\/08\/001-PAGINA-1-002-LUTTO-Ricordo-del-marchese-Gian-Domenico-Serra.jpg\",\"contentUrl\":\"https:\/\/www.confagricoltura.org\/parma\/wp-content\/uploads\/sites\/10\/2024\/08\/001-PAGINA-1-002-LUTTO-Ricordo-del-marchese-Gian-Domenico-Serra.jpg\",\"width\":1535,\"height\":1028},{\"@type\":\"BreadcrumbList\",\"@id\":\"https:\/\/www.confagricoltura.org\/parma\/addio-al-marchese-gian-domenico-serra\/#breadcrumb\",\"itemListElement\":[{\"@type\":\"ListItem\",\"position\":1,\"name\":\"Home\",\"item\":\"https:\/\/www.confagricoltura.org\/parma\/\"},{\"@type\":\"ListItem\",\"position\":2,\"name\":\"Addio al Marchese Gian Domenico Serra\"}]},{\"@type\":\"WebSite\",\"@id\":\"https:\/\/www.confagricoltura.org\/parma\/#website\",\"url\":\"https:\/\/www.confagricoltura.org\/parma\/\",\"name\":\"Confagricoltura Parma\",\"description\":\"Dalla parte degli Agricoltori\",\"potentialAction\":[{\"@type\":\"SearchAction\",\"target\":{\"@type\":\"EntryPoint\",\"urlTemplate\":\"https:\/\/www.confagricoltura.org\/parma\/?s={search_term_string}\"},\"query-input\":{\"@type\":\"PropertyValueSpecification\",\"valueRequired\":true,\"valueName\":\"search_term_string\"}}],\"inLanguage\":\"it-IT\"},{\"@type\":\"Person\",\"@id\":\"https:\/\/www.confagricoltura.org\/parma\/#\/schema\/person\/3cd4548d78b676877beb0651a1b885a7\",\"name\":\"confagricolturaparma\",\"image\":{\"@type\":\"ImageObject\",\"inLanguage\":\"it-IT\",\"@id\":\"https:\/\/www.confagricoltura.org\/parma\/#\/schema\/person\/image\/\",\"url\":\"https:\/\/secure.gravatar.com\/avatar\/b5b08888682650e8feabb958d1a675c2?s=96&d=mm&r=g\",\"contentUrl\":\"https:\/\/secure.gravatar.com\/avatar\/b5b08888682650e8feabb958d1a675c2?s=96&d=mm&r=g\",\"caption\":\"confagricolturaparma\"},\"url\":\"https:\/\/www.confagricoltura.org\/parma\/author\/confagricolturaparma\/\"}]}<\/script>\n<!-- \/ Yoast SEO plugin. -->","yoast_head_json":{"title":"Addio al Marchese Gian Domenico Serra - Confagricoltura Parma","robots":{"index":"index","follow":"follow","max-snippet":"max-snippet:-1","max-image-preview":"max-image-preview:large","max-video-preview":"max-video-preview:-1"},"canonical":"https:\/\/www.confagricoltura.org\/parma\/addio-al-marchese-gian-domenico-serra\/","og_locale":"it_IT","og_type":"article","og_title":"Addio al Marchese Gian Domenico Serra - Confagricoltura Parma","og_description":"Presidente nazionale di Confagricoltura dal 1977 al 1983 e presidente provinciale dal 1965 al 1977","og_url":"https:\/\/www.confagricoltura.org\/parma\/addio-al-marchese-gian-domenico-serra\/","og_site_name":"Confagricoltura Parma","article_published_time":"2024-08-02T14:29:56+00:00","article_modified_time":"2024-08-06T14:35:14+00:00","og_image":[{"width":1535,"height":1028,"url":"https:\/\/www.confagricoltura.org\/parma\/wp-content\/uploads\/sites\/10\/2024\/08\/001-PAGINA-1-002-LUTTO-Ricordo-del-marchese-Gian-Domenico-Serra.jpg","type":"image\/jpeg"}],"author":"confagricolturaparma","twitter_card":"summary_large_image","twitter_misc":{"Scritto da":"confagricolturaparma","Tempo di lettura stimato":"7 minuti"},"schema":{"@context":"https:\/\/schema.org","@graph":[{"@type":"Article","@id":"https:\/\/www.confagricoltura.org\/parma\/addio-al-marchese-gian-domenico-serra\/#article","isPartOf":{"@id":"https:\/\/www.confagricoltura.org\/parma\/addio-al-marchese-gian-domenico-serra\/"},"author":{"name":"confagricolturaparma","@id":"https:\/\/www.confagricoltura.org\/parma\/#\/schema\/person\/3cd4548d78b676877beb0651a1b885a7"},"headline":"Addio al Marchese Gian Domenico Serra","datePublished":"2024-08-02T14:29:56+00:00","dateModified":"2024-08-06T14:35:14+00:00","mainEntityOfPage":{"@id":"https:\/\/www.confagricoltura.org\/parma\/addio-al-marchese-gian-domenico-serra\/"},"wordCount":1140,"image":{"@id":"https:\/\/www.confagricoltura.org\/parma\/addio-al-marchese-gian-domenico-serra\/#primaryimage"},"thumbnailUrl":"https:\/\/www.confagricoltura.org\/parma\/wp-content\/uploads\/sites\/10\/2024\/08\/001-PAGINA-1-002-LUTTO-Ricordo-del-marchese-Gian-Domenico-Serra.jpg","articleSection":["News"],"inLanguage":"it-IT"},{"@type":"WebPage","@id":"https:\/\/www.confagricoltura.org\/parma\/addio-al-marchese-gian-domenico-serra\/","url":"https:\/\/www.confagricoltura.org\/parma\/addio-al-marchese-gian-domenico-serra\/","name":"Addio al Marchese Gian Domenico Serra - Confagricoltura Parma","isPartOf":{"@id":"https:\/\/www.confagricoltura.org\/parma\/#website"},"primaryImageOfPage":{"@id":"https:\/\/www.confagricoltura.org\/parma\/addio-al-marchese-gian-domenico-serra\/#primaryimage"},"image":{"@id":"https:\/\/www.confagricoltura.org\/parma\/addio-al-marchese-gian-domenico-serra\/#primaryimage"},"thumbnailUrl":"https:\/\/www.confagricoltura.org\/parma\/wp-content\/uploads\/sites\/10\/2024\/08\/001-PAGINA-1-002-LUTTO-Ricordo-del-marchese-Gian-Domenico-Serra.jpg","datePublished":"2024-08-02T14:29:56+00:00","dateModified":"2024-08-06T14:35:14+00:00","author":{"@id":"https:\/\/www.confagricoltura.org\/parma\/#\/schema\/person\/3cd4548d78b676877beb0651a1b885a7"},"breadcrumb":{"@id":"https:\/\/www.confagricoltura.org\/parma\/addio-al-marchese-gian-domenico-serra\/#breadcrumb"},"inLanguage":"it-IT","potentialAction":[{"@type":"ReadAction","target":["https:\/\/www.confagricoltura.org\/parma\/addio-al-marchese-gian-domenico-serra\/"]}]},{"@type":"ImageObject","inLanguage":"it-IT","@id":"https:\/\/www.confagricoltura.org\/parma\/addio-al-marchese-gian-domenico-serra\/#primaryimage","url":"https:\/\/www.confagricoltura.org\/parma\/wp-content\/uploads\/sites\/10\/2024\/08\/001-PAGINA-1-002-LUTTO-Ricordo-del-marchese-Gian-Domenico-Serra.jpg","contentUrl":"https:\/\/www.confagricoltura.org\/parma\/wp-content\/uploads\/sites\/10\/2024\/08\/001-PAGINA-1-002-LUTTO-Ricordo-del-marchese-Gian-Domenico-Serra.jpg","width":1535,"height":1028},{"@type":"BreadcrumbList","@id":"https:\/\/www.confagricoltura.org\/parma\/addio-al-marchese-gian-domenico-serra\/#breadcrumb","itemListElement":[{"@type":"ListItem","position":1,"name":"Home","item":"https:\/\/www.confagricoltura.org\/parma\/"},{"@type":"ListItem","position":2,"name":"Addio al Marchese Gian Domenico Serra"}]},{"@type":"WebSite","@id":"https:\/\/www.confagricoltura.org\/parma\/#website","url":"https:\/\/www.confagricoltura.org\/parma\/","name":"Confagricoltura Parma","description":"Dalla parte degli Agricoltori","potentialAction":[{"@type":"SearchAction","target":{"@type":"EntryPoint","urlTemplate":"https:\/\/www.confagricoltura.org\/parma\/?s={search_term_string}"},"query-input":{"@type":"PropertyValueSpecification","valueRequired":true,"valueName":"search_term_string"}}],"inLanguage":"it-IT"},{"@type":"Person","@id":"https:\/\/www.confagricoltura.org\/parma\/#\/schema\/person\/3cd4548d78b676877beb0651a1b885a7","name":"confagricolturaparma","image":{"@type":"ImageObject","inLanguage":"it-IT","@id":"https:\/\/www.confagricoltura.org\/parma\/#\/schema\/person\/image\/","url":"https:\/\/secure.gravatar.com\/avatar\/b5b08888682650e8feabb958d1a675c2?s=96&d=mm&r=g","contentUrl":"https:\/\/secure.gravatar.com\/avatar\/b5b08888682650e8feabb958d1a675c2?s=96&d=mm&r=g","caption":"confagricolturaparma"},"url":"https:\/\/www.confagricoltura.org\/parma\/author\/confagricolturaparma\/"}]}},"_links":{"self":[{"href":"https:\/\/www.confagricoltura.org\/parma\/wp-json\/wp\/v2\/posts\/3217","targetHints":{"allow":["GET"]}}],"collection":[{"href":"https:\/\/www.confagricoltura.org\/parma\/wp-json\/wp\/v2\/posts"}],"about":[{"href":"https:\/\/www.confagricoltura.org\/parma\/wp-json\/wp\/v2\/types\/post"}],"author":[{"embeddable":true,"href":"https:\/\/www.confagricoltura.org\/parma\/wp-json\/wp\/v2\/users\/5"}],"replies":[{"embeddable":true,"href":"https:\/\/www.confagricoltura.org\/parma\/wp-json\/wp\/v2\/comments?post=3217"}],"version-history":[{"count":3,"href":"https:\/\/www.confagricoltura.org\/parma\/wp-json\/wp\/v2\/posts\/3217\/revisions"}],"predecessor-version":[{"id":3223,"href":"https:\/\/www.confagricoltura.org\/parma\/wp-json\/wp\/v2\/posts\/3217\/revisions\/3223"}],"wp:featuredmedia":[{"embeddable":true,"href":"https:\/\/www.confagricoltura.org\/parma\/wp-json\/wp\/v2\/media\/3218"}],"wp:attachment":[{"href":"https:\/\/www.confagricoltura.org\/parma\/wp-json\/wp\/v2\/media?parent=3217"}],"wp:term":[{"taxonomy":"category","embeddable":true,"href":"https:\/\/www.confagricoltura.org\/parma\/wp-json\/wp\/v2\/categories?post=3217"},{"taxonomy":"post_tag","embeddable":true,"href":"https:\/\/www.confagricoltura.org\/parma\/wp-json\/wp\/v2\/tags?post=3217"}],"curies":[{"name":"wp","href":"https:\/\/api.w.org\/{rel}","templated":true}]}}