{"id":3180,"date":"2024-06-03T14:24:09","date_gmt":"2024-06-03T12:24:09","guid":{"rendered":"https:\/\/www.confagricoltura.org\/parma\/?p=3180"},"modified":"2024-06-03T14:34:19","modified_gmt":"2024-06-03T12:34:19","slug":"elezioni-europee-il-manifesto-di-confagricoltura","status":"publish","type":"post","link":"https:\/\/www.confagricoltura.org\/parma\/elezioni-europee-il-manifesto-di-confagricoltura\/","title":{"rendered":"Elezioni Europee: il Manifesto di Confagricoltura"},"content":{"rendered":"<p><img loading=\"lazy\" decoding=\"async\" class=\"alignnone size-full wp-image-3181\" src=\"https:\/\/www.confagricoltura.org\/parma\/wp-content\/uploads\/sites\/10\/2024\/06\/001-ELEZIONI-Manifesto-di-Confagricoltura.png\" alt=\"\" width=\"860\" height=\"300\" srcset=\"https:\/\/www.confagricoltura.org\/parma\/wp-content\/uploads\/sites\/10\/2024\/06\/001-ELEZIONI-Manifesto-di-Confagricoltura.png 860w, https:\/\/www.confagricoltura.org\/parma\/wp-content\/uploads\/sites\/10\/2024\/06\/001-ELEZIONI-Manifesto-di-Confagricoltura-768x268.png 768w, https:\/\/www.confagricoltura.org\/parma\/wp-content\/uploads\/sites\/10\/2024\/06\/001-ELEZIONI-Manifesto-di-Confagricoltura-100x35.png 100w\" sizes=\"auto, (max-width: 860px) 100vw, 860px\" \/><\/p>\n<p>&nbsp;<\/p>\n<p><strong>Confagricoltura<\/strong>, in vista delle <strong>elezioni europee<\/strong>, ha elaborato un <strong>Manifesto<\/strong> contenente le istanze portate avanti dagli agricoltori in questi anni e che ancora non hanno trovato opportuno riscontro in termini di efficacia.<\/p>\n<p>Il documento, disponibile in allegato, racchiude le pi\u00f9 concrete necessit\u00e0 degli operatori per un\u2019agricoltura europea pi\u00f9 competitiva, pi\u00f9 sostenibile, pi\u00f9 innovativa, pi\u00f9 solida e pi\u00f9 attrattiva.<\/p>\n<p>La Confederazione ritiene che l\u2019agricoltura debba necessariamente ritrovare un ruolo di primo piano nella politica europea in una nuova logica di prospettiva. Questo perch\u00e9 l\u2019agricoltura \u00e8, e rester\u00e0, un settore strategico per l&#8217;Europa che deve essere costantemente riaffermato.<\/p>\n<p><a href=\"https:\/\/www.confagricoltura.org\/parma\/wp-content\/uploads\/sites\/10\/2024\/06\/002-ELEZIONI-Manifesto-di-Confagricoltura-1.pdf\">Scarica il Manifesto di Confagricoltura<\/a><\/p>\n","protected":false},"excerpt":{"rendered":"<p>Contiene le istanze degli agricoltori. <\/p>\n","protected":false},"author":5,"featured_media":3181,"comment_status":"closed","ping_status":"closed","sticky":false,"template":"","format":"standard","meta":{"wp_mapbox_gl_js_media":[],"footnotes":""},"categories":[4],"tags":[],"class_list":["post-3180","post","type-post","status-publish","format-standard","has-post-thumbnail","hentry","category-news"],"yoast_head":"<!-- This site is optimized with the Yoast SEO plugin v26.8 - https:\/\/yoast.com\/product\/yoast-seo-wordpress\/ -->\n<title>Elezioni Europee: il Manifesto di Confagricoltura - Confagricoltura Parma<\/title>\n<meta name=\"robots\" content=\"index, follow, max-snippet:-1, max-image-preview:large, max-video-preview:-1\" \/>\n<link rel=\"canonical\" href=\"https:\/\/www.confagricoltura.org\/parma\/elezioni-europee-il-manifesto-di-confagricoltura\/\" \/>\n<meta property=\"og:locale\" content=\"it_IT\" \/>\n<meta property=\"og:type\" content=\"article\" \/>\n<meta property=\"og:title\" content=\"Elezioni Europee: il Manifesto di Confagricoltura - Confagricoltura Parma\" \/>\n<meta property=\"og:description\" content=\"Contiene le istanze degli agricoltori.\" \/>\n<meta property=\"og:url\" content=\"https:\/\/www.confagricoltura.org\/parma\/elezioni-europee-il-manifesto-di-confagricoltura\/\" \/>\n<meta property=\"og:site_name\" content=\"Confagricoltura Parma\" \/>\n<meta property=\"article:published_time\" content=\"2024-06-03T12:24:09+00:00\" \/>\n<meta property=\"article:modified_time\" content=\"2024-06-03T12:34:19+00:00\" \/>\n<meta property=\"og:image\" content=\"https:\/\/www.confagricoltura.org\/parma\/wp-content\/uploads\/sites\/10\/2024\/06\/001-ELEZIONI-Manifesto-di-Confagricoltura.png\" \/>\n\t<meta property=\"og:image:width\" content=\"860\" \/>\n\t<meta property=\"og:image:height\" content=\"300\" \/>\n\t<meta property=\"og:image:type\" content=\"image\/png\" \/>\n<meta name=\"author\" content=\"confagricolturaparma\" \/>\n<meta name=\"twitter:card\" content=\"summary_large_image\" \/>\n<meta name=\"twitter:label1\" content=\"Scritto da\" \/>\n\t<meta name=\"twitter:data1\" content=\"confagricolturaparma\" \/>\n\t<meta name=\"twitter:label2\" content=\"Tempo di lettura stimato\" \/>\n\t<meta name=\"twitter:data2\" content=\"1 minuto\" \/>\n<script type=\"application\/ld+json\" class=\"yoast-schema-graph\">{\"@context\":\"https:\/\/schema.org\",\"@graph\":[{\"@type\":\"Article\",\"@id\":\"https:\/\/www.confagricoltura.org\/parma\/elezioni-europee-il-manifesto-di-confagricoltura\/#article\",\"isPartOf\":{\"@id\":\"https:\/\/www.confagricoltura.org\/parma\/elezioni-europee-il-manifesto-di-confagricoltura\/\"},\"author\":{\"name\":\"confagricolturaparma\",\"@id\":\"https:\/\/www.confagricoltura.org\/parma\/#\/schema\/person\/3cd4548d78b676877beb0651a1b885a7\"},\"headline\":\"Elezioni Europee: il Manifesto di Confagricoltura\",\"datePublished\":\"2024-06-03T12:24:09+00:00\",\"dateModified\":\"2024-06-03T12:34:19+00:00\",\"mainEntityOfPage\":{\"@id\":\"https:\/\/www.confagricoltura.org\/parma\/elezioni-europee-il-manifesto-di-confagricoltura\/\"},\"wordCount\":111,\"image\":{\"@id\":\"https:\/\/www.confagricoltura.org\/parma\/elezioni-europee-il-manifesto-di-confagricoltura\/#primaryimage\"},\"thumbnailUrl\":\"https:\/\/www.confagricoltura.org\/parma\/wp-content\/uploads\/sites\/10\/2024\/06\/001-ELEZIONI-Manifesto-di-Confagricoltura.png\",\"articleSection\":[\"News\"],\"inLanguage\":\"it-IT\"},{\"@type\":\"WebPage\",\"@id\":\"https:\/\/www.confagricoltura.org\/parma\/elezioni-europee-il-manifesto-di-confagricoltura\/\",\"url\":\"https:\/\/www.confagricoltura.org\/parma\/elezioni-europee-il-manifesto-di-confagricoltura\/\",\"name\":\"Elezioni Europee: il Manifesto di Confagricoltura - Confagricoltura Parma\",\"isPartOf\":{\"@id\":\"https:\/\/www.confagricoltura.org\/parma\/#website\"},\"primaryImageOfPage\":{\"@id\":\"https:\/\/www.confagricoltura.org\/parma\/elezioni-europee-il-manifesto-di-confagricoltura\/#primaryimage\"},\"image\":{\"@id\":\"https:\/\/www.confagricoltura.org\/parma\/elezioni-europee-il-manifesto-di-confagricoltura\/#primaryimage\"},\"thumbnailUrl\":\"https:\/\/www.confagricoltura.org\/parma\/wp-content\/uploads\/sites\/10\/2024\/06\/001-ELEZIONI-Manifesto-di-Confagricoltura.png\",\"datePublished\":\"2024-06-03T12:24:09+00:00\",\"dateModified\":\"2024-06-03T12:34:19+00:00\",\"author\":{\"@id\":\"https:\/\/www.confagricoltura.org\/parma\/#\/schema\/person\/3cd4548d78b676877beb0651a1b885a7\"},\"breadcrumb\":{\"@id\":\"https:\/\/www.confagricoltura.org\/parma\/elezioni-europee-il-manifesto-di-confagricoltura\/#breadcrumb\"},\"inLanguage\":\"it-IT\",\"potentialAction\":[{\"@type\":\"ReadAction\",\"target\":[\"https:\/\/www.confagricoltura.org\/parma\/elezioni-europee-il-manifesto-di-confagricoltura\/\"]}]},{\"@type\":\"ImageObject\",\"inLanguage\":\"it-IT\",\"@id\":\"https:\/\/www.confagricoltura.org\/parma\/elezioni-europee-il-manifesto-di-confagricoltura\/#primaryimage\",\"url\":\"https:\/\/www.confagricoltura.org\/parma\/wp-content\/uploads\/sites\/10\/2024\/06\/001-ELEZIONI-Manifesto-di-Confagricoltura.png\",\"contentUrl\":\"https:\/\/www.confagricoltura.org\/parma\/wp-content\/uploads\/sites\/10\/2024\/06\/001-ELEZIONI-Manifesto-di-Confagricoltura.png\",\"width\":860,\"height\":300},{\"@type\":\"BreadcrumbList\",\"@id\":\"https:\/\/www.confagricoltura.org\/parma\/elezioni-europee-il-manifesto-di-confagricoltura\/#breadcrumb\",\"itemListElement\":[{\"@type\":\"ListItem\",\"position\":1,\"name\":\"Home\",\"item\":\"https:\/\/www.confagricoltura.org\/parma\/\"},{\"@type\":\"ListItem\",\"position\":2,\"name\":\"Elezioni Europee: il Manifesto di Confagricoltura\"}]},{\"@type\":\"WebSite\",\"@id\":\"https:\/\/www.confagricoltura.org\/parma\/#website\",\"url\":\"https:\/\/www.confagricoltura.org\/parma\/\",\"name\":\"Confagricoltura Parma\",\"description\":\"Dalla parte degli Agricoltori\",\"potentialAction\":[{\"@type\":\"SearchAction\",\"target\":{\"@type\":\"EntryPoint\",\"urlTemplate\":\"https:\/\/www.confagricoltura.org\/parma\/?s={search_term_string}\"},\"query-input\":{\"@type\":\"PropertyValueSpecification\",\"valueRequired\":true,\"valueName\":\"search_term_string\"}}],\"inLanguage\":\"it-IT\"},{\"@type\":\"Person\",\"@id\":\"https:\/\/www.confagricoltura.org\/parma\/#\/schema\/person\/3cd4548d78b676877beb0651a1b885a7\",\"name\":\"confagricolturaparma\",\"image\":{\"@type\":\"ImageObject\",\"inLanguage\":\"it-IT\",\"@id\":\"https:\/\/www.confagricoltura.org\/parma\/#\/schema\/person\/image\/\",\"url\":\"https:\/\/secure.gravatar.com\/avatar\/b5b08888682650e8feabb958d1a675c2?s=96&d=mm&r=g\",\"contentUrl\":\"https:\/\/secure.gravatar.com\/avatar\/b5b08888682650e8feabb958d1a675c2?s=96&d=mm&r=g\",\"caption\":\"confagricolturaparma\"},\"url\":\"https:\/\/www.confagricoltura.org\/parma\/author\/confagricolturaparma\/\"}]}<\/script>\n<!-- \/ Yoast SEO plugin. -->","yoast_head_json":{"title":"Elezioni Europee: il Manifesto di Confagricoltura - Confagricoltura Parma","robots":{"index":"index","follow":"follow","max-snippet":"max-snippet:-1","max-image-preview":"max-image-preview:large","max-video-preview":"max-video-preview:-1"},"canonical":"https:\/\/www.confagricoltura.org\/parma\/elezioni-europee-il-manifesto-di-confagricoltura\/","og_locale":"it_IT","og_type":"article","og_title":"Elezioni Europee: il Manifesto di Confagricoltura - Confagricoltura Parma","og_description":"Contiene le istanze degli agricoltori.","og_url":"https:\/\/www.confagricoltura.org\/parma\/elezioni-europee-il-manifesto-di-confagricoltura\/","og_site_name":"Confagricoltura Parma","article_published_time":"2024-06-03T12:24:09+00:00","article_modified_time":"2024-06-03T12:34:19+00:00","og_image":[{"width":860,"height":300,"url":"https:\/\/www.confagricoltura.org\/parma\/wp-content\/uploads\/sites\/10\/2024\/06\/001-ELEZIONI-Manifesto-di-Confagricoltura.png","type":"image\/png"}],"author":"confagricolturaparma","twitter_card":"summary_large_image","twitter_misc":{"Scritto da":"confagricolturaparma","Tempo di lettura stimato":"1 minuto"},"schema":{"@context":"https:\/\/schema.org","@graph":[{"@type":"Article","@id":"https:\/\/www.confagricoltura.org\/parma\/elezioni-europee-il-manifesto-di-confagricoltura\/#article","isPartOf":{"@id":"https:\/\/www.confagricoltura.org\/parma\/elezioni-europee-il-manifesto-di-confagricoltura\/"},"author":{"name":"confagricolturaparma","@id":"https:\/\/www.confagricoltura.org\/parma\/#\/schema\/person\/3cd4548d78b676877beb0651a1b885a7"},"headline":"Elezioni Europee: il Manifesto di Confagricoltura","datePublished":"2024-06-03T12:24:09+00:00","dateModified":"2024-06-03T12:34:19+00:00","mainEntityOfPage":{"@id":"https:\/\/www.confagricoltura.org\/parma\/elezioni-europee-il-manifesto-di-confagricoltura\/"},"wordCount":111,"image":{"@id":"https:\/\/www.confagricoltura.org\/parma\/elezioni-europee-il-manifesto-di-confagricoltura\/#primaryimage"},"thumbnailUrl":"https:\/\/www.confagricoltura.org\/parma\/wp-content\/uploads\/sites\/10\/2024\/06\/001-ELEZIONI-Manifesto-di-Confagricoltura.png","articleSection":["News"],"inLanguage":"it-IT"},{"@type":"WebPage","@id":"https:\/\/www.confagricoltura.org\/parma\/elezioni-europee-il-manifesto-di-confagricoltura\/","url":"https:\/\/www.confagricoltura.org\/parma\/elezioni-europee-il-manifesto-di-confagricoltura\/","name":"Elezioni Europee: il Manifesto di Confagricoltura - Confagricoltura Parma","isPartOf":{"@id":"https:\/\/www.confagricoltura.org\/parma\/#website"},"primaryImageOfPage":{"@id":"https:\/\/www.confagricoltura.org\/parma\/elezioni-europee-il-manifesto-di-confagricoltura\/#primaryimage"},"image":{"@id":"https:\/\/www.confagricoltura.org\/parma\/elezioni-europee-il-manifesto-di-confagricoltura\/#primaryimage"},"thumbnailUrl":"https:\/\/www.confagricoltura.org\/parma\/wp-content\/uploads\/sites\/10\/2024\/06\/001-ELEZIONI-Manifesto-di-Confagricoltura.png","datePublished":"2024-06-03T12:24:09+00:00","dateModified":"2024-06-03T12:34:19+00:00","author":{"@id":"https:\/\/www.confagricoltura.org\/parma\/#\/schema\/person\/3cd4548d78b676877beb0651a1b885a7"},"breadcrumb":{"@id":"https:\/\/www.confagricoltura.org\/parma\/elezioni-europee-il-manifesto-di-confagricoltura\/#breadcrumb"},"inLanguage":"it-IT","potentialAction":[{"@type":"ReadAction","target":["https:\/\/www.confagricoltura.org\/parma\/elezioni-europee-il-manifesto-di-confagricoltura\/"]}]},{"@type":"ImageObject","inLanguage":"it-IT","@id":"https:\/\/www.confagricoltura.org\/parma\/elezioni-europee-il-manifesto-di-confagricoltura\/#primaryimage","url":"https:\/\/www.confagricoltura.org\/parma\/wp-content\/uploads\/sites\/10\/2024\/06\/001-ELEZIONI-Manifesto-di-Confagricoltura.png","contentUrl":"https:\/\/www.confagricoltura.org\/parma\/wp-content\/uploads\/sites\/10\/2024\/06\/001-ELEZIONI-Manifesto-di-Confagricoltura.png","width":860,"height":300},{"@type":"BreadcrumbList","@id":"https:\/\/www.confagricoltura.org\/parma\/elezioni-europee-il-manifesto-di-confagricoltura\/#breadcrumb","itemListElement":[{"@type":"ListItem","position":1,"name":"Home","item":"https:\/\/www.confagricoltura.org\/parma\/"},{"@type":"ListItem","position":2,"name":"Elezioni Europee: il Manifesto di Confagricoltura"}]},{"@type":"WebSite","@id":"https:\/\/www.confagricoltura.org\/parma\/#website","url":"https:\/\/www.confagricoltura.org\/parma\/","name":"Confagricoltura Parma","description":"Dalla parte degli Agricoltori","potentialAction":[{"@type":"SearchAction","target":{"@type":"EntryPoint","urlTemplate":"https:\/\/www.confagricoltura.org\/parma\/?s={search_term_string}"},"query-input":{"@type":"PropertyValueSpecification","valueRequired":true,"valueName":"search_term_string"}}],"inLanguage":"it-IT"},{"@type":"Person","@id":"https:\/\/www.confagricoltura.org\/parma\/#\/schema\/person\/3cd4548d78b676877beb0651a1b885a7","name":"confagricolturaparma","image":{"@type":"ImageObject","inLanguage":"it-IT","@id":"https:\/\/www.confagricoltura.org\/parma\/#\/schema\/person\/image\/","url":"https:\/\/secure.gravatar.com\/avatar\/b5b08888682650e8feabb958d1a675c2?s=96&d=mm&r=g","contentUrl":"https:\/\/secure.gravatar.com\/avatar\/b5b08888682650e8feabb958d1a675c2?s=96&d=mm&r=g","caption":"confagricolturaparma"},"url":"https:\/\/www.confagricoltura.org\/parma\/author\/confagricolturaparma\/"}]}},"_links":{"self":[{"href":"https:\/\/www.confagricoltura.org\/parma\/wp-json\/wp\/v2\/posts\/3180","targetHints":{"allow":["GET"]}}],"collection":[{"href":"https:\/\/www.confagricoltura.org\/parma\/wp-json\/wp\/v2\/posts"}],"about":[{"href":"https:\/\/www.confagricoltura.org\/parma\/wp-json\/wp\/v2\/types\/post"}],"author":[{"embeddable":true,"href":"https:\/\/www.confagricoltura.org\/parma\/wp-json\/wp\/v2\/users\/5"}],"replies":[{"embeddable":true,"href":"https:\/\/www.confagricoltura.org\/parma\/wp-json\/wp\/v2\/comments?post=3180"}],"version-history":[{"count":5,"href":"https:\/\/www.confagricoltura.org\/parma\/wp-json\/wp\/v2\/posts\/3180\/revisions"}],"predecessor-version":[{"id":3188,"href":"https:\/\/www.confagricoltura.org\/parma\/wp-json\/wp\/v2\/posts\/3180\/revisions\/3188"}],"wp:featuredmedia":[{"embeddable":true,"href":"https:\/\/www.confagricoltura.org\/parma\/wp-json\/wp\/v2\/media\/3181"}],"wp:attachment":[{"href":"https:\/\/www.confagricoltura.org\/parma\/wp-json\/wp\/v2\/media?parent=3180"}],"wp:term":[{"taxonomy":"category","embeddable":true,"href":"https:\/\/www.confagricoltura.org\/parma\/wp-json\/wp\/v2\/categories?post=3180"},{"taxonomy":"post_tag","embeddable":true,"href":"https:\/\/www.confagricoltura.org\/parma\/wp-json\/wp\/v2\/tags?post=3180"}],"curies":[{"name":"wp","href":"https:\/\/api.w.org\/{rel}","templated":true}]}}