{"id":3135,"date":"2024-04-15T18:51:41","date_gmt":"2024-04-15T16:51:41","guid":{"rendered":"https:\/\/www.confagricoltura.org\/parma\/?p=3135"},"modified":"2024-05-02T18:53:11","modified_gmt":"2024-05-02T16:53:11","slug":"il-valore-della-terra-lagricoltura-del-futuro","status":"publish","type":"post","link":"https:\/\/www.confagricoltura.org\/parma\/il-valore-della-terra-lagricoltura-del-futuro\/","title":{"rendered":"Il valore della terra: l&#8217;agricoltura del futuro"},"content":{"rendered":"<div><\/div>\n<div>\n<p class=\"Corpo\">\u201cIl valore della terra. L\u2019agricoltura del futuro\u201d. Questo il tema al centro del convegno organizzato al <b>Podere Stuard<\/b> da <b>Italia Viva <\/b>con ospiti le aziende di <b>Confagricoltura Parma<\/b>.<\/p>\n<\/div>\n<div>\n<p class=\"Corpo\"><span style=\"font-size: 14.4px\">Dopo i saluti introduttivi di <\/span><b style=\"font-size: 14.4px\">Aldo Usberti<\/b><span style=\"font-size: 14.4px\"> (presidente provinciale Italia Viva Parma), <\/span><b style=\"font-size: 14.4px\">Matteo Ferroni<\/b><span style=\"font-size: 14.4px\"> (presidente Italia Viva Parma), <\/span><b style=\"font-size: 14.4px\">Stefano Mazzetti<\/b><span style=\"font-size: 14.4px\">(presidente Italia Viva Emilia-Romagna) e <\/span><b style=\"font-size: 14.4px\">Nicola Cesari<\/b><span style=\"font-size: 14.4px\"> (sindaco di Sorbolo Mezzani) ha preso il via la tavola rotonda moderata da <\/span><b style=\"font-size: 14.4px\">Pasquale Gerace<\/b><span style=\"font-size: 14.4px\">(consigliere regionale di Italia Viva) e preceduta da un minuto di silenzio in memoria di <\/span><b style=\"font-size: 14.4px\">Maria Rita Correnti<\/b><span style=\"font-size: 14.4px\">.<\/span><\/p>\n<\/div>\n<div>\n<p class=\"Corpo\"><span style=\"font-size: 14.4px\">Ad aprire il confronto l\u2019intervento di <\/span><b style=\"font-size: 14.4px\">Tiziana Sfriso<\/b><span style=\"font-size: 14.4px\">, neo presidente di <\/span><b style=\"font-size: 14.4px\">Confagricoltura Donna Parma <\/b><span style=\"font-size: 14.4px\">e alla guida dell\u2019allevamento di suini allo stato brado <\/span><b style=\"font-size: 14.4px\">\u201cLo Spineto\u201d<\/b><span style=\"font-size: 14.4px\">, che ha messo in evidenza le tante lacune emerse nella gestione dell\u2019emergenza della Peste suina africana: \u201cIn questi due anni, come allevatrice, mi sono sentita completamente abbandonata delle Istituzioni preposte al controllo e alla gestione del proliferare della fauna selvatica. \u00c8 mancato un coordinamento delle azioni. Non mi \u00e8 piaciuta l\u2019omert\u00e0 imposta per paura di un calo dell\u2019export, una scelta fatta sulle spalle degli allevatori\u201d.<\/span><\/p>\n<\/div>\n<div>\n<p class=\"Corpo\"><span style=\"font-size: 14.4px\">Poi parola al presidente dell\u2019Azienda sperimentale Stuard <\/span><b style=\"font-size: 14.4px\">Roberto Ranieri <\/b><span style=\"font-size: 14.4px\">che ha parlato dei progetti innovativi portati avanti come l\u2019irrigazione digitalizzata; Irriframe; produzione bio; vendita di prodotti all\u2019emporio e agricoltura sociale.<\/span><\/p>\n<\/div>\n<div>\n<p class=\"Corpo\"><span style=\"font-size: 14.4px\">Quindi intervento di <\/span><b style=\"font-size: 14.4px\">Andrea Minardi<\/b><span style=\"font-size: 14.4px\"> della cooperativa casearia <\/span><b style=\"font-size: 14.4px\">Agrizoo<\/b><span style=\"font-size: 14.4px\">: \u201cL\u2019agricoltura, purtroppo, ha scontato la presenza, per decenni, di persone non all\u2019altezza che hanno legiferato in merito al nostro settore. Nel comparto del Parmigiano, spesso, lavoriamo\u00a0 con prezzi sottocosto. Servirebbe una legge che, in qualche modo, garantisca che un terzo del valore di un prodotto sul mercato sia riconosciuto al produttore\u201d.<\/span><\/p>\n<\/div>\n<div>\n<p class=\"Corpo\"><span style=\"font-size: 14.4px\">Il presidente di Confagricoltura Parma <\/span><b style=\"font-size: 14.4px\">Roberto Gelfi<\/b><span style=\"font-size: 14.4px\"> ha poi presentato alcune delle principali richieste del settore primario alla politica. \u201cL\u2019agricoltura ha bisogno di innovazione per il miglioramento genetico delle piante al fine di ottenere variet\u00e0 che sopportino meglio la situazione climatica. Siamo a favore della costruzione degli invasi ad uso plurimo (civile, industriale ed agricolo) per contrastare la crisi idrica e crediamo che forme di agevolazione come agricoltura 4.0 siano da ricalibrare\u201d. Altri temi citati dal presidente Gelfi sono stati: la tutela del ruolo dei produttori all\u2019interno delle filiere; la tutela delle Dop rispetto alle strategie commerciali della Gdo; l\u2019attenzione alla gestione del rischio climatico in agricoltura ed il supporto nel percorso del ricambio generazionale nella guida delle aziende.<\/span><\/p>\n<\/div>\n<div>\n<p class=\"Corpo\"><span style=\"font-size: 14.4px\">A raccogliere tutti questi spunti sono state le senatrici <\/span><b style=\"font-size: 14.4px\">Silvia Fregolent<\/b><span style=\"font-size: 14.4px\"> e <\/span><b style=\"font-size: 14.4px\">Teresa Bellanova<\/b><span style=\"font-size: 14.4px\">: \u201cL\u2019agricoltura, oggi, ha bisogno di molto coraggio. Il coraggio di fare scelte innovative che magari, nell\u2019immediato, non portano tanto consenso, ma che sono decisive per migliorare il settore. L\u2019agricoltura non \u00e8 solo produzione di cibo, ma che \u00e8 anche turismo, enogastronomia, cura e valorizzazione del territorio e delle aree interne. Deve esserci sostenibilit\u00e0 ambientale legata a sostenibilit\u00e0 economica e sociale. Bisogna puntare sui contratti di filiera e su mercati aperti, applicando la reciprocit\u00e0\u201d.<\/span><\/p>\n<\/div>\n<div>\n<p class=\"Corpo\">\n<\/div>\n","protected":false},"excerpt":{"rendered":"<p>\u201cIl valore della terra. L\u2019agricoltura del futuro\u201d. Questo il tema al centro del convegno organizzato al Podere Stuard da Italia Viva con ospiti le aziende di Confagricoltura Parma. Dopo i saluti introduttivi di Aldo Usberti (presidente provinciale Italia Viva Parma), Matteo Ferroni (presidente Italia Viva Parma), Stefano Mazzetti(presidente Italia Viva Emilia-Romagna) e Nicola Cesari (sindaco<\/p>\n","protected":false},"author":5,"featured_media":3136,"comment_status":"closed","ping_status":"closed","sticky":false,"template":"","format":"standard","meta":{"wp_mapbox_gl_js_media":[],"footnotes":""},"categories":[4],"tags":[],"class_list":["post-3135","post","type-post","status-publish","format-standard","has-post-thumbnail","hentry","category-news"],"yoast_head":"<!-- This site is optimized with the Yoast SEO plugin v26.8 - https:\/\/yoast.com\/product\/yoast-seo-wordpress\/ -->\n<title>Il valore della terra: l&#039;agricoltura del futuro - Confagricoltura Parma<\/title>\n<meta name=\"robots\" content=\"index, follow, max-snippet:-1, max-image-preview:large, max-video-preview:-1\" \/>\n<link rel=\"canonical\" href=\"https:\/\/www.confagricoltura.org\/parma\/il-valore-della-terra-lagricoltura-del-futuro\/\" \/>\n<meta property=\"og:locale\" content=\"it_IT\" \/>\n<meta property=\"og:type\" content=\"article\" \/>\n<meta property=\"og:title\" content=\"Il valore della terra: l&#039;agricoltura del futuro - Confagricoltura Parma\" \/>\n<meta property=\"og:description\" content=\"\u201cIl valore della terra. L\u2019agricoltura del futuro\u201d. Questo il tema al centro del convegno organizzato al Podere Stuard da Italia Viva con ospiti le aziende di Confagricoltura Parma. Dopo i saluti introduttivi di Aldo Usberti (presidente provinciale Italia Viva Parma), Matteo Ferroni (presidente Italia Viva Parma), Stefano Mazzetti(presidente Italia Viva Emilia-Romagna) e Nicola Cesari (sindaco\" \/>\n<meta property=\"og:url\" content=\"https:\/\/www.confagricoltura.org\/parma\/il-valore-della-terra-lagricoltura-del-futuro\/\" \/>\n<meta property=\"og:site_name\" content=\"Confagricoltura Parma\" \/>\n<meta property=\"article:published_time\" content=\"2024-04-15T16:51:41+00:00\" \/>\n<meta property=\"article:modified_time\" content=\"2024-05-02T16:53:11+00:00\" \/>\n<meta property=\"og:image\" content=\"https:\/\/www.confagricoltura.org\/parma\/wp-content\/uploads\/sites\/10\/2024\/05\/005-PAGINA-5-001-IL-VALORE-DELLA-TERRA-Convegno-Italia-Viva-con-ospite-Confagricoltura-Parma-001-scaled.jpg\" \/>\n\t<meta property=\"og:image:width\" content=\"2560\" \/>\n\t<meta property=\"og:image:height\" content=\"1920\" \/>\n\t<meta property=\"og:image:type\" content=\"image\/jpeg\" \/>\n<meta name=\"author\" content=\"confagricolturaparma\" \/>\n<meta name=\"twitter:card\" content=\"summary_large_image\" \/>\n<meta name=\"twitter:label1\" content=\"Scritto da\" \/>\n\t<meta name=\"twitter:data1\" content=\"confagricolturaparma\" \/>\n\t<meta name=\"twitter:label2\" content=\"Tempo di lettura stimato\" \/>\n\t<meta name=\"twitter:data2\" content=\"3 minuti\" \/>\n<script type=\"application\/ld+json\" class=\"yoast-schema-graph\">{\"@context\":\"https:\/\/schema.org\",\"@graph\":[{\"@type\":\"Article\",\"@id\":\"https:\/\/www.confagricoltura.org\/parma\/il-valore-della-terra-lagricoltura-del-futuro\/#article\",\"isPartOf\":{\"@id\":\"https:\/\/www.confagricoltura.org\/parma\/il-valore-della-terra-lagricoltura-del-futuro\/\"},\"author\":{\"name\":\"confagricolturaparma\",\"@id\":\"https:\/\/www.confagricoltura.org\/parma\/#\/schema\/person\/3cd4548d78b676877beb0651a1b885a7\"},\"headline\":\"Il valore della terra: l&#8217;agricoltura del futuro\",\"datePublished\":\"2024-04-15T16:51:41+00:00\",\"dateModified\":\"2024-05-02T16:53:11+00:00\",\"mainEntityOfPage\":{\"@id\":\"https:\/\/www.confagricoltura.org\/parma\/il-valore-della-terra-lagricoltura-del-futuro\/\"},\"wordCount\":494,\"image\":{\"@id\":\"https:\/\/www.confagricoltura.org\/parma\/il-valore-della-terra-lagricoltura-del-futuro\/#primaryimage\"},\"thumbnailUrl\":\"https:\/\/www.confagricoltura.org\/parma\/wp-content\/uploads\/sites\/10\/2024\/05\/005-PAGINA-5-001-IL-VALORE-DELLA-TERRA-Convegno-Italia-Viva-con-ospite-Confagricoltura-Parma-001-scaled.jpg\",\"articleSection\":[\"News\"],\"inLanguage\":\"it-IT\"},{\"@type\":\"WebPage\",\"@id\":\"https:\/\/www.confagricoltura.org\/parma\/il-valore-della-terra-lagricoltura-del-futuro\/\",\"url\":\"https:\/\/www.confagricoltura.org\/parma\/il-valore-della-terra-lagricoltura-del-futuro\/\",\"name\":\"Il valore della terra: l'agricoltura del futuro - Confagricoltura Parma\",\"isPartOf\":{\"@id\":\"https:\/\/www.confagricoltura.org\/parma\/#website\"},\"primaryImageOfPage\":{\"@id\":\"https:\/\/www.confagricoltura.org\/parma\/il-valore-della-terra-lagricoltura-del-futuro\/#primaryimage\"},\"image\":{\"@id\":\"https:\/\/www.confagricoltura.org\/parma\/il-valore-della-terra-lagricoltura-del-futuro\/#primaryimage\"},\"thumbnailUrl\":\"https:\/\/www.confagricoltura.org\/parma\/wp-content\/uploads\/sites\/10\/2024\/05\/005-PAGINA-5-001-IL-VALORE-DELLA-TERRA-Convegno-Italia-Viva-con-ospite-Confagricoltura-Parma-001-scaled.jpg\",\"datePublished\":\"2024-04-15T16:51:41+00:00\",\"dateModified\":\"2024-05-02T16:53:11+00:00\",\"author\":{\"@id\":\"https:\/\/www.confagricoltura.org\/parma\/#\/schema\/person\/3cd4548d78b676877beb0651a1b885a7\"},\"breadcrumb\":{\"@id\":\"https:\/\/www.confagricoltura.org\/parma\/il-valore-della-terra-lagricoltura-del-futuro\/#breadcrumb\"},\"inLanguage\":\"it-IT\",\"potentialAction\":[{\"@type\":\"ReadAction\",\"target\":[\"https:\/\/www.confagricoltura.org\/parma\/il-valore-della-terra-lagricoltura-del-futuro\/\"]}]},{\"@type\":\"ImageObject\",\"inLanguage\":\"it-IT\",\"@id\":\"https:\/\/www.confagricoltura.org\/parma\/il-valore-della-terra-lagricoltura-del-futuro\/#primaryimage\",\"url\":\"https:\/\/www.confagricoltura.org\/parma\/wp-content\/uploads\/sites\/10\/2024\/05\/005-PAGINA-5-001-IL-VALORE-DELLA-TERRA-Convegno-Italia-Viva-con-ospite-Confagricoltura-Parma-001-scaled.jpg\",\"contentUrl\":\"https:\/\/www.confagricoltura.org\/parma\/wp-content\/uploads\/sites\/10\/2024\/05\/005-PAGINA-5-001-IL-VALORE-DELLA-TERRA-Convegno-Italia-Viva-con-ospite-Confagricoltura-Parma-001-scaled.jpg\",\"width\":2560,\"height\":1920},{\"@type\":\"BreadcrumbList\",\"@id\":\"https:\/\/www.confagricoltura.org\/parma\/il-valore-della-terra-lagricoltura-del-futuro\/#breadcrumb\",\"itemListElement\":[{\"@type\":\"ListItem\",\"position\":1,\"name\":\"Home\",\"item\":\"https:\/\/www.confagricoltura.org\/parma\/\"},{\"@type\":\"ListItem\",\"position\":2,\"name\":\"Il valore della terra: l&#8217;agricoltura del futuro\"}]},{\"@type\":\"WebSite\",\"@id\":\"https:\/\/www.confagricoltura.org\/parma\/#website\",\"url\":\"https:\/\/www.confagricoltura.org\/parma\/\",\"name\":\"Confagricoltura Parma\",\"description\":\"Dalla parte degli Agricoltori\",\"potentialAction\":[{\"@type\":\"SearchAction\",\"target\":{\"@type\":\"EntryPoint\",\"urlTemplate\":\"https:\/\/www.confagricoltura.org\/parma\/?s={search_term_string}\"},\"query-input\":{\"@type\":\"PropertyValueSpecification\",\"valueRequired\":true,\"valueName\":\"search_term_string\"}}],\"inLanguage\":\"it-IT\"},{\"@type\":\"Person\",\"@id\":\"https:\/\/www.confagricoltura.org\/parma\/#\/schema\/person\/3cd4548d78b676877beb0651a1b885a7\",\"name\":\"confagricolturaparma\",\"image\":{\"@type\":\"ImageObject\",\"inLanguage\":\"it-IT\",\"@id\":\"https:\/\/www.confagricoltura.org\/parma\/#\/schema\/person\/image\/\",\"url\":\"https:\/\/secure.gravatar.com\/avatar\/b5b08888682650e8feabb958d1a675c2?s=96&d=mm&r=g\",\"contentUrl\":\"https:\/\/secure.gravatar.com\/avatar\/b5b08888682650e8feabb958d1a675c2?s=96&d=mm&r=g\",\"caption\":\"confagricolturaparma\"},\"url\":\"https:\/\/www.confagricoltura.org\/parma\/author\/confagricolturaparma\/\"}]}<\/script>\n<!-- \/ Yoast SEO plugin. -->","yoast_head_json":{"title":"Il valore della terra: l'agricoltura del futuro - Confagricoltura Parma","robots":{"index":"index","follow":"follow","max-snippet":"max-snippet:-1","max-image-preview":"max-image-preview:large","max-video-preview":"max-video-preview:-1"},"canonical":"https:\/\/www.confagricoltura.org\/parma\/il-valore-della-terra-lagricoltura-del-futuro\/","og_locale":"it_IT","og_type":"article","og_title":"Il valore della terra: l'agricoltura del futuro - Confagricoltura Parma","og_description":"\u201cIl valore della terra. L\u2019agricoltura del futuro\u201d. Questo il tema al centro del convegno organizzato al Podere Stuard da Italia Viva con ospiti le aziende di Confagricoltura Parma. Dopo i saluti introduttivi di Aldo Usberti (presidente provinciale Italia Viva Parma), Matteo Ferroni (presidente Italia Viva Parma), Stefano Mazzetti(presidente Italia Viva Emilia-Romagna) e Nicola Cesari (sindaco","og_url":"https:\/\/www.confagricoltura.org\/parma\/il-valore-della-terra-lagricoltura-del-futuro\/","og_site_name":"Confagricoltura Parma","article_published_time":"2024-04-15T16:51:41+00:00","article_modified_time":"2024-05-02T16:53:11+00:00","og_image":[{"width":2560,"height":1920,"url":"https:\/\/www.confagricoltura.org\/parma\/wp-content\/uploads\/sites\/10\/2024\/05\/005-PAGINA-5-001-IL-VALORE-DELLA-TERRA-Convegno-Italia-Viva-con-ospite-Confagricoltura-Parma-001-scaled.jpg","type":"image\/jpeg"}],"author":"confagricolturaparma","twitter_card":"summary_large_image","twitter_misc":{"Scritto da":"confagricolturaparma","Tempo di lettura stimato":"3 minuti"},"schema":{"@context":"https:\/\/schema.org","@graph":[{"@type":"Article","@id":"https:\/\/www.confagricoltura.org\/parma\/il-valore-della-terra-lagricoltura-del-futuro\/#article","isPartOf":{"@id":"https:\/\/www.confagricoltura.org\/parma\/il-valore-della-terra-lagricoltura-del-futuro\/"},"author":{"name":"confagricolturaparma","@id":"https:\/\/www.confagricoltura.org\/parma\/#\/schema\/person\/3cd4548d78b676877beb0651a1b885a7"},"headline":"Il valore della terra: l&#8217;agricoltura del futuro","datePublished":"2024-04-15T16:51:41+00:00","dateModified":"2024-05-02T16:53:11+00:00","mainEntityOfPage":{"@id":"https:\/\/www.confagricoltura.org\/parma\/il-valore-della-terra-lagricoltura-del-futuro\/"},"wordCount":494,"image":{"@id":"https:\/\/www.confagricoltura.org\/parma\/il-valore-della-terra-lagricoltura-del-futuro\/#primaryimage"},"thumbnailUrl":"https:\/\/www.confagricoltura.org\/parma\/wp-content\/uploads\/sites\/10\/2024\/05\/005-PAGINA-5-001-IL-VALORE-DELLA-TERRA-Convegno-Italia-Viva-con-ospite-Confagricoltura-Parma-001-scaled.jpg","articleSection":["News"],"inLanguage":"it-IT"},{"@type":"WebPage","@id":"https:\/\/www.confagricoltura.org\/parma\/il-valore-della-terra-lagricoltura-del-futuro\/","url":"https:\/\/www.confagricoltura.org\/parma\/il-valore-della-terra-lagricoltura-del-futuro\/","name":"Il valore della terra: l'agricoltura del futuro - Confagricoltura Parma","isPartOf":{"@id":"https:\/\/www.confagricoltura.org\/parma\/#website"},"primaryImageOfPage":{"@id":"https:\/\/www.confagricoltura.org\/parma\/il-valore-della-terra-lagricoltura-del-futuro\/#primaryimage"},"image":{"@id":"https:\/\/www.confagricoltura.org\/parma\/il-valore-della-terra-lagricoltura-del-futuro\/#primaryimage"},"thumbnailUrl":"https:\/\/www.confagricoltura.org\/parma\/wp-content\/uploads\/sites\/10\/2024\/05\/005-PAGINA-5-001-IL-VALORE-DELLA-TERRA-Convegno-Italia-Viva-con-ospite-Confagricoltura-Parma-001-scaled.jpg","datePublished":"2024-04-15T16:51:41+00:00","dateModified":"2024-05-02T16:53:11+00:00","author":{"@id":"https:\/\/www.confagricoltura.org\/parma\/#\/schema\/person\/3cd4548d78b676877beb0651a1b885a7"},"breadcrumb":{"@id":"https:\/\/www.confagricoltura.org\/parma\/il-valore-della-terra-lagricoltura-del-futuro\/#breadcrumb"},"inLanguage":"it-IT","potentialAction":[{"@type":"ReadAction","target":["https:\/\/www.confagricoltura.org\/parma\/il-valore-della-terra-lagricoltura-del-futuro\/"]}]},{"@type":"ImageObject","inLanguage":"it-IT","@id":"https:\/\/www.confagricoltura.org\/parma\/il-valore-della-terra-lagricoltura-del-futuro\/#primaryimage","url":"https:\/\/www.confagricoltura.org\/parma\/wp-content\/uploads\/sites\/10\/2024\/05\/005-PAGINA-5-001-IL-VALORE-DELLA-TERRA-Convegno-Italia-Viva-con-ospite-Confagricoltura-Parma-001-scaled.jpg","contentUrl":"https:\/\/www.confagricoltura.org\/parma\/wp-content\/uploads\/sites\/10\/2024\/05\/005-PAGINA-5-001-IL-VALORE-DELLA-TERRA-Convegno-Italia-Viva-con-ospite-Confagricoltura-Parma-001-scaled.jpg","width":2560,"height":1920},{"@type":"BreadcrumbList","@id":"https:\/\/www.confagricoltura.org\/parma\/il-valore-della-terra-lagricoltura-del-futuro\/#breadcrumb","itemListElement":[{"@type":"ListItem","position":1,"name":"Home","item":"https:\/\/www.confagricoltura.org\/parma\/"},{"@type":"ListItem","position":2,"name":"Il valore della terra: l&#8217;agricoltura del futuro"}]},{"@type":"WebSite","@id":"https:\/\/www.confagricoltura.org\/parma\/#website","url":"https:\/\/www.confagricoltura.org\/parma\/","name":"Confagricoltura Parma","description":"Dalla parte degli Agricoltori","potentialAction":[{"@type":"SearchAction","target":{"@type":"EntryPoint","urlTemplate":"https:\/\/www.confagricoltura.org\/parma\/?s={search_term_string}"},"query-input":{"@type":"PropertyValueSpecification","valueRequired":true,"valueName":"search_term_string"}}],"inLanguage":"it-IT"},{"@type":"Person","@id":"https:\/\/www.confagricoltura.org\/parma\/#\/schema\/person\/3cd4548d78b676877beb0651a1b885a7","name":"confagricolturaparma","image":{"@type":"ImageObject","inLanguage":"it-IT","@id":"https:\/\/www.confagricoltura.org\/parma\/#\/schema\/person\/image\/","url":"https:\/\/secure.gravatar.com\/avatar\/b5b08888682650e8feabb958d1a675c2?s=96&d=mm&r=g","contentUrl":"https:\/\/secure.gravatar.com\/avatar\/b5b08888682650e8feabb958d1a675c2?s=96&d=mm&r=g","caption":"confagricolturaparma"},"url":"https:\/\/www.confagricoltura.org\/parma\/author\/confagricolturaparma\/"}]}},"_links":{"self":[{"href":"https:\/\/www.confagricoltura.org\/parma\/wp-json\/wp\/v2\/posts\/3135","targetHints":{"allow":["GET"]}}],"collection":[{"href":"https:\/\/www.confagricoltura.org\/parma\/wp-json\/wp\/v2\/posts"}],"about":[{"href":"https:\/\/www.confagricoltura.org\/parma\/wp-json\/wp\/v2\/types\/post"}],"author":[{"embeddable":true,"href":"https:\/\/www.confagricoltura.org\/parma\/wp-json\/wp\/v2\/users\/5"}],"replies":[{"embeddable":true,"href":"https:\/\/www.confagricoltura.org\/parma\/wp-json\/wp\/v2\/comments?post=3135"}],"version-history":[{"count":1,"href":"https:\/\/www.confagricoltura.org\/parma\/wp-json\/wp\/v2\/posts\/3135\/revisions"}],"predecessor-version":[{"id":3137,"href":"https:\/\/www.confagricoltura.org\/parma\/wp-json\/wp\/v2\/posts\/3135\/revisions\/3137"}],"wp:featuredmedia":[{"embeddable":true,"href":"https:\/\/www.confagricoltura.org\/parma\/wp-json\/wp\/v2\/media\/3136"}],"wp:attachment":[{"href":"https:\/\/www.confagricoltura.org\/parma\/wp-json\/wp\/v2\/media?parent=3135"}],"wp:term":[{"taxonomy":"category","embeddable":true,"href":"https:\/\/www.confagricoltura.org\/parma\/wp-json\/wp\/v2\/categories?post=3135"},{"taxonomy":"post_tag","embeddable":true,"href":"https:\/\/www.confagricoltura.org\/parma\/wp-json\/wp\/v2\/tags?post=3135"}],"curies":[{"name":"wp","href":"https:\/\/api.w.org\/{rel}","templated":true}]}}