{"id":3054,"date":"2024-03-19T21:19:49","date_gmt":"2024-03-19T20:19:49","guid":{"rendered":"https:\/\/www.confagricoltura.org\/parma\/?p=3054"},"modified":"2024-03-28T21:27:32","modified_gmt":"2024-03-28T20:27:32","slug":"dalla-protesta-alla-proposta-incontro-con-il-prefetto","status":"publish","type":"post","link":"https:\/\/www.confagricoltura.org\/parma\/dalla-protesta-alla-proposta-incontro-con-il-prefetto\/","title":{"rendered":"Dalla protesta alla proposta: incontro con il prefetto"},"content":{"rendered":"<figure id=\"attachment_3056\" aria-describedby=\"caption-attachment-3056\" style=\"width: 980px\" class=\"wp-caption alignnone\"><img loading=\"lazy\" decoding=\"async\" class=\"size-medium wp-image-3056\" src=\"https:\/\/www.confagricoltura.org\/parma\/wp-content\/uploads\/sites\/10\/2024\/03\/001-PRIMA-PAGINA-001-Articolo-in-alto-INCONTRO-CON-IL-PREFETTO-980x735.jpg\" alt=\"\" width=\"980\" height=\"735\" srcset=\"https:\/\/www.confagricoltura.org\/parma\/wp-content\/uploads\/sites\/10\/2024\/03\/001-PRIMA-PAGINA-001-Articolo-in-alto-INCONTRO-CON-IL-PREFETTO-980x735.jpg 980w, https:\/\/www.confagricoltura.org\/parma\/wp-content\/uploads\/sites\/10\/2024\/03\/001-PRIMA-PAGINA-001-Articolo-in-alto-INCONTRO-CON-IL-PREFETTO-768x576.jpg 768w, https:\/\/www.confagricoltura.org\/parma\/wp-content\/uploads\/sites\/10\/2024\/03\/001-PRIMA-PAGINA-001-Articolo-in-alto-INCONTRO-CON-IL-PREFETTO-1536x1152.jpg 1536w, https:\/\/www.confagricoltura.org\/parma\/wp-content\/uploads\/sites\/10\/2024\/03\/001-PRIMA-PAGINA-001-Articolo-in-alto-INCONTRO-CON-IL-PREFETTO-2048x1536.jpg 2048w, https:\/\/www.confagricoltura.org\/parma\/wp-content\/uploads\/sites\/10\/2024\/03\/001-PRIMA-PAGINA-001-Articolo-in-alto-INCONTRO-CON-IL-PREFETTO-100x75.jpg 100w\" sizes=\"auto, (max-width: 980px) 100vw, 980px\" \/><figcaption id=\"caption-attachment-3056\" class=\"wp-caption-text\">Da sinistra Zedda, Garufi e Gelfi.<\/figcaption><\/figure>\n<p style=\"font-weight: 400\">Un <strong>\u201cManifesto per l\u2019agricoltura\u201d<\/strong> che contiene un decalogo di indicazioni <strong>all\u2019Unione Europea<\/strong> per rivedere le politiche agricole.<\/p>\n<p style=\"font-weight: 400\">Questo il documento predisposto da <strong>Confagricoltura<\/strong> e consegnato al prefetto di Parma <strong>Antonio Lucio Garufi<\/strong> dal presidente di Confagricoltura Parma <strong>Roberto Gelfi<\/strong> e dal direttore <strong>Eugenio Zedda<\/strong>.<\/p>\n<p style=\"font-weight: 400\">\u201cIl Manifesto \u2013 spiega Gelfi \u2013 ci consente di passare dalla sola protesta alla proposta. \u00c8 un documento che recepisce le richieste del mondo agricolo e le fa diventare qualcosa di concreto, nero su bianco, da sottoporre all\u2019Unione Europea per rivedere, concretamente, la Pac. \u00c8 il frutto di quanto emerso in tre anni di opposizione alla Pac, bocciata da Confagricoltura sin dalla sua prima presentazione nel 2021, ed \u00e8 la sintesi di molti temi trattati nelle ultime settimane anche nel territorio parmense durante gli incontri di zona di Confagricoltura Parma con gli associati delle aree di Busseto, Fidenza, San Secondo, Langhirano, Fornovo, Borgotaro e della sede centrale di Parma\u201d.<\/p>\n<p style=\"font-weight: 400\">Con il Manifesto Confagricoltura chiede l\u2019aumento in termini reali\u00a0del\u00a0bilancio destinato all\u2019agricoltura e la rimodulazione degli aiuti diretti della Pac in funzione\u00a0dell\u2019evoluzione dei prezzi all\u2019origine e della stabilit\u00e0 dei redditi cos\u00ec come una gestione comune dei rischi e dei danni provocati dagli eventi climatici estremi.<\/p>\n<p style=\"font-weight: 400\">Si parla poi della sospensione delle proposte di regolamento sul ripristino della natura e sulle emissioni industriali con revisione della \u201cDirettiva Nitrati\u201d e della riformulazione della proposta sugli imballaggi.<\/p>\n<p style=\"font-weight: 400\">Tra i temi trattati anche l\u2019eliminazione degli obblighi relativi alla rotazione obbligatoria e alla destinazione non produttiva dei terreni e la richiesta di una semplificazione amministrativa con riduzione della burocrazia.<\/p>\n<p style=\"font-weight: 400\">Confagricoltura chiede, inoltre, maggiori controlli sulle importazioni, l\u2019inserimento di grano e semi di girasole nella lista dei prodotti sensibili; la moratoria sui crediti per migliorare la condizione di liquidit\u00e0 delle imprese e il sostegno alla diffusione delle innovazioni per la competitivit\u00e0 e per l\u2019affermazione di processi produttivi sempre pi\u00f9 sostenibili. Nel corso dell\u2019incontro sono stati trattati con il prefetto anche temi di stretta attualit\u00e0 locale come il pericolo della diffusione della Peste suina africana, la proliferazione della fauna selvatica, la gestione dei flussi migratori e la richiesta di manodopera qualificata in agricoltura.<\/p>\n<p style=\"font-weight: 400\"><strong><u>Modifiche alla Pac in vista<\/u><\/strong><\/p>\n<p style=\"font-weight: 400\">Al momento di andare in stampa con questo Gazzettino sono giunte importanti indicazioni dall\u2019Ue in merito ad una modifica della Pac. La Commissione Europea, infatti, ha invitato le cinque principali organizzazioni di rappresentanza agricola (tra cui il Copa-Cogeca, di cui fa parte anche Confagricoltura) a presentare osservazioni di modifica all\u2019attuale normativa Pac.<\/p>\n<p style=\"font-weight: 400\">Dopo tante consultazioni sono emerse proposte che, se ratificate ufficialmente, rappresenteranno una piccola \u201crivoluzione\u201d rispetto a quanto prospettato ai produttori sin qui. Bruxelles infatti sta valutando, in primo luogo, di eliminare totalmente l\u2019obbligo di destinazione del 4% della superficie aziendale a terreno incolto, con il \u201cset aside\u201d che diverrebbe su base volontaria, e soprattutto pagato da parte dell\u2019Europa. Importanti novit\u00e0 anche per quanto riguarda la rotazione colturale, che viene s\u00ec confermata, ma con la possibilit\u00e0, in aggiunta, di poter attuare una diversificazione dei seminativi, come previsto dalla precedente riforma Pac. In ultimo, cambierebbe anche la BCAA6 dedicata al riposo invernale dei terreni: sar\u00e0 il singolo stato membro a decidere, in base al rigo- re del proprio inverno, il periodo di fermo minimo obbligatorio. Previste anche semplificazioni burocratiche per le aziende pi\u00f9 piccole.<\/p>\n<p style=\"font-weight: 400\">\u201cSaremmo di fronte a una piccola, grande rivoluzione dovuta all\u2019importante azione sindacale che la nostra organizzazione, assieme ad altre in Europa \u2013 commenta Confagricoltura &#8211; sta portando avanti da mesi. Contestiamo solo le tempistiche, dal momento che, se ratificate, queste misure entrerebbero in vigore retroattivamente dal 1\u00b0 gennaio 2024, con le scelte agronomiche gi\u00e0 fatte da parte dei nostri produttori. Sarebbe stato ideale anticiparle di qualche mese. Non convince, invece, la proposta di alleggerimento dei controlli e delle penalit\u00e0 per le aziende al di sotto dei dieci ettari\u201d.<\/p>\n","protected":false},"excerpt":{"rendered":"<p>Consegnato il &#8220;Manifesto per l&#8217;agricoltura&#8221;. <\/p>\n","protected":false},"author":5,"featured_media":3056,"comment_status":"closed","ping_status":"closed","sticky":false,"template":"","format":"standard","meta":{"wp_mapbox_gl_js_media":[],"footnotes":""},"categories":[4],"tags":[],"class_list":["post-3054","post","type-post","status-publish","format-standard","has-post-thumbnail","hentry","category-news"],"yoast_head":"<!-- This site is optimized with the Yoast SEO plugin v26.8 - https:\/\/yoast.com\/product\/yoast-seo-wordpress\/ -->\n<title>Dalla protesta alla proposta: incontro con il prefetto - Confagricoltura Parma<\/title>\n<meta name=\"robots\" content=\"index, follow, max-snippet:-1, max-image-preview:large, max-video-preview:-1\" \/>\n<link rel=\"canonical\" href=\"https:\/\/www.confagricoltura.org\/parma\/dalla-protesta-alla-proposta-incontro-con-il-prefetto\/\" \/>\n<meta property=\"og:locale\" content=\"it_IT\" \/>\n<meta property=\"og:type\" content=\"article\" \/>\n<meta property=\"og:title\" content=\"Dalla protesta alla proposta: incontro con il prefetto - Confagricoltura Parma\" \/>\n<meta property=\"og:description\" content=\"Consegnato il &quot;Manifesto per l&#039;agricoltura&quot;.\" \/>\n<meta property=\"og:url\" content=\"https:\/\/www.confagricoltura.org\/parma\/dalla-protesta-alla-proposta-incontro-con-il-prefetto\/\" \/>\n<meta property=\"og:site_name\" content=\"Confagricoltura Parma\" \/>\n<meta property=\"article:published_time\" content=\"2024-03-19T20:19:49+00:00\" \/>\n<meta property=\"article:modified_time\" content=\"2024-03-28T20:27:32+00:00\" \/>\n<meta property=\"og:image\" content=\"https:\/\/www.confagricoltura.org\/parma\/wp-content\/uploads\/sites\/10\/2024\/03\/001-PRIMA-PAGINA-001-Articolo-in-alto-INCONTRO-CON-IL-PREFETTO-scaled.jpg\" \/>\n\t<meta property=\"og:image:width\" content=\"2560\" \/>\n\t<meta property=\"og:image:height\" content=\"1920\" \/>\n\t<meta property=\"og:image:type\" content=\"image\/jpeg\" \/>\n<meta name=\"author\" content=\"confagricolturaparma\" \/>\n<meta name=\"twitter:card\" content=\"summary_large_image\" \/>\n<meta name=\"twitter:label1\" content=\"Scritto da\" \/>\n\t<meta name=\"twitter:data1\" content=\"confagricolturaparma\" \/>\n\t<meta name=\"twitter:label2\" content=\"Tempo di lettura stimato\" \/>\n\t<meta name=\"twitter:data2\" content=\"4 minuti\" \/>\n<script type=\"application\/ld+json\" class=\"yoast-schema-graph\">{\"@context\":\"https:\/\/schema.org\",\"@graph\":[{\"@type\":\"Article\",\"@id\":\"https:\/\/www.confagricoltura.org\/parma\/dalla-protesta-alla-proposta-incontro-con-il-prefetto\/#article\",\"isPartOf\":{\"@id\":\"https:\/\/www.confagricoltura.org\/parma\/dalla-protesta-alla-proposta-incontro-con-il-prefetto\/\"},\"author\":{\"name\":\"confagricolturaparma\",\"@id\":\"https:\/\/www.confagricoltura.org\/parma\/#\/schema\/person\/3cd4548d78b676877beb0651a1b885a7\"},\"headline\":\"Dalla protesta alla proposta: incontro con il prefetto\",\"datePublished\":\"2024-03-19T20:19:49+00:00\",\"dateModified\":\"2024-03-28T20:27:32+00:00\",\"mainEntityOfPage\":{\"@id\":\"https:\/\/www.confagricoltura.org\/parma\/dalla-protesta-alla-proposta-incontro-con-il-prefetto\/\"},\"wordCount\":655,\"image\":{\"@id\":\"https:\/\/www.confagricoltura.org\/parma\/dalla-protesta-alla-proposta-incontro-con-il-prefetto\/#primaryimage\"},\"thumbnailUrl\":\"https:\/\/www.confagricoltura.org\/parma\/wp-content\/uploads\/sites\/10\/2024\/03\/001-PRIMA-PAGINA-001-Articolo-in-alto-INCONTRO-CON-IL-PREFETTO-scaled.jpg\",\"articleSection\":[\"News\"],\"inLanguage\":\"it-IT\"},{\"@type\":\"WebPage\",\"@id\":\"https:\/\/www.confagricoltura.org\/parma\/dalla-protesta-alla-proposta-incontro-con-il-prefetto\/\",\"url\":\"https:\/\/www.confagricoltura.org\/parma\/dalla-protesta-alla-proposta-incontro-con-il-prefetto\/\",\"name\":\"Dalla protesta alla proposta: incontro con il prefetto - Confagricoltura Parma\",\"isPartOf\":{\"@id\":\"https:\/\/www.confagricoltura.org\/parma\/#website\"},\"primaryImageOfPage\":{\"@id\":\"https:\/\/www.confagricoltura.org\/parma\/dalla-protesta-alla-proposta-incontro-con-il-prefetto\/#primaryimage\"},\"image\":{\"@id\":\"https:\/\/www.confagricoltura.org\/parma\/dalla-protesta-alla-proposta-incontro-con-il-prefetto\/#primaryimage\"},\"thumbnailUrl\":\"https:\/\/www.confagricoltura.org\/parma\/wp-content\/uploads\/sites\/10\/2024\/03\/001-PRIMA-PAGINA-001-Articolo-in-alto-INCONTRO-CON-IL-PREFETTO-scaled.jpg\",\"datePublished\":\"2024-03-19T20:19:49+00:00\",\"dateModified\":\"2024-03-28T20:27:32+00:00\",\"author\":{\"@id\":\"https:\/\/www.confagricoltura.org\/parma\/#\/schema\/person\/3cd4548d78b676877beb0651a1b885a7\"},\"breadcrumb\":{\"@id\":\"https:\/\/www.confagricoltura.org\/parma\/dalla-protesta-alla-proposta-incontro-con-il-prefetto\/#breadcrumb\"},\"inLanguage\":\"it-IT\",\"potentialAction\":[{\"@type\":\"ReadAction\",\"target\":[\"https:\/\/www.confagricoltura.org\/parma\/dalla-protesta-alla-proposta-incontro-con-il-prefetto\/\"]}]},{\"@type\":\"ImageObject\",\"inLanguage\":\"it-IT\",\"@id\":\"https:\/\/www.confagricoltura.org\/parma\/dalla-protesta-alla-proposta-incontro-con-il-prefetto\/#primaryimage\",\"url\":\"https:\/\/www.confagricoltura.org\/parma\/wp-content\/uploads\/sites\/10\/2024\/03\/001-PRIMA-PAGINA-001-Articolo-in-alto-INCONTRO-CON-IL-PREFETTO-scaled.jpg\",\"contentUrl\":\"https:\/\/www.confagricoltura.org\/parma\/wp-content\/uploads\/sites\/10\/2024\/03\/001-PRIMA-PAGINA-001-Articolo-in-alto-INCONTRO-CON-IL-PREFETTO-scaled.jpg\",\"width\":2560,\"height\":1920,\"caption\":\"Da sinistra Zedda, Garufi e Gelfi.\"},{\"@type\":\"BreadcrumbList\",\"@id\":\"https:\/\/www.confagricoltura.org\/parma\/dalla-protesta-alla-proposta-incontro-con-il-prefetto\/#breadcrumb\",\"itemListElement\":[{\"@type\":\"ListItem\",\"position\":1,\"name\":\"Home\",\"item\":\"https:\/\/www.confagricoltura.org\/parma\/\"},{\"@type\":\"ListItem\",\"position\":2,\"name\":\"Dalla protesta alla proposta: incontro con il prefetto\"}]},{\"@type\":\"WebSite\",\"@id\":\"https:\/\/www.confagricoltura.org\/parma\/#website\",\"url\":\"https:\/\/www.confagricoltura.org\/parma\/\",\"name\":\"Confagricoltura Parma\",\"description\":\"Dalla parte degli Agricoltori\",\"potentialAction\":[{\"@type\":\"SearchAction\",\"target\":{\"@type\":\"EntryPoint\",\"urlTemplate\":\"https:\/\/www.confagricoltura.org\/parma\/?s={search_term_string}\"},\"query-input\":{\"@type\":\"PropertyValueSpecification\",\"valueRequired\":true,\"valueName\":\"search_term_string\"}}],\"inLanguage\":\"it-IT\"},{\"@type\":\"Person\",\"@id\":\"https:\/\/www.confagricoltura.org\/parma\/#\/schema\/person\/3cd4548d78b676877beb0651a1b885a7\",\"name\":\"confagricolturaparma\",\"image\":{\"@type\":\"ImageObject\",\"inLanguage\":\"it-IT\",\"@id\":\"https:\/\/www.confagricoltura.org\/parma\/#\/schema\/person\/image\/\",\"url\":\"https:\/\/secure.gravatar.com\/avatar\/b5b08888682650e8feabb958d1a675c2?s=96&d=mm&r=g\",\"contentUrl\":\"https:\/\/secure.gravatar.com\/avatar\/b5b08888682650e8feabb958d1a675c2?s=96&d=mm&r=g\",\"caption\":\"confagricolturaparma\"},\"url\":\"https:\/\/www.confagricoltura.org\/parma\/author\/confagricolturaparma\/\"}]}<\/script>\n<!-- \/ Yoast SEO plugin. -->","yoast_head_json":{"title":"Dalla protesta alla proposta: incontro con il prefetto - Confagricoltura Parma","robots":{"index":"index","follow":"follow","max-snippet":"max-snippet:-1","max-image-preview":"max-image-preview:large","max-video-preview":"max-video-preview:-1"},"canonical":"https:\/\/www.confagricoltura.org\/parma\/dalla-protesta-alla-proposta-incontro-con-il-prefetto\/","og_locale":"it_IT","og_type":"article","og_title":"Dalla protesta alla proposta: incontro con il prefetto - Confagricoltura Parma","og_description":"Consegnato il \"Manifesto per l'agricoltura\".","og_url":"https:\/\/www.confagricoltura.org\/parma\/dalla-protesta-alla-proposta-incontro-con-il-prefetto\/","og_site_name":"Confagricoltura Parma","article_published_time":"2024-03-19T20:19:49+00:00","article_modified_time":"2024-03-28T20:27:32+00:00","og_image":[{"width":2560,"height":1920,"url":"https:\/\/www.confagricoltura.org\/parma\/wp-content\/uploads\/sites\/10\/2024\/03\/001-PRIMA-PAGINA-001-Articolo-in-alto-INCONTRO-CON-IL-PREFETTO-scaled.jpg","type":"image\/jpeg"}],"author":"confagricolturaparma","twitter_card":"summary_large_image","twitter_misc":{"Scritto da":"confagricolturaparma","Tempo di lettura stimato":"4 minuti"},"schema":{"@context":"https:\/\/schema.org","@graph":[{"@type":"Article","@id":"https:\/\/www.confagricoltura.org\/parma\/dalla-protesta-alla-proposta-incontro-con-il-prefetto\/#article","isPartOf":{"@id":"https:\/\/www.confagricoltura.org\/parma\/dalla-protesta-alla-proposta-incontro-con-il-prefetto\/"},"author":{"name":"confagricolturaparma","@id":"https:\/\/www.confagricoltura.org\/parma\/#\/schema\/person\/3cd4548d78b676877beb0651a1b885a7"},"headline":"Dalla protesta alla proposta: incontro con il prefetto","datePublished":"2024-03-19T20:19:49+00:00","dateModified":"2024-03-28T20:27:32+00:00","mainEntityOfPage":{"@id":"https:\/\/www.confagricoltura.org\/parma\/dalla-protesta-alla-proposta-incontro-con-il-prefetto\/"},"wordCount":655,"image":{"@id":"https:\/\/www.confagricoltura.org\/parma\/dalla-protesta-alla-proposta-incontro-con-il-prefetto\/#primaryimage"},"thumbnailUrl":"https:\/\/www.confagricoltura.org\/parma\/wp-content\/uploads\/sites\/10\/2024\/03\/001-PRIMA-PAGINA-001-Articolo-in-alto-INCONTRO-CON-IL-PREFETTO-scaled.jpg","articleSection":["News"],"inLanguage":"it-IT"},{"@type":"WebPage","@id":"https:\/\/www.confagricoltura.org\/parma\/dalla-protesta-alla-proposta-incontro-con-il-prefetto\/","url":"https:\/\/www.confagricoltura.org\/parma\/dalla-protesta-alla-proposta-incontro-con-il-prefetto\/","name":"Dalla protesta alla proposta: incontro con il prefetto - Confagricoltura Parma","isPartOf":{"@id":"https:\/\/www.confagricoltura.org\/parma\/#website"},"primaryImageOfPage":{"@id":"https:\/\/www.confagricoltura.org\/parma\/dalla-protesta-alla-proposta-incontro-con-il-prefetto\/#primaryimage"},"image":{"@id":"https:\/\/www.confagricoltura.org\/parma\/dalla-protesta-alla-proposta-incontro-con-il-prefetto\/#primaryimage"},"thumbnailUrl":"https:\/\/www.confagricoltura.org\/parma\/wp-content\/uploads\/sites\/10\/2024\/03\/001-PRIMA-PAGINA-001-Articolo-in-alto-INCONTRO-CON-IL-PREFETTO-scaled.jpg","datePublished":"2024-03-19T20:19:49+00:00","dateModified":"2024-03-28T20:27:32+00:00","author":{"@id":"https:\/\/www.confagricoltura.org\/parma\/#\/schema\/person\/3cd4548d78b676877beb0651a1b885a7"},"breadcrumb":{"@id":"https:\/\/www.confagricoltura.org\/parma\/dalla-protesta-alla-proposta-incontro-con-il-prefetto\/#breadcrumb"},"inLanguage":"it-IT","potentialAction":[{"@type":"ReadAction","target":["https:\/\/www.confagricoltura.org\/parma\/dalla-protesta-alla-proposta-incontro-con-il-prefetto\/"]}]},{"@type":"ImageObject","inLanguage":"it-IT","@id":"https:\/\/www.confagricoltura.org\/parma\/dalla-protesta-alla-proposta-incontro-con-il-prefetto\/#primaryimage","url":"https:\/\/www.confagricoltura.org\/parma\/wp-content\/uploads\/sites\/10\/2024\/03\/001-PRIMA-PAGINA-001-Articolo-in-alto-INCONTRO-CON-IL-PREFETTO-scaled.jpg","contentUrl":"https:\/\/www.confagricoltura.org\/parma\/wp-content\/uploads\/sites\/10\/2024\/03\/001-PRIMA-PAGINA-001-Articolo-in-alto-INCONTRO-CON-IL-PREFETTO-scaled.jpg","width":2560,"height":1920,"caption":"Da sinistra Zedda, Garufi e Gelfi."},{"@type":"BreadcrumbList","@id":"https:\/\/www.confagricoltura.org\/parma\/dalla-protesta-alla-proposta-incontro-con-il-prefetto\/#breadcrumb","itemListElement":[{"@type":"ListItem","position":1,"name":"Home","item":"https:\/\/www.confagricoltura.org\/parma\/"},{"@type":"ListItem","position":2,"name":"Dalla protesta alla proposta: incontro con il prefetto"}]},{"@type":"WebSite","@id":"https:\/\/www.confagricoltura.org\/parma\/#website","url":"https:\/\/www.confagricoltura.org\/parma\/","name":"Confagricoltura Parma","description":"Dalla parte degli Agricoltori","potentialAction":[{"@type":"SearchAction","target":{"@type":"EntryPoint","urlTemplate":"https:\/\/www.confagricoltura.org\/parma\/?s={search_term_string}"},"query-input":{"@type":"PropertyValueSpecification","valueRequired":true,"valueName":"search_term_string"}}],"inLanguage":"it-IT"},{"@type":"Person","@id":"https:\/\/www.confagricoltura.org\/parma\/#\/schema\/person\/3cd4548d78b676877beb0651a1b885a7","name":"confagricolturaparma","image":{"@type":"ImageObject","inLanguage":"it-IT","@id":"https:\/\/www.confagricoltura.org\/parma\/#\/schema\/person\/image\/","url":"https:\/\/secure.gravatar.com\/avatar\/b5b08888682650e8feabb958d1a675c2?s=96&d=mm&r=g","contentUrl":"https:\/\/secure.gravatar.com\/avatar\/b5b08888682650e8feabb958d1a675c2?s=96&d=mm&r=g","caption":"confagricolturaparma"},"url":"https:\/\/www.confagricoltura.org\/parma\/author\/confagricolturaparma\/"}]}},"_links":{"self":[{"href":"https:\/\/www.confagricoltura.org\/parma\/wp-json\/wp\/v2\/posts\/3054","targetHints":{"allow":["GET"]}}],"collection":[{"href":"https:\/\/www.confagricoltura.org\/parma\/wp-json\/wp\/v2\/posts"}],"about":[{"href":"https:\/\/www.confagricoltura.org\/parma\/wp-json\/wp\/v2\/types\/post"}],"author":[{"embeddable":true,"href":"https:\/\/www.confagricoltura.org\/parma\/wp-json\/wp\/v2\/users\/5"}],"replies":[{"embeddable":true,"href":"https:\/\/www.confagricoltura.org\/parma\/wp-json\/wp\/v2\/comments?post=3054"}],"version-history":[{"count":4,"href":"https:\/\/www.confagricoltura.org\/parma\/wp-json\/wp\/v2\/posts\/3054\/revisions"}],"predecessor-version":[{"id":3060,"href":"https:\/\/www.confagricoltura.org\/parma\/wp-json\/wp\/v2\/posts\/3054\/revisions\/3060"}],"wp:featuredmedia":[{"embeddable":true,"href":"https:\/\/www.confagricoltura.org\/parma\/wp-json\/wp\/v2\/media\/3056"}],"wp:attachment":[{"href":"https:\/\/www.confagricoltura.org\/parma\/wp-json\/wp\/v2\/media?parent=3054"}],"wp:term":[{"taxonomy":"category","embeddable":true,"href":"https:\/\/www.confagricoltura.org\/parma\/wp-json\/wp\/v2\/categories?post=3054"},{"taxonomy":"post_tag","embeddable":true,"href":"https:\/\/www.confagricoltura.org\/parma\/wp-json\/wp\/v2\/tags?post=3054"}],"curies":[{"name":"wp","href":"https:\/\/api.w.org\/{rel}","templated":true}]}}