{"id":3049,"date":"2024-03-23T11:15:42","date_gmt":"2024-03-23T10:15:42","guid":{"rendered":"https:\/\/www.confagricoltura.org\/parma\/?p=3049"},"modified":"2024-03-28T21:42:24","modified_gmt":"2024-03-28T20:42:24","slug":"incontro-con-il-colonnello-fedele-comandante-dei-forestali-di-parma-e-piacenza","status":"publish","type":"post","link":"https:\/\/www.confagricoltura.org\/parma\/incontro-con-il-colonnello-fedele-comandante-dei-forestali-di-parma-e-piacenza\/","title":{"rendered":"Incontro con il Colonnello Fedele, Comandante dei Forestali di Parma e Piacenza"},"content":{"rendered":"<p style=\"font-weight: 400\"><strong>Confagricoltura Parma<\/strong> ha incontrato il colonnello <strong>Pier Luigi Fedele<\/strong>, comandante dei <strong>Carabinieri forestali di Parma e Piacenza<\/strong>, in occasione della <strong>Giornata internazionale delle foreste<\/strong> durante la quale ribadire l\u2019impegno dell\u2019organizzazione agricola per valorizzare il patrimonio forestale e ottimizzarne la gestione ai fini di una maggiore sostenibilit\u00e0 ambientale, sociale ed economica.<\/p>\n<figure id=\"attachment_3052\" aria-describedby=\"caption-attachment-3052\" style=\"width: 980px\" class=\"wp-caption alignnone\"><img loading=\"lazy\" decoding=\"async\" class=\"size-medium wp-image-3052\" src=\"https:\/\/www.confagricoltura.org\/parma\/wp-content\/uploads\/sites\/10\/2024\/03\/GIORNATA-FORESTE-Confagricoltura-incontra-Fedele-Comandante-dei-Carabinieri-Forestali-1-980x615.jpeg\" alt=\"\" width=\"980\" height=\"615\" srcset=\"https:\/\/www.confagricoltura.org\/parma\/wp-content\/uploads\/sites\/10\/2024\/03\/GIORNATA-FORESTE-Confagricoltura-incontra-Fedele-Comandante-dei-Carabinieri-Forestali-1-980x615.jpeg 980w, https:\/\/www.confagricoltura.org\/parma\/wp-content\/uploads\/sites\/10\/2024\/03\/GIORNATA-FORESTE-Confagricoltura-incontra-Fedele-Comandante-dei-Carabinieri-Forestali-1-768x482.jpeg 768w, https:\/\/www.confagricoltura.org\/parma\/wp-content\/uploads\/sites\/10\/2024\/03\/GIORNATA-FORESTE-Confagricoltura-incontra-Fedele-Comandante-dei-Carabinieri-Forestali-1-100x63.jpeg 100w, https:\/\/www.confagricoltura.org\/parma\/wp-content\/uploads\/sites\/10\/2024\/03\/GIORNATA-FORESTE-Confagricoltura-incontra-Fedele-Comandante-dei-Carabinieri-Forestali-1.jpeg 1532w\" sizes=\"auto, (max-width: 980px) 100vw, 980px\" \/><figcaption id=\"caption-attachment-3052\" class=\"wp-caption-text\">Da sinistra Zedda, Gelfi, Fedele e Cervellati.<\/figcaption><\/figure>\n<p style=\"font-weight: 400\">\u201cL\u2019incontro \u2013 spiega <strong>Roberto Gelfi<\/strong>, presidente di Confagricoltura Parma \u2013 ha permesso di analizzare, nel dettaglio, i risvolti locali dell\u2019importante protocollo nazionale siglato da Confagricoltura, Comando unit\u00e0 forestali, ambientali e agroalimentari dei Carabinieri e Conaibo (Coordinamento nazionale delle imprese boschive) per la gestione attiva e sostenibile dei territori, anche attraverso il supporto delle imprese boschive che Confagricoltura rappresenta. Le foreste sono un enorme patrimonio per il nostro Paese. Basti pensare ai servizi ecosistemici che mettono a disposizione \u2013 come \u2018sequestro\u2019 di anidride carbonica, mantenimento della biodiversit\u00e0 e barriera all\u2019erosione del suolo &#8211; e grazie alla sempre maggiore fruizione da parte dei cittadini, che ne riconoscono il valore anche economico nelle filiere legno-energia. Occorre, tuttavia, una migliore programmazione gestionale del patrimonio forestale favorendone la valorizzazione anche attraverso l&#8217;introduzione di innovazioni tecnologiche, sia a livello tecnico-produttivo, sia di prodotti finali, con l&#8217;obiettivo di incrementarne la produttivit\u00e0, dando maggiore forza alle filiere per ridurre i costi, generare reddito ed esternalit\u00e0 positive per la societ\u00e0 e l&#8217;ambiente. \u00c8 comune la consapevolezza che la situazione di flora e fauna naturali, sia in Appennino che in pianura, sia sensibilmente migliorata rispetto a qualche decennio fa\u201d.<\/p>\n<p style=\"font-weight: 400\">Tanti i temi affrontati durante il confronto con il colonnello Fedele al quale hanno preso parte anche il direttore di Confagricoltura Parma <strong>Eugenio Zedda<\/strong> e <strong>Claudio Cervellati<\/strong>, tecnico della Federazione nazionale risorse boschive di Confagricoltura.<\/p>\n<p style=\"font-weight: 400\">\u201cDall\u2019analisi del protocollo nazionale \u2013 spiega Gelfi \u2013 siamo poi passati alla valutazione di problematiche ed opportunit\u00e0 locali. Si \u00e8 parlato dell\u2019importanza della diffusione di una corretta cultura del bosco tramite attivit\u00e0 come lezioni tematiche nelle scuole e si \u00e8 riflettuto sulle possibili collaborazioni dei carabinieri forestali nell\u2019ambito dei corsi di formazione organizzati da Confagricoltura per le aziende che si occupano di taglio legna\u201d.<\/p>\n<p style=\"font-weight: 400\">Centrale anche il tema della gestione della fauna selvatica.<\/p>\n<p style=\"font-weight: 400\">\u201cCi siamo confrontati sulla proliferazione dei cinghiali con i rischi connessi alla diffusione della peste suina africana negli allevamenti \u2013 puntualizza il presidente di Confagricoltura \u2013 e su una presenza sempre pi\u00f9 significativa del lupo, una specie che a nostro avviso va certamente preservata, ma anche opportunamente controllata\u201d.<\/p>\n<p style=\"font-weight: 400\">&#8220;Sul versante delle aziende agricole, abbiamo ribadito l&#8217;auspicio ad una gradualit\u00e0 nell&#8217;attivit\u00e0 repressiva e sanzionatoria, con l&#8217;intento di far precedere prevenzione e persuasione a imposizione e coercizione. \u00c8 stata inoltre sottolineata la necessit\u00e0 che le aziende agricole mantengano alta l&#8217;attenzione sul tema dei rifiuti, da gestire con strumenti opportuni come le convenzioni con ditte specializzate; sul tema dei reflui zootecnici, nell&#8217;ottica della valorizzazione economico-energetica e nel rispetto delle norme cogenti e sul tema dell\u2019utilizzo di prodotti per la ricostituzione della fertilit\u00e0 del terreno, spesso a rischio in quanto provenienti dalle filiere di gestione dei rifiuti di settori produttivi extra-agricoli\u201d.<\/p>\n<p style=\"font-weight: 400;text-align: center\"><strong>I DATI<\/strong><\/p>\n<p style=\"font-weight: 400\">Le foreste italiane si estendono su oltre 11 milioni di ettari, un valore che \u00e8 raddoppiato negli ultimi 50 anni ed \u00e8 pari a quasi il 40% del territorio nazionale. Soltanto negli ultimi 10 anni la superficie boschiva \u00e8 aumentata del 4,9% (fonte: Masaf). Una crescita \u2013 sottolinea Confagricoltura \u2013 che per\u00f2 non \u00e8 frutto di specifiche politiche attive di rimboschimento, bens\u00ec dell\u2019abbandono delle attivit\u00e0 primarie e dello spopolamento di aree montane e collinari.<\/p>\n<p style=\"font-weight: 400\">Oggi soltanto il 18% della superficie forestale italiana \u00e8 soggetta a piani di gestione e, sebbene la produzione di legno e di altri prodotti rimanga stabile, diminuiscono le segherie e le infrastrutture per le utilizzazioni in bosco.<\/p>\n<p style=\"font-weight: 400\">Il patrimonio boschivo \u00e8 inoltre fondamentale per l\u2019assorbimento di Co2. Per tale motivo Confagricoltura auspica che le disposizioni europee ed italiane in materia consentano effettivamente di valorizzare i crediti di carbonio prodotti dalle superfici forestali italiane.<\/p>\n","protected":false},"excerpt":{"rendered":"<p>Affrontati diversi temi: gestione del patrimonio boschivo e della fauna selvatica.<\/p>\n","protected":false},"author":5,"featured_media":3052,"comment_status":"closed","ping_status":"closed","sticky":false,"template":"","format":"standard","meta":{"wp_mapbox_gl_js_media":[],"footnotes":""},"categories":[4,9],"tags":[],"class_list":["post-3049","post","type-post","status-publish","format-standard","has-post-thumbnail","hentry","category-news","category-territorio-ambiente"],"yoast_head":"<!-- This site is optimized with the Yoast SEO plugin v26.8 - https:\/\/yoast.com\/product\/yoast-seo-wordpress\/ -->\n<title>Incontro con il Colonnello Fedele, Comandante dei Forestali di Parma e Piacenza - Confagricoltura Parma<\/title>\n<meta name=\"robots\" content=\"index, follow, max-snippet:-1, max-image-preview:large, max-video-preview:-1\" \/>\n<link rel=\"canonical\" href=\"https:\/\/www.confagricoltura.org\/parma\/incontro-con-il-colonnello-fedele-comandante-dei-forestali-di-parma-e-piacenza\/\" \/>\n<meta property=\"og:locale\" content=\"it_IT\" \/>\n<meta property=\"og:type\" content=\"article\" \/>\n<meta property=\"og:title\" content=\"Incontro con il Colonnello Fedele, Comandante dei Forestali di Parma e Piacenza - Confagricoltura Parma\" \/>\n<meta property=\"og:description\" content=\"Affrontati diversi temi: gestione del patrimonio boschivo e della fauna selvatica.\" \/>\n<meta property=\"og:url\" content=\"https:\/\/www.confagricoltura.org\/parma\/incontro-con-il-colonnello-fedele-comandante-dei-forestali-di-parma-e-piacenza\/\" \/>\n<meta property=\"og:site_name\" content=\"Confagricoltura Parma\" \/>\n<meta property=\"article:published_time\" content=\"2024-03-23T10:15:42+00:00\" \/>\n<meta property=\"article:modified_time\" content=\"2024-03-28T20:42:24+00:00\" \/>\n<meta property=\"og:image\" content=\"https:\/\/www.confagricoltura.org\/parma\/wp-content\/uploads\/sites\/10\/2024\/03\/GIORNATA-FORESTE-Confagricoltura-incontra-Fedele-Comandante-dei-Carabinieri-Forestali-1.jpeg\" \/>\n\t<meta property=\"og:image:width\" content=\"1532\" \/>\n\t<meta property=\"og:image:height\" content=\"962\" \/>\n\t<meta property=\"og:image:type\" content=\"image\/jpeg\" \/>\n<meta name=\"author\" content=\"confagricolturaparma\" \/>\n<meta name=\"twitter:card\" content=\"summary_large_image\" \/>\n<meta name=\"twitter:label1\" content=\"Scritto da\" \/>\n\t<meta name=\"twitter:data1\" content=\"confagricolturaparma\" \/>\n\t<meta name=\"twitter:label2\" content=\"Tempo di lettura stimato\" \/>\n\t<meta name=\"twitter:data2\" content=\"4 minuti\" \/>\n<script type=\"application\/ld+json\" class=\"yoast-schema-graph\">{\"@context\":\"https:\/\/schema.org\",\"@graph\":[{\"@type\":\"Article\",\"@id\":\"https:\/\/www.confagricoltura.org\/parma\/incontro-con-il-colonnello-fedele-comandante-dei-forestali-di-parma-e-piacenza\/#article\",\"isPartOf\":{\"@id\":\"https:\/\/www.confagricoltura.org\/parma\/incontro-con-il-colonnello-fedele-comandante-dei-forestali-di-parma-e-piacenza\/\"},\"author\":{\"name\":\"confagricolturaparma\",\"@id\":\"https:\/\/www.confagricoltura.org\/parma\/#\/schema\/person\/3cd4548d78b676877beb0651a1b885a7\"},\"headline\":\"Incontro con il Colonnello Fedele, Comandante dei Forestali di Parma e Piacenza\",\"datePublished\":\"2024-03-23T10:15:42+00:00\",\"dateModified\":\"2024-03-28T20:42:24+00:00\",\"mainEntityOfPage\":{\"@id\":\"https:\/\/www.confagricoltura.org\/parma\/incontro-con-il-colonnello-fedele-comandante-dei-forestali-di-parma-e-piacenza\/\"},\"wordCount\":663,\"image\":{\"@id\":\"https:\/\/www.confagricoltura.org\/parma\/incontro-con-il-colonnello-fedele-comandante-dei-forestali-di-parma-e-piacenza\/#primaryimage\"},\"thumbnailUrl\":\"https:\/\/www.confagricoltura.org\/parma\/wp-content\/uploads\/sites\/10\/2024\/03\/GIORNATA-FORESTE-Confagricoltura-incontra-Fedele-Comandante-dei-Carabinieri-Forestali-1.jpeg\",\"articleSection\":[\"News\",\"Territorio e Ambiente\"],\"inLanguage\":\"it-IT\"},{\"@type\":\"WebPage\",\"@id\":\"https:\/\/www.confagricoltura.org\/parma\/incontro-con-il-colonnello-fedele-comandante-dei-forestali-di-parma-e-piacenza\/\",\"url\":\"https:\/\/www.confagricoltura.org\/parma\/incontro-con-il-colonnello-fedele-comandante-dei-forestali-di-parma-e-piacenza\/\",\"name\":\"Incontro con il Colonnello Fedele, Comandante dei Forestali di Parma e Piacenza - Confagricoltura Parma\",\"isPartOf\":{\"@id\":\"https:\/\/www.confagricoltura.org\/parma\/#website\"},\"primaryImageOfPage\":{\"@id\":\"https:\/\/www.confagricoltura.org\/parma\/incontro-con-il-colonnello-fedele-comandante-dei-forestali-di-parma-e-piacenza\/#primaryimage\"},\"image\":{\"@id\":\"https:\/\/www.confagricoltura.org\/parma\/incontro-con-il-colonnello-fedele-comandante-dei-forestali-di-parma-e-piacenza\/#primaryimage\"},\"thumbnailUrl\":\"https:\/\/www.confagricoltura.org\/parma\/wp-content\/uploads\/sites\/10\/2024\/03\/GIORNATA-FORESTE-Confagricoltura-incontra-Fedele-Comandante-dei-Carabinieri-Forestali-1.jpeg\",\"datePublished\":\"2024-03-23T10:15:42+00:00\",\"dateModified\":\"2024-03-28T20:42:24+00:00\",\"author\":{\"@id\":\"https:\/\/www.confagricoltura.org\/parma\/#\/schema\/person\/3cd4548d78b676877beb0651a1b885a7\"},\"breadcrumb\":{\"@id\":\"https:\/\/www.confagricoltura.org\/parma\/incontro-con-il-colonnello-fedele-comandante-dei-forestali-di-parma-e-piacenza\/#breadcrumb\"},\"inLanguage\":\"it-IT\",\"potentialAction\":[{\"@type\":\"ReadAction\",\"target\":[\"https:\/\/www.confagricoltura.org\/parma\/incontro-con-il-colonnello-fedele-comandante-dei-forestali-di-parma-e-piacenza\/\"]}]},{\"@type\":\"ImageObject\",\"inLanguage\":\"it-IT\",\"@id\":\"https:\/\/www.confagricoltura.org\/parma\/incontro-con-il-colonnello-fedele-comandante-dei-forestali-di-parma-e-piacenza\/#primaryimage\",\"url\":\"https:\/\/www.confagricoltura.org\/parma\/wp-content\/uploads\/sites\/10\/2024\/03\/GIORNATA-FORESTE-Confagricoltura-incontra-Fedele-Comandante-dei-Carabinieri-Forestali-1.jpeg\",\"contentUrl\":\"https:\/\/www.confagricoltura.org\/parma\/wp-content\/uploads\/sites\/10\/2024\/03\/GIORNATA-FORESTE-Confagricoltura-incontra-Fedele-Comandante-dei-Carabinieri-Forestali-1.jpeg\",\"width\":1532,\"height\":962,\"caption\":\"Da sinistra Zedda, Gelfi, Fedele e Cervellati.\"},{\"@type\":\"BreadcrumbList\",\"@id\":\"https:\/\/www.confagricoltura.org\/parma\/incontro-con-il-colonnello-fedele-comandante-dei-forestali-di-parma-e-piacenza\/#breadcrumb\",\"itemListElement\":[{\"@type\":\"ListItem\",\"position\":1,\"name\":\"Home\",\"item\":\"https:\/\/www.confagricoltura.org\/parma\/\"},{\"@type\":\"ListItem\",\"position\":2,\"name\":\"Incontro con il Colonnello Fedele, Comandante dei Forestali di Parma e Piacenza\"}]},{\"@type\":\"WebSite\",\"@id\":\"https:\/\/www.confagricoltura.org\/parma\/#website\",\"url\":\"https:\/\/www.confagricoltura.org\/parma\/\",\"name\":\"Confagricoltura Parma\",\"description\":\"Dalla parte degli Agricoltori\",\"potentialAction\":[{\"@type\":\"SearchAction\",\"target\":{\"@type\":\"EntryPoint\",\"urlTemplate\":\"https:\/\/www.confagricoltura.org\/parma\/?s={search_term_string}\"},\"query-input\":{\"@type\":\"PropertyValueSpecification\",\"valueRequired\":true,\"valueName\":\"search_term_string\"}}],\"inLanguage\":\"it-IT\"},{\"@type\":\"Person\",\"@id\":\"https:\/\/www.confagricoltura.org\/parma\/#\/schema\/person\/3cd4548d78b676877beb0651a1b885a7\",\"name\":\"confagricolturaparma\",\"image\":{\"@type\":\"ImageObject\",\"inLanguage\":\"it-IT\",\"@id\":\"https:\/\/www.confagricoltura.org\/parma\/#\/schema\/person\/image\/\",\"url\":\"https:\/\/secure.gravatar.com\/avatar\/b5b08888682650e8feabb958d1a675c2?s=96&d=mm&r=g\",\"contentUrl\":\"https:\/\/secure.gravatar.com\/avatar\/b5b08888682650e8feabb958d1a675c2?s=96&d=mm&r=g\",\"caption\":\"confagricolturaparma\"},\"url\":\"https:\/\/www.confagricoltura.org\/parma\/author\/confagricolturaparma\/\"}]}<\/script>\n<!-- \/ Yoast SEO plugin. -->","yoast_head_json":{"title":"Incontro con il Colonnello Fedele, Comandante dei Forestali di Parma e Piacenza - Confagricoltura Parma","robots":{"index":"index","follow":"follow","max-snippet":"max-snippet:-1","max-image-preview":"max-image-preview:large","max-video-preview":"max-video-preview:-1"},"canonical":"https:\/\/www.confagricoltura.org\/parma\/incontro-con-il-colonnello-fedele-comandante-dei-forestali-di-parma-e-piacenza\/","og_locale":"it_IT","og_type":"article","og_title":"Incontro con il Colonnello Fedele, Comandante dei Forestali di Parma e Piacenza - Confagricoltura Parma","og_description":"Affrontati diversi temi: gestione del patrimonio boschivo e della fauna selvatica.","og_url":"https:\/\/www.confagricoltura.org\/parma\/incontro-con-il-colonnello-fedele-comandante-dei-forestali-di-parma-e-piacenza\/","og_site_name":"Confagricoltura Parma","article_published_time":"2024-03-23T10:15:42+00:00","article_modified_time":"2024-03-28T20:42:24+00:00","og_image":[{"width":1532,"height":962,"url":"https:\/\/www.confagricoltura.org\/parma\/wp-content\/uploads\/sites\/10\/2024\/03\/GIORNATA-FORESTE-Confagricoltura-incontra-Fedele-Comandante-dei-Carabinieri-Forestali-1.jpeg","type":"image\/jpeg"}],"author":"confagricolturaparma","twitter_card":"summary_large_image","twitter_misc":{"Scritto da":"confagricolturaparma","Tempo di lettura stimato":"4 minuti"},"schema":{"@context":"https:\/\/schema.org","@graph":[{"@type":"Article","@id":"https:\/\/www.confagricoltura.org\/parma\/incontro-con-il-colonnello-fedele-comandante-dei-forestali-di-parma-e-piacenza\/#article","isPartOf":{"@id":"https:\/\/www.confagricoltura.org\/parma\/incontro-con-il-colonnello-fedele-comandante-dei-forestali-di-parma-e-piacenza\/"},"author":{"name":"confagricolturaparma","@id":"https:\/\/www.confagricoltura.org\/parma\/#\/schema\/person\/3cd4548d78b676877beb0651a1b885a7"},"headline":"Incontro con il Colonnello Fedele, Comandante dei Forestali di Parma e Piacenza","datePublished":"2024-03-23T10:15:42+00:00","dateModified":"2024-03-28T20:42:24+00:00","mainEntityOfPage":{"@id":"https:\/\/www.confagricoltura.org\/parma\/incontro-con-il-colonnello-fedele-comandante-dei-forestali-di-parma-e-piacenza\/"},"wordCount":663,"image":{"@id":"https:\/\/www.confagricoltura.org\/parma\/incontro-con-il-colonnello-fedele-comandante-dei-forestali-di-parma-e-piacenza\/#primaryimage"},"thumbnailUrl":"https:\/\/www.confagricoltura.org\/parma\/wp-content\/uploads\/sites\/10\/2024\/03\/GIORNATA-FORESTE-Confagricoltura-incontra-Fedele-Comandante-dei-Carabinieri-Forestali-1.jpeg","articleSection":["News","Territorio e Ambiente"],"inLanguage":"it-IT"},{"@type":"WebPage","@id":"https:\/\/www.confagricoltura.org\/parma\/incontro-con-il-colonnello-fedele-comandante-dei-forestali-di-parma-e-piacenza\/","url":"https:\/\/www.confagricoltura.org\/parma\/incontro-con-il-colonnello-fedele-comandante-dei-forestali-di-parma-e-piacenza\/","name":"Incontro con il Colonnello Fedele, Comandante dei Forestali di Parma e Piacenza - Confagricoltura Parma","isPartOf":{"@id":"https:\/\/www.confagricoltura.org\/parma\/#website"},"primaryImageOfPage":{"@id":"https:\/\/www.confagricoltura.org\/parma\/incontro-con-il-colonnello-fedele-comandante-dei-forestali-di-parma-e-piacenza\/#primaryimage"},"image":{"@id":"https:\/\/www.confagricoltura.org\/parma\/incontro-con-il-colonnello-fedele-comandante-dei-forestali-di-parma-e-piacenza\/#primaryimage"},"thumbnailUrl":"https:\/\/www.confagricoltura.org\/parma\/wp-content\/uploads\/sites\/10\/2024\/03\/GIORNATA-FORESTE-Confagricoltura-incontra-Fedele-Comandante-dei-Carabinieri-Forestali-1.jpeg","datePublished":"2024-03-23T10:15:42+00:00","dateModified":"2024-03-28T20:42:24+00:00","author":{"@id":"https:\/\/www.confagricoltura.org\/parma\/#\/schema\/person\/3cd4548d78b676877beb0651a1b885a7"},"breadcrumb":{"@id":"https:\/\/www.confagricoltura.org\/parma\/incontro-con-il-colonnello-fedele-comandante-dei-forestali-di-parma-e-piacenza\/#breadcrumb"},"inLanguage":"it-IT","potentialAction":[{"@type":"ReadAction","target":["https:\/\/www.confagricoltura.org\/parma\/incontro-con-il-colonnello-fedele-comandante-dei-forestali-di-parma-e-piacenza\/"]}]},{"@type":"ImageObject","inLanguage":"it-IT","@id":"https:\/\/www.confagricoltura.org\/parma\/incontro-con-il-colonnello-fedele-comandante-dei-forestali-di-parma-e-piacenza\/#primaryimage","url":"https:\/\/www.confagricoltura.org\/parma\/wp-content\/uploads\/sites\/10\/2024\/03\/GIORNATA-FORESTE-Confagricoltura-incontra-Fedele-Comandante-dei-Carabinieri-Forestali-1.jpeg","contentUrl":"https:\/\/www.confagricoltura.org\/parma\/wp-content\/uploads\/sites\/10\/2024\/03\/GIORNATA-FORESTE-Confagricoltura-incontra-Fedele-Comandante-dei-Carabinieri-Forestali-1.jpeg","width":1532,"height":962,"caption":"Da sinistra Zedda, Gelfi, Fedele e Cervellati."},{"@type":"BreadcrumbList","@id":"https:\/\/www.confagricoltura.org\/parma\/incontro-con-il-colonnello-fedele-comandante-dei-forestali-di-parma-e-piacenza\/#breadcrumb","itemListElement":[{"@type":"ListItem","position":1,"name":"Home","item":"https:\/\/www.confagricoltura.org\/parma\/"},{"@type":"ListItem","position":2,"name":"Incontro con il Colonnello Fedele, Comandante dei Forestali di Parma e Piacenza"}]},{"@type":"WebSite","@id":"https:\/\/www.confagricoltura.org\/parma\/#website","url":"https:\/\/www.confagricoltura.org\/parma\/","name":"Confagricoltura Parma","description":"Dalla parte degli Agricoltori","potentialAction":[{"@type":"SearchAction","target":{"@type":"EntryPoint","urlTemplate":"https:\/\/www.confagricoltura.org\/parma\/?s={search_term_string}"},"query-input":{"@type":"PropertyValueSpecification","valueRequired":true,"valueName":"search_term_string"}}],"inLanguage":"it-IT"},{"@type":"Person","@id":"https:\/\/www.confagricoltura.org\/parma\/#\/schema\/person\/3cd4548d78b676877beb0651a1b885a7","name":"confagricolturaparma","image":{"@type":"ImageObject","inLanguage":"it-IT","@id":"https:\/\/www.confagricoltura.org\/parma\/#\/schema\/person\/image\/","url":"https:\/\/secure.gravatar.com\/avatar\/b5b08888682650e8feabb958d1a675c2?s=96&d=mm&r=g","contentUrl":"https:\/\/secure.gravatar.com\/avatar\/b5b08888682650e8feabb958d1a675c2?s=96&d=mm&r=g","caption":"confagricolturaparma"},"url":"https:\/\/www.confagricoltura.org\/parma\/author\/confagricolturaparma\/"}]}},"_links":{"self":[{"href":"https:\/\/www.confagricoltura.org\/parma\/wp-json\/wp\/v2\/posts\/3049","targetHints":{"allow":["GET"]}}],"collection":[{"href":"https:\/\/www.confagricoltura.org\/parma\/wp-json\/wp\/v2\/posts"}],"about":[{"href":"https:\/\/www.confagricoltura.org\/parma\/wp-json\/wp\/v2\/types\/post"}],"author":[{"embeddable":true,"href":"https:\/\/www.confagricoltura.org\/parma\/wp-json\/wp\/v2\/users\/5"}],"replies":[{"embeddable":true,"href":"https:\/\/www.confagricoltura.org\/parma\/wp-json\/wp\/v2\/comments?post=3049"}],"version-history":[{"count":3,"href":"https:\/\/www.confagricoltura.org\/parma\/wp-json\/wp\/v2\/posts\/3049\/revisions"}],"predecessor-version":[{"id":3072,"href":"https:\/\/www.confagricoltura.org\/parma\/wp-json\/wp\/v2\/posts\/3049\/revisions\/3072"}],"wp:featuredmedia":[{"embeddable":true,"href":"https:\/\/www.confagricoltura.org\/parma\/wp-json\/wp\/v2\/media\/3052"}],"wp:attachment":[{"href":"https:\/\/www.confagricoltura.org\/parma\/wp-json\/wp\/v2\/media?parent=3049"}],"wp:term":[{"taxonomy":"category","embeddable":true,"href":"https:\/\/www.confagricoltura.org\/parma\/wp-json\/wp\/v2\/categories?post=3049"},{"taxonomy":"post_tag","embeddable":true,"href":"https:\/\/www.confagricoltura.org\/parma\/wp-json\/wp\/v2\/tags?post=3049"}],"curies":[{"name":"wp","href":"https:\/\/api.w.org\/{rel}","templated":true}]}}