{"id":3036,"date":"2024-03-17T18:47:05","date_gmt":"2024-03-17T17:47:05","guid":{"rendered":"https:\/\/www.confagricoltura.org\/parma\/?p=3036"},"modified":"2024-03-17T18:47:46","modified_gmt":"2024-03-17T17:47:46","slug":"colorno-agricola-2024-e-stata-un-successo","status":"publish","type":"post","link":"https:\/\/www.confagricoltura.org\/parma\/colorno-agricola-2024-e-stata-un-successo\/","title":{"rendered":"Colorno Agricola 2024 \u00e8 stata un successo"},"content":{"rendered":"<div><\/div>\n<div>\n<p class=\"CorpoA\">\u00c8 stata un grande successo la seconda edizione di <b>\u201cColorno Agricola\u201d<\/b>, la festa dell\u2019agricoltura dei giovani imprenditori agricoli organizzata da <b>Anga-Confagricoltura Parma<\/b> in collaborazione con un affiatato gruppo di giovani agricoltori del territorio colornese e con il patrocinio del <b>Comune di Colorno<\/b>.<\/p>\n<p><img loading=\"lazy\" decoding=\"async\" class=\"alignnone size-medium wp-image-3038\" src=\"https:\/\/www.confagricoltura.org\/parma\/wp-content\/uploads\/sites\/10\/2024\/03\/COLORNO-AGRICOLA-2024-002-1-980x735.jpg\" alt=\"\" width=\"980\" height=\"735\" srcset=\"https:\/\/www.confagricoltura.org\/parma\/wp-content\/uploads\/sites\/10\/2024\/03\/COLORNO-AGRICOLA-2024-002-1-980x735.jpg 980w, https:\/\/www.confagricoltura.org\/parma\/wp-content\/uploads\/sites\/10\/2024\/03\/COLORNO-AGRICOLA-2024-002-1-768x576.jpg 768w, https:\/\/www.confagricoltura.org\/parma\/wp-content\/uploads\/sites\/10\/2024\/03\/COLORNO-AGRICOLA-2024-002-1-1536x1152.jpg 1536w, https:\/\/www.confagricoltura.org\/parma\/wp-content\/uploads\/sites\/10\/2024\/03\/COLORNO-AGRICOLA-2024-002-1-2048x1536.jpg 2048w, https:\/\/www.confagricoltura.org\/parma\/wp-content\/uploads\/sites\/10\/2024\/03\/COLORNO-AGRICOLA-2024-002-1-100x75.jpg 100w\" sizes=\"auto, (max-width: 980px) 100vw, 980px\" \/><\/p>\n<\/div>\n<div>\n<p class=\"CorpoA\"><span style=\"font-size: 14.4px\">Sin dal primo mattino decine di trattori \u2013 in arrivo anche dalle province di Reggio, Modena e Cremona &#8211; hanno raggiunto Colorno e si sono collocati in piazza Garibaldi e nelle vie del centro a fianco degli esemplari storici, risalenti anche agli anni \u201950.<\/span><\/p>\n<\/div>\n<div>\n<p class=\"CorpoA\"><span style=\"font-size: 14.4px\">Ad accogliere i visitatori le bancarelle dei produttori dell\u2019Antico Mercato Contadino e l\u2019inizio della dimostrazione della cottura del <\/span><b style=\"font-size: 14.4px\">Parmigiano Reggiano<\/b><span style=\"font-size: 14.4px\"> in collaborazione con il caseificio San Salvatore.<\/span><\/p>\n<\/div>\n<div>\n<p><img loading=\"lazy\" decoding=\"async\" class=\"alignnone size-medium wp-image-3039\" src=\"https:\/\/www.confagricoltura.org\/parma\/wp-content\/uploads\/sites\/10\/2024\/03\/COLORNO-AGRICOLA-2024-003-980x735.jpg\" alt=\"\" width=\"980\" height=\"735\" srcset=\"https:\/\/www.confagricoltura.org\/parma\/wp-content\/uploads\/sites\/10\/2024\/03\/COLORNO-AGRICOLA-2024-003-980x735.jpg 980w, https:\/\/www.confagricoltura.org\/parma\/wp-content\/uploads\/sites\/10\/2024\/03\/COLORNO-AGRICOLA-2024-003-768x576.jpg 768w, https:\/\/www.confagricoltura.org\/parma\/wp-content\/uploads\/sites\/10\/2024\/03\/COLORNO-AGRICOLA-2024-003-1536x1152.jpg 1536w, https:\/\/www.confagricoltura.org\/parma\/wp-content\/uploads\/sites\/10\/2024\/03\/COLORNO-AGRICOLA-2024-003-2048x1536.jpg 2048w, https:\/\/www.confagricoltura.org\/parma\/wp-content\/uploads\/sites\/10\/2024\/03\/COLORNO-AGRICOLA-2024-003-100x75.jpg 100w\" sizes=\"auto, (max-width: 980px) 100vw, 980px\" \/><\/p>\n<p class=\"CorpoA\"><span style=\"font-size: 14.4px\">Nel corso della giornata sono stati proposti anche i laboratori di legatura del culatello in collaborazione con il Salumificio Ducale e i laboratori di panificazione e di realizzazione dei tortelli in collaborazione con il panificio Fratelli Borlenghi e con la Confraternita del Tort\u00e9l D\u00f3ls,<\/span><\/p>\n<\/div>\n<div>\n<p class=\"CorpoA\"><span style=\"font-size: 14.4px\">Molto apprezzate, soprattutto dai pi\u00f9 piccoli, la gara dei trattori a pedali con mini slitta e i giri in carrozza trainata dai cavalli nel parco ducale della Reggia di Colorno.<\/span><\/p>\n<\/div>\n<div>\n<p class=\"CorpoA\"><span style=\"font-size: 14.4px\">Il gran finale, nel tardo pomeriggio, con la sfilata e la benedizione dei mezzi agricoli da parte del parroco di Colorno <\/span><b style=\"font-size: 14.4px\">don Marcello Benedini<\/b><span style=\"font-size: 14.4px\">.<\/span><\/p>\n<\/div>\n<div>\n<p><img loading=\"lazy\" decoding=\"async\" class=\"alignnone size-medium wp-image-3040\" src=\"https:\/\/www.confagricoltura.org\/parma\/wp-content\/uploads\/sites\/10\/2024\/03\/COLORNO-AGRICOLA-2024-006-980x735.jpg\" alt=\"\" width=\"980\" height=\"735\" srcset=\"https:\/\/www.confagricoltura.org\/parma\/wp-content\/uploads\/sites\/10\/2024\/03\/COLORNO-AGRICOLA-2024-006-980x735.jpg 980w, https:\/\/www.confagricoltura.org\/parma\/wp-content\/uploads\/sites\/10\/2024\/03\/COLORNO-AGRICOLA-2024-006-768x576.jpg 768w, https:\/\/www.confagricoltura.org\/parma\/wp-content\/uploads\/sites\/10\/2024\/03\/COLORNO-AGRICOLA-2024-006-1536x1152.jpg 1536w, https:\/\/www.confagricoltura.org\/parma\/wp-content\/uploads\/sites\/10\/2024\/03\/COLORNO-AGRICOLA-2024-006-2048x1536.jpg 2048w, https:\/\/www.confagricoltura.org\/parma\/wp-content\/uploads\/sites\/10\/2024\/03\/COLORNO-AGRICOLA-2024-006-100x75.jpg 100w\" sizes=\"auto, (max-width: 980px) 100vw, 980px\" \/><\/p>\n<p class=\"CorpoA\"><span style=\"font-size: 14.4px\">\u201c\u00c8 stata una festa bellissima &#8211; commenta <\/span><b style=\"font-size: 14.4px\">Maria Giulia Corazza<\/b><span style=\"font-size: 14.4px\">, vicepresidente Anga Parma -. Rispetto allo scorso anno \u00e8 cresciuta l\u2019offerta di iniziative ed \u00e8 aumentato il numero dei visitatori. Un modo stupendo per celebrare le eccellenze del nostro territorio. Siamo orgogliosi di quello che siamo riusciti a fare. Feste come questa sono un momento di aggregazione e di confronto tra giovani imprenditori del settore primario\u201d.<\/span><\/p>\n<\/div>\n<div>\n<p class=\"CorpoA\"><span style=\"font-size: 14.4px\">\u201cColorno Agricola ha un grande valore &#8211; aggiunge <\/span><b style=\"font-size: 14.4px\">Roberto Gelfi<\/b><span style=\"font-size: 14.4px\">, presidente di Confagricoltura Parma -. \u00c8 la dimostrazione che il settore agricolo \u00e8 ancora molto radicato nel territorio ed il coinvolgimento dei giovani \u00e8 un valore aggiunto. Sono stati soprattutto loro, negli ultimi mesi, a dimostrare l\u2019attaccamento al settore, anche partecipando a proteste. Questo \u00e8 un ulteriore stimolo a cercare per l\u2019agricoltura le condizioni affinch\u00e9 questo settore possa continuare ad essere vivo per il benessere del nostro Paese\u201d.<\/span><\/p>\n<\/div>\n<div>\n<p><img loading=\"lazy\" decoding=\"async\" class=\"alignnone size-medium wp-image-3041\" src=\"https:\/\/www.confagricoltura.org\/parma\/wp-content\/uploads\/sites\/10\/2024\/03\/COLORNO-AGRICOLA-2024-010-980x735.jpg\" alt=\"\" width=\"980\" height=\"735\" srcset=\"https:\/\/www.confagricoltura.org\/parma\/wp-content\/uploads\/sites\/10\/2024\/03\/COLORNO-AGRICOLA-2024-010-980x735.jpg 980w, https:\/\/www.confagricoltura.org\/parma\/wp-content\/uploads\/sites\/10\/2024\/03\/COLORNO-AGRICOLA-2024-010-768x576.jpg 768w, https:\/\/www.confagricoltura.org\/parma\/wp-content\/uploads\/sites\/10\/2024\/03\/COLORNO-AGRICOLA-2024-010-1536x1152.jpg 1536w, https:\/\/www.confagricoltura.org\/parma\/wp-content\/uploads\/sites\/10\/2024\/03\/COLORNO-AGRICOLA-2024-010-2048x1536.jpg 2048w, https:\/\/www.confagricoltura.org\/parma\/wp-content\/uploads\/sites\/10\/2024\/03\/COLORNO-AGRICOLA-2024-010-100x75.jpg 100w\" sizes=\"auto, (max-width: 980px) 100vw, 980px\" \/><\/p>\n<p class=\"CorpoA\"><span style=\"font-size: 14.4px\">Presente anche il vicepresidente del Consorzio del Parmigiano <\/span><b style=\"font-size: 14.4px\">Guglielmo Garagnani<\/b><span style=\"font-size: 14.4px\"> che ha fatto il punto sullo stato di salute del re dei formaggi: \u201cUn momento positivo. Il mercato sta dando ragione al Parmigiano, dopo un 2023 complesso per i caseifici. I mercati nazionali ed internazionali hanno assorbito la grande produzione dei due anni precedenti ed oggi i prezzi del Parmigiano sono interessanti. Finalmente il formaggio sta raggiungendo prezzi di soddisfazione per i caseifici e per gli allevatori\u201d.<\/span><\/p>\n<\/div>\n<div>\n<p class=\"CorpoA\"><span style=\"font-size: 14.4px\">Infine il sindaco di Colorno <\/span><b style=\"font-size: 14.4px\">Christian Stocchi<\/b><span style=\"font-size: 14.4px\">: \u201cUna bella giornata di sole ha premiato Colorno Agricola, una manifestazione che ha avuto un grande successo con tante iniziative per i bambini, dimostrazioni di produzione di prodotti tipici e la presenza dei trattori che sono sempre affascinanti per tutti. Crediamo che Colorno Agricola possa continuare e crescere nel tempo perch\u00e9 \u00e8 un appuntamento di grande interesse e di grande attrattivit\u00e0\u201d.<\/span><\/p>\n<\/div>\n<div>\n<p class=\"CorpoA\">\n<\/div>\n<div><\/div>\n<div>\n<p class=\"CorpoA\">\n<\/div>\n<div>\n<p class=\"CorpoA\">\n<\/div>\n<div>\n<p class=\"CorpoA\" align=\"center\">\n<\/div>\n","protected":false},"excerpt":{"rendered":"<p>Festa dei giovani agricoltori di Anga Parma. <\/p>\n","protected":false},"author":5,"featured_media":3037,"comment_status":"closed","ping_status":"closed","sticky":false,"template":"","format":"standard","meta":{"wp_mapbox_gl_js_media":[],"footnotes":""},"categories":[4,1],"tags":[],"class_list":["post-3036","post","type-post","status-publish","format-standard","has-post-thumbnail","hentry","category-news","category-uncategorized"],"yoast_head":"<!-- This site is optimized with the Yoast SEO plugin v26.8 - https:\/\/yoast.com\/product\/yoast-seo-wordpress\/ -->\n<title>Colorno Agricola 2024 \u00e8 stata un successo - Confagricoltura Parma<\/title>\n<meta name=\"robots\" content=\"index, follow, max-snippet:-1, max-image-preview:large, max-video-preview:-1\" \/>\n<link rel=\"canonical\" href=\"https:\/\/www.confagricoltura.org\/parma\/colorno-agricola-2024-e-stata-un-successo\/\" \/>\n<meta property=\"og:locale\" content=\"it_IT\" \/>\n<meta property=\"og:type\" content=\"article\" \/>\n<meta property=\"og:title\" content=\"Colorno Agricola 2024 \u00e8 stata un successo - Confagricoltura Parma\" \/>\n<meta property=\"og:description\" content=\"Festa dei giovani agricoltori di Anga Parma.\" \/>\n<meta property=\"og:url\" content=\"https:\/\/www.confagricoltura.org\/parma\/colorno-agricola-2024-e-stata-un-successo\/\" \/>\n<meta property=\"og:site_name\" content=\"Confagricoltura Parma\" \/>\n<meta property=\"article:published_time\" content=\"2024-03-17T17:47:05+00:00\" \/>\n<meta property=\"article:modified_time\" content=\"2024-03-17T17:47:46+00:00\" \/>\n<meta property=\"og:image\" content=\"https:\/\/www.confagricoltura.org\/parma\/wp-content\/uploads\/sites\/10\/2024\/03\/COLORNO-AGRICOLA-2024-002-scaled.jpg\" \/>\n\t<meta property=\"og:image:width\" content=\"2560\" \/>\n\t<meta property=\"og:image:height\" content=\"1920\" \/>\n\t<meta property=\"og:image:type\" content=\"image\/jpeg\" \/>\n<meta name=\"author\" content=\"confagricolturaparma\" \/>\n<meta name=\"twitter:card\" content=\"summary_large_image\" \/>\n<meta name=\"twitter:label1\" content=\"Scritto da\" \/>\n\t<meta name=\"twitter:data1\" content=\"confagricolturaparma\" \/>\n\t<meta name=\"twitter:label2\" content=\"Tempo di lettura stimato\" \/>\n\t<meta name=\"twitter:data2\" content=\"4 minuti\" \/>\n<script type=\"application\/ld+json\" class=\"yoast-schema-graph\">{\"@context\":\"https:\/\/schema.org\",\"@graph\":[{\"@type\":\"Article\",\"@id\":\"https:\/\/www.confagricoltura.org\/parma\/colorno-agricola-2024-e-stata-un-successo\/#article\",\"isPartOf\":{\"@id\":\"https:\/\/www.confagricoltura.org\/parma\/colorno-agricola-2024-e-stata-un-successo\/\"},\"author\":{\"name\":\"confagricolturaparma\",\"@id\":\"https:\/\/www.confagricoltura.org\/parma\/#\/schema\/person\/3cd4548d78b676877beb0651a1b885a7\"},\"headline\":\"Colorno Agricola 2024 \u00e8 stata un successo\",\"datePublished\":\"2024-03-17T17:47:05+00:00\",\"dateModified\":\"2024-03-17T17:47:46+00:00\",\"mainEntityOfPage\":{\"@id\":\"https:\/\/www.confagricoltura.org\/parma\/colorno-agricola-2024-e-stata-un-successo\/\"},\"wordCount\":501,\"image\":{\"@id\":\"https:\/\/www.confagricoltura.org\/parma\/colorno-agricola-2024-e-stata-un-successo\/#primaryimage\"},\"thumbnailUrl\":\"https:\/\/www.confagricoltura.org\/parma\/wp-content\/uploads\/sites\/10\/2024\/03\/COLORNO-AGRICOLA-2024-002-scaled.jpg\",\"articleSection\":[\"News\",\"Uncategorized\"],\"inLanguage\":\"it-IT\"},{\"@type\":\"WebPage\",\"@id\":\"https:\/\/www.confagricoltura.org\/parma\/colorno-agricola-2024-e-stata-un-successo\/\",\"url\":\"https:\/\/www.confagricoltura.org\/parma\/colorno-agricola-2024-e-stata-un-successo\/\",\"name\":\"Colorno Agricola 2024 \u00e8 stata un successo - Confagricoltura Parma\",\"isPartOf\":{\"@id\":\"https:\/\/www.confagricoltura.org\/parma\/#website\"},\"primaryImageOfPage\":{\"@id\":\"https:\/\/www.confagricoltura.org\/parma\/colorno-agricola-2024-e-stata-un-successo\/#primaryimage\"},\"image\":{\"@id\":\"https:\/\/www.confagricoltura.org\/parma\/colorno-agricola-2024-e-stata-un-successo\/#primaryimage\"},\"thumbnailUrl\":\"https:\/\/www.confagricoltura.org\/parma\/wp-content\/uploads\/sites\/10\/2024\/03\/COLORNO-AGRICOLA-2024-002-scaled.jpg\",\"datePublished\":\"2024-03-17T17:47:05+00:00\",\"dateModified\":\"2024-03-17T17:47:46+00:00\",\"author\":{\"@id\":\"https:\/\/www.confagricoltura.org\/parma\/#\/schema\/person\/3cd4548d78b676877beb0651a1b885a7\"},\"breadcrumb\":{\"@id\":\"https:\/\/www.confagricoltura.org\/parma\/colorno-agricola-2024-e-stata-un-successo\/#breadcrumb\"},\"inLanguage\":\"it-IT\",\"potentialAction\":[{\"@type\":\"ReadAction\",\"target\":[\"https:\/\/www.confagricoltura.org\/parma\/colorno-agricola-2024-e-stata-un-successo\/\"]}]},{\"@type\":\"ImageObject\",\"inLanguage\":\"it-IT\",\"@id\":\"https:\/\/www.confagricoltura.org\/parma\/colorno-agricola-2024-e-stata-un-successo\/#primaryimage\",\"url\":\"https:\/\/www.confagricoltura.org\/parma\/wp-content\/uploads\/sites\/10\/2024\/03\/COLORNO-AGRICOLA-2024-002-scaled.jpg\",\"contentUrl\":\"https:\/\/www.confagricoltura.org\/parma\/wp-content\/uploads\/sites\/10\/2024\/03\/COLORNO-AGRICOLA-2024-002-scaled.jpg\",\"width\":2560,\"height\":1920},{\"@type\":\"BreadcrumbList\",\"@id\":\"https:\/\/www.confagricoltura.org\/parma\/colorno-agricola-2024-e-stata-un-successo\/#breadcrumb\",\"itemListElement\":[{\"@type\":\"ListItem\",\"position\":1,\"name\":\"Home\",\"item\":\"https:\/\/www.confagricoltura.org\/parma\/\"},{\"@type\":\"ListItem\",\"position\":2,\"name\":\"Colorno Agricola 2024 \u00e8 stata un successo\"}]},{\"@type\":\"WebSite\",\"@id\":\"https:\/\/www.confagricoltura.org\/parma\/#website\",\"url\":\"https:\/\/www.confagricoltura.org\/parma\/\",\"name\":\"Confagricoltura Parma\",\"description\":\"Dalla parte degli Agricoltori\",\"potentialAction\":[{\"@type\":\"SearchAction\",\"target\":{\"@type\":\"EntryPoint\",\"urlTemplate\":\"https:\/\/www.confagricoltura.org\/parma\/?s={search_term_string}\"},\"query-input\":{\"@type\":\"PropertyValueSpecification\",\"valueRequired\":true,\"valueName\":\"search_term_string\"}}],\"inLanguage\":\"it-IT\"},{\"@type\":\"Person\",\"@id\":\"https:\/\/www.confagricoltura.org\/parma\/#\/schema\/person\/3cd4548d78b676877beb0651a1b885a7\",\"name\":\"confagricolturaparma\",\"image\":{\"@type\":\"ImageObject\",\"inLanguage\":\"it-IT\",\"@id\":\"https:\/\/www.confagricoltura.org\/parma\/#\/schema\/person\/image\/\",\"url\":\"https:\/\/secure.gravatar.com\/avatar\/b5b08888682650e8feabb958d1a675c2?s=96&d=mm&r=g\",\"contentUrl\":\"https:\/\/secure.gravatar.com\/avatar\/b5b08888682650e8feabb958d1a675c2?s=96&d=mm&r=g\",\"caption\":\"confagricolturaparma\"},\"url\":\"https:\/\/www.confagricoltura.org\/parma\/author\/confagricolturaparma\/\"}]}<\/script>\n<!-- \/ Yoast SEO plugin. -->","yoast_head_json":{"title":"Colorno Agricola 2024 \u00e8 stata un successo - Confagricoltura Parma","robots":{"index":"index","follow":"follow","max-snippet":"max-snippet:-1","max-image-preview":"max-image-preview:large","max-video-preview":"max-video-preview:-1"},"canonical":"https:\/\/www.confagricoltura.org\/parma\/colorno-agricola-2024-e-stata-un-successo\/","og_locale":"it_IT","og_type":"article","og_title":"Colorno Agricola 2024 \u00e8 stata un successo - Confagricoltura Parma","og_description":"Festa dei giovani agricoltori di Anga Parma.","og_url":"https:\/\/www.confagricoltura.org\/parma\/colorno-agricola-2024-e-stata-un-successo\/","og_site_name":"Confagricoltura Parma","article_published_time":"2024-03-17T17:47:05+00:00","article_modified_time":"2024-03-17T17:47:46+00:00","og_image":[{"width":2560,"height":1920,"url":"https:\/\/www.confagricoltura.org\/parma\/wp-content\/uploads\/sites\/10\/2024\/03\/COLORNO-AGRICOLA-2024-002-scaled.jpg","type":"image\/jpeg"}],"author":"confagricolturaparma","twitter_card":"summary_large_image","twitter_misc":{"Scritto da":"confagricolturaparma","Tempo di lettura stimato":"4 minuti"},"schema":{"@context":"https:\/\/schema.org","@graph":[{"@type":"Article","@id":"https:\/\/www.confagricoltura.org\/parma\/colorno-agricola-2024-e-stata-un-successo\/#article","isPartOf":{"@id":"https:\/\/www.confagricoltura.org\/parma\/colorno-agricola-2024-e-stata-un-successo\/"},"author":{"name":"confagricolturaparma","@id":"https:\/\/www.confagricoltura.org\/parma\/#\/schema\/person\/3cd4548d78b676877beb0651a1b885a7"},"headline":"Colorno Agricola 2024 \u00e8 stata un successo","datePublished":"2024-03-17T17:47:05+00:00","dateModified":"2024-03-17T17:47:46+00:00","mainEntityOfPage":{"@id":"https:\/\/www.confagricoltura.org\/parma\/colorno-agricola-2024-e-stata-un-successo\/"},"wordCount":501,"image":{"@id":"https:\/\/www.confagricoltura.org\/parma\/colorno-agricola-2024-e-stata-un-successo\/#primaryimage"},"thumbnailUrl":"https:\/\/www.confagricoltura.org\/parma\/wp-content\/uploads\/sites\/10\/2024\/03\/COLORNO-AGRICOLA-2024-002-scaled.jpg","articleSection":["News","Uncategorized"],"inLanguage":"it-IT"},{"@type":"WebPage","@id":"https:\/\/www.confagricoltura.org\/parma\/colorno-agricola-2024-e-stata-un-successo\/","url":"https:\/\/www.confagricoltura.org\/parma\/colorno-agricola-2024-e-stata-un-successo\/","name":"Colorno Agricola 2024 \u00e8 stata un successo - Confagricoltura Parma","isPartOf":{"@id":"https:\/\/www.confagricoltura.org\/parma\/#website"},"primaryImageOfPage":{"@id":"https:\/\/www.confagricoltura.org\/parma\/colorno-agricola-2024-e-stata-un-successo\/#primaryimage"},"image":{"@id":"https:\/\/www.confagricoltura.org\/parma\/colorno-agricola-2024-e-stata-un-successo\/#primaryimage"},"thumbnailUrl":"https:\/\/www.confagricoltura.org\/parma\/wp-content\/uploads\/sites\/10\/2024\/03\/COLORNO-AGRICOLA-2024-002-scaled.jpg","datePublished":"2024-03-17T17:47:05+00:00","dateModified":"2024-03-17T17:47:46+00:00","author":{"@id":"https:\/\/www.confagricoltura.org\/parma\/#\/schema\/person\/3cd4548d78b676877beb0651a1b885a7"},"breadcrumb":{"@id":"https:\/\/www.confagricoltura.org\/parma\/colorno-agricola-2024-e-stata-un-successo\/#breadcrumb"},"inLanguage":"it-IT","potentialAction":[{"@type":"ReadAction","target":["https:\/\/www.confagricoltura.org\/parma\/colorno-agricola-2024-e-stata-un-successo\/"]}]},{"@type":"ImageObject","inLanguage":"it-IT","@id":"https:\/\/www.confagricoltura.org\/parma\/colorno-agricola-2024-e-stata-un-successo\/#primaryimage","url":"https:\/\/www.confagricoltura.org\/parma\/wp-content\/uploads\/sites\/10\/2024\/03\/COLORNO-AGRICOLA-2024-002-scaled.jpg","contentUrl":"https:\/\/www.confagricoltura.org\/parma\/wp-content\/uploads\/sites\/10\/2024\/03\/COLORNO-AGRICOLA-2024-002-scaled.jpg","width":2560,"height":1920},{"@type":"BreadcrumbList","@id":"https:\/\/www.confagricoltura.org\/parma\/colorno-agricola-2024-e-stata-un-successo\/#breadcrumb","itemListElement":[{"@type":"ListItem","position":1,"name":"Home","item":"https:\/\/www.confagricoltura.org\/parma\/"},{"@type":"ListItem","position":2,"name":"Colorno Agricola 2024 \u00e8 stata un successo"}]},{"@type":"WebSite","@id":"https:\/\/www.confagricoltura.org\/parma\/#website","url":"https:\/\/www.confagricoltura.org\/parma\/","name":"Confagricoltura Parma","description":"Dalla parte degli Agricoltori","potentialAction":[{"@type":"SearchAction","target":{"@type":"EntryPoint","urlTemplate":"https:\/\/www.confagricoltura.org\/parma\/?s={search_term_string}"},"query-input":{"@type":"PropertyValueSpecification","valueRequired":true,"valueName":"search_term_string"}}],"inLanguage":"it-IT"},{"@type":"Person","@id":"https:\/\/www.confagricoltura.org\/parma\/#\/schema\/person\/3cd4548d78b676877beb0651a1b885a7","name":"confagricolturaparma","image":{"@type":"ImageObject","inLanguage":"it-IT","@id":"https:\/\/www.confagricoltura.org\/parma\/#\/schema\/person\/image\/","url":"https:\/\/secure.gravatar.com\/avatar\/b5b08888682650e8feabb958d1a675c2?s=96&d=mm&r=g","contentUrl":"https:\/\/secure.gravatar.com\/avatar\/b5b08888682650e8feabb958d1a675c2?s=96&d=mm&r=g","caption":"confagricolturaparma"},"url":"https:\/\/www.confagricoltura.org\/parma\/author\/confagricolturaparma\/"}]}},"_links":{"self":[{"href":"https:\/\/www.confagricoltura.org\/parma\/wp-json\/wp\/v2\/posts\/3036","targetHints":{"allow":["GET"]}}],"collection":[{"href":"https:\/\/www.confagricoltura.org\/parma\/wp-json\/wp\/v2\/posts"}],"about":[{"href":"https:\/\/www.confagricoltura.org\/parma\/wp-json\/wp\/v2\/types\/post"}],"author":[{"embeddable":true,"href":"https:\/\/www.confagricoltura.org\/parma\/wp-json\/wp\/v2\/users\/5"}],"replies":[{"embeddable":true,"href":"https:\/\/www.confagricoltura.org\/parma\/wp-json\/wp\/v2\/comments?post=3036"}],"version-history":[{"count":2,"href":"https:\/\/www.confagricoltura.org\/parma\/wp-json\/wp\/v2\/posts\/3036\/revisions"}],"predecessor-version":[{"id":3043,"href":"https:\/\/www.confagricoltura.org\/parma\/wp-json\/wp\/v2\/posts\/3036\/revisions\/3043"}],"wp:featuredmedia":[{"embeddable":true,"href":"https:\/\/www.confagricoltura.org\/parma\/wp-json\/wp\/v2\/media\/3037"}],"wp:attachment":[{"href":"https:\/\/www.confagricoltura.org\/parma\/wp-json\/wp\/v2\/media?parent=3036"}],"wp:term":[{"taxonomy":"category","embeddable":true,"href":"https:\/\/www.confagricoltura.org\/parma\/wp-json\/wp\/v2\/categories?post=3036"},{"taxonomy":"post_tag","embeddable":true,"href":"https:\/\/www.confagricoltura.org\/parma\/wp-json\/wp\/v2\/tags?post=3036"}],"curies":[{"name":"wp","href":"https:\/\/api.w.org\/{rel}","templated":true}]}}