{"id":2962,"date":"2024-01-25T15:07:01","date_gmt":"2024-01-25T14:07:01","guid":{"rendered":"https:\/\/www.confagricoltura.org\/parma\/?p=2962"},"modified":"2024-01-25T15:09:19","modified_gmt":"2024-01-25T14:09:19","slug":"al-via-le-riunioni-di-zona-confronto-con-gli-associati","status":"publish","type":"post","link":"https:\/\/www.confagricoltura.org\/parma\/al-via-le-riunioni-di-zona-confronto-con-gli-associati\/","title":{"rendered":"Al via le riunioni di zona: confronto con gli associati"},"content":{"rendered":"<p>La speranza di una ripresa del settore lattiero-caseario, l\u2019auspicio di prolungare le buone performance del settore del pomodoro da industria avute nel 2023, facendo comunque i conti con una Finanziaria &#8220;magra&#8221; per il settore agricolo e con una Pac che, nella sua attuazione pratica, si conferma con un\u2019impostazione poco &#8220;sensibile&#8221; ad un\u2019agricoltura di alta qualit\u00e0 come quella italiana.<\/p>\n<figure id=\"attachment_2963\" aria-describedby=\"caption-attachment-2963\" style=\"width: 980px\" class=\"wp-caption alignnone\"><img loading=\"lazy\" decoding=\"async\" class=\"size-medium wp-image-2963\" src=\"https:\/\/www.confagricoltura.org\/parma\/wp-content\/uploads\/sites\/10\/2024\/01\/PAGINA-1-001-INCONTRI-DI-ZONA-Primo-report-002-980x735.jpg\" alt=\"\" width=\"980\" height=\"735\" srcset=\"https:\/\/www.confagricoltura.org\/parma\/wp-content\/uploads\/sites\/10\/2024\/01\/PAGINA-1-001-INCONTRI-DI-ZONA-Primo-report-002-980x735.jpg 980w, https:\/\/www.confagricoltura.org\/parma\/wp-content\/uploads\/sites\/10\/2024\/01\/PAGINA-1-001-INCONTRI-DI-ZONA-Primo-report-002-768x576.jpg 768w, https:\/\/www.confagricoltura.org\/parma\/wp-content\/uploads\/sites\/10\/2024\/01\/PAGINA-1-001-INCONTRI-DI-ZONA-Primo-report-002-1536x1152.jpg 1536w, https:\/\/www.confagricoltura.org\/parma\/wp-content\/uploads\/sites\/10\/2024\/01\/PAGINA-1-001-INCONTRI-DI-ZONA-Primo-report-002-2048x1536.jpg 2048w, https:\/\/www.confagricoltura.org\/parma\/wp-content\/uploads\/sites\/10\/2024\/01\/PAGINA-1-001-INCONTRI-DI-ZONA-Primo-report-002-100x75.jpg 100w\" sizes=\"auto, (max-width: 980px) 100vw, 980px\" \/><figcaption id=\"caption-attachment-2963\" class=\"wp-caption-text\">Da sinistra Stefano Lobardi; Chiara Emanuelli; Carlo Paini; Eugenio Zedda; Roberto Gelfi; Luca Concari; Andrea Corradi e Guido Bandini.<\/figcaption><\/figure>\n<p>Sono stati questi alcuni degli spunti di riflessione emersi durante i primi incontri con gli associati promossi da <strong>Confagricoltura Parma<\/strong> nelle zone di Busseto, Fidenza e San Secondo.<\/p>\n<p>&#8220;Guardiamo al 2024 con un po\u2019 di preoccupazione &#8211; ha dichiarato <strong>Roberto Gelfi<\/strong>, presidente di Confagricoltura Parma &#8211; soprattutto sul fronte della fiscalit\u00e0. E qualche timore giunge anche dai comparti del frumento e del mais. Speriamo di avere prospettive pi\u00f9 positive per il latte trasformato in Parmigiano Reggiano, che ha chiuso il 2023 con numeri in rosso per i produttori di latte, e di ottenere conferme dal pomodoro da industria, in linea con il buon andamento della campagna dello scorso anno&#8221;.<\/p>\n<p>Numerosi gli approfondimenti a cura dei responsabili di settore di Confagricoltura Parma: <strong>Chiara Emanuelli<\/strong> si \u00e8 soffermata sui temi del patronato; <strong>Andrea Corradi<\/strong> ha parlato della nuova Pac, mentre <strong>Marialaura Zileri<\/strong> ha proposto un focus sul Psr. Spazio anche a <strong>Tommaso Honorati<\/strong> di <strong>Anb<\/strong> e ad <strong>Alessandro Botti<\/strong> (rappresentante di Parma nella sezione bioeconomie di <strong>Confagricoltura Emilia-Romagna<\/strong>) che hanno illustrato le opportunit\u00e0 legate ai fondi Pnrr per la realizzazione di impianti di biometano alimentati da effluenti zootecnici nell\u2019ottica della sostenibilit\u00e0 ambientale con riduzione di gas ad effetto serra. Infine il passaggio sulle novit\u00e0 della Finanziaria con l\u2019intervento di <strong>Carlo Paini<\/strong>.<\/p>\n<p><img loading=\"lazy\" decoding=\"async\" class=\"alignnone size-medium wp-image-2966\" src=\"https:\/\/www.confagricoltura.org\/parma\/wp-content\/uploads\/sites\/10\/2024\/01\/PAGINA-1-001-INCONTRI-DI-ZONA-Primo-report-003-980x735.jpg\" alt=\"\" width=\"980\" height=\"735\" srcset=\"https:\/\/www.confagricoltura.org\/parma\/wp-content\/uploads\/sites\/10\/2024\/01\/PAGINA-1-001-INCONTRI-DI-ZONA-Primo-report-003-980x735.jpg 980w, https:\/\/www.confagricoltura.org\/parma\/wp-content\/uploads\/sites\/10\/2024\/01\/PAGINA-1-001-INCONTRI-DI-ZONA-Primo-report-003-768x576.jpg 768w, https:\/\/www.confagricoltura.org\/parma\/wp-content\/uploads\/sites\/10\/2024\/01\/PAGINA-1-001-INCONTRI-DI-ZONA-Primo-report-003-1536x1152.jpg 1536w, https:\/\/www.confagricoltura.org\/parma\/wp-content\/uploads\/sites\/10\/2024\/01\/PAGINA-1-001-INCONTRI-DI-ZONA-Primo-report-003-2048x1536.jpg 2048w, https:\/\/www.confagricoltura.org\/parma\/wp-content\/uploads\/sites\/10\/2024\/01\/PAGINA-1-001-INCONTRI-DI-ZONA-Primo-report-003-100x75.jpg 100w\" sizes=\"auto, (max-width: 980px) 100vw, 980px\" \/><\/p>\n<p>&#8220;Stiamo vivendo un momento complicato &#8211; ha rimarcato il presidente Gelfi al termine degli interventi tecnici -. Ci sono venti di protesta rispetto a temi che Confagricoltura ha trattato e criticato nelle sedi e nei tempi opportuni, a livello nazionale ed europeo. Su scala provinciale nel 2023 c\u2019\u00e8 stato un buon lavoro da parte delle Op per la determinazione del prezzo del pomodoro da industria ed abbiamo deciso di tornare a sottoscrivere il protocollo per il prezzo del latte che, seppur con alcuni punti ancora rivedibili, ci ha permesso di tornare a poter seguire da vicino le trattative. Per il futuro credo che si debba dar valore sempre di pi\u00f9 all\u2019importanza dell\u2019agricoltura per la riduzione dell\u2019anidride carbonica e sia giusto lavorare con progetti consortili per lo sviluppo delle bionergie&#8221;.<\/p>\n<figure id=\"attachment_2967\" aria-describedby=\"caption-attachment-2967\" style=\"width: 980px\" class=\"wp-caption alignnone\"><img loading=\"lazy\" decoding=\"async\" class=\"size-medium wp-image-2967\" src=\"https:\/\/www.confagricoltura.org\/parma\/wp-content\/uploads\/sites\/10\/2024\/01\/PAGINA-1-001-INCONTRI-DI-ZONA-Primo-report-005-San-Secondo-980x551.jpg\" alt=\"\" width=\"980\" height=\"551\" srcset=\"https:\/\/www.confagricoltura.org\/parma\/wp-content\/uploads\/sites\/10\/2024\/01\/PAGINA-1-001-INCONTRI-DI-ZONA-Primo-report-005-San-Secondo-980x551.jpg 980w, https:\/\/www.confagricoltura.org\/parma\/wp-content\/uploads\/sites\/10\/2024\/01\/PAGINA-1-001-INCONTRI-DI-ZONA-Primo-report-005-San-Secondo-768x432.jpg 768w, https:\/\/www.confagricoltura.org\/parma\/wp-content\/uploads\/sites\/10\/2024\/01\/PAGINA-1-001-INCONTRI-DI-ZONA-Primo-report-005-San-Secondo-1536x864.jpg 1536w, https:\/\/www.confagricoltura.org\/parma\/wp-content\/uploads\/sites\/10\/2024\/01\/PAGINA-1-001-INCONTRI-DI-ZONA-Primo-report-005-San-Secondo-100x56.jpg 100w, https:\/\/www.confagricoltura.org\/parma\/wp-content\/uploads\/sites\/10\/2024\/01\/PAGINA-1-001-INCONTRI-DI-ZONA-Primo-report-005-San-Secondo.jpg 1599w\" sizes=\"auto, (max-width: 980px) 100vw, 980px\" \/><figcaption id=\"caption-attachment-2967\" class=\"wp-caption-text\">Incontro di San Secondo.<\/figcaption><\/figure>\n<p>Tra gli interventi anche quello del direttore di Confagricoltura Parma <strong>Eugenio Zedda<\/strong> che ha sottolineato il valore &#8220;degli incontri con i soci: un momento per informare, ma soprattutto per ascoltare, entrare in contatto ed interloquire, capendo quelle che sono le richieste degli imprenditori agricoli&#8221;.<\/p>\n<p>A portare il saluto iniziale dell\u2019Amministrazione comunale di Busseto anche l\u2019assessore <strong>Luca Concari<\/strong>: &#8220;Stiamo lavorando su pi\u00f9 fronti con Confagricoltura. Insieme stiamo facendo crescere la <strong>Festa del creato e del raccolto<\/strong>. Di recente il Comune ha ottenuto il finanziamento per attuare un Piano di azione di energia sostenibile per cercare di abbattere le emissioni di anidride carbonica. Creeremo un tavolo di lavoro su biometano, agrivoltaico e comunit\u00e0 energetiche con un primo incontro gi\u00e0 il 27 febbraio. Inoltre, a breve, partiremo anche con il progetto del Pug (Piano urbanistico generale) del Comune di Busseto&#8221;.<\/p>\n<p>I <strong>prossimi incontri<\/strong> si terranno marted\u00ec 6 febbraio nella sala civica Ex Foro Boario di via Di Vittorio 7 a Fornovo; luned\u00ec 12 febbraio nella sala consiliare Pellegrino Riccardi in piazza Ferrari n.5 a Langhirano, luned\u00ec 26 febbraio a Borgotaro nella sala Imbriani di via Costamezzana e marted\u00ec 27 febbraio nella sede centrale di via Magani a San Pancrazio, Parma. Tutti gli incontri inizieranno alle 10.<\/p>\n<p>&nbsp;<\/p>\n","protected":false},"excerpt":{"rendered":"<p>La speranza di una ripresa del settore lattiero-caseario, l\u2019auspicio di prolungare le buone performance del settore del pomodoro da industria avute nel 2023, facendo comunque i conti con una Finanziaria &#8220;magra&#8221; per il settore agricolo e con una Pac che, nella sua attuazione pratica, si conferma con un\u2019impostazione poco &#8220;sensibile&#8221; ad un\u2019agricoltura di alta qualit\u00e0<\/p>\n","protected":false},"author":5,"featured_media":2963,"comment_status":"closed","ping_status":"closed","sticky":false,"template":"","format":"standard","meta":{"wp_mapbox_gl_js_media":[],"footnotes":""},"categories":[21,4],"tags":[35],"class_list":["post-2962","post","type-post","status-publish","format-standard","has-post-thumbnail","hentry","category-eventi","category-news","tag-incontri-soci-agricoltura"],"yoast_head":"<!-- This site is optimized with the Yoast SEO plugin v26.8 - https:\/\/yoast.com\/product\/yoast-seo-wordpress\/ -->\n<title>Al via le riunioni di zona: confronto con gli associati - Confagricoltura Parma<\/title>\n<meta name=\"robots\" content=\"index, follow, max-snippet:-1, max-image-preview:large, max-video-preview:-1\" \/>\n<link rel=\"canonical\" href=\"https:\/\/www.confagricoltura.org\/parma\/al-via-le-riunioni-di-zona-confronto-con-gli-associati\/\" \/>\n<meta property=\"og:locale\" content=\"it_IT\" \/>\n<meta property=\"og:type\" content=\"article\" \/>\n<meta property=\"og:title\" content=\"Al via le riunioni di zona: confronto con gli associati - Confagricoltura Parma\" \/>\n<meta property=\"og:description\" content=\"La speranza di una ripresa del settore lattiero-caseario, l\u2019auspicio di prolungare le buone performance del settore del pomodoro da industria avute nel 2023, facendo comunque i conti con una Finanziaria &#8220;magra&#8221; per il settore agricolo e con una Pac che, nella sua attuazione pratica, si conferma con un\u2019impostazione poco &#8220;sensibile&#8221; ad un\u2019agricoltura di alta qualit\u00e0\" \/>\n<meta property=\"og:url\" content=\"https:\/\/www.confagricoltura.org\/parma\/al-via-le-riunioni-di-zona-confronto-con-gli-associati\/\" \/>\n<meta property=\"og:site_name\" content=\"Confagricoltura Parma\" \/>\n<meta property=\"article:published_time\" content=\"2024-01-25T14:07:01+00:00\" \/>\n<meta property=\"article:modified_time\" content=\"2024-01-25T14:09:19+00:00\" \/>\n<meta property=\"og:image\" content=\"https:\/\/www.confagricoltura.org\/parma\/wp-content\/uploads\/sites\/10\/2024\/01\/PAGINA-1-001-INCONTRI-DI-ZONA-Primo-report-002-scaled.jpg\" \/>\n\t<meta property=\"og:image:width\" content=\"2560\" \/>\n\t<meta property=\"og:image:height\" content=\"1920\" \/>\n\t<meta property=\"og:image:type\" content=\"image\/jpeg\" \/>\n<meta name=\"author\" content=\"confagricolturaparma\" \/>\n<meta name=\"twitter:card\" content=\"summary_large_image\" \/>\n<meta name=\"twitter:label1\" content=\"Scritto da\" \/>\n\t<meta name=\"twitter:data1\" content=\"confagricolturaparma\" \/>\n\t<meta name=\"twitter:label2\" content=\"Tempo di lettura stimato\" \/>\n\t<meta name=\"twitter:data2\" content=\"5 minuti\" \/>\n<script type=\"application\/ld+json\" class=\"yoast-schema-graph\">{\"@context\":\"https:\/\/schema.org\",\"@graph\":[{\"@type\":\"Article\",\"@id\":\"https:\/\/www.confagricoltura.org\/parma\/al-via-le-riunioni-di-zona-confronto-con-gli-associati\/#article\",\"isPartOf\":{\"@id\":\"https:\/\/www.confagricoltura.org\/parma\/al-via-le-riunioni-di-zona-confronto-con-gli-associati\/\"},\"author\":{\"name\":\"confagricolturaparma\",\"@id\":\"https:\/\/www.confagricoltura.org\/parma\/#\/schema\/person\/3cd4548d78b676877beb0651a1b885a7\"},\"headline\":\"Al via le riunioni di zona: confronto con gli associati\",\"datePublished\":\"2024-01-25T14:07:01+00:00\",\"dateModified\":\"2024-01-25T14:09:19+00:00\",\"mainEntityOfPage\":{\"@id\":\"https:\/\/www.confagricoltura.org\/parma\/al-via-le-riunioni-di-zona-confronto-con-gli-associati\/\"},\"wordCount\":645,\"image\":{\"@id\":\"https:\/\/www.confagricoltura.org\/parma\/al-via-le-riunioni-di-zona-confronto-con-gli-associati\/#primaryimage\"},\"thumbnailUrl\":\"https:\/\/www.confagricoltura.org\/parma\/wp-content\/uploads\/sites\/10\/2024\/01\/PAGINA-1-001-INCONTRI-DI-ZONA-Primo-report-002-scaled.jpg\",\"keywords\":[\"incontri; soci; agricoltura;\"],\"articleSection\":[\"Eventi\",\"News\"],\"inLanguage\":\"it-IT\"},{\"@type\":\"WebPage\",\"@id\":\"https:\/\/www.confagricoltura.org\/parma\/al-via-le-riunioni-di-zona-confronto-con-gli-associati\/\",\"url\":\"https:\/\/www.confagricoltura.org\/parma\/al-via-le-riunioni-di-zona-confronto-con-gli-associati\/\",\"name\":\"Al via le riunioni di zona: confronto con gli associati - Confagricoltura Parma\",\"isPartOf\":{\"@id\":\"https:\/\/www.confagricoltura.org\/parma\/#website\"},\"primaryImageOfPage\":{\"@id\":\"https:\/\/www.confagricoltura.org\/parma\/al-via-le-riunioni-di-zona-confronto-con-gli-associati\/#primaryimage\"},\"image\":{\"@id\":\"https:\/\/www.confagricoltura.org\/parma\/al-via-le-riunioni-di-zona-confronto-con-gli-associati\/#primaryimage\"},\"thumbnailUrl\":\"https:\/\/www.confagricoltura.org\/parma\/wp-content\/uploads\/sites\/10\/2024\/01\/PAGINA-1-001-INCONTRI-DI-ZONA-Primo-report-002-scaled.jpg\",\"datePublished\":\"2024-01-25T14:07:01+00:00\",\"dateModified\":\"2024-01-25T14:09:19+00:00\",\"author\":{\"@id\":\"https:\/\/www.confagricoltura.org\/parma\/#\/schema\/person\/3cd4548d78b676877beb0651a1b885a7\"},\"breadcrumb\":{\"@id\":\"https:\/\/www.confagricoltura.org\/parma\/al-via-le-riunioni-di-zona-confronto-con-gli-associati\/#breadcrumb\"},\"inLanguage\":\"it-IT\",\"potentialAction\":[{\"@type\":\"ReadAction\",\"target\":[\"https:\/\/www.confagricoltura.org\/parma\/al-via-le-riunioni-di-zona-confronto-con-gli-associati\/\"]}]},{\"@type\":\"ImageObject\",\"inLanguage\":\"it-IT\",\"@id\":\"https:\/\/www.confagricoltura.org\/parma\/al-via-le-riunioni-di-zona-confronto-con-gli-associati\/#primaryimage\",\"url\":\"https:\/\/www.confagricoltura.org\/parma\/wp-content\/uploads\/sites\/10\/2024\/01\/PAGINA-1-001-INCONTRI-DI-ZONA-Primo-report-002-scaled.jpg\",\"contentUrl\":\"https:\/\/www.confagricoltura.org\/parma\/wp-content\/uploads\/sites\/10\/2024\/01\/PAGINA-1-001-INCONTRI-DI-ZONA-Primo-report-002-scaled.jpg\",\"width\":2560,\"height\":1920,\"caption\":\"Da sinistra Stefano Lobardi; Chiara Emanuelli; Carlo Paini; Eugenio Zedda; Roberto Gelfi; Luca Concari; Andrea Corradi e Guido Bandini.\"},{\"@type\":\"BreadcrumbList\",\"@id\":\"https:\/\/www.confagricoltura.org\/parma\/al-via-le-riunioni-di-zona-confronto-con-gli-associati\/#breadcrumb\",\"itemListElement\":[{\"@type\":\"ListItem\",\"position\":1,\"name\":\"Home\",\"item\":\"https:\/\/www.confagricoltura.org\/parma\/\"},{\"@type\":\"ListItem\",\"position\":2,\"name\":\"Al via le riunioni di zona: confronto con gli associati\"}]},{\"@type\":\"WebSite\",\"@id\":\"https:\/\/www.confagricoltura.org\/parma\/#website\",\"url\":\"https:\/\/www.confagricoltura.org\/parma\/\",\"name\":\"Confagricoltura Parma\",\"description\":\"Dalla parte degli Agricoltori\",\"potentialAction\":[{\"@type\":\"SearchAction\",\"target\":{\"@type\":\"EntryPoint\",\"urlTemplate\":\"https:\/\/www.confagricoltura.org\/parma\/?s={search_term_string}\"},\"query-input\":{\"@type\":\"PropertyValueSpecification\",\"valueRequired\":true,\"valueName\":\"search_term_string\"}}],\"inLanguage\":\"it-IT\"},{\"@type\":\"Person\",\"@id\":\"https:\/\/www.confagricoltura.org\/parma\/#\/schema\/person\/3cd4548d78b676877beb0651a1b885a7\",\"name\":\"confagricolturaparma\",\"image\":{\"@type\":\"ImageObject\",\"inLanguage\":\"it-IT\",\"@id\":\"https:\/\/www.confagricoltura.org\/parma\/#\/schema\/person\/image\/\",\"url\":\"https:\/\/secure.gravatar.com\/avatar\/b5b08888682650e8feabb958d1a675c2?s=96&d=mm&r=g\",\"contentUrl\":\"https:\/\/secure.gravatar.com\/avatar\/b5b08888682650e8feabb958d1a675c2?s=96&d=mm&r=g\",\"caption\":\"confagricolturaparma\"},\"url\":\"https:\/\/www.confagricoltura.org\/parma\/author\/confagricolturaparma\/\"}]}<\/script>\n<!-- \/ Yoast SEO plugin. -->","yoast_head_json":{"title":"Al via le riunioni di zona: confronto con gli associati - Confagricoltura Parma","robots":{"index":"index","follow":"follow","max-snippet":"max-snippet:-1","max-image-preview":"max-image-preview:large","max-video-preview":"max-video-preview:-1"},"canonical":"https:\/\/www.confagricoltura.org\/parma\/al-via-le-riunioni-di-zona-confronto-con-gli-associati\/","og_locale":"it_IT","og_type":"article","og_title":"Al via le riunioni di zona: confronto con gli associati - Confagricoltura Parma","og_description":"La speranza di una ripresa del settore lattiero-caseario, l\u2019auspicio di prolungare le buone performance del settore del pomodoro da industria avute nel 2023, facendo comunque i conti con una Finanziaria &#8220;magra&#8221; per il settore agricolo e con una Pac che, nella sua attuazione pratica, si conferma con un\u2019impostazione poco &#8220;sensibile&#8221; ad un\u2019agricoltura di alta qualit\u00e0","og_url":"https:\/\/www.confagricoltura.org\/parma\/al-via-le-riunioni-di-zona-confronto-con-gli-associati\/","og_site_name":"Confagricoltura Parma","article_published_time":"2024-01-25T14:07:01+00:00","article_modified_time":"2024-01-25T14:09:19+00:00","og_image":[{"width":2560,"height":1920,"url":"https:\/\/www.confagricoltura.org\/parma\/wp-content\/uploads\/sites\/10\/2024\/01\/PAGINA-1-001-INCONTRI-DI-ZONA-Primo-report-002-scaled.jpg","type":"image\/jpeg"}],"author":"confagricolturaparma","twitter_card":"summary_large_image","twitter_misc":{"Scritto da":"confagricolturaparma","Tempo di lettura stimato":"5 minuti"},"schema":{"@context":"https:\/\/schema.org","@graph":[{"@type":"Article","@id":"https:\/\/www.confagricoltura.org\/parma\/al-via-le-riunioni-di-zona-confronto-con-gli-associati\/#article","isPartOf":{"@id":"https:\/\/www.confagricoltura.org\/parma\/al-via-le-riunioni-di-zona-confronto-con-gli-associati\/"},"author":{"name":"confagricolturaparma","@id":"https:\/\/www.confagricoltura.org\/parma\/#\/schema\/person\/3cd4548d78b676877beb0651a1b885a7"},"headline":"Al via le riunioni di zona: confronto con gli associati","datePublished":"2024-01-25T14:07:01+00:00","dateModified":"2024-01-25T14:09:19+00:00","mainEntityOfPage":{"@id":"https:\/\/www.confagricoltura.org\/parma\/al-via-le-riunioni-di-zona-confronto-con-gli-associati\/"},"wordCount":645,"image":{"@id":"https:\/\/www.confagricoltura.org\/parma\/al-via-le-riunioni-di-zona-confronto-con-gli-associati\/#primaryimage"},"thumbnailUrl":"https:\/\/www.confagricoltura.org\/parma\/wp-content\/uploads\/sites\/10\/2024\/01\/PAGINA-1-001-INCONTRI-DI-ZONA-Primo-report-002-scaled.jpg","keywords":["incontri; soci; agricoltura;"],"articleSection":["Eventi","News"],"inLanguage":"it-IT"},{"@type":"WebPage","@id":"https:\/\/www.confagricoltura.org\/parma\/al-via-le-riunioni-di-zona-confronto-con-gli-associati\/","url":"https:\/\/www.confagricoltura.org\/parma\/al-via-le-riunioni-di-zona-confronto-con-gli-associati\/","name":"Al via le riunioni di zona: confronto con gli associati - Confagricoltura Parma","isPartOf":{"@id":"https:\/\/www.confagricoltura.org\/parma\/#website"},"primaryImageOfPage":{"@id":"https:\/\/www.confagricoltura.org\/parma\/al-via-le-riunioni-di-zona-confronto-con-gli-associati\/#primaryimage"},"image":{"@id":"https:\/\/www.confagricoltura.org\/parma\/al-via-le-riunioni-di-zona-confronto-con-gli-associati\/#primaryimage"},"thumbnailUrl":"https:\/\/www.confagricoltura.org\/parma\/wp-content\/uploads\/sites\/10\/2024\/01\/PAGINA-1-001-INCONTRI-DI-ZONA-Primo-report-002-scaled.jpg","datePublished":"2024-01-25T14:07:01+00:00","dateModified":"2024-01-25T14:09:19+00:00","author":{"@id":"https:\/\/www.confagricoltura.org\/parma\/#\/schema\/person\/3cd4548d78b676877beb0651a1b885a7"},"breadcrumb":{"@id":"https:\/\/www.confagricoltura.org\/parma\/al-via-le-riunioni-di-zona-confronto-con-gli-associati\/#breadcrumb"},"inLanguage":"it-IT","potentialAction":[{"@type":"ReadAction","target":["https:\/\/www.confagricoltura.org\/parma\/al-via-le-riunioni-di-zona-confronto-con-gli-associati\/"]}]},{"@type":"ImageObject","inLanguage":"it-IT","@id":"https:\/\/www.confagricoltura.org\/parma\/al-via-le-riunioni-di-zona-confronto-con-gli-associati\/#primaryimage","url":"https:\/\/www.confagricoltura.org\/parma\/wp-content\/uploads\/sites\/10\/2024\/01\/PAGINA-1-001-INCONTRI-DI-ZONA-Primo-report-002-scaled.jpg","contentUrl":"https:\/\/www.confagricoltura.org\/parma\/wp-content\/uploads\/sites\/10\/2024\/01\/PAGINA-1-001-INCONTRI-DI-ZONA-Primo-report-002-scaled.jpg","width":2560,"height":1920,"caption":"Da sinistra Stefano Lobardi; Chiara Emanuelli; Carlo Paini; Eugenio Zedda; Roberto Gelfi; Luca Concari; Andrea Corradi e Guido Bandini."},{"@type":"BreadcrumbList","@id":"https:\/\/www.confagricoltura.org\/parma\/al-via-le-riunioni-di-zona-confronto-con-gli-associati\/#breadcrumb","itemListElement":[{"@type":"ListItem","position":1,"name":"Home","item":"https:\/\/www.confagricoltura.org\/parma\/"},{"@type":"ListItem","position":2,"name":"Al via le riunioni di zona: confronto con gli associati"}]},{"@type":"WebSite","@id":"https:\/\/www.confagricoltura.org\/parma\/#website","url":"https:\/\/www.confagricoltura.org\/parma\/","name":"Confagricoltura Parma","description":"Dalla parte degli Agricoltori","potentialAction":[{"@type":"SearchAction","target":{"@type":"EntryPoint","urlTemplate":"https:\/\/www.confagricoltura.org\/parma\/?s={search_term_string}"},"query-input":{"@type":"PropertyValueSpecification","valueRequired":true,"valueName":"search_term_string"}}],"inLanguage":"it-IT"},{"@type":"Person","@id":"https:\/\/www.confagricoltura.org\/parma\/#\/schema\/person\/3cd4548d78b676877beb0651a1b885a7","name":"confagricolturaparma","image":{"@type":"ImageObject","inLanguage":"it-IT","@id":"https:\/\/www.confagricoltura.org\/parma\/#\/schema\/person\/image\/","url":"https:\/\/secure.gravatar.com\/avatar\/b5b08888682650e8feabb958d1a675c2?s=96&d=mm&r=g","contentUrl":"https:\/\/secure.gravatar.com\/avatar\/b5b08888682650e8feabb958d1a675c2?s=96&d=mm&r=g","caption":"confagricolturaparma"},"url":"https:\/\/www.confagricoltura.org\/parma\/author\/confagricolturaparma\/"}]}},"_links":{"self":[{"href":"https:\/\/www.confagricoltura.org\/parma\/wp-json\/wp\/v2\/posts\/2962","targetHints":{"allow":["GET"]}}],"collection":[{"href":"https:\/\/www.confagricoltura.org\/parma\/wp-json\/wp\/v2\/posts"}],"about":[{"href":"https:\/\/www.confagricoltura.org\/parma\/wp-json\/wp\/v2\/types\/post"}],"author":[{"embeddable":true,"href":"https:\/\/www.confagricoltura.org\/parma\/wp-json\/wp\/v2\/users\/5"}],"replies":[{"embeddable":true,"href":"https:\/\/www.confagricoltura.org\/parma\/wp-json\/wp\/v2\/comments?post=2962"}],"version-history":[{"count":3,"href":"https:\/\/www.confagricoltura.org\/parma\/wp-json\/wp\/v2\/posts\/2962\/revisions"}],"predecessor-version":[{"id":2968,"href":"https:\/\/www.confagricoltura.org\/parma\/wp-json\/wp\/v2\/posts\/2962\/revisions\/2968"}],"wp:featuredmedia":[{"embeddable":true,"href":"https:\/\/www.confagricoltura.org\/parma\/wp-json\/wp\/v2\/media\/2963"}],"wp:attachment":[{"href":"https:\/\/www.confagricoltura.org\/parma\/wp-json\/wp\/v2\/media?parent=2962"}],"wp:term":[{"taxonomy":"category","embeddable":true,"href":"https:\/\/www.confagricoltura.org\/parma\/wp-json\/wp\/v2\/categories?post=2962"},{"taxonomy":"post_tag","embeddable":true,"href":"https:\/\/www.confagricoltura.org\/parma\/wp-json\/wp\/v2\/tags?post=2962"}],"curies":[{"name":"wp","href":"https:\/\/api.w.org\/{rel}","templated":true}]}}