{"id":2956,"date":"2024-01-22T17:47:30","date_gmt":"2024-01-22T16:47:30","guid":{"rendered":"https:\/\/www.confagricoltura.org\/parma\/?p=2956"},"modified":"2024-01-22T17:47:30","modified_gmt":"2024-01-22T16:47:30","slug":"agricoltori-custodi-della-terra","status":"publish","type":"post","link":"https:\/\/www.confagricoltura.org\/parma\/agricoltori-custodi-della-terra\/","title":{"rendered":"Agricoltori custodi della terra"},"content":{"rendered":"<p><img loading=\"lazy\" decoding=\"async\" class=\"alignnone size-medium wp-image-2957\" src=\"https:\/\/www.confagricoltura.org\/parma\/wp-content\/uploads\/sites\/10\/2024\/01\/FIDENZA-Raduno-e-benedizione-per-100-trattori-a-Castione-Marchesi-001-980x735.jpg\" alt=\"\" width=\"980\" height=\"735\" srcset=\"https:\/\/www.confagricoltura.org\/parma\/wp-content\/uploads\/sites\/10\/2024\/01\/FIDENZA-Raduno-e-benedizione-per-100-trattori-a-Castione-Marchesi-001-980x735.jpg 980w, https:\/\/www.confagricoltura.org\/parma\/wp-content\/uploads\/sites\/10\/2024\/01\/FIDENZA-Raduno-e-benedizione-per-100-trattori-a-Castione-Marchesi-001-768x576.jpg 768w, https:\/\/www.confagricoltura.org\/parma\/wp-content\/uploads\/sites\/10\/2024\/01\/FIDENZA-Raduno-e-benedizione-per-100-trattori-a-Castione-Marchesi-001-1536x1152.jpg 1536w, https:\/\/www.confagricoltura.org\/parma\/wp-content\/uploads\/sites\/10\/2024\/01\/FIDENZA-Raduno-e-benedizione-per-100-trattori-a-Castione-Marchesi-001-2048x1536.jpg 2048w, https:\/\/www.confagricoltura.org\/parma\/wp-content\/uploads\/sites\/10\/2024\/01\/FIDENZA-Raduno-e-benedizione-per-100-trattori-a-Castione-Marchesi-001-100x75.jpg 100w\" sizes=\"auto, (max-width: 980px) 100vw, 980px\" \/><\/p>\n<p>Grande partecipazione a <strong>Castione Marchesi<\/strong>, nel territorio comunale di <strong>Fidenza<\/strong>, per il raduno con benedizione dei trattori organizzato da <strong>Confagricoltura Parma<\/strong>.<\/p>\n<p>A raggiungere la frazione fidentina un centinaio di mezzi agricoli provenienti da diversi paesi della provincia di Parma e dalla vicina provincia di Piacenza.<\/p>\n<p>La manifestazione si \u00e8 aperta con la celebrazione della messa all\u2019interno della chiesa del <strong>Monastero di Castione<\/strong>.<\/p>\n<p>Il rito religioso \u00e8 stato presieduto da monsignor <strong>Ovidio Vezzoli<\/strong>, vescovo della Diocesi di Fidenza.<\/p>\n<p>Al termine del rito religioso si \u00e8 tenuta la cerimonia di benedizione dei mezzi agricoli, parcheggiati dagli agricoltori nei campi vicini al Monastero.<\/p>\n<p style=\"text-align: center\"><strong>Il messaggio del vescovo e del presidente Gelfi<\/strong><\/p>\n<p>\u201cDio ha dato all\u2019uomo il compito di coltivare e custodire la terra con intelligenza e con speranza. Non dimentichiamo mai che la terra \u00e8 del Signore e ci \u00e8 stata affidata come dono e come responsabilit\u00e0\u201d il messaggio del vescovo Vezzoli.<\/p>\n<p>\u201cLa giornata a Castione \u00e8 stata un\u2019occasione di incontro molto importante &#8211; ha sottolineato <strong>Roberto Gelfi<\/strong>, presidente di Confagricoltura Parma -. \u00c8 stato ribadito come l\u2019agricoltura e gli agricoltori abbiano un compito importante per preservare e conservare la terra per le generazioni future. Un ruolo fondamentale nel quale l\u2019agricoltura deve essere supportata da tutta la collettivit\u00e0 e dalle istituzioni, italiane ed europee, attraverso normative e strumenti adeguati\u201d.<\/p>\n<p style=\"text-align: center\"><strong>Gli interventi delle autorit\u00e0<\/strong><\/p>\n<p>Numerose le autorit\u00e0 presenti che si sono soffermate, in particolare, sull\u2019importante ruolo delle politiche europee, in primis la Pac (Politica agricola comunitaria) per il futuro dell\u2019agricoltura italiana vocata alla produzione di qualit\u00e0.<\/p>\n<p>\u201cNegli ultimi anni &#8211; ha rimarcato la senatrice <strong>Silvia Fregolent<\/strong> &#8211; alcune regole ambientali europee non hanno fatto bene all\u2019agricoltura, specie a quella italiana. Serve maggiore attenzione, da parte dell\u2019Europa, sulla qualit\u00e0 agricola. Mi appello anche al Governo affinch\u00e9 siano date risorse all\u2019agricoltura. Quest\u2019anno la Legge di Bilancio prevede per gli agricoltori il ritorno al pagamento dell\u2019Irpef agricola ed anche sulle assicurazioni ci sono problemi visti i limiti alle risorse che arrivano dalla Pac\u201d.<\/p>\n<p>Il vicepresidente dell\u2019Assemblea Legislativa dell\u2019Emilia-Romagna <strong>Fabio Rainieri<\/strong> ha invitato gli agricoltori a \u201cnon mollare e continuare a fare ci\u00f2 che stanno facendo, producendo eccellenze anche se molte delle decisioni dell\u2019Unione Europea sono deleterie per l\u2019agricoltura italiana. Credo &#8211; ha aggiunto &#8211; che il Governo si stia muovendo nella giusta direzione per quanto riguarda temi come l\u2019energia ed il piano aria. Sta tenendo il punto e pu\u00f2 avere ancora pi\u00f9 forza da organizzazioni agricole come Confagricoltura che, oggi, ha schierato i propri imprenditori agricoli per dimostrare che il settore primario \u00e8 vivo\u201d.<\/p>\n<p>Importanti aggiornamenti sono giunti dal consigliere regionale <strong>Matteo Daffad\u00e0<\/strong>: \u201cNel 2023 come Regione Emilia-Romagna &#8211; ha dichiarato &#8211; abbiamo deliberato in merito al Psr che mette a disposizione 900 milioni di euro. Ora sono in uscita diversi bandi per il settore agricolo, tra i quali anche quelli legati all\u2019insediamento dei giovani agricoltori. La sinergia tra istituzioni pubbliche ed agricoltori resta cruciale per il futuro del settore\u201d.<\/p>\n<p>A fare gli onori di casa il sindaco di Fidenza e presidente della Provincia <strong>Andrea Massari<\/strong>: \u201c\u00c8 stato un onore ospitare a Castione Marchesi un raduno di portata provinciale come quello organizzato da Confagricoltura. Le associazioni di categoria hanno un ruolo di primaria importanza in un contesto che vede l\u2019agricoltura tornare ad essere fondamentale per lo sviluppo economico del nostro territorio sia sul piano della realizzazione di prodotti straordinari che della promozione e dell\u2019attivit\u00e0 economica che d\u00e0 lavoro a tante persone\u201d.<\/p>\n<p>&nbsp;<\/p>\n","protected":false},"excerpt":{"rendered":"<p>Raduno e benedizione dei trattori a Castione Marchesi di Fidenza. <\/p>\n","protected":false},"author":5,"featured_media":2957,"comment_status":"closed","ping_status":"closed","sticky":false,"template":"","format":"standard","meta":{"wp_mapbox_gl_js_media":[],"footnotes":""},"categories":[21,4],"tags":[31,32,34,33],"class_list":["post-2956","post","type-post","status-publish","format-standard","has-post-thumbnail","hentry","category-eventi","category-news","tag-agricoltura","tag-benedizione","tag-tradizioni","tag-trattori"],"yoast_head":"<!-- This site is optimized with the Yoast SEO plugin v26.8 - https:\/\/yoast.com\/product\/yoast-seo-wordpress\/ -->\n<title>Agricoltori custodi della terra - Confagricoltura Parma<\/title>\n<meta name=\"robots\" content=\"index, follow, max-snippet:-1, max-image-preview:large, max-video-preview:-1\" \/>\n<link rel=\"canonical\" href=\"https:\/\/www.confagricoltura.org\/parma\/agricoltori-custodi-della-terra\/\" \/>\n<meta property=\"og:locale\" content=\"it_IT\" \/>\n<meta property=\"og:type\" content=\"article\" \/>\n<meta property=\"og:title\" content=\"Agricoltori custodi della terra - Confagricoltura Parma\" \/>\n<meta property=\"og:description\" content=\"Raduno e benedizione dei trattori a Castione Marchesi di Fidenza.\" \/>\n<meta property=\"og:url\" content=\"https:\/\/www.confagricoltura.org\/parma\/agricoltori-custodi-della-terra\/\" \/>\n<meta property=\"og:site_name\" content=\"Confagricoltura Parma\" \/>\n<meta property=\"article:published_time\" content=\"2024-01-22T16:47:30+00:00\" \/>\n<meta property=\"og:image\" content=\"https:\/\/www.confagricoltura.org\/parma\/wp-content\/uploads\/sites\/10\/2024\/01\/FIDENZA-Raduno-e-benedizione-per-100-trattori-a-Castione-Marchesi-001-scaled.jpg\" \/>\n\t<meta property=\"og:image:width\" content=\"2560\" \/>\n\t<meta property=\"og:image:height\" content=\"1920\" \/>\n\t<meta property=\"og:image:type\" content=\"image\/jpeg\" \/>\n<meta name=\"author\" content=\"confagricolturaparma\" \/>\n<meta name=\"twitter:card\" content=\"summary_large_image\" \/>\n<meta name=\"twitter:label1\" content=\"Scritto da\" \/>\n\t<meta name=\"twitter:data1\" content=\"confagricolturaparma\" \/>\n\t<meta name=\"twitter:label2\" content=\"Tempo di lettura stimato\" \/>\n\t<meta name=\"twitter:data2\" content=\"4 minuti\" \/>\n<script type=\"application\/ld+json\" class=\"yoast-schema-graph\">{\"@context\":\"https:\/\/schema.org\",\"@graph\":[{\"@type\":\"Article\",\"@id\":\"https:\/\/www.confagricoltura.org\/parma\/agricoltori-custodi-della-terra\/#article\",\"isPartOf\":{\"@id\":\"https:\/\/www.confagricoltura.org\/parma\/agricoltori-custodi-della-terra\/\"},\"author\":{\"name\":\"confagricolturaparma\",\"@id\":\"https:\/\/www.confagricoltura.org\/parma\/#\/schema\/person\/3cd4548d78b676877beb0651a1b885a7\"},\"headline\":\"Agricoltori custodi della terra\",\"datePublished\":\"2024-01-22T16:47:30+00:00\",\"mainEntityOfPage\":{\"@id\":\"https:\/\/www.confagricoltura.org\/parma\/agricoltori-custodi-della-terra\/\"},\"wordCount\":578,\"image\":{\"@id\":\"https:\/\/www.confagricoltura.org\/parma\/agricoltori-custodi-della-terra\/#primaryimage\"},\"thumbnailUrl\":\"https:\/\/www.confagricoltura.org\/parma\/wp-content\/uploads\/sites\/10\/2024\/01\/FIDENZA-Raduno-e-benedizione-per-100-trattori-a-Castione-Marchesi-001-scaled.jpg\",\"keywords\":[\"agricoltura\",\"benedizione\",\"tradizioni\",\"trattori\"],\"articleSection\":[\"Eventi\",\"News\"],\"inLanguage\":\"it-IT\"},{\"@type\":\"WebPage\",\"@id\":\"https:\/\/www.confagricoltura.org\/parma\/agricoltori-custodi-della-terra\/\",\"url\":\"https:\/\/www.confagricoltura.org\/parma\/agricoltori-custodi-della-terra\/\",\"name\":\"Agricoltori custodi della terra - Confagricoltura Parma\",\"isPartOf\":{\"@id\":\"https:\/\/www.confagricoltura.org\/parma\/#website\"},\"primaryImageOfPage\":{\"@id\":\"https:\/\/www.confagricoltura.org\/parma\/agricoltori-custodi-della-terra\/#primaryimage\"},\"image\":{\"@id\":\"https:\/\/www.confagricoltura.org\/parma\/agricoltori-custodi-della-terra\/#primaryimage\"},\"thumbnailUrl\":\"https:\/\/www.confagricoltura.org\/parma\/wp-content\/uploads\/sites\/10\/2024\/01\/FIDENZA-Raduno-e-benedizione-per-100-trattori-a-Castione-Marchesi-001-scaled.jpg\",\"datePublished\":\"2024-01-22T16:47:30+00:00\",\"author\":{\"@id\":\"https:\/\/www.confagricoltura.org\/parma\/#\/schema\/person\/3cd4548d78b676877beb0651a1b885a7\"},\"breadcrumb\":{\"@id\":\"https:\/\/www.confagricoltura.org\/parma\/agricoltori-custodi-della-terra\/#breadcrumb\"},\"inLanguage\":\"it-IT\",\"potentialAction\":[{\"@type\":\"ReadAction\",\"target\":[\"https:\/\/www.confagricoltura.org\/parma\/agricoltori-custodi-della-terra\/\"]}]},{\"@type\":\"ImageObject\",\"inLanguage\":\"it-IT\",\"@id\":\"https:\/\/www.confagricoltura.org\/parma\/agricoltori-custodi-della-terra\/#primaryimage\",\"url\":\"https:\/\/www.confagricoltura.org\/parma\/wp-content\/uploads\/sites\/10\/2024\/01\/FIDENZA-Raduno-e-benedizione-per-100-trattori-a-Castione-Marchesi-001-scaled.jpg\",\"contentUrl\":\"https:\/\/www.confagricoltura.org\/parma\/wp-content\/uploads\/sites\/10\/2024\/01\/FIDENZA-Raduno-e-benedizione-per-100-trattori-a-Castione-Marchesi-001-scaled.jpg\",\"width\":2560,\"height\":1920},{\"@type\":\"BreadcrumbList\",\"@id\":\"https:\/\/www.confagricoltura.org\/parma\/agricoltori-custodi-della-terra\/#breadcrumb\",\"itemListElement\":[{\"@type\":\"ListItem\",\"position\":1,\"name\":\"Home\",\"item\":\"https:\/\/www.confagricoltura.org\/parma\/\"},{\"@type\":\"ListItem\",\"position\":2,\"name\":\"Agricoltori custodi della terra\"}]},{\"@type\":\"WebSite\",\"@id\":\"https:\/\/www.confagricoltura.org\/parma\/#website\",\"url\":\"https:\/\/www.confagricoltura.org\/parma\/\",\"name\":\"Confagricoltura Parma\",\"description\":\"Dalla parte degli Agricoltori\",\"potentialAction\":[{\"@type\":\"SearchAction\",\"target\":{\"@type\":\"EntryPoint\",\"urlTemplate\":\"https:\/\/www.confagricoltura.org\/parma\/?s={search_term_string}\"},\"query-input\":{\"@type\":\"PropertyValueSpecification\",\"valueRequired\":true,\"valueName\":\"search_term_string\"}}],\"inLanguage\":\"it-IT\"},{\"@type\":\"Person\",\"@id\":\"https:\/\/www.confagricoltura.org\/parma\/#\/schema\/person\/3cd4548d78b676877beb0651a1b885a7\",\"name\":\"confagricolturaparma\",\"image\":{\"@type\":\"ImageObject\",\"inLanguage\":\"it-IT\",\"@id\":\"https:\/\/www.confagricoltura.org\/parma\/#\/schema\/person\/image\/\",\"url\":\"https:\/\/secure.gravatar.com\/avatar\/b5b08888682650e8feabb958d1a675c2?s=96&d=mm&r=g\",\"contentUrl\":\"https:\/\/secure.gravatar.com\/avatar\/b5b08888682650e8feabb958d1a675c2?s=96&d=mm&r=g\",\"caption\":\"confagricolturaparma\"},\"url\":\"https:\/\/www.confagricoltura.org\/parma\/author\/confagricolturaparma\/\"}]}<\/script>\n<!-- \/ Yoast SEO plugin. -->","yoast_head_json":{"title":"Agricoltori custodi della terra - Confagricoltura Parma","robots":{"index":"index","follow":"follow","max-snippet":"max-snippet:-1","max-image-preview":"max-image-preview:large","max-video-preview":"max-video-preview:-1"},"canonical":"https:\/\/www.confagricoltura.org\/parma\/agricoltori-custodi-della-terra\/","og_locale":"it_IT","og_type":"article","og_title":"Agricoltori custodi della terra - Confagricoltura Parma","og_description":"Raduno e benedizione dei trattori a Castione Marchesi di Fidenza.","og_url":"https:\/\/www.confagricoltura.org\/parma\/agricoltori-custodi-della-terra\/","og_site_name":"Confagricoltura Parma","article_published_time":"2024-01-22T16:47:30+00:00","og_image":[{"width":2560,"height":1920,"url":"https:\/\/www.confagricoltura.org\/parma\/wp-content\/uploads\/sites\/10\/2024\/01\/FIDENZA-Raduno-e-benedizione-per-100-trattori-a-Castione-Marchesi-001-scaled.jpg","type":"image\/jpeg"}],"author":"confagricolturaparma","twitter_card":"summary_large_image","twitter_misc":{"Scritto da":"confagricolturaparma","Tempo di lettura stimato":"4 minuti"},"schema":{"@context":"https:\/\/schema.org","@graph":[{"@type":"Article","@id":"https:\/\/www.confagricoltura.org\/parma\/agricoltori-custodi-della-terra\/#article","isPartOf":{"@id":"https:\/\/www.confagricoltura.org\/parma\/agricoltori-custodi-della-terra\/"},"author":{"name":"confagricolturaparma","@id":"https:\/\/www.confagricoltura.org\/parma\/#\/schema\/person\/3cd4548d78b676877beb0651a1b885a7"},"headline":"Agricoltori custodi della terra","datePublished":"2024-01-22T16:47:30+00:00","mainEntityOfPage":{"@id":"https:\/\/www.confagricoltura.org\/parma\/agricoltori-custodi-della-terra\/"},"wordCount":578,"image":{"@id":"https:\/\/www.confagricoltura.org\/parma\/agricoltori-custodi-della-terra\/#primaryimage"},"thumbnailUrl":"https:\/\/www.confagricoltura.org\/parma\/wp-content\/uploads\/sites\/10\/2024\/01\/FIDENZA-Raduno-e-benedizione-per-100-trattori-a-Castione-Marchesi-001-scaled.jpg","keywords":["agricoltura","benedizione","tradizioni","trattori"],"articleSection":["Eventi","News"],"inLanguage":"it-IT"},{"@type":"WebPage","@id":"https:\/\/www.confagricoltura.org\/parma\/agricoltori-custodi-della-terra\/","url":"https:\/\/www.confagricoltura.org\/parma\/agricoltori-custodi-della-terra\/","name":"Agricoltori custodi della terra - Confagricoltura Parma","isPartOf":{"@id":"https:\/\/www.confagricoltura.org\/parma\/#website"},"primaryImageOfPage":{"@id":"https:\/\/www.confagricoltura.org\/parma\/agricoltori-custodi-della-terra\/#primaryimage"},"image":{"@id":"https:\/\/www.confagricoltura.org\/parma\/agricoltori-custodi-della-terra\/#primaryimage"},"thumbnailUrl":"https:\/\/www.confagricoltura.org\/parma\/wp-content\/uploads\/sites\/10\/2024\/01\/FIDENZA-Raduno-e-benedizione-per-100-trattori-a-Castione-Marchesi-001-scaled.jpg","datePublished":"2024-01-22T16:47:30+00:00","author":{"@id":"https:\/\/www.confagricoltura.org\/parma\/#\/schema\/person\/3cd4548d78b676877beb0651a1b885a7"},"breadcrumb":{"@id":"https:\/\/www.confagricoltura.org\/parma\/agricoltori-custodi-della-terra\/#breadcrumb"},"inLanguage":"it-IT","potentialAction":[{"@type":"ReadAction","target":["https:\/\/www.confagricoltura.org\/parma\/agricoltori-custodi-della-terra\/"]}]},{"@type":"ImageObject","inLanguage":"it-IT","@id":"https:\/\/www.confagricoltura.org\/parma\/agricoltori-custodi-della-terra\/#primaryimage","url":"https:\/\/www.confagricoltura.org\/parma\/wp-content\/uploads\/sites\/10\/2024\/01\/FIDENZA-Raduno-e-benedizione-per-100-trattori-a-Castione-Marchesi-001-scaled.jpg","contentUrl":"https:\/\/www.confagricoltura.org\/parma\/wp-content\/uploads\/sites\/10\/2024\/01\/FIDENZA-Raduno-e-benedizione-per-100-trattori-a-Castione-Marchesi-001-scaled.jpg","width":2560,"height":1920},{"@type":"BreadcrumbList","@id":"https:\/\/www.confagricoltura.org\/parma\/agricoltori-custodi-della-terra\/#breadcrumb","itemListElement":[{"@type":"ListItem","position":1,"name":"Home","item":"https:\/\/www.confagricoltura.org\/parma\/"},{"@type":"ListItem","position":2,"name":"Agricoltori custodi della terra"}]},{"@type":"WebSite","@id":"https:\/\/www.confagricoltura.org\/parma\/#website","url":"https:\/\/www.confagricoltura.org\/parma\/","name":"Confagricoltura Parma","description":"Dalla parte degli Agricoltori","potentialAction":[{"@type":"SearchAction","target":{"@type":"EntryPoint","urlTemplate":"https:\/\/www.confagricoltura.org\/parma\/?s={search_term_string}"},"query-input":{"@type":"PropertyValueSpecification","valueRequired":true,"valueName":"search_term_string"}}],"inLanguage":"it-IT"},{"@type":"Person","@id":"https:\/\/www.confagricoltura.org\/parma\/#\/schema\/person\/3cd4548d78b676877beb0651a1b885a7","name":"confagricolturaparma","image":{"@type":"ImageObject","inLanguage":"it-IT","@id":"https:\/\/www.confagricoltura.org\/parma\/#\/schema\/person\/image\/","url":"https:\/\/secure.gravatar.com\/avatar\/b5b08888682650e8feabb958d1a675c2?s=96&d=mm&r=g","contentUrl":"https:\/\/secure.gravatar.com\/avatar\/b5b08888682650e8feabb958d1a675c2?s=96&d=mm&r=g","caption":"confagricolturaparma"},"url":"https:\/\/www.confagricoltura.org\/parma\/author\/confagricolturaparma\/"}]}},"_links":{"self":[{"href":"https:\/\/www.confagricoltura.org\/parma\/wp-json\/wp\/v2\/posts\/2956","targetHints":{"allow":["GET"]}}],"collection":[{"href":"https:\/\/www.confagricoltura.org\/parma\/wp-json\/wp\/v2\/posts"}],"about":[{"href":"https:\/\/www.confagricoltura.org\/parma\/wp-json\/wp\/v2\/types\/post"}],"author":[{"embeddable":true,"href":"https:\/\/www.confagricoltura.org\/parma\/wp-json\/wp\/v2\/users\/5"}],"replies":[{"embeddable":true,"href":"https:\/\/www.confagricoltura.org\/parma\/wp-json\/wp\/v2\/comments?post=2956"}],"version-history":[{"count":1,"href":"https:\/\/www.confagricoltura.org\/parma\/wp-json\/wp\/v2\/posts\/2956\/revisions"}],"predecessor-version":[{"id":2958,"href":"https:\/\/www.confagricoltura.org\/parma\/wp-json\/wp\/v2\/posts\/2956\/revisions\/2958"}],"wp:featuredmedia":[{"embeddable":true,"href":"https:\/\/www.confagricoltura.org\/parma\/wp-json\/wp\/v2\/media\/2957"}],"wp:attachment":[{"href":"https:\/\/www.confagricoltura.org\/parma\/wp-json\/wp\/v2\/media?parent=2956"}],"wp:term":[{"taxonomy":"category","embeddable":true,"href":"https:\/\/www.confagricoltura.org\/parma\/wp-json\/wp\/v2\/categories?post=2956"},{"taxonomy":"post_tag","embeddable":true,"href":"https:\/\/www.confagricoltura.org\/parma\/wp-json\/wp\/v2\/tags?post=2956"}],"curies":[{"name":"wp","href":"https:\/\/api.w.org\/{rel}","templated":true}]}}