{"id":2818,"date":"2023-09-19T18:13:10","date_gmt":"2023-09-19T16:13:10","guid":{"rendered":"https:\/\/www.confagricoltura.org\/parma\/?p=2818"},"modified":"2023-09-25T10:27:41","modified_gmt":"2023-09-25T08:27:41","slug":"il-cuoco-e-il-contadino-in-tour","status":"publish","type":"post","link":"https:\/\/www.confagricoltura.org\/parma\/il-cuoco-e-il-contadino-in-tour\/","title":{"rendered":"&#8220;Il Cuoco e il Contadino&#8230;in tour&#8221;"},"content":{"rendered":"<p>Cresce il progetto <b>\u201cIl Cuoco e il Contadino\u201d <\/b>&#8211;<b> <\/b>ideato un anno fa da <b>Confagricoltura Parma<\/b> e <b>Parma Quality Restaurants <\/b>ed ora esteso ai<b> Musei del Cibo di Parma <\/b>&#8211;<b> <\/b>per valorizzare la collaborazione tra produttori agricoli ed allevatori, da una parte, e ristoratori, dall\u2019altra.<span class=\"Apple-converted-space\">\u00a0<\/span><\/p>\n<p>L\u2019evoluzione del format <b>\u201cIl Cuoco e il Contadino\u2026in tour\u201d<\/b>, presentato a <b>\u201cLaboratorio Aperto\u201d<\/b> di Parma in occasione di \u201c<b>Settembre gastronomico\u201d, <\/b>ha come obiettivo quello di favorire rapporti diretti e continuativi fra i piccoli agricoltori e allevatori, soci di Confagricoltura Parma, e gli chef della rete Pqr per stimolare una cucina sostenibile, stagionale e a filiera corta.<\/p>\n<p>Un\u2019alleanza che si intensifica e che dalla prossima primavera porter\u00e0 agricoltori, allevatori e chef all\u2019interno dei Musei del Cibo di Parma con otto appuntamenti domenicali (dal 24 marzo in avanti) rivolti al pi\u00f9 ampio pubblico, dalle famiglie agli appassionati di buon cibo, attraverso l\u2019organizzazione di tavole rotonde, laboratori per i pi\u00f9 piccoli, visite guidate, degustazioni e show cooking.<span class=\"Apple-converted-space\">\u00a0<\/span><\/p>\n<p>\u201cLa qualit\u00e0 del cibo \u2013 ha dichiarato <b>Roberto Gelfi, presidente di Confagricoltura Parma<\/b> \u2013 affonda le sue radici nella produzione primaria in campagna: lo sanno bene gli chef quando cercano gli ingredienti per i loro piatti. Questo progetto valorizza i singoli attori, cos\u00ec come il pi\u00f9 ampio territorio e i prodotti della sua terra, permettendo ai vari soggetti della filiera di stimolarsi a vicenda\u201d.<span class=\"Apple-converted-space\">\u00a0<\/span><\/p>\n<p><b>Mario Marini, presidente dei Musei del Cibo<\/b>, ha poi ha sottolineato l\u2019importanza dell\u2019istituzione museale nella valorizzazione del nostro territorio: \u201cIl concetto che vogliamo far passare \u00e8 che i Musei del cibo sono dei luoghi aperti e non soltanto dei luoghi di conservazione, bens\u00ec spazi dove chiunque pu\u00f2 venire a conoscere le eccellenze del territorio\u201d.<span class=\"Apple-converted-space\">\u00a0<\/span><\/p>\n<p>\u201cDobbiamo unire produttore e ristoratore \u2013 ha affermato lo chef <b>Enrico Bergonzi, presidente di Parma quality restaurants <\/b>\u2013 in modo tale che anche il ristoratore possa valorizzare la produzione locale mettendo in primo piano il nome del produttore. Ci sono tantissimi giovani produttori che si sono messi in gioco e con questa iniziativa offriamo loro la possibilit\u00e0 di fare sistema\u201d.<span class=\"Apple-converted-space\">\u00a0<\/span><\/p>\n<p>Durante la presentazione si \u00e8 svolto anche uno show cooking realizzato dallo chef <b>Francesco Ambrosini del ristorante \u201cStendhal da Francesco\u201d<\/b>. Ambrosini ha preparato un risotto con lumache, erbe aromatiche e zafferano, cucinato con i prodotti del contadino <b>Marco Mori del Podere Maric<\/b>.<span class=\"Apple-converted-space\">\u00a0<\/span><\/p>\n<figure id=\"attachment_2823\" aria-describedby=\"caption-attachment-2823\" style=\"width: 980px\" class=\"wp-caption alignnone\"><img loading=\"lazy\" decoding=\"async\" class=\"size-medium wp-image-2823\" src=\"https:\/\/www.confagricoltura.org\/parma\/wp-content\/uploads\/sites\/10\/2023\/09\/001-PAGINA-1-008-Il-Cuoco-e-il-Contadino-in-tour-980x735.jpeg\" alt=\"\" width=\"980\" height=\"735\" srcset=\"https:\/\/www.confagricoltura.org\/parma\/wp-content\/uploads\/sites\/10\/2023\/09\/001-PAGINA-1-008-Il-Cuoco-e-il-Contadino-in-tour-980x735.jpeg 980w, https:\/\/www.confagricoltura.org\/parma\/wp-content\/uploads\/sites\/10\/2023\/09\/001-PAGINA-1-008-Il-Cuoco-e-il-Contadino-in-tour-768x576.jpeg 768w, https:\/\/www.confagricoltura.org\/parma\/wp-content\/uploads\/sites\/10\/2023\/09\/001-PAGINA-1-008-Il-Cuoco-e-il-Contadino-in-tour-1536x1152.jpeg 1536w, https:\/\/www.confagricoltura.org\/parma\/wp-content\/uploads\/sites\/10\/2023\/09\/001-PAGINA-1-008-Il-Cuoco-e-il-Contadino-in-tour-100x75.jpeg 100w, https:\/\/www.confagricoltura.org\/parma\/wp-content\/uploads\/sites\/10\/2023\/09\/001-PAGINA-1-008-Il-Cuoco-e-il-Contadino-in-tour.jpeg 2048w\" sizes=\"auto, (max-width: 980px) 100vw, 980px\" \/><figcaption id=\"caption-attachment-2823\" class=\"wp-caption-text\">Lo chef Francesco Ambrosini e il produttore Marco Mori.<\/figcaption><\/figure>\n<p>&nbsp;<\/p>\n<p style=\"text-align: center\"><b>IL CALENDARIO DEGLI APPUNTAMENTI<\/b><\/p>\n<p>\u201cIl Cuoco e il Contadino\u2026in tour\u201d partir\u00e0 con un\u2019anticipazione <b>venerd\u00ec 8 dicembre<\/b> con \u201c<b>Il Cuoco il Contadino\u2026sapori di Natale\u201d<\/b> sotto i Portici del Grano, in piazza Garibaldi, nel cuore di Parma in occasione dell\u2019accensione dell\u2019albero di Natale.<span class=\"Apple-converted-space\">\u00a0<\/span><\/p>\n<p>Sar\u00e0 allestito un mercato con le eccellenze dei produttori di Confagricoltura Parma nell\u2019ambito del quale saranno proposti alcuni show cooking di Parma Quality Restaurants a tema natalizio, offrendo cos\u00ec ai cittadini e ai turisti la possibilit\u00e0 di conoscere i nostri produttori e fare acquisti di qualit\u00e0, oltre a carpire i segreti dei piatti della tradizione direttamente dagli chef.<\/p>\n<p>Il calendario de \u201cIl Cuoco e il Contadino\u2026in tour\u201d partir\u00e0 poi il 24 marzo al Museo del Pomodoro e Museo della Pasta di Collecchio e proseguir\u00e0 il 14 aprile al Museo del Parmigiano di Soragna; il 26 maggio al Museo del Prosciutto di Langhirano quindi a giugno al Museo del Culatello di Polesine Parmense; a settembre al Museo del Vino di Sala Baganza; ad ottobre al Museo del Fungo di Borgotaro; a novembre al Museo del Tartufo di Calestano (nuova apertura). Una tappa sar\u00e0 anche al Museo del Salame di Felino in occasione della sua apertura.<span class=\"Apple-converted-space\">\u00a0<\/span><\/p>\n","protected":false},"excerpt":{"rendered":"<p>Il progetto di Confagricoltura Parma e Pqr si estende ai &#8220;Musei del Cibo&#8221;.<\/p>\n","protected":false},"author":5,"featured_media":2819,"comment_status":"closed","ping_status":"closed","sticky":true,"template":"","format":"standard","meta":{"wp_mapbox_gl_js_media":[],"footnotes":""},"categories":[4],"tags":[],"class_list":["post-2818","post","type-post","status-publish","format-standard","has-post-thumbnail","hentry","category-news"],"yoast_head":"<!-- This site is optimized with the Yoast SEO plugin v26.8 - https:\/\/yoast.com\/product\/yoast-seo-wordpress\/ -->\n<title>&quot;Il Cuoco e il Contadino...in tour&quot; - Confagricoltura Parma<\/title>\n<meta name=\"robots\" content=\"index, follow, max-snippet:-1, max-image-preview:large, max-video-preview:-1\" \/>\n<link rel=\"canonical\" href=\"https:\/\/www.confagricoltura.org\/parma\/il-cuoco-e-il-contadino-in-tour\/\" \/>\n<meta property=\"og:locale\" content=\"it_IT\" \/>\n<meta property=\"og:type\" content=\"article\" \/>\n<meta property=\"og:title\" content=\"&quot;Il Cuoco e il Contadino...in tour&quot; - Confagricoltura Parma\" \/>\n<meta property=\"og:description\" content=\"Il progetto di Confagricoltura Parma e Pqr si estende ai &quot;Musei del Cibo&quot;.\" \/>\n<meta property=\"og:url\" content=\"https:\/\/www.confagricoltura.org\/parma\/il-cuoco-e-il-contadino-in-tour\/\" \/>\n<meta property=\"og:site_name\" content=\"Confagricoltura Parma\" \/>\n<meta property=\"article:published_time\" content=\"2023-09-19T16:13:10+00:00\" \/>\n<meta property=\"article:modified_time\" content=\"2023-09-25T08:27:41+00:00\" \/>\n<meta property=\"og:image\" content=\"https:\/\/www.confagricoltura.org\/parma\/wp-content\/uploads\/sites\/10\/2023\/09\/001-PAGINA-1-007-Il-Cuoco-e-il-Contadino-in-tour.jpeg\" \/>\n\t<meta property=\"og:image:width\" content=\"2048\" \/>\n\t<meta property=\"og:image:height\" content=\"1536\" \/>\n\t<meta property=\"og:image:type\" content=\"image\/jpeg\" \/>\n<meta name=\"author\" content=\"confagricolturaparma\" \/>\n<meta name=\"twitter:card\" content=\"summary_large_image\" \/>\n<meta name=\"twitter:label1\" content=\"Scritto da\" \/>\n\t<meta name=\"twitter:data1\" content=\"confagricolturaparma\" \/>\n\t<meta name=\"twitter:label2\" content=\"Tempo di lettura stimato\" \/>\n\t<meta name=\"twitter:data2\" content=\"3 minuti\" \/>\n<script type=\"application\/ld+json\" class=\"yoast-schema-graph\">{\"@context\":\"https:\/\/schema.org\",\"@graph\":[{\"@type\":\"Article\",\"@id\":\"https:\/\/www.confagricoltura.org\/parma\/il-cuoco-e-il-contadino-in-tour\/#article\",\"isPartOf\":{\"@id\":\"https:\/\/www.confagricoltura.org\/parma\/il-cuoco-e-il-contadino-in-tour\/\"},\"author\":{\"name\":\"confagricolturaparma\",\"@id\":\"https:\/\/www.confagricoltura.org\/parma\/#\/schema\/person\/3cd4548d78b676877beb0651a1b885a7\"},\"headline\":\"&#8220;Il Cuoco e il Contadino&#8230;in tour&#8221;\",\"datePublished\":\"2023-09-19T16:13:10+00:00\",\"dateModified\":\"2023-09-25T08:27:41+00:00\",\"mainEntityOfPage\":{\"@id\":\"https:\/\/www.confagricoltura.org\/parma\/il-cuoco-e-il-contadino-in-tour\/\"},\"wordCount\":602,\"image\":{\"@id\":\"https:\/\/www.confagricoltura.org\/parma\/il-cuoco-e-il-contadino-in-tour\/#primaryimage\"},\"thumbnailUrl\":\"https:\/\/www.confagricoltura.org\/parma\/wp-content\/uploads\/sites\/10\/2023\/09\/001-PAGINA-1-007-Il-Cuoco-e-il-Contadino-in-tour.jpeg\",\"articleSection\":[\"News\"],\"inLanguage\":\"it-IT\"},{\"@type\":\"WebPage\",\"@id\":\"https:\/\/www.confagricoltura.org\/parma\/il-cuoco-e-il-contadino-in-tour\/\",\"url\":\"https:\/\/www.confagricoltura.org\/parma\/il-cuoco-e-il-contadino-in-tour\/\",\"name\":\"\\\"Il Cuoco e il Contadino...in tour\\\" - Confagricoltura Parma\",\"isPartOf\":{\"@id\":\"https:\/\/www.confagricoltura.org\/parma\/#website\"},\"primaryImageOfPage\":{\"@id\":\"https:\/\/www.confagricoltura.org\/parma\/il-cuoco-e-il-contadino-in-tour\/#primaryimage\"},\"image\":{\"@id\":\"https:\/\/www.confagricoltura.org\/parma\/il-cuoco-e-il-contadino-in-tour\/#primaryimage\"},\"thumbnailUrl\":\"https:\/\/www.confagricoltura.org\/parma\/wp-content\/uploads\/sites\/10\/2023\/09\/001-PAGINA-1-007-Il-Cuoco-e-il-Contadino-in-tour.jpeg\",\"datePublished\":\"2023-09-19T16:13:10+00:00\",\"dateModified\":\"2023-09-25T08:27:41+00:00\",\"author\":{\"@id\":\"https:\/\/www.confagricoltura.org\/parma\/#\/schema\/person\/3cd4548d78b676877beb0651a1b885a7\"},\"breadcrumb\":{\"@id\":\"https:\/\/www.confagricoltura.org\/parma\/il-cuoco-e-il-contadino-in-tour\/#breadcrumb\"},\"inLanguage\":\"it-IT\",\"potentialAction\":[{\"@type\":\"ReadAction\",\"target\":[\"https:\/\/www.confagricoltura.org\/parma\/il-cuoco-e-il-contadino-in-tour\/\"]}]},{\"@type\":\"ImageObject\",\"inLanguage\":\"it-IT\",\"@id\":\"https:\/\/www.confagricoltura.org\/parma\/il-cuoco-e-il-contadino-in-tour\/#primaryimage\",\"url\":\"https:\/\/www.confagricoltura.org\/parma\/wp-content\/uploads\/sites\/10\/2023\/09\/001-PAGINA-1-007-Il-Cuoco-e-il-Contadino-in-tour.jpeg\",\"contentUrl\":\"https:\/\/www.confagricoltura.org\/parma\/wp-content\/uploads\/sites\/10\/2023\/09\/001-PAGINA-1-007-Il-Cuoco-e-il-Contadino-in-tour.jpeg\",\"width\":2048,\"height\":1536},{\"@type\":\"BreadcrumbList\",\"@id\":\"https:\/\/www.confagricoltura.org\/parma\/il-cuoco-e-il-contadino-in-tour\/#breadcrumb\",\"itemListElement\":[{\"@type\":\"ListItem\",\"position\":1,\"name\":\"Home\",\"item\":\"https:\/\/www.confagricoltura.org\/parma\/\"},{\"@type\":\"ListItem\",\"position\":2,\"name\":\"&#8220;Il Cuoco e il Contadino&#8230;in tour&#8221;\"}]},{\"@type\":\"WebSite\",\"@id\":\"https:\/\/www.confagricoltura.org\/parma\/#website\",\"url\":\"https:\/\/www.confagricoltura.org\/parma\/\",\"name\":\"Confagricoltura Parma\",\"description\":\"Dalla parte degli Agricoltori\",\"potentialAction\":[{\"@type\":\"SearchAction\",\"target\":{\"@type\":\"EntryPoint\",\"urlTemplate\":\"https:\/\/www.confagricoltura.org\/parma\/?s={search_term_string}\"},\"query-input\":{\"@type\":\"PropertyValueSpecification\",\"valueRequired\":true,\"valueName\":\"search_term_string\"}}],\"inLanguage\":\"it-IT\"},{\"@type\":\"Person\",\"@id\":\"https:\/\/www.confagricoltura.org\/parma\/#\/schema\/person\/3cd4548d78b676877beb0651a1b885a7\",\"name\":\"confagricolturaparma\",\"image\":{\"@type\":\"ImageObject\",\"inLanguage\":\"it-IT\",\"@id\":\"https:\/\/www.confagricoltura.org\/parma\/#\/schema\/person\/image\/\",\"url\":\"https:\/\/secure.gravatar.com\/avatar\/b5b08888682650e8feabb958d1a675c2?s=96&d=mm&r=g\",\"contentUrl\":\"https:\/\/secure.gravatar.com\/avatar\/b5b08888682650e8feabb958d1a675c2?s=96&d=mm&r=g\",\"caption\":\"confagricolturaparma\"},\"url\":\"https:\/\/www.confagricoltura.org\/parma\/author\/confagricolturaparma\/\"}]}<\/script>\n<!-- \/ Yoast SEO plugin. -->","yoast_head_json":{"title":"\"Il Cuoco e il Contadino...in tour\" - Confagricoltura Parma","robots":{"index":"index","follow":"follow","max-snippet":"max-snippet:-1","max-image-preview":"max-image-preview:large","max-video-preview":"max-video-preview:-1"},"canonical":"https:\/\/www.confagricoltura.org\/parma\/il-cuoco-e-il-contadino-in-tour\/","og_locale":"it_IT","og_type":"article","og_title":"\"Il Cuoco e il Contadino...in tour\" - Confagricoltura Parma","og_description":"Il progetto di Confagricoltura Parma e Pqr si estende ai \"Musei del Cibo\".","og_url":"https:\/\/www.confagricoltura.org\/parma\/il-cuoco-e-il-contadino-in-tour\/","og_site_name":"Confagricoltura Parma","article_published_time":"2023-09-19T16:13:10+00:00","article_modified_time":"2023-09-25T08:27:41+00:00","og_image":[{"width":2048,"height":1536,"url":"https:\/\/www.confagricoltura.org\/parma\/wp-content\/uploads\/sites\/10\/2023\/09\/001-PAGINA-1-007-Il-Cuoco-e-il-Contadino-in-tour.jpeg","type":"image\/jpeg"}],"author":"confagricolturaparma","twitter_card":"summary_large_image","twitter_misc":{"Scritto da":"confagricolturaparma","Tempo di lettura stimato":"3 minuti"},"schema":{"@context":"https:\/\/schema.org","@graph":[{"@type":"Article","@id":"https:\/\/www.confagricoltura.org\/parma\/il-cuoco-e-il-contadino-in-tour\/#article","isPartOf":{"@id":"https:\/\/www.confagricoltura.org\/parma\/il-cuoco-e-il-contadino-in-tour\/"},"author":{"name":"confagricolturaparma","@id":"https:\/\/www.confagricoltura.org\/parma\/#\/schema\/person\/3cd4548d78b676877beb0651a1b885a7"},"headline":"&#8220;Il Cuoco e il Contadino&#8230;in tour&#8221;","datePublished":"2023-09-19T16:13:10+00:00","dateModified":"2023-09-25T08:27:41+00:00","mainEntityOfPage":{"@id":"https:\/\/www.confagricoltura.org\/parma\/il-cuoco-e-il-contadino-in-tour\/"},"wordCount":602,"image":{"@id":"https:\/\/www.confagricoltura.org\/parma\/il-cuoco-e-il-contadino-in-tour\/#primaryimage"},"thumbnailUrl":"https:\/\/www.confagricoltura.org\/parma\/wp-content\/uploads\/sites\/10\/2023\/09\/001-PAGINA-1-007-Il-Cuoco-e-il-Contadino-in-tour.jpeg","articleSection":["News"],"inLanguage":"it-IT"},{"@type":"WebPage","@id":"https:\/\/www.confagricoltura.org\/parma\/il-cuoco-e-il-contadino-in-tour\/","url":"https:\/\/www.confagricoltura.org\/parma\/il-cuoco-e-il-contadino-in-tour\/","name":"\"Il Cuoco e il Contadino...in tour\" - Confagricoltura Parma","isPartOf":{"@id":"https:\/\/www.confagricoltura.org\/parma\/#website"},"primaryImageOfPage":{"@id":"https:\/\/www.confagricoltura.org\/parma\/il-cuoco-e-il-contadino-in-tour\/#primaryimage"},"image":{"@id":"https:\/\/www.confagricoltura.org\/parma\/il-cuoco-e-il-contadino-in-tour\/#primaryimage"},"thumbnailUrl":"https:\/\/www.confagricoltura.org\/parma\/wp-content\/uploads\/sites\/10\/2023\/09\/001-PAGINA-1-007-Il-Cuoco-e-il-Contadino-in-tour.jpeg","datePublished":"2023-09-19T16:13:10+00:00","dateModified":"2023-09-25T08:27:41+00:00","author":{"@id":"https:\/\/www.confagricoltura.org\/parma\/#\/schema\/person\/3cd4548d78b676877beb0651a1b885a7"},"breadcrumb":{"@id":"https:\/\/www.confagricoltura.org\/parma\/il-cuoco-e-il-contadino-in-tour\/#breadcrumb"},"inLanguage":"it-IT","potentialAction":[{"@type":"ReadAction","target":["https:\/\/www.confagricoltura.org\/parma\/il-cuoco-e-il-contadino-in-tour\/"]}]},{"@type":"ImageObject","inLanguage":"it-IT","@id":"https:\/\/www.confagricoltura.org\/parma\/il-cuoco-e-il-contadino-in-tour\/#primaryimage","url":"https:\/\/www.confagricoltura.org\/parma\/wp-content\/uploads\/sites\/10\/2023\/09\/001-PAGINA-1-007-Il-Cuoco-e-il-Contadino-in-tour.jpeg","contentUrl":"https:\/\/www.confagricoltura.org\/parma\/wp-content\/uploads\/sites\/10\/2023\/09\/001-PAGINA-1-007-Il-Cuoco-e-il-Contadino-in-tour.jpeg","width":2048,"height":1536},{"@type":"BreadcrumbList","@id":"https:\/\/www.confagricoltura.org\/parma\/il-cuoco-e-il-contadino-in-tour\/#breadcrumb","itemListElement":[{"@type":"ListItem","position":1,"name":"Home","item":"https:\/\/www.confagricoltura.org\/parma\/"},{"@type":"ListItem","position":2,"name":"&#8220;Il Cuoco e il Contadino&#8230;in tour&#8221;"}]},{"@type":"WebSite","@id":"https:\/\/www.confagricoltura.org\/parma\/#website","url":"https:\/\/www.confagricoltura.org\/parma\/","name":"Confagricoltura Parma","description":"Dalla parte degli Agricoltori","potentialAction":[{"@type":"SearchAction","target":{"@type":"EntryPoint","urlTemplate":"https:\/\/www.confagricoltura.org\/parma\/?s={search_term_string}"},"query-input":{"@type":"PropertyValueSpecification","valueRequired":true,"valueName":"search_term_string"}}],"inLanguage":"it-IT"},{"@type":"Person","@id":"https:\/\/www.confagricoltura.org\/parma\/#\/schema\/person\/3cd4548d78b676877beb0651a1b885a7","name":"confagricolturaparma","image":{"@type":"ImageObject","inLanguage":"it-IT","@id":"https:\/\/www.confagricoltura.org\/parma\/#\/schema\/person\/image\/","url":"https:\/\/secure.gravatar.com\/avatar\/b5b08888682650e8feabb958d1a675c2?s=96&d=mm&r=g","contentUrl":"https:\/\/secure.gravatar.com\/avatar\/b5b08888682650e8feabb958d1a675c2?s=96&d=mm&r=g","caption":"confagricolturaparma"},"url":"https:\/\/www.confagricoltura.org\/parma\/author\/confagricolturaparma\/"}]}},"_links":{"self":[{"href":"https:\/\/www.confagricoltura.org\/parma\/wp-json\/wp\/v2\/posts\/2818","targetHints":{"allow":["GET"]}}],"collection":[{"href":"https:\/\/www.confagricoltura.org\/parma\/wp-json\/wp\/v2\/posts"}],"about":[{"href":"https:\/\/www.confagricoltura.org\/parma\/wp-json\/wp\/v2\/types\/post"}],"author":[{"embeddable":true,"href":"https:\/\/www.confagricoltura.org\/parma\/wp-json\/wp\/v2\/users\/5"}],"replies":[{"embeddable":true,"href":"https:\/\/www.confagricoltura.org\/parma\/wp-json\/wp\/v2\/comments?post=2818"}],"version-history":[{"count":4,"href":"https:\/\/www.confagricoltura.org\/parma\/wp-json\/wp\/v2\/posts\/2818\/revisions"}],"predecessor-version":[{"id":2824,"href":"https:\/\/www.confagricoltura.org\/parma\/wp-json\/wp\/v2\/posts\/2818\/revisions\/2824"}],"wp:featuredmedia":[{"embeddable":true,"href":"https:\/\/www.confagricoltura.org\/parma\/wp-json\/wp\/v2\/media\/2819"}],"wp:attachment":[{"href":"https:\/\/www.confagricoltura.org\/parma\/wp-json\/wp\/v2\/media?parent=2818"}],"wp:term":[{"taxonomy":"category","embeddable":true,"href":"https:\/\/www.confagricoltura.org\/parma\/wp-json\/wp\/v2\/categories?post=2818"},{"taxonomy":"post_tag","embeddable":true,"href":"https:\/\/www.confagricoltura.org\/parma\/wp-json\/wp\/v2\/tags?post=2818"}],"curies":[{"name":"wp","href":"https:\/\/api.w.org\/{rel}","templated":true}]}}