{"id":2796,"date":"2023-09-06T17:09:00","date_gmt":"2023-09-06T15:09:00","guid":{"rendered":"https:\/\/www.confagricoltura.org\/parma\/?p=2796"},"modified":"2023-09-11T17:13:49","modified_gmt":"2023-09-11T15:13:49","slug":"prosciutto-di-parma-in-vigore-il-nuovo-disciplinare","status":"publish","type":"post","link":"https:\/\/www.confagricoltura.org\/parma\/prosciutto-di-parma-in-vigore-il-nuovo-disciplinare\/","title":{"rendered":"Prosciutto di Parma, in vigore il nuovo disciplinare"},"content":{"rendered":"\n<p>Sono entrati in vigore (il 4 settembre) i nuovi piani di controllo delle dop <strong>Prosciutto di Parma<\/strong> e Prosciutto di San Daniele con l\u2019aggiornamento dei disciplinari di produzione.&nbsp;<\/p>\n\n\n\n<p>L\u2019argomento \u00e8 stato notevolmente dibattuto nei giorni scorsi anche in occasione dell\u2019incontro della sezione suinicola di <strong>Confagricoltura Emilia-Romagna <\/strong>che \u00e8 stato ospitato nella sede di <strong>Confagricoltura Parma<\/strong> alla presenza di <strong>Rudy Milani<\/strong>, presidente della federazione nazionale di prodotto suinicola di Confagricoltura, e di <strong>Andrea Cavazzuti<\/strong>, presidente regionale della sezione suinicola.&nbsp;<\/p>\n\n\n\n<p>I disciplinari Dop del Prosciutto di Parma e del Prosciutto di San Daniele &#8211; spiega Confagricoltura &#8211;&nbsp; intervengono su ogni fase della vita dell\u2019animale: dalle tecniche di allevamento, agli alimenti consentiti, alle loro quantit\u00e0 e modalit\u00e0 di somministrazione. I nuovi piani di controllo delle Dop comporteranno per gli allevatori una serie di adempimenti, tra cui una regolamentazione pi\u00f9 stringente della genetica dei suini utilizzabile, delle fasi di allevamento, dei criteri di alimentazione e delle tariffe. Gli allevatori dovranno rispettare complesse normative, applicando nuove regole di controllo, aspettandosi a stretto giro verifiche da parte degli istituti di controllo.&nbsp;<\/p>\n\n\n\n<p>\u201c\u00c8 chiaro che il nuovo piano dei controlli incider\u00e0 fortemente sul settore suinicolo &#8211; commenta Milani -. Per questo motivo, fin da subito, Confagricoltura si \u00e8 fatta portavoce degli allevatori, collaborando per alleggerire e smussare le richieste degli adempimenti che andranno a pesare sulla filiera. L\u2019attuazione dei nuovi piani porter\u00e0 con s\u00e9 diverse problematiche. C\u2019\u00e8 molta informatica e non tutte le aziende sono pronte ad affrontare questi cambiamenti, in alcuni casi radicali. Per quanto riguarda i controlli, relativamente all\u2019emergenza della Peste suina africana, le regioni Piemonte e Lombardia hanno accolto favorevolmente la proposta di Confagricoltura di sospendere l\u2019ingresso di tutti gli enti che a vario titolo entrano nelle aziende per eseguire controlli che, in una scala di priorit\u00e0, vista la situazione emergenziale, possono essere procrastinati pi\u00f9 in l\u00e0 nel tempo, per evitare la possibilit\u00e0 di diffondere problematiche sanitarie all\u2019interno delle aziende\u201d.<\/p>\n\n\n\n<p>\u201c\u00c8 necessario &#8211; aggiunge <strong>Giovanna Parmigiani<\/strong>, componente della giunta nazionale di Confagricoltura &#8211; che tutta la filiera suinicola lavori nella stessa direzione, nel rispetto di disciplinari e regole, in particolare in questa gravosa situazione in cui la presenza della peste suina africana \u00e8 sempre pi\u00f9 pressante. Tra gli enti controllori i cui ispettori entrano in azienda si inseriscono anche <strong>Csqa<\/strong> ed <strong>Ifcq<\/strong>, si tratta di controlli sicuramente importanti per garantire la qualit\u00e0 dei prodotti Dop, ma sarebbe bene che fossero momentaneamente sospesi o eseguiti senza l\u2019ingresso fisico dell\u2019ispettore dentro l\u2019azienda. Data l\u2019allerta presente anche sul nostro territorio, auspichiamo che anche la regione Emilia-Romagna possa accogliere la proposta di Confagricoltura sulla procrastinazione dei controlli non essenziali. Al contempo \u2013 conclude &#8211; richiamiamo tutti gli allevatori a rispettare le regole, senza dimenticare quelle pi\u00f9 banali sulla biosicurezza\u201d.<\/p>\n\n\n\n<p>\u201cStiamo attraversando un momento difficile &#8211; ha poi aggiunto Milani -. Ogni componente della filiera deve fare la propria parte e comunicare situazioni particolari all\u2019<strong>Asl<\/strong>. Ogni camion in entrata deve essere disinfettato. Gli allevatori hanno bisogno di garanzie e sicurezze sanitarie. Al tavolo ministeriale sollever\u00f2 la questione. Dobbiamo adeguarci in fretta alle misure di biosicurezza rafforzata inclusa la recinzione obbligatoria anti-bestiame: \u00e8 l\u2019unica chance che abbiamo per continuare a operare\u201d. Concetto ribadito anche da Cavazzuti che ha invitato \u201ca prestare massima attenzione, a vigilare sugli ingressi e a farsi trovare pronti in materia di biosicurezza\u201d.<\/p>\n\n\n\n<p><\/p>\n","protected":false},"excerpt":{"rendered":"<p>Massima attenzione sul fronte della Peste Suina Africana. <\/p>\n","protected":false},"author":5,"featured_media":2797,"comment_status":"closed","ping_status":"closed","sticky":false,"template":"","format":"standard","meta":{"wp_mapbox_gl_js_media":[],"footnotes":""},"categories":[4,14],"tags":[],"class_list":["post-2796","post","type-post","status-publish","format-standard","has-post-thumbnail","hentry","category-news","category-settore-suinicolo"],"yoast_head":"<!-- This site is optimized with the Yoast SEO plugin v26.8 - https:\/\/yoast.com\/product\/yoast-seo-wordpress\/ -->\n<title>Prosciutto di Parma, in vigore il nuovo disciplinare - Confagricoltura Parma<\/title>\n<meta name=\"robots\" content=\"index, follow, max-snippet:-1, max-image-preview:large, max-video-preview:-1\" \/>\n<link rel=\"canonical\" href=\"https:\/\/www.confagricoltura.org\/parma\/prosciutto-di-parma-in-vigore-il-nuovo-disciplinare\/\" \/>\n<meta property=\"og:locale\" content=\"it_IT\" \/>\n<meta property=\"og:type\" content=\"article\" \/>\n<meta property=\"og:title\" content=\"Prosciutto di Parma, in vigore il nuovo disciplinare - Confagricoltura Parma\" \/>\n<meta property=\"og:description\" content=\"Massima attenzione sul fronte della Peste Suina Africana.\" \/>\n<meta property=\"og:url\" content=\"https:\/\/www.confagricoltura.org\/parma\/prosciutto-di-parma-in-vigore-il-nuovo-disciplinare\/\" \/>\n<meta property=\"og:site_name\" content=\"Confagricoltura Parma\" \/>\n<meta property=\"article:published_time\" content=\"2023-09-06T15:09:00+00:00\" \/>\n<meta property=\"article:modified_time\" content=\"2023-09-11T15:13:49+00:00\" \/>\n<meta property=\"og:image\" content=\"https:\/\/www.confagricoltura.org\/parma\/wp-content\/uploads\/sites\/10\/2023\/09\/001-PROSCIUTTO-DI-PARMA-Nuovo-disciplinare-Confagricoltura-Allevatori-pronti-a-fare-la-propria-parte.jpg\" \/>\n\t<meta property=\"og:image:width\" content=\"1600\" \/>\n\t<meta property=\"og:image:height\" content=\"720\" \/>\n\t<meta property=\"og:image:type\" content=\"image\/jpeg\" \/>\n<meta name=\"author\" content=\"confagricolturaparma\" \/>\n<meta name=\"twitter:card\" content=\"summary_large_image\" \/>\n<meta name=\"twitter:label1\" content=\"Scritto da\" \/>\n\t<meta name=\"twitter:data1\" content=\"confagricolturaparma\" \/>\n\t<meta name=\"twitter:label2\" content=\"Tempo di lettura stimato\" \/>\n\t<meta name=\"twitter:data2\" content=\"3 minuti\" \/>\n<script type=\"application\/ld+json\" class=\"yoast-schema-graph\">{\"@context\":\"https:\/\/schema.org\",\"@graph\":[{\"@type\":\"Article\",\"@id\":\"https:\/\/www.confagricoltura.org\/parma\/prosciutto-di-parma-in-vigore-il-nuovo-disciplinare\/#article\",\"isPartOf\":{\"@id\":\"https:\/\/www.confagricoltura.org\/parma\/prosciutto-di-parma-in-vigore-il-nuovo-disciplinare\/\"},\"author\":{\"name\":\"confagricolturaparma\",\"@id\":\"https:\/\/www.confagricoltura.org\/parma\/#\/schema\/person\/3cd4548d78b676877beb0651a1b885a7\"},\"headline\":\"Prosciutto di Parma, in vigore il nuovo disciplinare\",\"datePublished\":\"2023-09-06T15:09:00+00:00\",\"dateModified\":\"2023-09-11T15:13:49+00:00\",\"mainEntityOfPage\":{\"@id\":\"https:\/\/www.confagricoltura.org\/parma\/prosciutto-di-parma-in-vigore-il-nuovo-disciplinare\/\"},\"wordCount\":563,\"image\":{\"@id\":\"https:\/\/www.confagricoltura.org\/parma\/prosciutto-di-parma-in-vigore-il-nuovo-disciplinare\/#primaryimage\"},\"thumbnailUrl\":\"https:\/\/www.confagricoltura.org\/parma\/wp-content\/uploads\/sites\/10\/2023\/09\/001-PROSCIUTTO-DI-PARMA-Nuovo-disciplinare-Confagricoltura-Allevatori-pronti-a-fare-la-propria-parte.jpg\",\"articleSection\":[\"News\",\"Settore suinicolo\"],\"inLanguage\":\"it-IT\"},{\"@type\":\"WebPage\",\"@id\":\"https:\/\/www.confagricoltura.org\/parma\/prosciutto-di-parma-in-vigore-il-nuovo-disciplinare\/\",\"url\":\"https:\/\/www.confagricoltura.org\/parma\/prosciutto-di-parma-in-vigore-il-nuovo-disciplinare\/\",\"name\":\"Prosciutto di Parma, in vigore il nuovo disciplinare - Confagricoltura Parma\",\"isPartOf\":{\"@id\":\"https:\/\/www.confagricoltura.org\/parma\/#website\"},\"primaryImageOfPage\":{\"@id\":\"https:\/\/www.confagricoltura.org\/parma\/prosciutto-di-parma-in-vigore-il-nuovo-disciplinare\/#primaryimage\"},\"image\":{\"@id\":\"https:\/\/www.confagricoltura.org\/parma\/prosciutto-di-parma-in-vigore-il-nuovo-disciplinare\/#primaryimage\"},\"thumbnailUrl\":\"https:\/\/www.confagricoltura.org\/parma\/wp-content\/uploads\/sites\/10\/2023\/09\/001-PROSCIUTTO-DI-PARMA-Nuovo-disciplinare-Confagricoltura-Allevatori-pronti-a-fare-la-propria-parte.jpg\",\"datePublished\":\"2023-09-06T15:09:00+00:00\",\"dateModified\":\"2023-09-11T15:13:49+00:00\",\"author\":{\"@id\":\"https:\/\/www.confagricoltura.org\/parma\/#\/schema\/person\/3cd4548d78b676877beb0651a1b885a7\"},\"breadcrumb\":{\"@id\":\"https:\/\/www.confagricoltura.org\/parma\/prosciutto-di-parma-in-vigore-il-nuovo-disciplinare\/#breadcrumb\"},\"inLanguage\":\"it-IT\",\"potentialAction\":[{\"@type\":\"ReadAction\",\"target\":[\"https:\/\/www.confagricoltura.org\/parma\/prosciutto-di-parma-in-vigore-il-nuovo-disciplinare\/\"]}]},{\"@type\":\"ImageObject\",\"inLanguage\":\"it-IT\",\"@id\":\"https:\/\/www.confagricoltura.org\/parma\/prosciutto-di-parma-in-vigore-il-nuovo-disciplinare\/#primaryimage\",\"url\":\"https:\/\/www.confagricoltura.org\/parma\/wp-content\/uploads\/sites\/10\/2023\/09\/001-PROSCIUTTO-DI-PARMA-Nuovo-disciplinare-Confagricoltura-Allevatori-pronti-a-fare-la-propria-parte.jpg\",\"contentUrl\":\"https:\/\/www.confagricoltura.org\/parma\/wp-content\/uploads\/sites\/10\/2023\/09\/001-PROSCIUTTO-DI-PARMA-Nuovo-disciplinare-Confagricoltura-Allevatori-pronti-a-fare-la-propria-parte.jpg\",\"width\":1600,\"height\":720,\"caption\":\"Un momento dell\u2019incontro dei suinicoltori nella sede di Confagricoltura Parma.\"},{\"@type\":\"BreadcrumbList\",\"@id\":\"https:\/\/www.confagricoltura.org\/parma\/prosciutto-di-parma-in-vigore-il-nuovo-disciplinare\/#breadcrumb\",\"itemListElement\":[{\"@type\":\"ListItem\",\"position\":1,\"name\":\"Home\",\"item\":\"https:\/\/www.confagricoltura.org\/parma\/\"},{\"@type\":\"ListItem\",\"position\":2,\"name\":\"Prosciutto di Parma, in vigore il nuovo disciplinare\"}]},{\"@type\":\"WebSite\",\"@id\":\"https:\/\/www.confagricoltura.org\/parma\/#website\",\"url\":\"https:\/\/www.confagricoltura.org\/parma\/\",\"name\":\"Confagricoltura Parma\",\"description\":\"Dalla parte degli Agricoltori\",\"potentialAction\":[{\"@type\":\"SearchAction\",\"target\":{\"@type\":\"EntryPoint\",\"urlTemplate\":\"https:\/\/www.confagricoltura.org\/parma\/?s={search_term_string}\"},\"query-input\":{\"@type\":\"PropertyValueSpecification\",\"valueRequired\":true,\"valueName\":\"search_term_string\"}}],\"inLanguage\":\"it-IT\"},{\"@type\":\"Person\",\"@id\":\"https:\/\/www.confagricoltura.org\/parma\/#\/schema\/person\/3cd4548d78b676877beb0651a1b885a7\",\"name\":\"confagricolturaparma\",\"image\":{\"@type\":\"ImageObject\",\"inLanguage\":\"it-IT\",\"@id\":\"https:\/\/www.confagricoltura.org\/parma\/#\/schema\/person\/image\/\",\"url\":\"https:\/\/secure.gravatar.com\/avatar\/b5b08888682650e8feabb958d1a675c2?s=96&d=mm&r=g\",\"contentUrl\":\"https:\/\/secure.gravatar.com\/avatar\/b5b08888682650e8feabb958d1a675c2?s=96&d=mm&r=g\",\"caption\":\"confagricolturaparma\"},\"url\":\"https:\/\/www.confagricoltura.org\/parma\/author\/confagricolturaparma\/\"}]}<\/script>\n<!-- \/ Yoast SEO plugin. -->","yoast_head_json":{"title":"Prosciutto di Parma, in vigore il nuovo disciplinare - Confagricoltura Parma","robots":{"index":"index","follow":"follow","max-snippet":"max-snippet:-1","max-image-preview":"max-image-preview:large","max-video-preview":"max-video-preview:-1"},"canonical":"https:\/\/www.confagricoltura.org\/parma\/prosciutto-di-parma-in-vigore-il-nuovo-disciplinare\/","og_locale":"it_IT","og_type":"article","og_title":"Prosciutto di Parma, in vigore il nuovo disciplinare - Confagricoltura Parma","og_description":"Massima attenzione sul fronte della Peste Suina Africana.","og_url":"https:\/\/www.confagricoltura.org\/parma\/prosciutto-di-parma-in-vigore-il-nuovo-disciplinare\/","og_site_name":"Confagricoltura Parma","article_published_time":"2023-09-06T15:09:00+00:00","article_modified_time":"2023-09-11T15:13:49+00:00","og_image":[{"width":1600,"height":720,"url":"https:\/\/www.confagricoltura.org\/parma\/wp-content\/uploads\/sites\/10\/2023\/09\/001-PROSCIUTTO-DI-PARMA-Nuovo-disciplinare-Confagricoltura-Allevatori-pronti-a-fare-la-propria-parte.jpg","type":"image\/jpeg"}],"author":"confagricolturaparma","twitter_card":"summary_large_image","twitter_misc":{"Scritto da":"confagricolturaparma","Tempo di lettura stimato":"3 minuti"},"schema":{"@context":"https:\/\/schema.org","@graph":[{"@type":"Article","@id":"https:\/\/www.confagricoltura.org\/parma\/prosciutto-di-parma-in-vigore-il-nuovo-disciplinare\/#article","isPartOf":{"@id":"https:\/\/www.confagricoltura.org\/parma\/prosciutto-di-parma-in-vigore-il-nuovo-disciplinare\/"},"author":{"name":"confagricolturaparma","@id":"https:\/\/www.confagricoltura.org\/parma\/#\/schema\/person\/3cd4548d78b676877beb0651a1b885a7"},"headline":"Prosciutto di Parma, in vigore il nuovo disciplinare","datePublished":"2023-09-06T15:09:00+00:00","dateModified":"2023-09-11T15:13:49+00:00","mainEntityOfPage":{"@id":"https:\/\/www.confagricoltura.org\/parma\/prosciutto-di-parma-in-vigore-il-nuovo-disciplinare\/"},"wordCount":563,"image":{"@id":"https:\/\/www.confagricoltura.org\/parma\/prosciutto-di-parma-in-vigore-il-nuovo-disciplinare\/#primaryimage"},"thumbnailUrl":"https:\/\/www.confagricoltura.org\/parma\/wp-content\/uploads\/sites\/10\/2023\/09\/001-PROSCIUTTO-DI-PARMA-Nuovo-disciplinare-Confagricoltura-Allevatori-pronti-a-fare-la-propria-parte.jpg","articleSection":["News","Settore suinicolo"],"inLanguage":"it-IT"},{"@type":"WebPage","@id":"https:\/\/www.confagricoltura.org\/parma\/prosciutto-di-parma-in-vigore-il-nuovo-disciplinare\/","url":"https:\/\/www.confagricoltura.org\/parma\/prosciutto-di-parma-in-vigore-il-nuovo-disciplinare\/","name":"Prosciutto di Parma, in vigore il nuovo disciplinare - Confagricoltura Parma","isPartOf":{"@id":"https:\/\/www.confagricoltura.org\/parma\/#website"},"primaryImageOfPage":{"@id":"https:\/\/www.confagricoltura.org\/parma\/prosciutto-di-parma-in-vigore-il-nuovo-disciplinare\/#primaryimage"},"image":{"@id":"https:\/\/www.confagricoltura.org\/parma\/prosciutto-di-parma-in-vigore-il-nuovo-disciplinare\/#primaryimage"},"thumbnailUrl":"https:\/\/www.confagricoltura.org\/parma\/wp-content\/uploads\/sites\/10\/2023\/09\/001-PROSCIUTTO-DI-PARMA-Nuovo-disciplinare-Confagricoltura-Allevatori-pronti-a-fare-la-propria-parte.jpg","datePublished":"2023-09-06T15:09:00+00:00","dateModified":"2023-09-11T15:13:49+00:00","author":{"@id":"https:\/\/www.confagricoltura.org\/parma\/#\/schema\/person\/3cd4548d78b676877beb0651a1b885a7"},"breadcrumb":{"@id":"https:\/\/www.confagricoltura.org\/parma\/prosciutto-di-parma-in-vigore-il-nuovo-disciplinare\/#breadcrumb"},"inLanguage":"it-IT","potentialAction":[{"@type":"ReadAction","target":["https:\/\/www.confagricoltura.org\/parma\/prosciutto-di-parma-in-vigore-il-nuovo-disciplinare\/"]}]},{"@type":"ImageObject","inLanguage":"it-IT","@id":"https:\/\/www.confagricoltura.org\/parma\/prosciutto-di-parma-in-vigore-il-nuovo-disciplinare\/#primaryimage","url":"https:\/\/www.confagricoltura.org\/parma\/wp-content\/uploads\/sites\/10\/2023\/09\/001-PROSCIUTTO-DI-PARMA-Nuovo-disciplinare-Confagricoltura-Allevatori-pronti-a-fare-la-propria-parte.jpg","contentUrl":"https:\/\/www.confagricoltura.org\/parma\/wp-content\/uploads\/sites\/10\/2023\/09\/001-PROSCIUTTO-DI-PARMA-Nuovo-disciplinare-Confagricoltura-Allevatori-pronti-a-fare-la-propria-parte.jpg","width":1600,"height":720,"caption":"Un momento dell\u2019incontro dei suinicoltori nella sede di Confagricoltura Parma."},{"@type":"BreadcrumbList","@id":"https:\/\/www.confagricoltura.org\/parma\/prosciutto-di-parma-in-vigore-il-nuovo-disciplinare\/#breadcrumb","itemListElement":[{"@type":"ListItem","position":1,"name":"Home","item":"https:\/\/www.confagricoltura.org\/parma\/"},{"@type":"ListItem","position":2,"name":"Prosciutto di Parma, in vigore il nuovo disciplinare"}]},{"@type":"WebSite","@id":"https:\/\/www.confagricoltura.org\/parma\/#website","url":"https:\/\/www.confagricoltura.org\/parma\/","name":"Confagricoltura Parma","description":"Dalla parte degli Agricoltori","potentialAction":[{"@type":"SearchAction","target":{"@type":"EntryPoint","urlTemplate":"https:\/\/www.confagricoltura.org\/parma\/?s={search_term_string}"},"query-input":{"@type":"PropertyValueSpecification","valueRequired":true,"valueName":"search_term_string"}}],"inLanguage":"it-IT"},{"@type":"Person","@id":"https:\/\/www.confagricoltura.org\/parma\/#\/schema\/person\/3cd4548d78b676877beb0651a1b885a7","name":"confagricolturaparma","image":{"@type":"ImageObject","inLanguage":"it-IT","@id":"https:\/\/www.confagricoltura.org\/parma\/#\/schema\/person\/image\/","url":"https:\/\/secure.gravatar.com\/avatar\/b5b08888682650e8feabb958d1a675c2?s=96&d=mm&r=g","contentUrl":"https:\/\/secure.gravatar.com\/avatar\/b5b08888682650e8feabb958d1a675c2?s=96&d=mm&r=g","caption":"confagricolturaparma"},"url":"https:\/\/www.confagricoltura.org\/parma\/author\/confagricolturaparma\/"}]}},"_links":{"self":[{"href":"https:\/\/www.confagricoltura.org\/parma\/wp-json\/wp\/v2\/posts\/2796","targetHints":{"allow":["GET"]}}],"collection":[{"href":"https:\/\/www.confagricoltura.org\/parma\/wp-json\/wp\/v2\/posts"}],"about":[{"href":"https:\/\/www.confagricoltura.org\/parma\/wp-json\/wp\/v2\/types\/post"}],"author":[{"embeddable":true,"href":"https:\/\/www.confagricoltura.org\/parma\/wp-json\/wp\/v2\/users\/5"}],"replies":[{"embeddable":true,"href":"https:\/\/www.confagricoltura.org\/parma\/wp-json\/wp\/v2\/comments?post=2796"}],"version-history":[{"count":3,"href":"https:\/\/www.confagricoltura.org\/parma\/wp-json\/wp\/v2\/posts\/2796\/revisions"}],"predecessor-version":[{"id":2800,"href":"https:\/\/www.confagricoltura.org\/parma\/wp-json\/wp\/v2\/posts\/2796\/revisions\/2800"}],"wp:featuredmedia":[{"embeddable":true,"href":"https:\/\/www.confagricoltura.org\/parma\/wp-json\/wp\/v2\/media\/2797"}],"wp:attachment":[{"href":"https:\/\/www.confagricoltura.org\/parma\/wp-json\/wp\/v2\/media?parent=2796"}],"wp:term":[{"taxonomy":"category","embeddable":true,"href":"https:\/\/www.confagricoltura.org\/parma\/wp-json\/wp\/v2\/categories?post=2796"},{"taxonomy":"post_tag","embeddable":true,"href":"https:\/\/www.confagricoltura.org\/parma\/wp-json\/wp\/v2\/tags?post=2796"}],"curies":[{"name":"wp","href":"https:\/\/api.w.org\/{rel}","templated":true}]}}