{"id":2682,"date":"2023-07-05T19:07:00","date_gmt":"2023-07-05T17:07:00","guid":{"rendered":"https:\/\/www.confagricoltura.org\/parma\/?p=2682"},"modified":"2023-07-06T19:10:36","modified_gmt":"2023-07-06T17:10:36","slug":"orzo-campagna-2023-molto-complicata","status":"publish","type":"post","link":"https:\/\/www.confagricoltura.org\/parma\/orzo-campagna-2023-molto-complicata\/","title":{"rendered":"Orzo, campagna 2023 complessa"},"content":{"rendered":"\n<p>Rese per ettaro e peso specifico bassi e quotazioni in picchiata, a fronte di costi di produzione che restano elevati con tendenze al rialzo. \u00c8 stata una <strong>campagna dell\u2019orzo molto <\/strong>complessa quella che nel Parmense ha visto interessata una superficie di <strong>1.753 ettari<\/strong>.&nbsp;<\/p>\n\n\n\n<p>A fare un primo bilancio della situazione \u00e8 <strong>Andrea Rossi<\/strong>, presidente della sezione cerealicola di <strong>Confagricoltura Parma<\/strong>.&nbsp;<\/p>\n\n\n\n<p>\u201cAbbiamo affrontato una campagna di trebbiatura dell\u2019orzo molto negativa &#8211; spiega Rossi -. Nell\u2019areale parmense abbiamo registrato una resa per ettaro piuttosto bassa, <strong>intorno ai 50 quintali per ettaro in media<\/strong>, con un ridotto peso specifico: tra i 55 e i 60 kg\/hl. Tutto questo in un quadro generale di quotazioni in picchiata: i valori si sono dimezzati visto che si \u00e8 passati dai 29-30 euro il quintale di un anno fa ai circa <strong>16 euro al quintale di oggi<\/strong>\u201d.&nbsp;<\/p>\n\n\n\n<p>\u201cLe ragioni di queste difficolt\u00e0 &#8211; aggiunge <strong>Alessandro Botti<\/strong>, commissario della <strong>Borsa merci di Parma<\/strong> per cereali e granaglie &#8211; sono imputabili a diversi fattori. Le condizioni meteo della primavera non hanno giocato a nostro favore: abbiamo dovuto fronteggiare un eccesso di piovosit\u00e0, a maggio, nel momento della maturazione con una buona parte dell\u2019orzo allettato\u201d.&nbsp;<\/p>\n\n\n\n<p>In questa fase a preoccupare sono soprattutto le <strong>prospettive di quotazioni che rischiano di restare basse<\/strong>. \u201cNel 2022 &#8211; spiega Rossi &#8211; il mercato fu fortemente influenzato dalle dinamiche conseguenti allo scoppio della guerra in Ucraina che produsse un\u2019aspettativa generale di carenza di prodotto e, di conseguenza, un\u2019elevata valutazione che raggiunse anche i 30 euro il quintale. Oggi, invece, ci ritroviamo in uno scenario completamente mutato con un <strong>prodotto sottovalutato in termini di prezzo<\/strong>\u201d.&nbsp;<\/p>\n\n\n\n<p>Da qui l\u2019analisi di <strong>Confagricoltura Parma<\/strong> che parla di \u201cuna forte speculazione finanziaria a livello globale che ha comportato significativi contraccolpi in un mercato che un anno fa temeva una scarsit\u00e0 di prodotto che poi non c\u2019\u00e8 stata con un aumento delle importazioni incontrollate dai paesi dell\u2019Est Europa, a discapito del prodotto nazionale. Il reddito finale dei produttori italiani, pertanto, rischia di essere piuttosto risicato dal momento che i costi di produzione, di certo, non diminuiranno. <strong>La forbice dei ricavi \u00e8 quasi a zero<\/strong> anche per effetto del forte calo dei premi Pac. Tutto ci\u00f2 in un contesto generale che \u00e8 quello di una commodity che, in quanto tale, non pu\u00f2 essere valorizzata commercialmente dal produttore il quale preferirebbe una stabilit\u00e0 remunerativa negli anni a prezzi fortemente altalenanti\u201d.&nbsp;<\/p>\n\n\n\n<p>Su scala regionale il quadro, gi\u00e0 di per s\u00e8 critico, si aggrava per gli effetti dell\u2019alluvione in Romagna. <strong>Confagricoltura Emilia-Romagna<\/strong> ha stimato <strong>un calo medio oltre il 20% per il grano e l\u2019orzo regionali<\/strong> visto l\u2019azzeramento della produzione su un areale di circa 13mila ettari alluvionati, rimasti sott\u2019acqua per pi\u00f9 di tre giorni.&nbsp;<\/p>\n\n\n\n<p>\u201cCome la siccit\u00e0 l\u2019anno passato, cos\u00ec l\u2019alluvione ha tagliato la produzione cerealicola 2023 &#8211; commenta il presidente della sezione cereali di Confagricoltura Emilia Romagna <strong>Lorenzo Furini<\/strong> \u2013 con rese che in regione si fermano mediamente a <strong>60-62 quintali a ettaro per il grano tenero<\/strong> e <strong>45-47 quintali a ettaro per il duro<\/strong>. Variet\u00e0 precoci (es. Bandera), che rispondono meglio delle tardive: queste ultime sono state danneggiate dal maltempo nel momento pi\u00f9 delicato, nella fase di maturazione lattea. Si stimano nel complesso standard qualitativi medio-bassi, ma il prodotto \u00e8 salubre\u201d.&nbsp;<\/p>\n","protected":false},"excerpt":{"rendered":"<p>Rese per ettaro e peso specifico bassi. Quotazioni in picchiata. Costi di produzione in rialzo<\/p>\n","protected":false},"author":5,"featured_media":2683,"comment_status":"closed","ping_status":"closed","sticky":false,"template":"","format":"standard","meta":{"wp_mapbox_gl_js_media":[],"footnotes":""},"categories":[4],"tags":[],"class_list":["post-2682","post","type-post","status-publish","format-standard","has-post-thumbnail","hentry","category-news"],"yoast_head":"<!-- This site is optimized with the Yoast SEO plugin v26.8 - https:\/\/yoast.com\/product\/yoast-seo-wordpress\/ -->\n<title>Orzo, campagna 2023 complessa - Confagricoltura Parma<\/title>\n<meta name=\"robots\" content=\"index, follow, max-snippet:-1, max-image-preview:large, max-video-preview:-1\" \/>\n<link rel=\"canonical\" href=\"https:\/\/www.confagricoltura.org\/parma\/orzo-campagna-2023-molto-complicata\/\" \/>\n<meta property=\"og:locale\" content=\"it_IT\" \/>\n<meta property=\"og:type\" content=\"article\" \/>\n<meta property=\"og:title\" content=\"Orzo, campagna 2023 complessa - Confagricoltura Parma\" \/>\n<meta property=\"og:description\" content=\"Rese per ettaro e peso specifico bassi. Quotazioni in picchiata. Costi di produzione in rialzo\" \/>\n<meta property=\"og:url\" content=\"https:\/\/www.confagricoltura.org\/parma\/orzo-campagna-2023-molto-complicata\/\" \/>\n<meta property=\"og:site_name\" content=\"Confagricoltura Parma\" \/>\n<meta property=\"article:published_time\" content=\"2023-07-05T17:07:00+00:00\" \/>\n<meta property=\"article:modified_time\" content=\"2023-07-06T17:10:36+00:00\" \/>\n<meta property=\"og:image\" content=\"https:\/\/www.confagricoltura.org\/parma\/wp-content\/uploads\/sites\/10\/2023\/07\/001-PAGINA-1-001-CAMPAGNA-ORZO-Commento.jpg\" \/>\n\t<meta property=\"og:image:width\" content=\"1600\" \/>\n\t<meta property=\"og:image:height\" content=\"1180\" \/>\n\t<meta property=\"og:image:type\" content=\"image\/jpeg\" \/>\n<meta name=\"author\" content=\"confagricolturaparma\" \/>\n<meta name=\"twitter:card\" content=\"summary_large_image\" \/>\n<meta name=\"twitter:label1\" content=\"Scritto da\" \/>\n\t<meta name=\"twitter:data1\" content=\"confagricolturaparma\" \/>\n\t<meta name=\"twitter:label2\" content=\"Tempo di lettura stimato\" \/>\n\t<meta name=\"twitter:data2\" content=\"3 minuti\" \/>\n<script type=\"application\/ld+json\" class=\"yoast-schema-graph\">{\"@context\":\"https:\/\/schema.org\",\"@graph\":[{\"@type\":\"Article\",\"@id\":\"https:\/\/www.confagricoltura.org\/parma\/orzo-campagna-2023-molto-complicata\/#article\",\"isPartOf\":{\"@id\":\"https:\/\/www.confagricoltura.org\/parma\/orzo-campagna-2023-molto-complicata\/\"},\"author\":{\"name\":\"confagricolturaparma\",\"@id\":\"https:\/\/www.confagricoltura.org\/parma\/#\/schema\/person\/3cd4548d78b676877beb0651a1b885a7\"},\"headline\":\"Orzo, campagna 2023 complessa\",\"datePublished\":\"2023-07-05T17:07:00+00:00\",\"dateModified\":\"2023-07-06T17:10:36+00:00\",\"mainEntityOfPage\":{\"@id\":\"https:\/\/www.confagricoltura.org\/parma\/orzo-campagna-2023-molto-complicata\/\"},\"wordCount\":549,\"image\":{\"@id\":\"https:\/\/www.confagricoltura.org\/parma\/orzo-campagna-2023-molto-complicata\/#primaryimage\"},\"thumbnailUrl\":\"https:\/\/www.confagricoltura.org\/parma\/wp-content\/uploads\/sites\/10\/2023\/07\/001-PAGINA-1-001-CAMPAGNA-ORZO-Commento.jpg\",\"articleSection\":[\"News\"],\"inLanguage\":\"it-IT\"},{\"@type\":\"WebPage\",\"@id\":\"https:\/\/www.confagricoltura.org\/parma\/orzo-campagna-2023-molto-complicata\/\",\"url\":\"https:\/\/www.confagricoltura.org\/parma\/orzo-campagna-2023-molto-complicata\/\",\"name\":\"Orzo, campagna 2023 complessa - Confagricoltura Parma\",\"isPartOf\":{\"@id\":\"https:\/\/www.confagricoltura.org\/parma\/#website\"},\"primaryImageOfPage\":{\"@id\":\"https:\/\/www.confagricoltura.org\/parma\/orzo-campagna-2023-molto-complicata\/#primaryimage\"},\"image\":{\"@id\":\"https:\/\/www.confagricoltura.org\/parma\/orzo-campagna-2023-molto-complicata\/#primaryimage\"},\"thumbnailUrl\":\"https:\/\/www.confagricoltura.org\/parma\/wp-content\/uploads\/sites\/10\/2023\/07\/001-PAGINA-1-001-CAMPAGNA-ORZO-Commento.jpg\",\"datePublished\":\"2023-07-05T17:07:00+00:00\",\"dateModified\":\"2023-07-06T17:10:36+00:00\",\"author\":{\"@id\":\"https:\/\/www.confagricoltura.org\/parma\/#\/schema\/person\/3cd4548d78b676877beb0651a1b885a7\"},\"breadcrumb\":{\"@id\":\"https:\/\/www.confagricoltura.org\/parma\/orzo-campagna-2023-molto-complicata\/#breadcrumb\"},\"inLanguage\":\"it-IT\",\"potentialAction\":[{\"@type\":\"ReadAction\",\"target\":[\"https:\/\/www.confagricoltura.org\/parma\/orzo-campagna-2023-molto-complicata\/\"]}]},{\"@type\":\"ImageObject\",\"inLanguage\":\"it-IT\",\"@id\":\"https:\/\/www.confagricoltura.org\/parma\/orzo-campagna-2023-molto-complicata\/#primaryimage\",\"url\":\"https:\/\/www.confagricoltura.org\/parma\/wp-content\/uploads\/sites\/10\/2023\/07\/001-PAGINA-1-001-CAMPAGNA-ORZO-Commento.jpg\",\"contentUrl\":\"https:\/\/www.confagricoltura.org\/parma\/wp-content\/uploads\/sites\/10\/2023\/07\/001-PAGINA-1-001-CAMPAGNA-ORZO-Commento.jpg\",\"width\":1600,\"height\":1180,\"caption\":\"Trebbiatura in corso.\"},{\"@type\":\"BreadcrumbList\",\"@id\":\"https:\/\/www.confagricoltura.org\/parma\/orzo-campagna-2023-molto-complicata\/#breadcrumb\",\"itemListElement\":[{\"@type\":\"ListItem\",\"position\":1,\"name\":\"Home\",\"item\":\"https:\/\/www.confagricoltura.org\/parma\/\"},{\"@type\":\"ListItem\",\"position\":2,\"name\":\"Orzo, campagna 2023 complessa\"}]},{\"@type\":\"WebSite\",\"@id\":\"https:\/\/www.confagricoltura.org\/parma\/#website\",\"url\":\"https:\/\/www.confagricoltura.org\/parma\/\",\"name\":\"Confagricoltura Parma\",\"description\":\"Dalla parte degli Agricoltori\",\"potentialAction\":[{\"@type\":\"SearchAction\",\"target\":{\"@type\":\"EntryPoint\",\"urlTemplate\":\"https:\/\/www.confagricoltura.org\/parma\/?s={search_term_string}\"},\"query-input\":{\"@type\":\"PropertyValueSpecification\",\"valueRequired\":true,\"valueName\":\"search_term_string\"}}],\"inLanguage\":\"it-IT\"},{\"@type\":\"Person\",\"@id\":\"https:\/\/www.confagricoltura.org\/parma\/#\/schema\/person\/3cd4548d78b676877beb0651a1b885a7\",\"name\":\"confagricolturaparma\",\"image\":{\"@type\":\"ImageObject\",\"inLanguage\":\"it-IT\",\"@id\":\"https:\/\/www.confagricoltura.org\/parma\/#\/schema\/person\/image\/\",\"url\":\"https:\/\/secure.gravatar.com\/avatar\/b5b08888682650e8feabb958d1a675c2?s=96&d=mm&r=g\",\"contentUrl\":\"https:\/\/secure.gravatar.com\/avatar\/b5b08888682650e8feabb958d1a675c2?s=96&d=mm&r=g\",\"caption\":\"confagricolturaparma\"},\"url\":\"https:\/\/www.confagricoltura.org\/parma\/author\/confagricolturaparma\/\"}]}<\/script>\n<!-- \/ Yoast SEO plugin. -->","yoast_head_json":{"title":"Orzo, campagna 2023 complessa - Confagricoltura Parma","robots":{"index":"index","follow":"follow","max-snippet":"max-snippet:-1","max-image-preview":"max-image-preview:large","max-video-preview":"max-video-preview:-1"},"canonical":"https:\/\/www.confagricoltura.org\/parma\/orzo-campagna-2023-molto-complicata\/","og_locale":"it_IT","og_type":"article","og_title":"Orzo, campagna 2023 complessa - Confagricoltura Parma","og_description":"Rese per ettaro e peso specifico bassi. Quotazioni in picchiata. Costi di produzione in rialzo","og_url":"https:\/\/www.confagricoltura.org\/parma\/orzo-campagna-2023-molto-complicata\/","og_site_name":"Confagricoltura Parma","article_published_time":"2023-07-05T17:07:00+00:00","article_modified_time":"2023-07-06T17:10:36+00:00","og_image":[{"width":1600,"height":1180,"url":"https:\/\/www.confagricoltura.org\/parma\/wp-content\/uploads\/sites\/10\/2023\/07\/001-PAGINA-1-001-CAMPAGNA-ORZO-Commento.jpg","type":"image\/jpeg"}],"author":"confagricolturaparma","twitter_card":"summary_large_image","twitter_misc":{"Scritto da":"confagricolturaparma","Tempo di lettura stimato":"3 minuti"},"schema":{"@context":"https:\/\/schema.org","@graph":[{"@type":"Article","@id":"https:\/\/www.confagricoltura.org\/parma\/orzo-campagna-2023-molto-complicata\/#article","isPartOf":{"@id":"https:\/\/www.confagricoltura.org\/parma\/orzo-campagna-2023-molto-complicata\/"},"author":{"name":"confagricolturaparma","@id":"https:\/\/www.confagricoltura.org\/parma\/#\/schema\/person\/3cd4548d78b676877beb0651a1b885a7"},"headline":"Orzo, campagna 2023 complessa","datePublished":"2023-07-05T17:07:00+00:00","dateModified":"2023-07-06T17:10:36+00:00","mainEntityOfPage":{"@id":"https:\/\/www.confagricoltura.org\/parma\/orzo-campagna-2023-molto-complicata\/"},"wordCount":549,"image":{"@id":"https:\/\/www.confagricoltura.org\/parma\/orzo-campagna-2023-molto-complicata\/#primaryimage"},"thumbnailUrl":"https:\/\/www.confagricoltura.org\/parma\/wp-content\/uploads\/sites\/10\/2023\/07\/001-PAGINA-1-001-CAMPAGNA-ORZO-Commento.jpg","articleSection":["News"],"inLanguage":"it-IT"},{"@type":"WebPage","@id":"https:\/\/www.confagricoltura.org\/parma\/orzo-campagna-2023-molto-complicata\/","url":"https:\/\/www.confagricoltura.org\/parma\/orzo-campagna-2023-molto-complicata\/","name":"Orzo, campagna 2023 complessa - Confagricoltura Parma","isPartOf":{"@id":"https:\/\/www.confagricoltura.org\/parma\/#website"},"primaryImageOfPage":{"@id":"https:\/\/www.confagricoltura.org\/parma\/orzo-campagna-2023-molto-complicata\/#primaryimage"},"image":{"@id":"https:\/\/www.confagricoltura.org\/parma\/orzo-campagna-2023-molto-complicata\/#primaryimage"},"thumbnailUrl":"https:\/\/www.confagricoltura.org\/parma\/wp-content\/uploads\/sites\/10\/2023\/07\/001-PAGINA-1-001-CAMPAGNA-ORZO-Commento.jpg","datePublished":"2023-07-05T17:07:00+00:00","dateModified":"2023-07-06T17:10:36+00:00","author":{"@id":"https:\/\/www.confagricoltura.org\/parma\/#\/schema\/person\/3cd4548d78b676877beb0651a1b885a7"},"breadcrumb":{"@id":"https:\/\/www.confagricoltura.org\/parma\/orzo-campagna-2023-molto-complicata\/#breadcrumb"},"inLanguage":"it-IT","potentialAction":[{"@type":"ReadAction","target":["https:\/\/www.confagricoltura.org\/parma\/orzo-campagna-2023-molto-complicata\/"]}]},{"@type":"ImageObject","inLanguage":"it-IT","@id":"https:\/\/www.confagricoltura.org\/parma\/orzo-campagna-2023-molto-complicata\/#primaryimage","url":"https:\/\/www.confagricoltura.org\/parma\/wp-content\/uploads\/sites\/10\/2023\/07\/001-PAGINA-1-001-CAMPAGNA-ORZO-Commento.jpg","contentUrl":"https:\/\/www.confagricoltura.org\/parma\/wp-content\/uploads\/sites\/10\/2023\/07\/001-PAGINA-1-001-CAMPAGNA-ORZO-Commento.jpg","width":1600,"height":1180,"caption":"Trebbiatura in corso."},{"@type":"BreadcrumbList","@id":"https:\/\/www.confagricoltura.org\/parma\/orzo-campagna-2023-molto-complicata\/#breadcrumb","itemListElement":[{"@type":"ListItem","position":1,"name":"Home","item":"https:\/\/www.confagricoltura.org\/parma\/"},{"@type":"ListItem","position":2,"name":"Orzo, campagna 2023 complessa"}]},{"@type":"WebSite","@id":"https:\/\/www.confagricoltura.org\/parma\/#website","url":"https:\/\/www.confagricoltura.org\/parma\/","name":"Confagricoltura Parma","description":"Dalla parte degli Agricoltori","potentialAction":[{"@type":"SearchAction","target":{"@type":"EntryPoint","urlTemplate":"https:\/\/www.confagricoltura.org\/parma\/?s={search_term_string}"},"query-input":{"@type":"PropertyValueSpecification","valueRequired":true,"valueName":"search_term_string"}}],"inLanguage":"it-IT"},{"@type":"Person","@id":"https:\/\/www.confagricoltura.org\/parma\/#\/schema\/person\/3cd4548d78b676877beb0651a1b885a7","name":"confagricolturaparma","image":{"@type":"ImageObject","inLanguage":"it-IT","@id":"https:\/\/www.confagricoltura.org\/parma\/#\/schema\/person\/image\/","url":"https:\/\/secure.gravatar.com\/avatar\/b5b08888682650e8feabb958d1a675c2?s=96&d=mm&r=g","contentUrl":"https:\/\/secure.gravatar.com\/avatar\/b5b08888682650e8feabb958d1a675c2?s=96&d=mm&r=g","caption":"confagricolturaparma"},"url":"https:\/\/www.confagricoltura.org\/parma\/author\/confagricolturaparma\/"}]}},"_links":{"self":[{"href":"https:\/\/www.confagricoltura.org\/parma\/wp-json\/wp\/v2\/posts\/2682","targetHints":{"allow":["GET"]}}],"collection":[{"href":"https:\/\/www.confagricoltura.org\/parma\/wp-json\/wp\/v2\/posts"}],"about":[{"href":"https:\/\/www.confagricoltura.org\/parma\/wp-json\/wp\/v2\/types\/post"}],"author":[{"embeddable":true,"href":"https:\/\/www.confagricoltura.org\/parma\/wp-json\/wp\/v2\/users\/5"}],"replies":[{"embeddable":true,"href":"https:\/\/www.confagricoltura.org\/parma\/wp-json\/wp\/v2\/comments?post=2682"}],"version-history":[{"count":3,"href":"https:\/\/www.confagricoltura.org\/parma\/wp-json\/wp\/v2\/posts\/2682\/revisions"}],"predecessor-version":[{"id":2686,"href":"https:\/\/www.confagricoltura.org\/parma\/wp-json\/wp\/v2\/posts\/2682\/revisions\/2686"}],"wp:featuredmedia":[{"embeddable":true,"href":"https:\/\/www.confagricoltura.org\/parma\/wp-json\/wp\/v2\/media\/2683"}],"wp:attachment":[{"href":"https:\/\/www.confagricoltura.org\/parma\/wp-json\/wp\/v2\/media?parent=2682"}],"wp:term":[{"taxonomy":"category","embeddable":true,"href":"https:\/\/www.confagricoltura.org\/parma\/wp-json\/wp\/v2\/categories?post=2682"},{"taxonomy":"post_tag","embeddable":true,"href":"https:\/\/www.confagricoltura.org\/parma\/wp-json\/wp\/v2\/tags?post=2682"}],"curies":[{"name":"wp","href":"https:\/\/api.w.org\/{rel}","templated":true}]}}