{"id":2619,"date":"2023-05-29T11:15:50","date_gmt":"2023-05-29T09:15:50","guid":{"rendered":"https:\/\/www.confagricoltura.org\/parma\/?p=2619"},"modified":"2023-05-29T11:18:56","modified_gmt":"2023-05-29T09:18:56","slug":"versamento-acconto-imu-2023","status":"publish","type":"post","link":"https:\/\/www.confagricoltura.org\/parma\/versamento-acconto-imu-2023\/","title":{"rendered":"Versamento acconto Imu 2023"},"content":{"rendered":"\n<p>Anche quest\u2019anno la prima rata dell\u2019IMU per l\u2019anno 2023 deve essere versata entro il 16 giugno.&nbsp;<\/p>\n\n\n\n<p>L\u2019art. 1, comma 762, Legge n. 160\/2019, prevede infatti che il versamento dell\u2019IMU possa essere effettuato in&nbsp;<strong>due rate:<\/strong><\/p>\n\n\n\n<ul class=\"wp-block-list\"><li><strong>la prima, in scadenza il 16 giugno di ogni anno,<\/strong>&nbsp;pari al 50% dell\u2019imposta dovuta nell\u2019anno precedente (applicando le aliquote e le detrazioni previste per l\u2019anno precedente);<\/li><li><strong>la seconda, in scadenza il 16 dicembre di ogni anno<\/strong>, pari all\u2019imposta effettivamente dovuta nell\u2019anno di riferimento, al netto di quanto gi\u00e0 versato con la prima rata, applicando le aliquote deliberate dal Comune.<\/li><\/ul>\n\n\n\n<p><strong>I soggetti passivi dell\u2019imposta<\/strong><\/p>\n\n\n\n<p>In generale, i soggetti passivi dell\u2019imposta sono il <strong>proprietario<\/strong> dell&#8217;immobile o <strong>il titolare del diritto reale<\/strong> di usufrutto, uso, abitazione, enfiteusi e superficie.<\/p>\n\n\n\n<p>Tra i soggetti passivi IMU, inoltre, rientrano l\u2019utilizzatore di immobili detenuti in locazione finanziaria (anche da costruire o in corso di costruzione), il concessionario di aree demaniali in regime di concessione, nonch\u00e9 il genitore assegnatario dell&#8217;ex casa familiare a seguito di provvedimento di separazione legale, annullamento, scioglimento o cessazione degli effetti civili del matrimonio, anche se non titolare, neppure pro quota, di diritti di propriet\u00e0.<\/p>\n\n\n\n<p>In presenza di pi\u00f9 soggetti passivi in relazione ad un medesimo immobile, ciascuno di essi \u00e8 titolare di un\u2019autonoma obbligazione e deve tener conto delle relative condizioni soggettive ed oggettive.<\/p>\n\n\n\n<p><strong>Gli oggetti passivi dell\u2019imposta<\/strong><\/p>\n\n\n\n<p>Sono assoggettati all&#8217;IMU i fabbricati, le aree fabbricabili, i terreni agricoli e i fabbricati rurali ad uso strumentale.<\/p>\n\n\n\n<p>La base imponibile IMU \u00e8, tuttavia, ridotta del 50% per:<\/p>\n\n\n\n<ul class=\"wp-block-list\"><li>i fabbricati vincolati per motivi di interesse storico o artistico&nbsp;ai sensi dell\u2019art. 10, D.Lgs. n. 42\/2004;<\/li><li>i&nbsp;fabbricati dichiarati inagibili o inabitabili&nbsp;e di fatto non utilizzati (limitatamente al periodo dell&#8217;anno nel quale sussistono tali condizioni);<\/li><li>le unit\u00e0 immobiliari concesse in comodato a parenti&nbsp;di primo grado (padre o figlio) qualora ricorrano determinate condizioni.<\/li><\/ul>\n\n\n\n<p>Dal 2021, inoltre, l\u2019imposta \u00e8 ridotta al 50% per le unit\u00e0 abitative possedute da pensionati residenti all\u2019estero (purch\u00e9 gli immobili non siano locati o concessi in comodato).<\/p>\n\n\n\n<p><strong>Esenzioni a regime<\/strong><\/p>\n\n\n\n<p>L\u2019IMU non \u00e8 dovuta <strong>sull\u2019abitazione principale<\/strong> dei contribuenti.&nbsp;<\/p>\n\n\n\n<p>Tuttavia, restano comunque assoggettate all&#8217;imposta le abitazioni principali e relative pertinenze accatastate nelle categorie catastali:<\/p>\n\n\n\n<ul class=\"wp-block-list\"><li>A\/1, ossia abitazioni di tipo signorile;<\/li><li>A\/8, ossia abitazioni in ville;<\/li><li>A\/9, ossia castelli, palazzi di eminente pregio artistico o storico.<\/li><\/ul>\n\n\n\n<p>Su tali immobili l\u2019imposta \u00e8 dovuta con applicazione dell\u2019aliquota ridotta (0,5%) ed \u00e8 possibile applicare la detrazione di 200 euro (i comuni, tuttavia, possono incrementare l\u2019aliquota fino allo 0,6%, oppure diminuirla fino al totale azzeramento).<\/p>\n\n\n\n<p>Nella definizione di \u201cabitazione principale\u201d rientra l\u2019immobile in cui il proprietario e i componenti del suo nucleo familiare dimorano abitualmente e risiedono anagraficamente. A seguito delle novit\u00e0 apportate dall\u2019art. 5-<em>decies<\/em>, D.L. n. 146\/2021,&nbsp;qualora il nucleo familiare abbia la dimora abituale e la residenza in immobili diversi, ubicati nello stesso Comune o in Comuni diversi, il trattamento IMU accordato all\u2019abitazione principale e alle relative pertinenze \u00e8 applicabile ad un solo immobile, scelto dai componenti del nucleo familiare.<\/p>\n\n\n\n<p>Si ricorda, inoltre, che la Corte costituzionale ha stabilito che ciascun possessore di immobili ha diritto all\u2019esenzione dal tributo,&nbsp;a condizione che abbia residenza anagrafica e dimora abituale nell\u2019immobile, e a prescindere dalla residenza e dalla dimora del coniuge o del convivente. Di conseguenza, nell\u2019ipotesi di coniugi che risiedono e dimorano abitualmente in immobili diversi, di cui ciascuno \u00e8 proprietario, \u00e8 possibile fruire dell\u2019esenzione per la propria abitazione principale, a prescindere dalla residenza e dimora abituale degli altri componenti il nucleo familiare.<\/p>\n\n\n\n<p>L\u2019<strong>esenzione <\/strong>dall\u2019IMU \u00e8 poi accordata ai<strong> terreni agricoli<\/strong>:<\/p>\n\n\n\n<ul class=\"wp-block-list\"><li><strong>posseduti e condotti da coltivatori diretti e imprenditori agricoli professionali<\/strong>&nbsp;di cui all\u2019art. 1, D.Lgs. n. 99\/2004, iscritti alla previdenza agricola (comprese le societ\u00e0 agricole), indipendentemente dalla loro ubicazione;<\/li><li><strong>ubicati nei Comuni delle isole minori<\/strong>&nbsp;di cui all\u2019Allegato A, Legge n. 448\/2001;<\/li><li><strong>a immutabile destinazione agro-silvo-pastorale<\/strong>&nbsp;a propriet\u00e0 collettiva indivisibile e inusucapibile;<\/li><li><strong>ricadenti in aree montane o di collina delimitate<\/strong>&nbsp;ai sensi dell\u2019art. 15, Legge n. 984\/1977 (sulla base dei criteri dettati dalla C.M. n. 9 del 14 giugno 1993).<\/li><\/ul>\n\n\n\n<p>Sul punto si ricorda che l\u2019art. 78-<em>bis<\/em>, D.L. n. 104\/2020, ha stabilito, con effetto retroattivo peraltro, che tale esenzione IMU si applichi anche per i:<\/p>\n\n\n\n<ul class=\"wp-block-list\"><li>soci di societ\u00e0 di persone, esercenti attivit\u00e0 agricola e in possesso della qualifica di coltivatore diretto o di imprenditore agricolo professionale;<\/li><li>pensionati coltivatori diretti o imprenditori agricoli professionali che continuano a svolgere l\u2019attivit\u00e0 agricola e mantengono l\u2019iscrizione nella relativa gestione previdenziale e assistenziale agricola.<\/li><li>familiari coadiuvanti del coltivatore diretto, appartenenti al medesimo nucleo familiare e iscritti nella gestione previdenziale e assistenziale agricola come coltivatori diretti.<\/li><\/ul>\n\n\n\n<p>Ai fini dell\u2019imposta, le aree fabbricabili coltivate e condotte da coltivatori diretti e imprenditori agricoli professionali sono considerate terreni agricoli. Secondo costante giurisprudenza della Corte di Cassazione, tale&nbsp;<em>fictio iuris<\/em>&nbsp;trova applicazione anche a favore dei comproprietari delle aree fabbricabili coltivate e condotte da coltivatori diretti e IAP.<\/p>\n\n\n\n<p>Si ricorda che l\u2019imposta \u00e8 dovuta per anni solari proporzionalmente alla quota di possesso e ai mesi dell\u2019anno nei quali si \u00e8 protratto il possesso.<\/p>\n\n\n\n<p>A tal fine:<\/p>\n\n\n\n<p>&#8211; il mese durante il quale il possesso si \u00e8 protratto per pi\u00f9 della met\u00e0 dei giorni di cui il mese stesso \u00e8 composto \u00e8 computato per intero;<\/p>\n\n\n\n<p>&#8211; il giorno di trasferimento del possesso si computa in capo all\u2019acquirente e l\u2019imposta del mese del trasferimento resta interamente a suo carico nel caso in cui i giorni di possesso risultino uguali a quelli del cedente.<\/p>\n\n\n\n<p>Ad esempio, se un immobile viene ceduto il 16 aprile 2023, l\u2019intero mese di aprile (composto da 30 giorni) \u00e8 a carico dell\u2019acquirente.<\/p>\n\n\n\n<p>In vista della prossima scadenza per il versamento dell\u2019acconto IMU 2023, Confagricoltura Parma \u00e8 a richiedere di comunicare qualunque variazione, intervenuta (o che interverr\u00e0) nel periodo 01\/01\/2023-16\/06\/2023, riguardante il possesso e\/o la destinazione degli immobili soggetto all\u2019imposta. In particolare: acquisti (allegare atto d\u2019acquisto); vendite (allegare atto di cessione); variazione di rendita (allegare lettera ricevuta da Agenzia del Territorio); variazione dati catastali (allegare lettera ricevuta da Agenzia del Territorio); cambio destinazione (Es. da sfitto a locato e viceversa, da altri usi ad abitazione principale e viceversa, \u2026); affitti percepiti in virt\u00f9 di contratti di locazione nonch\u00e9 la tipologia di contratto di locazione stipulato (ordinario, a cedolare secca, a canone concordato, \u2026).\u00a0 locazioni brevi: contratti di locazione di immobili ad uso abitativo la cui durata \u00e8 inferiore ai 30 giorni. In tal caso, allegare contratto di locazione breve e indicare se chiesto l\u2019intervento di soggetti che esercitano attivit\u00e0 di intermediazione immobiliare e questi intervengono anche nell\u2019incasso dei canoni derivanti dai contratti di locazione breve; eventuale adesione all\u2019opzione della cedolare secca per gli immobili locati.<\/p>\n\n\n\n<p><strong>Confagricoltura Parma rimane a disposizione presso i propri uffici per eventuali chiarimenti.<\/strong><\/p>\n","protected":false},"excerpt":{"rendered":"<p>Entro il 16 giugno 2023<\/p>\n","protected":false},"author":5,"featured_media":2620,"comment_status":"closed","ping_status":"closed","sticky":false,"template":"","format":"standard","meta":{"wp_mapbox_gl_js_media":[],"footnotes":""},"categories":[4],"tags":[],"class_list":["post-2619","post","type-post","status-publish","format-standard","has-post-thumbnail","hentry","category-news"],"yoast_head":"<!-- This site is optimized with the Yoast SEO plugin v26.8 - https:\/\/yoast.com\/product\/yoast-seo-wordpress\/ -->\n<title>Versamento acconto Imu 2023 - Confagricoltura Parma<\/title>\n<meta name=\"robots\" content=\"index, follow, max-snippet:-1, max-image-preview:large, max-video-preview:-1\" \/>\n<link rel=\"canonical\" href=\"https:\/\/www.confagricoltura.org\/parma\/versamento-acconto-imu-2023\/\" \/>\n<meta property=\"og:locale\" content=\"it_IT\" \/>\n<meta property=\"og:type\" content=\"article\" \/>\n<meta property=\"og:title\" content=\"Versamento acconto Imu 2023 - Confagricoltura Parma\" \/>\n<meta property=\"og:description\" content=\"Entro il 16 giugno 2023\" \/>\n<meta property=\"og:url\" content=\"https:\/\/www.confagricoltura.org\/parma\/versamento-acconto-imu-2023\/\" \/>\n<meta property=\"og:site_name\" content=\"Confagricoltura Parma\" \/>\n<meta property=\"article:published_time\" content=\"2023-05-29T09:15:50+00:00\" \/>\n<meta property=\"article:modified_time\" content=\"2023-05-29T09:18:56+00:00\" \/>\n<meta property=\"og:image\" content=\"https:\/\/www.confagricoltura.org\/parma\/wp-content\/uploads\/sites\/10\/2023\/05\/007-PAGINA-7-001-DA-PAINI-Scadenza-al-16-giugno-2023.jpg\" \/>\n\t<meta property=\"og:image:width\" content=\"656\" \/>\n\t<meta property=\"og:image:height\" content=\"487\" \/>\n\t<meta property=\"og:image:type\" content=\"image\/jpeg\" \/>\n<meta name=\"author\" content=\"confagricolturaparma\" \/>\n<meta name=\"twitter:card\" content=\"summary_large_image\" \/>\n<meta name=\"twitter:label1\" content=\"Scritto da\" \/>\n\t<meta name=\"twitter:data1\" content=\"confagricolturaparma\" \/>\n\t<meta name=\"twitter:label2\" content=\"Tempo di lettura stimato\" \/>\n\t<meta name=\"twitter:data2\" content=\"5 minuti\" \/>\n<script type=\"application\/ld+json\" class=\"yoast-schema-graph\">{\"@context\":\"https:\/\/schema.org\",\"@graph\":[{\"@type\":\"Article\",\"@id\":\"https:\/\/www.confagricoltura.org\/parma\/versamento-acconto-imu-2023\/#article\",\"isPartOf\":{\"@id\":\"https:\/\/www.confagricoltura.org\/parma\/versamento-acconto-imu-2023\/\"},\"author\":{\"name\":\"confagricolturaparma\",\"@id\":\"https:\/\/www.confagricoltura.org\/parma\/#\/schema\/person\/3cd4548d78b676877beb0651a1b885a7\"},\"headline\":\"Versamento acconto Imu 2023\",\"datePublished\":\"2023-05-29T09:15:50+00:00\",\"dateModified\":\"2023-05-29T09:18:56+00:00\",\"mainEntityOfPage\":{\"@id\":\"https:\/\/www.confagricoltura.org\/parma\/versamento-acconto-imu-2023\/\"},\"wordCount\":1128,\"image\":{\"@id\":\"https:\/\/www.confagricoltura.org\/parma\/versamento-acconto-imu-2023\/#primaryimage\"},\"thumbnailUrl\":\"https:\/\/www.confagricoltura.org\/parma\/wp-content\/uploads\/sites\/10\/2023\/05\/007-PAGINA-7-001-DA-PAINI-Scadenza-al-16-giugno-2023.jpg\",\"articleSection\":[\"News\"],\"inLanguage\":\"it-IT\"},{\"@type\":\"WebPage\",\"@id\":\"https:\/\/www.confagricoltura.org\/parma\/versamento-acconto-imu-2023\/\",\"url\":\"https:\/\/www.confagricoltura.org\/parma\/versamento-acconto-imu-2023\/\",\"name\":\"Versamento acconto Imu 2023 - Confagricoltura Parma\",\"isPartOf\":{\"@id\":\"https:\/\/www.confagricoltura.org\/parma\/#website\"},\"primaryImageOfPage\":{\"@id\":\"https:\/\/www.confagricoltura.org\/parma\/versamento-acconto-imu-2023\/#primaryimage\"},\"image\":{\"@id\":\"https:\/\/www.confagricoltura.org\/parma\/versamento-acconto-imu-2023\/#primaryimage\"},\"thumbnailUrl\":\"https:\/\/www.confagricoltura.org\/parma\/wp-content\/uploads\/sites\/10\/2023\/05\/007-PAGINA-7-001-DA-PAINI-Scadenza-al-16-giugno-2023.jpg\",\"datePublished\":\"2023-05-29T09:15:50+00:00\",\"dateModified\":\"2023-05-29T09:18:56+00:00\",\"author\":{\"@id\":\"https:\/\/www.confagricoltura.org\/parma\/#\/schema\/person\/3cd4548d78b676877beb0651a1b885a7\"},\"breadcrumb\":{\"@id\":\"https:\/\/www.confagricoltura.org\/parma\/versamento-acconto-imu-2023\/#breadcrumb\"},\"inLanguage\":\"it-IT\",\"potentialAction\":[{\"@type\":\"ReadAction\",\"target\":[\"https:\/\/www.confagricoltura.org\/parma\/versamento-acconto-imu-2023\/\"]}]},{\"@type\":\"ImageObject\",\"inLanguage\":\"it-IT\",\"@id\":\"https:\/\/www.confagricoltura.org\/parma\/versamento-acconto-imu-2023\/#primaryimage\",\"url\":\"https:\/\/www.confagricoltura.org\/parma\/wp-content\/uploads\/sites\/10\/2023\/05\/007-PAGINA-7-001-DA-PAINI-Scadenza-al-16-giugno-2023.jpg\",\"contentUrl\":\"https:\/\/www.confagricoltura.org\/parma\/wp-content\/uploads\/sites\/10\/2023\/05\/007-PAGINA-7-001-DA-PAINI-Scadenza-al-16-giugno-2023.jpg\",\"width\":656,\"height\":487},{\"@type\":\"BreadcrumbList\",\"@id\":\"https:\/\/www.confagricoltura.org\/parma\/versamento-acconto-imu-2023\/#breadcrumb\",\"itemListElement\":[{\"@type\":\"ListItem\",\"position\":1,\"name\":\"Home\",\"item\":\"https:\/\/www.confagricoltura.org\/parma\/\"},{\"@type\":\"ListItem\",\"position\":2,\"name\":\"Versamento acconto Imu 2023\"}]},{\"@type\":\"WebSite\",\"@id\":\"https:\/\/www.confagricoltura.org\/parma\/#website\",\"url\":\"https:\/\/www.confagricoltura.org\/parma\/\",\"name\":\"Confagricoltura Parma\",\"description\":\"Dalla parte degli Agricoltori\",\"potentialAction\":[{\"@type\":\"SearchAction\",\"target\":{\"@type\":\"EntryPoint\",\"urlTemplate\":\"https:\/\/www.confagricoltura.org\/parma\/?s={search_term_string}\"},\"query-input\":{\"@type\":\"PropertyValueSpecification\",\"valueRequired\":true,\"valueName\":\"search_term_string\"}}],\"inLanguage\":\"it-IT\"},{\"@type\":\"Person\",\"@id\":\"https:\/\/www.confagricoltura.org\/parma\/#\/schema\/person\/3cd4548d78b676877beb0651a1b885a7\",\"name\":\"confagricolturaparma\",\"image\":{\"@type\":\"ImageObject\",\"inLanguage\":\"it-IT\",\"@id\":\"https:\/\/www.confagricoltura.org\/parma\/#\/schema\/person\/image\/\",\"url\":\"https:\/\/secure.gravatar.com\/avatar\/b5b08888682650e8feabb958d1a675c2?s=96&d=mm&r=g\",\"contentUrl\":\"https:\/\/secure.gravatar.com\/avatar\/b5b08888682650e8feabb958d1a675c2?s=96&d=mm&r=g\",\"caption\":\"confagricolturaparma\"},\"url\":\"https:\/\/www.confagricoltura.org\/parma\/author\/confagricolturaparma\/\"}]}<\/script>\n<!-- \/ Yoast SEO plugin. -->","yoast_head_json":{"title":"Versamento acconto Imu 2023 - Confagricoltura Parma","robots":{"index":"index","follow":"follow","max-snippet":"max-snippet:-1","max-image-preview":"max-image-preview:large","max-video-preview":"max-video-preview:-1"},"canonical":"https:\/\/www.confagricoltura.org\/parma\/versamento-acconto-imu-2023\/","og_locale":"it_IT","og_type":"article","og_title":"Versamento acconto Imu 2023 - Confagricoltura Parma","og_description":"Entro il 16 giugno 2023","og_url":"https:\/\/www.confagricoltura.org\/parma\/versamento-acconto-imu-2023\/","og_site_name":"Confagricoltura Parma","article_published_time":"2023-05-29T09:15:50+00:00","article_modified_time":"2023-05-29T09:18:56+00:00","og_image":[{"width":656,"height":487,"url":"https:\/\/www.confagricoltura.org\/parma\/wp-content\/uploads\/sites\/10\/2023\/05\/007-PAGINA-7-001-DA-PAINI-Scadenza-al-16-giugno-2023.jpg","type":"image\/jpeg"}],"author":"confagricolturaparma","twitter_card":"summary_large_image","twitter_misc":{"Scritto da":"confagricolturaparma","Tempo di lettura stimato":"5 minuti"},"schema":{"@context":"https:\/\/schema.org","@graph":[{"@type":"Article","@id":"https:\/\/www.confagricoltura.org\/parma\/versamento-acconto-imu-2023\/#article","isPartOf":{"@id":"https:\/\/www.confagricoltura.org\/parma\/versamento-acconto-imu-2023\/"},"author":{"name":"confagricolturaparma","@id":"https:\/\/www.confagricoltura.org\/parma\/#\/schema\/person\/3cd4548d78b676877beb0651a1b885a7"},"headline":"Versamento acconto Imu 2023","datePublished":"2023-05-29T09:15:50+00:00","dateModified":"2023-05-29T09:18:56+00:00","mainEntityOfPage":{"@id":"https:\/\/www.confagricoltura.org\/parma\/versamento-acconto-imu-2023\/"},"wordCount":1128,"image":{"@id":"https:\/\/www.confagricoltura.org\/parma\/versamento-acconto-imu-2023\/#primaryimage"},"thumbnailUrl":"https:\/\/www.confagricoltura.org\/parma\/wp-content\/uploads\/sites\/10\/2023\/05\/007-PAGINA-7-001-DA-PAINI-Scadenza-al-16-giugno-2023.jpg","articleSection":["News"],"inLanguage":"it-IT"},{"@type":"WebPage","@id":"https:\/\/www.confagricoltura.org\/parma\/versamento-acconto-imu-2023\/","url":"https:\/\/www.confagricoltura.org\/parma\/versamento-acconto-imu-2023\/","name":"Versamento acconto Imu 2023 - Confagricoltura Parma","isPartOf":{"@id":"https:\/\/www.confagricoltura.org\/parma\/#website"},"primaryImageOfPage":{"@id":"https:\/\/www.confagricoltura.org\/parma\/versamento-acconto-imu-2023\/#primaryimage"},"image":{"@id":"https:\/\/www.confagricoltura.org\/parma\/versamento-acconto-imu-2023\/#primaryimage"},"thumbnailUrl":"https:\/\/www.confagricoltura.org\/parma\/wp-content\/uploads\/sites\/10\/2023\/05\/007-PAGINA-7-001-DA-PAINI-Scadenza-al-16-giugno-2023.jpg","datePublished":"2023-05-29T09:15:50+00:00","dateModified":"2023-05-29T09:18:56+00:00","author":{"@id":"https:\/\/www.confagricoltura.org\/parma\/#\/schema\/person\/3cd4548d78b676877beb0651a1b885a7"},"breadcrumb":{"@id":"https:\/\/www.confagricoltura.org\/parma\/versamento-acconto-imu-2023\/#breadcrumb"},"inLanguage":"it-IT","potentialAction":[{"@type":"ReadAction","target":["https:\/\/www.confagricoltura.org\/parma\/versamento-acconto-imu-2023\/"]}]},{"@type":"ImageObject","inLanguage":"it-IT","@id":"https:\/\/www.confagricoltura.org\/parma\/versamento-acconto-imu-2023\/#primaryimage","url":"https:\/\/www.confagricoltura.org\/parma\/wp-content\/uploads\/sites\/10\/2023\/05\/007-PAGINA-7-001-DA-PAINI-Scadenza-al-16-giugno-2023.jpg","contentUrl":"https:\/\/www.confagricoltura.org\/parma\/wp-content\/uploads\/sites\/10\/2023\/05\/007-PAGINA-7-001-DA-PAINI-Scadenza-al-16-giugno-2023.jpg","width":656,"height":487},{"@type":"BreadcrumbList","@id":"https:\/\/www.confagricoltura.org\/parma\/versamento-acconto-imu-2023\/#breadcrumb","itemListElement":[{"@type":"ListItem","position":1,"name":"Home","item":"https:\/\/www.confagricoltura.org\/parma\/"},{"@type":"ListItem","position":2,"name":"Versamento acconto Imu 2023"}]},{"@type":"WebSite","@id":"https:\/\/www.confagricoltura.org\/parma\/#website","url":"https:\/\/www.confagricoltura.org\/parma\/","name":"Confagricoltura Parma","description":"Dalla parte degli Agricoltori","potentialAction":[{"@type":"SearchAction","target":{"@type":"EntryPoint","urlTemplate":"https:\/\/www.confagricoltura.org\/parma\/?s={search_term_string}"},"query-input":{"@type":"PropertyValueSpecification","valueRequired":true,"valueName":"search_term_string"}}],"inLanguage":"it-IT"},{"@type":"Person","@id":"https:\/\/www.confagricoltura.org\/parma\/#\/schema\/person\/3cd4548d78b676877beb0651a1b885a7","name":"confagricolturaparma","image":{"@type":"ImageObject","inLanguage":"it-IT","@id":"https:\/\/www.confagricoltura.org\/parma\/#\/schema\/person\/image\/","url":"https:\/\/secure.gravatar.com\/avatar\/b5b08888682650e8feabb958d1a675c2?s=96&d=mm&r=g","contentUrl":"https:\/\/secure.gravatar.com\/avatar\/b5b08888682650e8feabb958d1a675c2?s=96&d=mm&r=g","caption":"confagricolturaparma"},"url":"https:\/\/www.confagricoltura.org\/parma\/author\/confagricolturaparma\/"}]}},"_links":{"self":[{"href":"https:\/\/www.confagricoltura.org\/parma\/wp-json\/wp\/v2\/posts\/2619","targetHints":{"allow":["GET"]}}],"collection":[{"href":"https:\/\/www.confagricoltura.org\/parma\/wp-json\/wp\/v2\/posts"}],"about":[{"href":"https:\/\/www.confagricoltura.org\/parma\/wp-json\/wp\/v2\/types\/post"}],"author":[{"embeddable":true,"href":"https:\/\/www.confagricoltura.org\/parma\/wp-json\/wp\/v2\/users\/5"}],"replies":[{"embeddable":true,"href":"https:\/\/www.confagricoltura.org\/parma\/wp-json\/wp\/v2\/comments?post=2619"}],"version-history":[{"count":3,"href":"https:\/\/www.confagricoltura.org\/parma\/wp-json\/wp\/v2\/posts\/2619\/revisions"}],"predecessor-version":[{"id":2623,"href":"https:\/\/www.confagricoltura.org\/parma\/wp-json\/wp\/v2\/posts\/2619\/revisions\/2623"}],"wp:featuredmedia":[{"embeddable":true,"href":"https:\/\/www.confagricoltura.org\/parma\/wp-json\/wp\/v2\/media\/2620"}],"wp:attachment":[{"href":"https:\/\/www.confagricoltura.org\/parma\/wp-json\/wp\/v2\/media?parent=2619"}],"wp:term":[{"taxonomy":"category","embeddable":true,"href":"https:\/\/www.confagricoltura.org\/parma\/wp-json\/wp\/v2\/categories?post=2619"},{"taxonomy":"post_tag","embeddable":true,"href":"https:\/\/www.confagricoltura.org\/parma\/wp-json\/wp\/v2\/tags?post=2619"}],"curies":[{"name":"wp","href":"https:\/\/api.w.org\/{rel}","templated":true}]}}