{"id":2517,"date":"2023-04-06T19:31:00","date_gmt":"2023-04-06T17:31:00","guid":{"rendered":"https:\/\/www.confagricoltura.org\/parma\/?p=2517"},"modified":"2023-04-13T19:36:28","modified_gmt":"2023-04-13T17:36:28","slug":"confagricoltura-al-vinitaly","status":"publish","type":"post","link":"https:\/\/www.confagricoltura.org\/parma\/confagricoltura-al-vinitaly\/","title":{"rendered":"Confagricoltura Parma al Vinitaly"},"content":{"rendered":"\n<p>\u201cIl vino di Parma non \u00e8 figlio di un Bacco minore, anzi \u00e8 a pieno titolo l\u2019abbinamento giusto per tutte le nostre eccellenze gastronomiche\u201d. Si pu\u00f2 partire da una battuta di <strong>Tommaso Moroni Zucchi<\/strong>, presidente del <strong>Consorzio di tutela dei Vini dei Colli di Parma<\/strong>, per riassumere l\u2019inno alla qualit\u00e0 e alla promozione dei vini dei colli parmensi che ha caratterizzato la tavola rotonda promossa da <strong>Confagricoltura Parma<\/strong> a <strong>Vinitaly<\/strong> con il coinvolgimento dei sommelier di <strong>Ais Emilia<\/strong>.&nbsp;<\/p>\n\n\n\n<p>\u201cSiamo <strong>35 cantine <\/strong>per quasi <strong>400 ettari vitati<\/strong> sui colli del Parmense &#8211; ha spiegato Moroni Zucchi -. Un gioiellino che intende ora aprire una nuova stagione di crescita ed investimenti nella promozione a favore di tutti i soci\u201d.&nbsp;<\/p>\n\n\n\n<p>Nove le cantine del Consorzio presenti a Vinitaly: Cantine Cerdelli; Lamoretti; Azienda Agricola Palazzo; Azienda agricola Antonio Aldini; Cantine Dall\u2019Asta; Cantina del Borgo; Ca\u2019Nova Vigne e Vini; Amadei Vini ed Oinoe Vini.&nbsp;Alla tavola rotonda ha partecipato anche la Cantina Venturini Foschi.<\/p>\n\n\n\n<p>\u201cParma ha tanti vitigni doc &#8211; ha aggiunto Moroni Zucchi -. Ora il Consorzio sta cercando di fare un <strong>lavoro di aggregazione<\/strong> in modo da essere sempre pi\u00f9 identitari e chiari verso il consumatore. La tavola rotonda con Confagricoltura \u00e8 stata molto importante ed ha permesso di fare un passo avanti ulteriore in questo percorso\u201d.&nbsp;<\/p>\n\n\n\n<p>Imprescindibile il <strong>legame con le eccellenze gastronomiche <\/strong>del Parmense. \u201cIl territorio di Parma ha un brand fantastico. Parmigiano, Prosciutto, Culatello e tutti i salumi, da una parte, e vini dei colli di Parma, dall\u2019altra, sono un binomio magico che dobbiamo sempre pi\u00f9 affermare. Lo stiamo facendo collaborando con i consorzi e le associazioni di categoria. Paradossalmente, sino ad oggi, siamo riusciti a veicolare meglio questo messaggio fuori dai confini provinciali. Ora intendiamo farlo sempre di pi\u00f9 anche a Parma e provincia\u201d.&nbsp;<\/p>\n\n\n\n<p>E Confagricoltura \u00e8 pronta ad accompagnare questo percorso. \u201cPer il futuro del Consorzio &#8211; dichiara <strong>Alex Cerioli<\/strong>, presidente della sezione vitivinicola di Confagricoltura Parma &#8211; \u00e8 centrale <strong>prendere decisioni importanti<\/strong>, per uscire dalla staticit\u00e0 degli ultimi anni. Il primo passo sono il <strong>cambio del nome ed il rinnovamento del logo<\/strong>. L\u2019idea deve nascere dall\u2019interno, dai soci, e poi essere concretizzata da professionisti del settore della comunicazione, per avere un approccio diretto e chiaro al consumatore. Il nuovo presidente Moroni Zucchi fa benissimo a parlare di <strong>promozione<\/strong> che \u00e8 il <strong>cardine di tutto<\/strong>. Allo stesso tempo ogni azienda socia dovr\u00e0 avere il coraggio di mettere a disposizione un po\u2019 di risorse economiche per sostenere la promozione da parte del Consorzio. <strong>Bisogna lavorare sull\u2019immagine delle cantine<\/strong> e superare gli schemi usati sino ad oggi. <strong>Fondamentale anche attirare i turisti<\/strong>, dialogando con tour operator ed agenzie di viaggio. Dobbiamo essere bravi a proporre un\u2019esperienza, un\u2019emozione che conquisti chi assaggia il nostro vino. Ulteriore tema fondamentale quello della sostenibilit\u00e0: siamo una piccola realt\u00e0 che si deve distinguere proprio per la sua sostenibilit\u00e0\u201d.&nbsp;<\/p>\n\n\n\n<p>A brindare per un futuro di crescita dei vini dei colli anche Ais Emilia con il presidente <strong>Luca Manfredi<\/strong>: \u201cIl valore dei vini dei colli di Parma \u00e8 storico e culturale. Dalla tavola rotonda \u00e8 emerso un intento di valorizzazione importante. Le potenzialit\u00e0 dipenderanno dalle progettualit\u00e0 che nasceranno da questo gruppo di lavoro. Aspetto fondamentale quello della sostenibilit\u00e0 ambientale ed economica\u201d.&nbsp;<\/p>\n\n\n\n<p><\/p>\n","protected":false},"excerpt":{"rendered":"<p>Promozione e sostenibilit\u00e0 per la crescita dei Vini dei Colli di Parma<\/p>\n","protected":false},"author":5,"featured_media":2518,"comment_status":"closed","ping_status":"closed","sticky":false,"template":"","format":"standard","meta":{"wp_mapbox_gl_js_media":[],"footnotes":""},"categories":[21,4],"tags":[],"class_list":["post-2517","post","type-post","status-publish","format-standard","has-post-thumbnail","hentry","category-eventi","category-news"],"yoast_head":"<!-- This site is optimized with the Yoast SEO plugin v26.8 - https:\/\/yoast.com\/product\/yoast-seo-wordpress\/ -->\n<title>Confagricoltura Parma al Vinitaly - Confagricoltura Parma<\/title>\n<meta name=\"robots\" content=\"index, follow, max-snippet:-1, max-image-preview:large, max-video-preview:-1\" \/>\n<link rel=\"canonical\" href=\"https:\/\/www.confagricoltura.org\/parma\/confagricoltura-al-vinitaly\/\" \/>\n<meta property=\"og:locale\" content=\"it_IT\" \/>\n<meta property=\"og:type\" content=\"article\" \/>\n<meta property=\"og:title\" content=\"Confagricoltura Parma al Vinitaly - Confagricoltura Parma\" \/>\n<meta property=\"og:description\" content=\"Promozione e sostenibilit\u00e0 per la crescita dei Vini dei Colli di Parma\" \/>\n<meta property=\"og:url\" content=\"https:\/\/www.confagricoltura.org\/parma\/confagricoltura-al-vinitaly\/\" \/>\n<meta property=\"og:site_name\" content=\"Confagricoltura Parma\" \/>\n<meta property=\"article:published_time\" content=\"2023-04-06T17:31:00+00:00\" \/>\n<meta property=\"article:modified_time\" content=\"2023-04-13T17:36:28+00:00\" \/>\n<meta property=\"og:image\" content=\"https:\/\/www.confagricoltura.org\/parma\/wp-content\/uploads\/sites\/10\/2023\/04\/001-PAGINA-1-VINITALY-I-vini-dei-Colli-di-Parma.jpg\" \/>\n\t<meta property=\"og:image:width\" content=\"2048\" \/>\n\t<meta property=\"og:image:height\" content=\"1536\" \/>\n\t<meta property=\"og:image:type\" content=\"image\/jpeg\" \/>\n<meta name=\"author\" content=\"confagricolturaparma\" \/>\n<meta name=\"twitter:card\" content=\"summary_large_image\" \/>\n<meta name=\"twitter:label1\" content=\"Scritto da\" \/>\n\t<meta name=\"twitter:data1\" content=\"confagricolturaparma\" \/>\n\t<meta name=\"twitter:label2\" content=\"Tempo di lettura stimato\" \/>\n\t<meta name=\"twitter:data2\" content=\"3 minuti\" \/>\n<script type=\"application\/ld+json\" class=\"yoast-schema-graph\">{\"@context\":\"https:\/\/schema.org\",\"@graph\":[{\"@type\":\"Article\",\"@id\":\"https:\/\/www.confagricoltura.org\/parma\/confagricoltura-al-vinitaly\/#article\",\"isPartOf\":{\"@id\":\"https:\/\/www.confagricoltura.org\/parma\/confagricoltura-al-vinitaly\/\"},\"author\":{\"name\":\"confagricolturaparma\",\"@id\":\"https:\/\/www.confagricoltura.org\/parma\/#\/schema\/person\/3cd4548d78b676877beb0651a1b885a7\"},\"headline\":\"Confagricoltura Parma al Vinitaly\",\"datePublished\":\"2023-04-06T17:31:00+00:00\",\"dateModified\":\"2023-04-13T17:36:28+00:00\",\"mainEntityOfPage\":{\"@id\":\"https:\/\/www.confagricoltura.org\/parma\/confagricoltura-al-vinitaly\/\"},\"wordCount\":545,\"image\":{\"@id\":\"https:\/\/www.confagricoltura.org\/parma\/confagricoltura-al-vinitaly\/#primaryimage\"},\"thumbnailUrl\":\"https:\/\/www.confagricoltura.org\/parma\/wp-content\/uploads\/sites\/10\/2023\/04\/001-PAGINA-1-VINITALY-I-vini-dei-Colli-di-Parma.jpg\",\"articleSection\":[\"Eventi\",\"News\"],\"inLanguage\":\"it-IT\"},{\"@type\":\"WebPage\",\"@id\":\"https:\/\/www.confagricoltura.org\/parma\/confagricoltura-al-vinitaly\/\",\"url\":\"https:\/\/www.confagricoltura.org\/parma\/confagricoltura-al-vinitaly\/\",\"name\":\"Confagricoltura Parma al Vinitaly - Confagricoltura Parma\",\"isPartOf\":{\"@id\":\"https:\/\/www.confagricoltura.org\/parma\/#website\"},\"primaryImageOfPage\":{\"@id\":\"https:\/\/www.confagricoltura.org\/parma\/confagricoltura-al-vinitaly\/#primaryimage\"},\"image\":{\"@id\":\"https:\/\/www.confagricoltura.org\/parma\/confagricoltura-al-vinitaly\/#primaryimage\"},\"thumbnailUrl\":\"https:\/\/www.confagricoltura.org\/parma\/wp-content\/uploads\/sites\/10\/2023\/04\/001-PAGINA-1-VINITALY-I-vini-dei-Colli-di-Parma.jpg\",\"datePublished\":\"2023-04-06T17:31:00+00:00\",\"dateModified\":\"2023-04-13T17:36:28+00:00\",\"author\":{\"@id\":\"https:\/\/www.confagricoltura.org\/parma\/#\/schema\/person\/3cd4548d78b676877beb0651a1b885a7\"},\"breadcrumb\":{\"@id\":\"https:\/\/www.confagricoltura.org\/parma\/confagricoltura-al-vinitaly\/#breadcrumb\"},\"inLanguage\":\"it-IT\",\"potentialAction\":[{\"@type\":\"ReadAction\",\"target\":[\"https:\/\/www.confagricoltura.org\/parma\/confagricoltura-al-vinitaly\/\"]}]},{\"@type\":\"ImageObject\",\"inLanguage\":\"it-IT\",\"@id\":\"https:\/\/www.confagricoltura.org\/parma\/confagricoltura-al-vinitaly\/#primaryimage\",\"url\":\"https:\/\/www.confagricoltura.org\/parma\/wp-content\/uploads\/sites\/10\/2023\/04\/001-PAGINA-1-VINITALY-I-vini-dei-Colli-di-Parma.jpg\",\"contentUrl\":\"https:\/\/www.confagricoltura.org\/parma\/wp-content\/uploads\/sites\/10\/2023\/04\/001-PAGINA-1-VINITALY-I-vini-dei-Colli-di-Parma.jpg\",\"width\":2048,\"height\":1536,\"caption\":\"Da sinistra Roberto Gelfi (presidente Confagricoltura Parma); Alex Cerioli (sezione vitivinicola Confagricoltura Parma); Tommaso Moroni Zucchi (presidente Consorzio di tutela dei Vini dei Colli di Parma) ed Eugenio Zedda (direttore Confagricoltura Parma).\"},{\"@type\":\"BreadcrumbList\",\"@id\":\"https:\/\/www.confagricoltura.org\/parma\/confagricoltura-al-vinitaly\/#breadcrumb\",\"itemListElement\":[{\"@type\":\"ListItem\",\"position\":1,\"name\":\"Home\",\"item\":\"https:\/\/www.confagricoltura.org\/parma\/\"},{\"@type\":\"ListItem\",\"position\":2,\"name\":\"Confagricoltura Parma al Vinitaly\"}]},{\"@type\":\"WebSite\",\"@id\":\"https:\/\/www.confagricoltura.org\/parma\/#website\",\"url\":\"https:\/\/www.confagricoltura.org\/parma\/\",\"name\":\"Confagricoltura Parma\",\"description\":\"Dalla parte degli Agricoltori\",\"potentialAction\":[{\"@type\":\"SearchAction\",\"target\":{\"@type\":\"EntryPoint\",\"urlTemplate\":\"https:\/\/www.confagricoltura.org\/parma\/?s={search_term_string}\"},\"query-input\":{\"@type\":\"PropertyValueSpecification\",\"valueRequired\":true,\"valueName\":\"search_term_string\"}}],\"inLanguage\":\"it-IT\"},{\"@type\":\"Person\",\"@id\":\"https:\/\/www.confagricoltura.org\/parma\/#\/schema\/person\/3cd4548d78b676877beb0651a1b885a7\",\"name\":\"confagricolturaparma\",\"image\":{\"@type\":\"ImageObject\",\"inLanguage\":\"it-IT\",\"@id\":\"https:\/\/www.confagricoltura.org\/parma\/#\/schema\/person\/image\/\",\"url\":\"https:\/\/secure.gravatar.com\/avatar\/b5b08888682650e8feabb958d1a675c2?s=96&d=mm&r=g\",\"contentUrl\":\"https:\/\/secure.gravatar.com\/avatar\/b5b08888682650e8feabb958d1a675c2?s=96&d=mm&r=g\",\"caption\":\"confagricolturaparma\"},\"url\":\"https:\/\/www.confagricoltura.org\/parma\/author\/confagricolturaparma\/\"}]}<\/script>\n<!-- \/ Yoast SEO plugin. -->","yoast_head_json":{"title":"Confagricoltura Parma al Vinitaly - Confagricoltura Parma","robots":{"index":"index","follow":"follow","max-snippet":"max-snippet:-1","max-image-preview":"max-image-preview:large","max-video-preview":"max-video-preview:-1"},"canonical":"https:\/\/www.confagricoltura.org\/parma\/confagricoltura-al-vinitaly\/","og_locale":"it_IT","og_type":"article","og_title":"Confagricoltura Parma al Vinitaly - Confagricoltura Parma","og_description":"Promozione e sostenibilit\u00e0 per la crescita dei Vini dei Colli di Parma","og_url":"https:\/\/www.confagricoltura.org\/parma\/confagricoltura-al-vinitaly\/","og_site_name":"Confagricoltura Parma","article_published_time":"2023-04-06T17:31:00+00:00","article_modified_time":"2023-04-13T17:36:28+00:00","og_image":[{"width":2048,"height":1536,"url":"https:\/\/www.confagricoltura.org\/parma\/wp-content\/uploads\/sites\/10\/2023\/04\/001-PAGINA-1-VINITALY-I-vini-dei-Colli-di-Parma.jpg","type":"image\/jpeg"}],"author":"confagricolturaparma","twitter_card":"summary_large_image","twitter_misc":{"Scritto da":"confagricolturaparma","Tempo di lettura stimato":"3 minuti"},"schema":{"@context":"https:\/\/schema.org","@graph":[{"@type":"Article","@id":"https:\/\/www.confagricoltura.org\/parma\/confagricoltura-al-vinitaly\/#article","isPartOf":{"@id":"https:\/\/www.confagricoltura.org\/parma\/confagricoltura-al-vinitaly\/"},"author":{"name":"confagricolturaparma","@id":"https:\/\/www.confagricoltura.org\/parma\/#\/schema\/person\/3cd4548d78b676877beb0651a1b885a7"},"headline":"Confagricoltura Parma al Vinitaly","datePublished":"2023-04-06T17:31:00+00:00","dateModified":"2023-04-13T17:36:28+00:00","mainEntityOfPage":{"@id":"https:\/\/www.confagricoltura.org\/parma\/confagricoltura-al-vinitaly\/"},"wordCount":545,"image":{"@id":"https:\/\/www.confagricoltura.org\/parma\/confagricoltura-al-vinitaly\/#primaryimage"},"thumbnailUrl":"https:\/\/www.confagricoltura.org\/parma\/wp-content\/uploads\/sites\/10\/2023\/04\/001-PAGINA-1-VINITALY-I-vini-dei-Colli-di-Parma.jpg","articleSection":["Eventi","News"],"inLanguage":"it-IT"},{"@type":"WebPage","@id":"https:\/\/www.confagricoltura.org\/parma\/confagricoltura-al-vinitaly\/","url":"https:\/\/www.confagricoltura.org\/parma\/confagricoltura-al-vinitaly\/","name":"Confagricoltura Parma al Vinitaly - Confagricoltura Parma","isPartOf":{"@id":"https:\/\/www.confagricoltura.org\/parma\/#website"},"primaryImageOfPage":{"@id":"https:\/\/www.confagricoltura.org\/parma\/confagricoltura-al-vinitaly\/#primaryimage"},"image":{"@id":"https:\/\/www.confagricoltura.org\/parma\/confagricoltura-al-vinitaly\/#primaryimage"},"thumbnailUrl":"https:\/\/www.confagricoltura.org\/parma\/wp-content\/uploads\/sites\/10\/2023\/04\/001-PAGINA-1-VINITALY-I-vini-dei-Colli-di-Parma.jpg","datePublished":"2023-04-06T17:31:00+00:00","dateModified":"2023-04-13T17:36:28+00:00","author":{"@id":"https:\/\/www.confagricoltura.org\/parma\/#\/schema\/person\/3cd4548d78b676877beb0651a1b885a7"},"breadcrumb":{"@id":"https:\/\/www.confagricoltura.org\/parma\/confagricoltura-al-vinitaly\/#breadcrumb"},"inLanguage":"it-IT","potentialAction":[{"@type":"ReadAction","target":["https:\/\/www.confagricoltura.org\/parma\/confagricoltura-al-vinitaly\/"]}]},{"@type":"ImageObject","inLanguage":"it-IT","@id":"https:\/\/www.confagricoltura.org\/parma\/confagricoltura-al-vinitaly\/#primaryimage","url":"https:\/\/www.confagricoltura.org\/parma\/wp-content\/uploads\/sites\/10\/2023\/04\/001-PAGINA-1-VINITALY-I-vini-dei-Colli-di-Parma.jpg","contentUrl":"https:\/\/www.confagricoltura.org\/parma\/wp-content\/uploads\/sites\/10\/2023\/04\/001-PAGINA-1-VINITALY-I-vini-dei-Colli-di-Parma.jpg","width":2048,"height":1536,"caption":"Da sinistra Roberto Gelfi (presidente Confagricoltura Parma); Alex Cerioli (sezione vitivinicola Confagricoltura Parma); Tommaso Moroni Zucchi (presidente Consorzio di tutela dei Vini dei Colli di Parma) ed Eugenio Zedda (direttore Confagricoltura Parma)."},{"@type":"BreadcrumbList","@id":"https:\/\/www.confagricoltura.org\/parma\/confagricoltura-al-vinitaly\/#breadcrumb","itemListElement":[{"@type":"ListItem","position":1,"name":"Home","item":"https:\/\/www.confagricoltura.org\/parma\/"},{"@type":"ListItem","position":2,"name":"Confagricoltura Parma al Vinitaly"}]},{"@type":"WebSite","@id":"https:\/\/www.confagricoltura.org\/parma\/#website","url":"https:\/\/www.confagricoltura.org\/parma\/","name":"Confagricoltura Parma","description":"Dalla parte degli Agricoltori","potentialAction":[{"@type":"SearchAction","target":{"@type":"EntryPoint","urlTemplate":"https:\/\/www.confagricoltura.org\/parma\/?s={search_term_string}"},"query-input":{"@type":"PropertyValueSpecification","valueRequired":true,"valueName":"search_term_string"}}],"inLanguage":"it-IT"},{"@type":"Person","@id":"https:\/\/www.confagricoltura.org\/parma\/#\/schema\/person\/3cd4548d78b676877beb0651a1b885a7","name":"confagricolturaparma","image":{"@type":"ImageObject","inLanguage":"it-IT","@id":"https:\/\/www.confagricoltura.org\/parma\/#\/schema\/person\/image\/","url":"https:\/\/secure.gravatar.com\/avatar\/b5b08888682650e8feabb958d1a675c2?s=96&d=mm&r=g","contentUrl":"https:\/\/secure.gravatar.com\/avatar\/b5b08888682650e8feabb958d1a675c2?s=96&d=mm&r=g","caption":"confagricolturaparma"},"url":"https:\/\/www.confagricoltura.org\/parma\/author\/confagricolturaparma\/"}]}},"_links":{"self":[{"href":"https:\/\/www.confagricoltura.org\/parma\/wp-json\/wp\/v2\/posts\/2517","targetHints":{"allow":["GET"]}}],"collection":[{"href":"https:\/\/www.confagricoltura.org\/parma\/wp-json\/wp\/v2\/posts"}],"about":[{"href":"https:\/\/www.confagricoltura.org\/parma\/wp-json\/wp\/v2\/types\/post"}],"author":[{"embeddable":true,"href":"https:\/\/www.confagricoltura.org\/parma\/wp-json\/wp\/v2\/users\/5"}],"replies":[{"embeddable":true,"href":"https:\/\/www.confagricoltura.org\/parma\/wp-json\/wp\/v2\/comments?post=2517"}],"version-history":[{"count":2,"href":"https:\/\/www.confagricoltura.org\/parma\/wp-json\/wp\/v2\/posts\/2517\/revisions"}],"predecessor-version":[{"id":2520,"href":"https:\/\/www.confagricoltura.org\/parma\/wp-json\/wp\/v2\/posts\/2517\/revisions\/2520"}],"wp:featuredmedia":[{"embeddable":true,"href":"https:\/\/www.confagricoltura.org\/parma\/wp-json\/wp\/v2\/media\/2518"}],"wp:attachment":[{"href":"https:\/\/www.confagricoltura.org\/parma\/wp-json\/wp\/v2\/media?parent=2517"}],"wp:term":[{"taxonomy":"category","embeddable":true,"href":"https:\/\/www.confagricoltura.org\/parma\/wp-json\/wp\/v2\/categories?post=2517"},{"taxonomy":"post_tag","embeddable":true,"href":"https:\/\/www.confagricoltura.org\/parma\/wp-json\/wp\/v2\/tags?post=2517"}],"curies":[{"name":"wp","href":"https:\/\/api.w.org\/{rel}","templated":true}]}}